{"id":194954,"date":"2025-01-10T10:05:51","date_gmt":"2025-01-10T13:05:51","guid":{"rendered":"https:\/\/aconteceunovale.com.br\/portal\/?p=194954"},"modified":"2025-01-10T10:06:26","modified_gmt":"2025-01-10T13:06:26","slug":"corpo-de-pedreiro-e-encontrado-enterrado-em-obra-em-governador-valadares","status":"publish","type":"post","link":"https:\/\/aconteceunovale.com.br\/portal\/?p=194954","title":{"rendered":"Corpo de pedreiro \u00e9 encontrado enterrado em obra em Governador Valadares"},"content":{"rendered":"\n<p class=\"wp-block-paragraph\">O corpo de Marco Ant\u00f4nio da Silva, de 48 anos, foi encontrado em uma constru\u00e7\u00e3o civil localizada na rua Rodolfo de Abreu, no bairro Santa Rita, em Governador Valadares, na noite dessa quinta-feira (9\/1\/2025). O caso foi registrado pela Pol\u00edcia Militar e segue sob investiga\u00e7\u00e3o da Pol\u00edcia Civil.<\/p>\n\n\n\n<p class=\"wp-block-paragraph\">De acordo com informa\u00e7\u00f5es fornecidas pela fam\u00edlia, Marco Ant\u00f4nio saiu de casa cedo para trabalhar e, ao anoitecer, n\u00e3o havia retornado. Preocupados, os parentes acionaram a Pol\u00edcia Militar e indicaram o endere\u00e7o onde ele estava prestando servi\u00e7os como pedreiro. O ve\u00edculo da v\u00edtima foi localizado estacionado em frente ao im\u00f3vel em reforma.<\/p>\n\n\n\n<p class=\"wp-block-paragraph\">Durante buscas no local, os familiares identificaram manchas de sangue no banheiro. Ao aprofundarem as investiga\u00e7\u00f5es, encontraram o corpo de Marco Ant\u00f4nio enterrado em um monte de areia e coberto com cal. A v\u00edtima estava sem roupas e com les\u00f5es na cabe\u00e7a.<\/p>\n\n\n\n<p class=\"wp-block-paragraph\">A Pol\u00edcia Militar realizou levantamentos preliminares e identificou um poss\u00edvel suspeito. A Pol\u00edcia Civil informou que o caso est\u00e1 sendo investigado para apurar as circunst\u00e2ncias do crime e identificar o respons\u00e1vel.<\/p>\n","protected":false},"excerpt":{"rendered":"<p>O corpo de Marco Ant\u00f4nio da Silva, de 48 anos, foi encontrado em uma constru\u00e7\u00e3o civil localizada na rua Rodolfo de Abreu, no bairro Santa Rita, em Governador Valadares, na noite dessa quinta-feira (9\/1\/2025). O caso foi registrado pela Pol\u00edcia Militar e segue sob investiga\u00e7\u00e3o da Pol\u00edcia Civil. De acordo com informa\u00e7\u00f5es fornecidas pela fam\u00edlia, [&hellip;]<\/p>\n","protected":false},"author":4,"featured_media":180925,"comment_status":"open","ping_status":"closed","sticky":false,"template":"","format":"standard","meta":{"amp_status":"","footnotes":""},"categories":[121],"tags":[269237,247,8180,109066,269238,269240,269239],"class_list":["post-194954","post","type-post","status-publish","format-standard","has-post-thumbnail","hentry","category-leste","tag-corpo-de-pedreiro-e-encontrado-enterrado-em-obra-em-governador-valadares","tag-governador-valadares","tag-homicidio-em-governador-valadares","tag-marco-antonio-da-silva","tag-pedreiro-assassinado-em-governador-valadares","tag-pedreiro-assassinado-no-santa-rita-em-governador-valadares","tag-pedreiro-enterrado-em-obra-em-governador-valadares"],"yoast_head":"<!-- This site is optimized with the Yoast SEO plugin v28.3 - https:\/\/yoast.com\/product\/yoast-seo-wordpress\/ -->\n<title>Corpo de pedreiro \u00e9 encontrado enterrado em obra em Governador Valadares - Aconteceu no Vale<\/title>\n<meta name=\"robots\" content=\"index, follow, max-snippet:-1, max-image-preview:large, max-video-preview:-1\" \/>\n<link rel=\"canonical\" href=\"https:\/\/aconteceunovale.com.br\/portal\/?p=194954\" \/>\n<meta property=\"og:locale\" content=\"pt_BR\" \/>\n<meta property=\"og:type\" content=\"article\" \/>\n<meta property=\"og:title\" content=\"Corpo de pedreiro \u00e9 encontrado enterrado em obra em Governador Valadares - Aconteceu no Vale\" \/>\n<meta property=\"og:description\" content=\"O corpo de Marco Ant\u00f4nio da Silva, de 48 anos, foi encontrado em uma constru\u00e7\u00e3o civil localizada na rua Rodolfo de Abreu, no bairro Santa Rita, em Governador Valadares, na noite dessa quinta-feira (9\/1\/2025). O caso foi registrado pela Pol\u00edcia Militar e segue sob investiga\u00e7\u00e3o da Pol\u00edcia Civil. De acordo com informa\u00e7\u00f5es fornecidas pela fam\u00edlia, [&hellip;]\" \/>\n<meta property=\"og:url\" content=\"https:\/\/aconteceunovale.com.br\/portal\/?p=194954\" \/>\n<meta property=\"og:site_name\" content=\"Aconteceu no Vale\" \/>\n<meta property=\"article:publisher\" content=\"https:\/\/www.facebook.com\/aconteceunovale\/\" \/>\n<meta property=\"article:published_time\" content=\"2025-01-10T13:05:51+00:00\" \/>\n<meta property=\"article:modified_time\" content=\"2025-01-10T13:06:26+00:00\" \/>\n<meta property=\"og:image\" content=\"https:\/\/aconteceunovale.com.br\/portal\/wp-content\/uploads\/2021\/08\/plantao_sirene_policial.jpg\" \/>\n\t<meta property=\"og:image:width\" content=\"678\" \/>\n\t<meta property=\"og:image:height\" content=\"440\" \/>\n\t<meta property=\"og:image:type\" content=\"image\/jpeg\" \/>\n<meta name=\"author\" content=\"Reda\u00e7\u00e3o Aconteceu no Vale\" \/>\n<meta name=\"twitter:card\" content=\"summary_large_image\" \/>\n<meta name=\"twitter:creator\" content=\"@noticiadosvales\" \/>\n<meta name=\"twitter:site\" content=\"@noticiadosvales\" \/>\n<meta name=\"twitter:label1\" content=\"Escrito por\" \/>\n\t<meta name=\"twitter:data1\" content=\"Reda\u00e7\u00e3o Aconteceu no Vale\" \/>\n\t<meta name=\"twitter:label2\" content=\"Est. tempo de leitura\" \/>\n\t<meta name=\"twitter:data2\" content=\"1 minuto\" \/>\n<script type=\"application\/ld+json\" class=\"yoast-schema-graph\">{\"@context\":\"https:\\\/\\\/schema.org\",\"@graph\":[{\"@type\":\"Article\",\"@id\":\"https:\\\/\\\/aconteceunovale.com.br\\\/portal\\\/?p=194954#article\",\"isPartOf\":{\"@id\":\"https:\\\/\\\/aconteceunovale.com.br\\\/portal\\\/?p=194954\"},\"author\":{\"name\":\"Reda\u00e7\u00e3o Aconteceu no Vale\",\"@id\":\"https:\\\/\\\/aconteceunovale.com.br\\\/portal\\\/#\\\/schema\\\/person\\\/7d2f26d1483f8a63de73da1ee0754d35\"},\"headline\":\"Corpo de pedreiro \u00e9 encontrado enterrado em obra em Governador Valadares\",\"datePublished\":\"2025-01-10T13:05:51+00:00\",\"dateModified\":\"2025-01-10T13:06:26+00:00\",\"mainEntityOfPage\":{\"@id\":\"https:\\\/\\\/aconteceunovale.com.br\\\/portal\\\/?p=194954\"},\"wordCount\":206,\"commentCount\":0,\"image\":{\"@id\":\"https:\\\/\\\/aconteceunovale.com.br\\\/portal\\\/?p=194954#primaryimage\"},\"thumbnailUrl\":\"https:\\\/\\\/aconteceunovale.com.br\\\/portal\\\/wp-content\\\/uploads\\\/2021\\\/08\\\/plantao_sirene_policial.jpg\",\"keywords\":[\"Corpo de pedreiro \u00e9 encontrado enterrado em obra em Governador Valadares\",\"Governador Valadares\",\"homic\u00eddio em governador valadares\",\"Marco Ant\u00f4nio da Silva\",\"Pedreiro assassinado em Governador Valadares\",\"Pedreiro assassinado no Santa Rita em Governador Valadares\",\"Pedreiro enterrado em obra em Governador Valadares\"],\"articleSection\":[\"Leste de Minas\"],\"inLanguage\":\"pt-BR\",\"potentialAction\":[{\"@type\":\"CommentAction\",\"name\":\"Comment\",\"target\":[\"https:\\\/\\\/aconteceunovale.com.br\\\/portal\\\/?p=194954#respond\"]}]},{\"@type\":\"WebPage\",\"@id\":\"https:\\\/\\\/aconteceunovale.com.br\\\/portal\\\/?p=194954\",\"url\":\"https:\\\/\\\/aconteceunovale.com.br\\\/portal\\\/?p=194954\",\"name\":\"Corpo de pedreiro \u00e9 encontrado enterrado em obra em Governador Valadares - Aconteceu no Vale\",\"isPartOf\":{\"@id\":\"https:\\\/\\\/aconteceunovale.com.br\\\/portal\\\/#website\"},\"primaryImageOfPage\":{\"@id\":\"https:\\\/\\\/aconteceunovale.com.br\\\/portal\\\/?p=194954#primaryimage\"},\"image\":{\"@id\":\"https:\\\/\\\/aconteceunovale.com.br\\\/portal\\\/?p=194954#primaryimage\"},\"thumbnailUrl\":\"https:\\\/\\\/aconteceunovale.com.br\\\/portal\\\/wp-content\\\/uploads\\\/2021\\\/08\\\/plantao_sirene_policial.jpg\",\"datePublished\":\"2025-01-10T13:05:51+00:00\",\"dateModified\":\"2025-01-10T13:06:26+00:00\",\"author\":{\"@id\":\"https:\\\/\\\/aconteceunovale.com.br\\\/portal\\\/#\\\/schema\\\/person\\\/7d2f26d1483f8a63de73da1ee0754d35\"},\"breadcrumb\":{\"@id\":\"https:\\\/\\\/aconteceunovale.com.br\\\/portal\\\/?p=194954#breadcrumb\"},\"inLanguage\":\"pt-BR\",\"potentialAction\":[{\"@type\":\"ReadAction\",\"target\":[\"https:\\\/\\\/aconteceunovale.com.br\\\/portal\\\/?p=194954\"]}]},{\"@type\":\"ImageObject\",\"inLanguage\":\"pt-BR\",\"@id\":\"https:\\\/\\\/aconteceunovale.com.br\\\/portal\\\/?p=194954#primaryimage\",\"url\":\"https:\\\/\\\/aconteceunovale.com.br\\\/portal\\\/wp-content\\\/uploads\\\/2021\\\/08\\\/plantao_sirene_policial.jpg\",\"contentUrl\":\"https:\\\/\\\/aconteceunovale.com.br\\\/portal\\\/wp-content\\\/uploads\\\/2021\\\/08\\\/plantao_sirene_policial.jpg\",\"width\":678,\"height\":440},{\"@type\":\"BreadcrumbList\",\"@id\":\"https:\\\/\\\/aconteceunovale.com.br\\\/portal\\\/?p=194954#breadcrumb\",\"itemListElement\":[{\"@type\":\"ListItem\",\"position\":1,\"name\":\"In\u00edcio\",\"item\":\"https:\\\/\\\/aconteceunovale.com.br\\\/portal\\\/\"},{\"@type\":\"ListItem\",\"position\":2,\"name\":\"Corpo de pedreiro \u00e9 encontrado enterrado em obra em Governador Valadares\"}]},{\"@type\":\"WebSite\",\"@id\":\"https:\\\/\\\/aconteceunovale.com.br\\\/portal\\\/#website\",\"url\":\"https:\\\/\\\/aconteceunovale.com.br\\\/portal\\\/\",\"name\":\"Aconteceu no Vale\",\"description\":\"Portal de Not\u00edcias\",\"potentialAction\":[{\"@type\":\"SearchAction\",\"target\":{\"@type\":\"EntryPoint\",\"urlTemplate\":\"https:\\\/\\\/aconteceunovale.com.br\\\/portal\\\/?s={search_term_string}\"},\"query-input\":{\"@type\":\"PropertyValueSpecification\",\"valueRequired\":true,\"valueName\":\"search_term_string\"}}],\"inLanguage\":\"pt-BR\"},{\"@type\":\"Person\",\"@id\":\"https:\\\/\\\/aconteceunovale.com.br\\\/portal\\\/#\\\/schema\\\/person\\\/7d2f26d1483f8a63de73da1ee0754d35\",\"name\":\"Reda\u00e7\u00e3o Aconteceu no Vale\",\"description\":\"Equipe de reportagem do Aconteceu no Vale, portal de not\u00edcias do Vale do Jequitinhonha, em Minas Gerais. Cobrimos as 51 cidades do Vale desde 2013. Sugest\u00f5es de pauta e pedidos de corre\u00e7\u00e3o: contato@aconteceunovale.com.br\",\"url\":\"https:\\\/\\\/aconteceunovale.com.br\\\/portal\\\/?author=4\"}]}<\/script>\n<!-- \/ Yoast SEO plugin. -->","yoast_head_json":{"title":"Corpo de pedreiro \u00e9 encontrado enterrado em obra em Governador Valadares - Aconteceu no Vale","robots":{"index":"index","follow":"follow","max-snippet":"max-snippet:-1","max-image-preview":"max-image-preview:large","max-video-preview":"max-video-preview:-1"},"canonical":"https:\/\/aconteceunovale.com.br\/portal\/?p=194954","og_locale":"pt_BR","og_type":"article","og_title":"Corpo de pedreiro \u00e9 encontrado enterrado em obra em Governador Valadares - Aconteceu no Vale","og_description":"O corpo de Marco Ant\u00f4nio da Silva, de 48 anos, foi encontrado em uma constru\u00e7\u00e3o civil localizada na rua Rodolfo de Abreu, no bairro Santa Rita, em Governador Valadares, na noite dessa quinta-feira (9\/1\/2025). O caso foi registrado pela Pol\u00edcia Militar e segue sob investiga\u00e7\u00e3o da Pol\u00edcia Civil. De acordo com informa\u00e7\u00f5es fornecidas pela fam\u00edlia, [&hellip;]","og_url":"https:\/\/aconteceunovale.com.br\/portal\/?p=194954","og_site_name":"Aconteceu no Vale","article_publisher":"https:\/\/www.facebook.com\/aconteceunovale\/","article_published_time":"2025-01-10T13:05:51+00:00","article_modified_time":"2025-01-10T13:06:26+00:00","og_image":[{"width":678,"height":440,"url":"https:\/\/aconteceunovale.com.br\/portal\/wp-content\/uploads\/2021\/08\/plantao_sirene_policial.jpg","type":"image\/jpeg"}],"author":"Reda\u00e7\u00e3o Aconteceu no Vale","twitter_card":"summary_large_image","twitter_creator":"@noticiadosvales","twitter_site":"@noticiadosvales","twitter_misc":{"Escrito por":"Reda\u00e7\u00e3o Aconteceu no Vale","Est. tempo de leitura":"1 minuto"},"schema":{"@context":"https:\/\/schema.org","@graph":[{"@type":"Article","@id":"https:\/\/aconteceunovale.com.br\/portal\/?p=194954#article","isPartOf":{"@id":"https:\/\/aconteceunovale.com.br\/portal\/?p=194954"},"author":{"name":"Reda\u00e7\u00e3o Aconteceu no Vale","@id":"https:\/\/aconteceunovale.com.br\/portal\/#\/schema\/person\/7d2f26d1483f8a63de73da1ee0754d35"},"headline":"Corpo de pedreiro \u00e9 encontrado enterrado em obra em Governador Valadares","datePublished":"2025-01-10T13:05:51+00:00","dateModified":"2025-01-10T13:06:26+00:00","mainEntityOfPage":{"@id":"https:\/\/aconteceunovale.com.br\/portal\/?p=194954"},"wordCount":206,"commentCount":0,"image":{"@id":"https:\/\/aconteceunovale.com.br\/portal\/?p=194954#primaryimage"},"thumbnailUrl":"https:\/\/aconteceunovale.com.br\/portal\/wp-content\/uploads\/2021\/08\/plantao_sirene_policial.jpg","keywords":["Corpo de pedreiro \u00e9 encontrado enterrado em obra em Governador Valadares","Governador Valadares","homic\u00eddio em governador valadares","Marco Ant\u00f4nio da Silva","Pedreiro assassinado em Governador Valadares","Pedreiro assassinado no Santa Rita em Governador Valadares","Pedreiro enterrado em obra em Governador Valadares"],"articleSection":["Leste de Minas"],"inLanguage":"pt-BR","potentialAction":[{"@type":"CommentAction","name":"Comment","target":["https:\/\/aconteceunovale.com.br\/portal\/?p=194954#respond"]}]},{"@type":"WebPage","@id":"https:\/\/aconteceunovale.com.br\/portal\/?p=194954","url":"https:\/\/aconteceunovale.com.br\/portal\/?p=194954","name":"Corpo de pedreiro \u00e9 encontrado enterrado em obra em Governador Valadares - Aconteceu no Vale","isPartOf":{"@id":"https:\/\/aconteceunovale.com.br\/portal\/#website"},"primaryImageOfPage":{"@id":"https:\/\/aconteceunovale.com.br\/portal\/?p=194954#primaryimage"},"image":{"@id":"https:\/\/aconteceunovale.com.br\/portal\/?p=194954#primaryimage"},"thumbnailUrl":"https:\/\/aconteceunovale.com.br\/portal\/wp-content\/uploads\/2021\/08\/plantao_sirene_policial.jpg","datePublished":"2025-01-10T13:05:51+00:00","dateModified":"2025-01-10T13:06:26+00:00","author":{"@id":"https:\/\/aconteceunovale.com.br\/portal\/#\/schema\/person\/7d2f26d1483f8a63de73da1ee0754d35"},"breadcrumb":{"@id":"https:\/\/aconteceunovale.com.br\/portal\/?p=194954#breadcrumb"},"inLanguage":"pt-BR","potentialAction":[{"@type":"ReadAction","target":["https:\/\/aconteceunovale.com.br\/portal\/?p=194954"]}]},{"@type":"ImageObject","inLanguage":"pt-BR","@id":"https:\/\/aconteceunovale.com.br\/portal\/?p=194954#primaryimage","url":"https:\/\/aconteceunovale.com.br\/portal\/wp-content\/uploads\/2021\/08\/plantao_sirene_policial.jpg","contentUrl":"https:\/\/aconteceunovale.com.br\/portal\/wp-content\/uploads\/2021\/08\/plantao_sirene_policial.jpg","width":678,"height":440},{"@type":"BreadcrumbList","@id":"https:\/\/aconteceunovale.com.br\/portal\/?p=194954#breadcrumb","itemListElement":[{"@type":"ListItem","position":1,"name":"In\u00edcio","item":"https:\/\/aconteceunovale.com.br\/portal\/"},{"@type":"ListItem","position":2,"name":"Corpo de pedreiro \u00e9 encontrado enterrado em obra em Governador Valadares"}]},{"@type":"WebSite","@id":"https:\/\/aconteceunovale.com.br\/portal\/#website","url":"https:\/\/aconteceunovale.com.br\/portal\/","name":"Aconteceu no Vale","description":"Portal de Not\u00edcias","potentialAction":[{"@type":"SearchAction","target":{"@type":"EntryPoint","urlTemplate":"https:\/\/aconteceunovale.com.br\/portal\/?s={search_term_string}"},"query-input":{"@type":"PropertyValueSpecification","valueRequired":true,"valueName":"search_term_string"}}],"inLanguage":"pt-BR"},{"@type":"Person","@id":"https:\/\/aconteceunovale.com.br\/portal\/#\/schema\/person\/7d2f26d1483f8a63de73da1ee0754d35","name":"Reda\u00e7\u00e3o Aconteceu no Vale","description":"Equipe de reportagem do Aconteceu no Vale, portal de not\u00edcias do Vale do Jequitinhonha, em Minas Gerais. Cobrimos as 51 cidades do Vale desde 2013. Sugest\u00f5es de pauta e pedidos de corre\u00e7\u00e3o: contato@aconteceunovale.com.br","url":"https:\/\/aconteceunovale.com.br\/portal\/?author=4"}]}},"_links":{"self":[{"href":"https:\/\/aconteceunovale.com.br\/portal\/index.php?rest_route=\/wp\/v2\/posts\/194954","targetHints":{"allow":["GET"]}}],"collection":[{"href":"https:\/\/aconteceunovale.com.br\/portal\/index.php?rest_route=\/wp\/v2\/posts"}],"about":[{"href":"https:\/\/aconteceunovale.com.br\/portal\/index.php?rest_route=\/wp\/v2\/types\/post"}],"author":[{"embeddable":true,"href":"https:\/\/aconteceunovale.com.br\/portal\/index.php?rest_route=\/wp\/v2\/users\/4"}],"replies":[{"embeddable":true,"href":"https:\/\/aconteceunovale.com.br\/portal\/index.php?rest_route=%2Fwp%2Fv2%2Fcomments&post=194954"}],"version-history":[{"count":1,"href":"https:\/\/aconteceunovale.com.br\/portal\/index.php?rest_route=\/wp\/v2\/posts\/194954\/revisions"}],"predecessor-version":[{"id":194955,"href":"https:\/\/aconteceunovale.com.br\/portal\/index.php?rest_route=\/wp\/v2\/posts\/194954\/revisions\/194955"}],"wp:featuredmedia":[{"embeddable":true,"href":"https:\/\/aconteceunovale.com.br\/portal\/index.php?rest_route=\/wp\/v2\/media\/180925"}],"wp:attachment":[{"href":"https:\/\/aconteceunovale.com.br\/portal\/index.php?rest_route=%2Fwp%2Fv2%2Fmedia&parent=194954"}],"wp:term":[{"taxonomy":"category","embeddable":true,"href":"https:\/\/aconteceunovale.com.br\/portal\/index.php?rest_route=%2Fwp%2Fv2%2Fcategories&post=194954"},{"taxonomy":"post_tag","embeddable":true,"href":"https:\/\/aconteceunovale.com.br\/portal\/index.php?rest_route=%2Fwp%2Fv2%2Ftags&post=194954"}],"curies":[{"name":"wp","href":"https:\/\/api.w.org\/{rel}","templated":true}]}}