{"id":194948,"date":"2025-01-09T21:14:20","date_gmt":"2025-01-10T00:14:20","guid":{"rendered":"https:\/\/aconteceunovale.com.br\/portal\/?p=194948"},"modified":"2025-01-09T21:15:05","modified_gmt":"2025-01-10T00:15:05","slug":"prefeito-de-governador-valadares-expoe-cenario-critico-da-administracao-municipal-em-coletiva-de-imprensa","status":"publish","type":"post","link":"https:\/\/aconteceunovale.com.br\/portal\/?p=194948","title":{"rendered":"Prefeito de Governador Valadares exp\u00f5e cen\u00e1rio cr\u00edtico da administra\u00e7\u00e3o municipal em coletiva de imprensa"},"content":{"rendered":"\n<p class=\"wp-block-paragraph\">Na manh\u00e3 desta quarta-feira (9\/1\/2025), o prefeito de Governador Valadares (MG), <strong>Coronel Sandro<\/strong>, apresentou um levantamento preliminar que exp\u00f5e a situa\u00e7\u00e3o cr\u00edtica da administra\u00e7\u00e3o municipal, com problemas financeiros, estruturais e operacionais herdados da gest\u00e3o anterior. A coletiva destacou desafios nas \u00e1reas de sa\u00fade, educa\u00e7\u00e3o e finan\u00e7as p\u00fablicas, al\u00e9m de medidas emergenciais para enfrentar a crise.<\/p>\n\n\n\n<figure class=\"wp-block-gallery has-nested-images columns-default is-cropped wp-block-gallery-1 is-layout-flex wp-block-gallery-is-layout-flex\">\n<figure class=\"wp-block-image size-large\"><img loading=\"lazy\" decoding=\"async\" width=\"675\" height=\"450\" data-id=\"194949\" src=\"https:\/\/aconteceunovale.com.br\/portal\/wp-content\/uploads\/2025\/01\/coletiva_gv.jpeg\" alt=\"\" class=\"wp-image-194949\" srcset=\"https:\/\/aconteceunovale.com.br\/portal\/wp-content\/uploads\/2025\/01\/coletiva_gv.jpeg 675w, https:\/\/aconteceunovale.com.br\/portal\/wp-content\/uploads\/2025\/01\/coletiva_gv-300x200.jpeg 300w, https:\/\/aconteceunovale.com.br\/portal\/wp-content\/uploads\/2025\/01\/coletiva_gv-630x420.jpeg 630w\" sizes=\"auto, (max-width: 675px) 100vw, 675px\" \/><figcaption class=\"wp-element-caption\"><em>Foto: Divulga\u00e7\u00e3o \/ Prefeitura de Governador Valadares<\/em><\/figcaption><\/figure>\n<\/figure>\n\n\n\n<h3 class=\"wp-block-heading\"><strong>Sa\u00fade em estado de emerg\u00eancia<\/strong><\/h3>\n\n\n\n<p class=\"wp-block-paragraph\">O setor da sa\u00fade foi apontado como um dos mais afetados. O munic\u00edpio decretar\u00e1 <strong>\u201cEstado de Emerg\u00eancia\u201d<\/strong> devido \u00e0 precariedade do atendimento. Dados revelam uma demanda reprimida de quase 17 mil exames e consultas especializadas. No <strong>Hospital Municipal<\/strong>, refer\u00eancia para Valadares e mais de 50 munic\u00edpios, foram identificados problemas como falta de medicamentos (108 itens em falta), estrutura inacabada e pronto-socorro mal utilizado.<\/p>\n\n\n\n<p class=\"wp-block-paragraph\">As <strong>Unidades B\u00e1sicas de Sa\u00fade (UBSs)<\/strong> e Estrat\u00e9gias de Sa\u00fade da Fam\u00edlia (ESFs) tamb\u00e9m enfrentam problemas graves, como rachaduras, infiltra\u00e7\u00f5es e falta de materiais b\u00e1sicos. As unidades mais cr\u00edticas incluem UBS Jardim do Trevo e ESF S\u00e3o Paulo I-II.<\/p>\n\n\n\n<h3 class=\"wp-block-heading\"><strong>Educa\u00e7\u00e3o sem sistema e risco de atraso no ano letivo<\/strong><\/h3>\n\n\n\n<p class=\"wp-block-paragraph\">Na educa\u00e7\u00e3o, a gest\u00e3o anterior deixou a Secretaria Municipal de Educa\u00e7\u00e3o (SMED) sem sistema de gest\u00e3o pedag\u00f3gica e administrativa. O banco de dados foi devolvido recentemente, mas a aus\u00eancia do sistema impacta processos, como o recrutamento de profissionais, que ser\u00e1 feito manualmente. H\u00e1 preocupa\u00e7\u00e3o com o in\u00edcio do ano letivo, previsto para fevereiro, que pode ser comprometido.<\/p>\n\n\n\n<h3 class=\"wp-block-heading\"><strong>Finan\u00e7as em situa\u00e7\u00e3o cr\u00edtica<\/strong><\/h3>\n\n\n\n<p class=\"wp-block-paragraph\">A <strong>Capacidade de Pagamento (CAPAG)<\/strong> do munic\u00edpio foi classificada como &#8220;C&#8221;, uma das piores notas do Tesouro Nacional, impossibilitando a obten\u00e7\u00e3o de empr\u00e9stimos com garantia da Uni\u00e3o. A d\u00edvida ativa tribut\u00e1ria soma <strong>R$ 644 milh\u00f5es<\/strong>, e verbas bloqueadas por decis\u00f5es judiciais indicam irregularidades em apura\u00e7\u00e3o.<\/p>\n\n\n\n<p class=\"wp-block-paragraph\">Do valor da outorga do Servi\u00e7o Aut\u00f4nomo de \u00c1gua e Esgoto (SAAE), de R$ 408,8 milh\u00f5es, restam apenas R$ 6,3 milh\u00f5es, enquanto h\u00e1 R$ 12,3 milh\u00f5es em restos a pagar.<\/p>\n\n\n\n<h3 class=\"wp-block-heading\"><strong>Medidas emergenciais<\/strong><\/h3>\n\n\n\n<p class=\"wp-block-paragraph\">Para mitigar os impactos, dois decretos foram assinados. Um suspende temporariamente o subs\u00eddio ao transporte p\u00fablico, rediscutindo termos do decreto anterior. Outro restringe horas extras, salvo em casos excepcionais.<\/p>\n\n\n\n<h3 class=\"wp-block-heading\"><strong>Pr\u00f3ximos passos<\/strong><\/h3>\n\n\n\n<p class=\"wp-block-paragraph\">O prefeito Coronel Sandro afirmou que os levantamentos continuam e prometeu transpar\u00eancia na divulga\u00e7\u00e3o de dados. Ele refor\u00e7ou o compromisso de reconstruir o munic\u00edpio, afirmando que o interesse p\u00fablico ser\u00e1 prioridade. O vice-prefeito Jos\u00e9 Bonif\u00e1cio Mour\u00e3o enfatizou a import\u00e2ncia de superar os desafios com foco na melhoria da qualidade de vida da popula\u00e7\u00e3o.<\/p>\n\n\n\n<h3 class=\"wp-block-heading\"><strong>Resposta do ex-prefeito<\/strong><\/h3>\n\n\n\n<p class=\"wp-block-paragraph\">Em nota, o ex-prefeito <strong>Andr\u00e9 Merlo<\/strong> contestou as declara\u00e7\u00f5es, afirmando que a transi\u00e7\u00e3o foi transparente e que a cidade foi entregue na melhor situa\u00e7\u00e3o fiscal dos \u00faltimos 20 anos. Ele destacou avan\u00e7os em sa\u00fade, educa\u00e7\u00e3o e infraestrutura, rejeitando a narrativa de \u201cterra arrasada\u201d como estrat\u00e9gia pol\u00edtica.<\/p>\n","protected":false},"excerpt":{"rendered":"<p>Na manh\u00e3 desta quarta-feira (9\/1\/2025), o prefeito de Governador Valadares (MG), Coronel Sandro, apresentou um levantamento preliminar que exp\u00f5e a situa\u00e7\u00e3o cr\u00edtica da administra\u00e7\u00e3o municipal, com problemas financeiros, estruturais e operacionais herdados da gest\u00e3o anterior. A coletiva destacou desafios nas \u00e1reas de sa\u00fade, educa\u00e7\u00e3o e finan\u00e7as p\u00fablicas, al\u00e9m de medidas emergenciais para enfrentar a crise. [&hellip;]<\/p>\n","protected":false},"author":4,"featured_media":194949,"comment_status":"open","ping_status":"closed","sticky":false,"template":"","format":"standard","meta":{"amp_status":"","footnotes":""},"categories":[121,40240],"tags":[101405,196174,247,138367,269234,35082,65956],"class_list":["post-194948","post","type-post","status-publish","format-standard","has-post-thumbnail","hentry","category-leste","category-politica","tag-andre-merlo","tag-coronel-sandro","tag-governador-valadares","tag-prefeito-de-governador-valadares","tag-prefeito-de-governador-valadares-expoe-cenario-critico-da-administracao-municipal-em-coletiva-de-imprensa","tag-prefeitura-de-governador-valadares","tag-situacao-de-governador-valadares"],"yoast_head":"<!-- This site is optimized with the Yoast SEO plugin v28.3 - https:\/\/yoast.com\/product\/yoast-seo-wordpress\/ -->\n<title>Prefeito de Governador Valadares exp\u00f5e cen\u00e1rio cr\u00edtico da administra\u00e7\u00e3o municipal em coletiva de imprensa - Aconteceu no Vale<\/title>\n<meta name=\"robots\" content=\"index, follow, max-snippet:-1, max-image-preview:large, max-video-preview:-1\" \/>\n<link rel=\"canonical\" href=\"https:\/\/aconteceunovale.com.br\/portal\/?p=194948\" \/>\n<meta property=\"og:locale\" content=\"pt_BR\" \/>\n<meta property=\"og:type\" content=\"article\" \/>\n<meta property=\"og:title\" content=\"Prefeito de Governador Valadares exp\u00f5e cen\u00e1rio cr\u00edtico da administra\u00e7\u00e3o municipal em coletiva de imprensa - Aconteceu no Vale\" \/>\n<meta property=\"og:description\" content=\"Na manh\u00e3 desta quarta-feira (9\/1\/2025), o prefeito de Governador Valadares (MG), Coronel Sandro, apresentou um levantamento preliminar que exp\u00f5e a situa\u00e7\u00e3o cr\u00edtica da administra\u00e7\u00e3o municipal, com problemas financeiros, estruturais e operacionais herdados da gest\u00e3o anterior. A coletiva destacou desafios nas \u00e1reas de sa\u00fade, educa\u00e7\u00e3o e finan\u00e7as p\u00fablicas, al\u00e9m de medidas emergenciais para enfrentar a crise. [&hellip;]\" \/>\n<meta property=\"og:url\" content=\"https:\/\/aconteceunovale.com.br\/portal\/?p=194948\" \/>\n<meta property=\"og:site_name\" content=\"Aconteceu no Vale\" \/>\n<meta property=\"article:publisher\" content=\"https:\/\/www.facebook.com\/aconteceunovale\/\" \/>\n<meta property=\"article:published_time\" content=\"2025-01-10T00:14:20+00:00\" \/>\n<meta property=\"article:modified_time\" content=\"2025-01-10T00:15:05+00:00\" \/>\n<meta property=\"og:image\" content=\"https:\/\/aconteceunovale.com.br\/portal\/wp-content\/uploads\/2025\/01\/coletiva_gv.jpeg\" \/>\n\t<meta property=\"og:image:width\" content=\"675\" \/>\n\t<meta property=\"og:image:height\" content=\"450\" \/>\n\t<meta property=\"og:image:type\" content=\"image\/jpeg\" \/>\n<meta name=\"author\" content=\"Reda\u00e7\u00e3o Aconteceu no Vale\" \/>\n<meta name=\"twitter:card\" content=\"summary_large_image\" \/>\n<meta name=\"twitter:creator\" content=\"@noticiadosvales\" \/>\n<meta name=\"twitter:site\" content=\"@noticiadosvales\" \/>\n<meta name=\"twitter:label1\" content=\"Escrito por\" \/>\n\t<meta name=\"twitter:data1\" content=\"Reda\u00e7\u00e3o Aconteceu no Vale\" \/>\n\t<meta name=\"twitter:label2\" content=\"Est. tempo de leitura\" \/>\n\t<meta name=\"twitter:data2\" content=\"3 minutos\" \/>\n<script type=\"application\/ld+json\" class=\"yoast-schema-graph\">{\"@context\":\"https:\\\/\\\/schema.org\",\"@graph\":[{\"@type\":\"Article\",\"@id\":\"https:\\\/\\\/aconteceunovale.com.br\\\/portal\\\/?p=194948#article\",\"isPartOf\":{\"@id\":\"https:\\\/\\\/aconteceunovale.com.br\\\/portal\\\/?p=194948\"},\"author\":{\"name\":\"Reda\u00e7\u00e3o Aconteceu no Vale\",\"@id\":\"https:\\\/\\\/aconteceunovale.com.br\\\/portal\\\/#\\\/schema\\\/person\\\/7d2f26d1483f8a63de73da1ee0754d35\"},\"headline\":\"Prefeito de Governador Valadares exp\u00f5e cen\u00e1rio cr\u00edtico da administra\u00e7\u00e3o municipal em coletiva de imprensa\",\"datePublished\":\"2025-01-10T00:14:20+00:00\",\"dateModified\":\"2025-01-10T00:15:05+00:00\",\"mainEntityOfPage\":{\"@id\":\"https:\\\/\\\/aconteceunovale.com.br\\\/portal\\\/?p=194948\"},\"wordCount\":531,\"commentCount\":0,\"image\":{\"@id\":\"https:\\\/\\\/aconteceunovale.com.br\\\/portal\\\/?p=194948#primaryimage\"},\"thumbnailUrl\":\"https:\\\/\\\/aconteceunovale.com.br\\\/portal\\\/wp-content\\\/uploads\\\/2025\\\/01\\\/coletiva_gv.jpeg\",\"keywords\":[\"Andr\u00e9 Merlo\",\"Coronel Sandro\",\"Governador Valadares\",\"prefeito de Governador Valadares\",\"Prefeito de Governador Valadares exp\u00f5e cen\u00e1rio cr\u00edtico da administra\u00e7\u00e3o municipal em coletiva de imprensa\",\"Prefeitura de Governador Valadares\",\"situa\u00e7\u00e3o de governador valadares\"],\"articleSection\":[\"Leste de Minas\",\"Pol\u00edtica\"],\"inLanguage\":\"pt-BR\",\"potentialAction\":[{\"@type\":\"CommentAction\",\"name\":\"Comment\",\"target\":[\"https:\\\/\\\/aconteceunovale.com.br\\\/portal\\\/?p=194948#respond\"]}]},{\"@type\":\"WebPage\",\"@id\":\"https:\\\/\\\/aconteceunovale.com.br\\\/portal\\\/?p=194948\",\"url\":\"https:\\\/\\\/aconteceunovale.com.br\\\/portal\\\/?p=194948\",\"name\":\"Prefeito de Governador Valadares exp\u00f5e cen\u00e1rio cr\u00edtico da administra\u00e7\u00e3o municipal em coletiva de imprensa - Aconteceu no Vale\",\"isPartOf\":{\"@id\":\"https:\\\/\\\/aconteceunovale.com.br\\\/portal\\\/#website\"},\"primaryImageOfPage\":{\"@id\":\"https:\\\/\\\/aconteceunovale.com.br\\\/portal\\\/?p=194948#primaryimage\"},\"image\":{\"@id\":\"https:\\\/\\\/aconteceunovale.com.br\\\/portal\\\/?p=194948#primaryimage\"},\"thumbnailUrl\":\"https:\\\/\\\/aconteceunovale.com.br\\\/portal\\\/wp-content\\\/uploads\\\/2025\\\/01\\\/coletiva_gv.jpeg\",\"datePublished\":\"2025-01-10T00:14:20+00:00\",\"dateModified\":\"2025-01-10T00:15:05+00:00\",\"author\":{\"@id\":\"https:\\\/\\\/aconteceunovale.com.br\\\/portal\\\/#\\\/schema\\\/person\\\/7d2f26d1483f8a63de73da1ee0754d35\"},\"breadcrumb\":{\"@id\":\"https:\\\/\\\/aconteceunovale.com.br\\\/portal\\\/?p=194948#breadcrumb\"},\"inLanguage\":\"pt-BR\",\"potentialAction\":[{\"@type\":\"ReadAction\",\"target\":[\"https:\\\/\\\/aconteceunovale.com.br\\\/portal\\\/?p=194948\"]}]},{\"@type\":\"ImageObject\",\"inLanguage\":\"pt-BR\",\"@id\":\"https:\\\/\\\/aconteceunovale.com.br\\\/portal\\\/?p=194948#primaryimage\",\"url\":\"https:\\\/\\\/aconteceunovale.com.br\\\/portal\\\/wp-content\\\/uploads\\\/2025\\\/01\\\/coletiva_gv.jpeg\",\"contentUrl\":\"https:\\\/\\\/aconteceunovale.com.br\\\/portal\\\/wp-content\\\/uploads\\\/2025\\\/01\\\/coletiva_gv.jpeg\",\"width\":675,\"height\":450,\"caption\":\"Foto: Divulga\u00e7\u00e3o \\\/ Prefeitura de Governador Valadares\"},{\"@type\":\"BreadcrumbList\",\"@id\":\"https:\\\/\\\/aconteceunovale.com.br\\\/portal\\\/?p=194948#breadcrumb\",\"itemListElement\":[{\"@type\":\"ListItem\",\"position\":1,\"name\":\"In\u00edcio\",\"item\":\"https:\\\/\\\/aconteceunovale.com.br\\\/portal\\\/\"},{\"@type\":\"ListItem\",\"position\":2,\"name\":\"Prefeito de Governador Valadares exp\u00f5e cen\u00e1rio cr\u00edtico da administra\u00e7\u00e3o municipal em coletiva de imprensa\"}]},{\"@type\":\"WebSite\",\"@id\":\"https:\\\/\\\/aconteceunovale.com.br\\\/portal\\\/#website\",\"url\":\"https:\\\/\\\/aconteceunovale.com.br\\\/portal\\\/\",\"name\":\"Aconteceu no Vale\",\"description\":\"Portal de Not\u00edcias\",\"potentialAction\":[{\"@type\":\"SearchAction\",\"target\":{\"@type\":\"EntryPoint\",\"urlTemplate\":\"https:\\\/\\\/aconteceunovale.com.br\\\/portal\\\/?s={search_term_string}\"},\"query-input\":{\"@type\":\"PropertyValueSpecification\",\"valueRequired\":true,\"valueName\":\"search_term_string\"}}],\"inLanguage\":\"pt-BR\"},{\"@type\":\"Person\",\"@id\":\"https:\\\/\\\/aconteceunovale.com.br\\\/portal\\\/#\\\/schema\\\/person\\\/7d2f26d1483f8a63de73da1ee0754d35\",\"name\":\"Reda\u00e7\u00e3o Aconteceu no Vale\",\"description\":\"Equipe de reportagem do Aconteceu no Vale, portal de not\u00edcias do Vale do Jequitinhonha, em Minas Gerais. Cobrimos as 51 cidades do Vale desde 2013. Sugest\u00f5es de pauta e pedidos de corre\u00e7\u00e3o: contato@aconteceunovale.com.br\",\"url\":\"https:\\\/\\\/aconteceunovale.com.br\\\/portal\\\/?author=4\"}]}<\/script>\n<!-- \/ Yoast SEO plugin. -->","yoast_head_json":{"title":"Prefeito de Governador Valadares exp\u00f5e cen\u00e1rio cr\u00edtico da administra\u00e7\u00e3o municipal em coletiva de imprensa - Aconteceu no Vale","robots":{"index":"index","follow":"follow","max-snippet":"max-snippet:-1","max-image-preview":"max-image-preview:large","max-video-preview":"max-video-preview:-1"},"canonical":"https:\/\/aconteceunovale.com.br\/portal\/?p=194948","og_locale":"pt_BR","og_type":"article","og_title":"Prefeito de Governador Valadares exp\u00f5e cen\u00e1rio cr\u00edtico da administra\u00e7\u00e3o municipal em coletiva de imprensa - Aconteceu no Vale","og_description":"Na manh\u00e3 desta quarta-feira (9\/1\/2025), o prefeito de Governador Valadares (MG), Coronel Sandro, apresentou um levantamento preliminar que exp\u00f5e a situa\u00e7\u00e3o cr\u00edtica da administra\u00e7\u00e3o municipal, com problemas financeiros, estruturais e operacionais herdados da gest\u00e3o anterior. A coletiva destacou desafios nas \u00e1reas de sa\u00fade, educa\u00e7\u00e3o e finan\u00e7as p\u00fablicas, al\u00e9m de medidas emergenciais para enfrentar a crise. [&hellip;]","og_url":"https:\/\/aconteceunovale.com.br\/portal\/?p=194948","og_site_name":"Aconteceu no Vale","article_publisher":"https:\/\/www.facebook.com\/aconteceunovale\/","article_published_time":"2025-01-10T00:14:20+00:00","article_modified_time":"2025-01-10T00:15:05+00:00","og_image":[{"width":675,"height":450,"url":"https:\/\/aconteceunovale.com.br\/portal\/wp-content\/uploads\/2025\/01\/coletiva_gv.jpeg","type":"image\/jpeg"}],"author":"Reda\u00e7\u00e3o Aconteceu no Vale","twitter_card":"summary_large_image","twitter_creator":"@noticiadosvales","twitter_site":"@noticiadosvales","twitter_misc":{"Escrito por":"Reda\u00e7\u00e3o Aconteceu no Vale","Est. tempo de leitura":"3 minutos"},"schema":{"@context":"https:\/\/schema.org","@graph":[{"@type":"Article","@id":"https:\/\/aconteceunovale.com.br\/portal\/?p=194948#article","isPartOf":{"@id":"https:\/\/aconteceunovale.com.br\/portal\/?p=194948"},"author":{"name":"Reda\u00e7\u00e3o Aconteceu no Vale","@id":"https:\/\/aconteceunovale.com.br\/portal\/#\/schema\/person\/7d2f26d1483f8a63de73da1ee0754d35"},"headline":"Prefeito de Governador Valadares exp\u00f5e cen\u00e1rio cr\u00edtico da administra\u00e7\u00e3o municipal em coletiva de imprensa","datePublished":"2025-01-10T00:14:20+00:00","dateModified":"2025-01-10T00:15:05+00:00","mainEntityOfPage":{"@id":"https:\/\/aconteceunovale.com.br\/portal\/?p=194948"},"wordCount":531,"commentCount":0,"image":{"@id":"https:\/\/aconteceunovale.com.br\/portal\/?p=194948#primaryimage"},"thumbnailUrl":"https:\/\/aconteceunovale.com.br\/portal\/wp-content\/uploads\/2025\/01\/coletiva_gv.jpeg","keywords":["Andr\u00e9 Merlo","Coronel Sandro","Governador Valadares","prefeito de Governador Valadares","Prefeito de Governador Valadares exp\u00f5e cen\u00e1rio cr\u00edtico da administra\u00e7\u00e3o municipal em coletiva de imprensa","Prefeitura de Governador Valadares","situa\u00e7\u00e3o de governador valadares"],"articleSection":["Leste de Minas","Pol\u00edtica"],"inLanguage":"pt-BR","potentialAction":[{"@type":"CommentAction","name":"Comment","target":["https:\/\/aconteceunovale.com.br\/portal\/?p=194948#respond"]}]},{"@type":"WebPage","@id":"https:\/\/aconteceunovale.com.br\/portal\/?p=194948","url":"https:\/\/aconteceunovale.com.br\/portal\/?p=194948","name":"Prefeito de Governador Valadares exp\u00f5e cen\u00e1rio cr\u00edtico da administra\u00e7\u00e3o municipal em coletiva de imprensa - Aconteceu no Vale","isPartOf":{"@id":"https:\/\/aconteceunovale.com.br\/portal\/#website"},"primaryImageOfPage":{"@id":"https:\/\/aconteceunovale.com.br\/portal\/?p=194948#primaryimage"},"image":{"@id":"https:\/\/aconteceunovale.com.br\/portal\/?p=194948#primaryimage"},"thumbnailUrl":"https:\/\/aconteceunovale.com.br\/portal\/wp-content\/uploads\/2025\/01\/coletiva_gv.jpeg","datePublished":"2025-01-10T00:14:20+00:00","dateModified":"2025-01-10T00:15:05+00:00","author":{"@id":"https:\/\/aconteceunovale.com.br\/portal\/#\/schema\/person\/7d2f26d1483f8a63de73da1ee0754d35"},"breadcrumb":{"@id":"https:\/\/aconteceunovale.com.br\/portal\/?p=194948#breadcrumb"},"inLanguage":"pt-BR","potentialAction":[{"@type":"ReadAction","target":["https:\/\/aconteceunovale.com.br\/portal\/?p=194948"]}]},{"@type":"ImageObject","inLanguage":"pt-BR","@id":"https:\/\/aconteceunovale.com.br\/portal\/?p=194948#primaryimage","url":"https:\/\/aconteceunovale.com.br\/portal\/wp-content\/uploads\/2025\/01\/coletiva_gv.jpeg","contentUrl":"https:\/\/aconteceunovale.com.br\/portal\/wp-content\/uploads\/2025\/01\/coletiva_gv.jpeg","width":675,"height":450,"caption":"Foto: Divulga\u00e7\u00e3o \/ Prefeitura de Governador Valadares"},{"@type":"BreadcrumbList","@id":"https:\/\/aconteceunovale.com.br\/portal\/?p=194948#breadcrumb","itemListElement":[{"@type":"ListItem","position":1,"name":"In\u00edcio","item":"https:\/\/aconteceunovale.com.br\/portal\/"},{"@type":"ListItem","position":2,"name":"Prefeito de Governador Valadares exp\u00f5e cen\u00e1rio cr\u00edtico da administra\u00e7\u00e3o municipal em coletiva de imprensa"}]},{"@type":"WebSite","@id":"https:\/\/aconteceunovale.com.br\/portal\/#website","url":"https:\/\/aconteceunovale.com.br\/portal\/","name":"Aconteceu no Vale","description":"Portal de Not\u00edcias","potentialAction":[{"@type":"SearchAction","target":{"@type":"EntryPoint","urlTemplate":"https:\/\/aconteceunovale.com.br\/portal\/?s={search_term_string}"},"query-input":{"@type":"PropertyValueSpecification","valueRequired":true,"valueName":"search_term_string"}}],"inLanguage":"pt-BR"},{"@type":"Person","@id":"https:\/\/aconteceunovale.com.br\/portal\/#\/schema\/person\/7d2f26d1483f8a63de73da1ee0754d35","name":"Reda\u00e7\u00e3o Aconteceu no Vale","description":"Equipe de reportagem do Aconteceu no Vale, portal de not\u00edcias do Vale do Jequitinhonha, em Minas Gerais. Cobrimos as 51 cidades do Vale desde 2013. Sugest\u00f5es de pauta e pedidos de corre\u00e7\u00e3o: contato@aconteceunovale.com.br","url":"https:\/\/aconteceunovale.com.br\/portal\/?author=4"}]}},"_links":{"self":[{"href":"https:\/\/aconteceunovale.com.br\/portal\/index.php?rest_route=\/wp\/v2\/posts\/194948","targetHints":{"allow":["GET"]}}],"collection":[{"href":"https:\/\/aconteceunovale.com.br\/portal\/index.php?rest_route=\/wp\/v2\/posts"}],"about":[{"href":"https:\/\/aconteceunovale.com.br\/portal\/index.php?rest_route=\/wp\/v2\/types\/post"}],"author":[{"embeddable":true,"href":"https:\/\/aconteceunovale.com.br\/portal\/index.php?rest_route=\/wp\/v2\/users\/4"}],"replies":[{"embeddable":true,"href":"https:\/\/aconteceunovale.com.br\/portal\/index.php?rest_route=%2Fwp%2Fv2%2Fcomments&post=194948"}],"version-history":[{"count":1,"href":"https:\/\/aconteceunovale.com.br\/portal\/index.php?rest_route=\/wp\/v2\/posts\/194948\/revisions"}],"predecessor-version":[{"id":194950,"href":"https:\/\/aconteceunovale.com.br\/portal\/index.php?rest_route=\/wp\/v2\/posts\/194948\/revisions\/194950"}],"wp:featuredmedia":[{"embeddable":true,"href":"https:\/\/aconteceunovale.com.br\/portal\/index.php?rest_route=\/wp\/v2\/media\/194949"}],"wp:attachment":[{"href":"https:\/\/aconteceunovale.com.br\/portal\/index.php?rest_route=%2Fwp%2Fv2%2Fmedia&parent=194948"}],"wp:term":[{"taxonomy":"category","embeddable":true,"href":"https:\/\/aconteceunovale.com.br\/portal\/index.php?rest_route=%2Fwp%2Fv2%2Fcategories&post=194948"},{"taxonomy":"post_tag","embeddable":true,"href":"https:\/\/aconteceunovale.com.br\/portal\/index.php?rest_route=%2Fwp%2Fv2%2Ftags&post=194948"}],"curies":[{"name":"wp","href":"https:\/\/api.w.org\/{rel}","templated":true}]}}