{"id":194939,"date":"2025-01-09T19:41:12","date_gmt":"2025-01-09T22:41:12","guid":{"rendered":"https:\/\/aconteceunovale.com.br\/portal\/?p=194939"},"modified":"2025-01-09T19:42:02","modified_gmt":"2025-01-09T22:42:02","slug":"exame-para-identificar-fibrodisplasia-ossificante-agora-e-obrigatorio","status":"publish","type":"post","link":"https:\/\/aconteceunovale.com.br\/portal\/?p=194939","title":{"rendered":"Exame para identificar Fibrodisplasia Ossificante agora \u00e9 obrigat\u00f3rio"},"content":{"rendered":"\n<p class=\"wp-block-paragraph\">O exame cl\u00ednico para identificar malforma\u00e7\u00f5es dos dedos grandes dos p\u00e9s t\u00edpicos na Fibrodisplasia Ossificante Progressiva (FOP), em rec\u00e9m-nascidos, passa a ser obrigat\u00f3rio durante a triagem neonatal nas redes p\u00fablica e privada de sa\u00fade com cobertura do Sistema \u00danico de Sa\u00fade (SUS).<\/p>\n\n\n\n<p class=\"wp-block-paragraph\">\u00c9 o que estabelece a Lei n\u00ba 15.094, sancionada pelo presidente Luiz In\u00e1cio Lula da Silva nesta quinta-feira (9), em Bras\u00edlia. O texto havia sido aprovado pelo Senado Federal no fim de 2024.<\/p>\n\n\n\n<p class=\"wp-block-paragraph\">A FOP, tamb\u00e9m conhecida como Miosite Ossificante Progressiva, \u00e9 uma doen\u00e7a rara, de causa gen\u00e9tica, incur\u00e1vel e com incid\u00eancia em uma em cada dois milh\u00f5es de pessoas.<\/p>\n\n\n\n<p class=\"wp-block-paragraph\">Atualmente, estima-se que cerca de quatro mil pessoas no mundo convivem com o problema. A condi\u00e7\u00e3o se caracteriza pela forma\u00e7\u00e3o de ossos em m\u00fasculos, tend\u00f5es, ligamentos e outros tecidos de forma progressiva, restringindo movimentos e podendo levar o paciente \u00e0 imobilidade permanente.<\/p>\n\n\n\n<h2 class=\"wp-block-heading\">Ossifica\u00e7\u00e3o<\/h2>\n\n\n\n<p class=\"wp-block-paragraph\">O processo de ossifica\u00e7\u00e3o geralmente \u00e9 percept\u00edvel na primeira inf\u00e2ncia (0 a 5 anos), afetando os movimentos de pesco\u00e7o, ombros e membros. Os pacientes podem ter dificuldade para respirar, abrir a boca e at\u00e9 para se alimentar.<\/p>\n\n\n\n<p class=\"wp-block-paragraph\">Pessoas com FOP nascem com o dedo maior do p\u00e9 (h\u00e1lux) malformado bilateralmente, sendo que aproximadamente 50% tamb\u00e9m t\u00eam polegares malformados. Esse \u00e9 um sinal importante para a doen\u00e7a e especialmente \u00fatil no exame do rec\u00e9m-nascido.<\/p>\n\n\n\n<p class=\"wp-block-paragraph\">Outros sinais cong\u00eanitos incluem m\u00e1 forma\u00e7\u00e3o da parte superior da coluna vertebral (v\u00e9rtebras cervicais) e um colo do f\u00eamur anormalmente curto e grosso. A FOP n\u00e3o tem cura, os cuidados multiprofissionais e alguns medicamentos s\u00e3o oferecidos de forma integral e gratuita pelo Sistema \u00danico de Sa\u00fade (SUS) e podem amenizar os sinais, sintomas e inflama\u00e7\u00f5es.<\/p>\n\n\n\n<p class=\"wp-block-paragraph\">Por ser doen\u00e7a rara, a assist\u00eancia especializada para as crian\u00e7as e adolescentes com diagn\u00f3stico de FOP \u00e9 realizada em hospitais-escola ou universit\u00e1rios, com tratamento terap\u00eautico ou reabilitador, conforme a necessidade de cada caso, incluindo os Centros Especializados em Reabilita\u00e7\u00e3o, presentes em todos os estados.<\/p>\n\n\n\n<p class=\"wp-block-paragraph\">O tratamento atual \u00e9 baseado no uso de corticoides e anti-inflamat\u00f3rios na fase aguda da doen\u00e7a, a fim de limitar o processo inflamat\u00f3rio.<\/p>\n","protected":false},"excerpt":{"rendered":"<p>O exame cl\u00ednico para identificar malforma\u00e7\u00f5es dos dedos grandes dos p\u00e9s t\u00edpicos na Fibrodisplasia Ossificante Progressiva (FOP), em rec\u00e9m-nascidos, passa a ser obrigat\u00f3rio durante a triagem neonatal nas redes p\u00fablica e privada de sa\u00fade com cobertura do Sistema \u00danico de Sa\u00fade (SUS). \u00c9 o que estabelece a Lei n\u00ba 15.094, sancionada pelo presidente Luiz In\u00e1cio [&hellip;]<\/p>\n","protected":false},"author":4,"featured_media":194940,"comment_status":"open","ping_status":"closed","sticky":false,"template":"","format":"standard","meta":{"amp_status":"","footnotes":""},"categories":[6,40242],"tags":[269223,269221,269222,269225,269224,269226,28873],"class_list":["post-194939","post","type-post","status-publish","format-standard","has-post-thumbnail","hentry","category-br","category-saude-2","tag-exame-fibrodisplasia-ossificante","tag-exame-para-identificar-fibrodisplasia-ossificante-agora-e-obrigatorio","tag-fibrodisplasia-ossificante","tag-fibrodisplasia-ossificante-progressiva","tag-fop","tag-ossificacao","tag-sus"],"yoast_head":"<!-- This site is optimized with the Yoast SEO plugin v28.3 - https:\/\/yoast.com\/product\/yoast-seo-wordpress\/ -->\n<title>Exame para identificar Fibrodisplasia Ossificante agora \u00e9 obrigat\u00f3rio - Aconteceu no Vale<\/title>\n<meta name=\"robots\" content=\"index, follow, max-snippet:-1, max-image-preview:large, max-video-preview:-1\" \/>\n<link rel=\"canonical\" href=\"https:\/\/aconteceunovale.com.br\/portal\/?p=194939\" \/>\n<meta property=\"og:locale\" content=\"pt_BR\" \/>\n<meta property=\"og:type\" content=\"article\" \/>\n<meta property=\"og:title\" content=\"Exame para identificar Fibrodisplasia Ossificante agora \u00e9 obrigat\u00f3rio - Aconteceu no Vale\" \/>\n<meta property=\"og:description\" content=\"O exame cl\u00ednico para identificar malforma\u00e7\u00f5es dos dedos grandes dos p\u00e9s t\u00edpicos na Fibrodisplasia Ossificante Progressiva (FOP), em rec\u00e9m-nascidos, passa a ser obrigat\u00f3rio durante a triagem neonatal nas redes p\u00fablica e privada de sa\u00fade com cobertura do Sistema \u00danico de Sa\u00fade (SUS). \u00c9 o que estabelece a Lei n\u00ba 15.094, sancionada pelo presidente Luiz In\u00e1cio [&hellip;]\" \/>\n<meta property=\"og:url\" content=\"https:\/\/aconteceunovale.com.br\/portal\/?p=194939\" \/>\n<meta property=\"og:site_name\" content=\"Aconteceu no Vale\" \/>\n<meta property=\"article:publisher\" content=\"https:\/\/www.facebook.com\/aconteceunovale\/\" \/>\n<meta property=\"article:published_time\" content=\"2025-01-09T22:41:12+00:00\" \/>\n<meta property=\"article:modified_time\" content=\"2025-01-09T22:42:02+00:00\" \/>\n<meta property=\"og:image\" content=\"https:\/\/aconteceunovale.com.br\/portal\/wp-content\/uploads\/2025\/01\/exame.png\" \/>\n\t<meta property=\"og:image:width\" content=\"678\" \/>\n\t<meta property=\"og:image:height\" content=\"406\" \/>\n\t<meta property=\"og:image:type\" content=\"image\/png\" \/>\n<meta name=\"author\" content=\"Reda\u00e7\u00e3o Aconteceu no Vale\" \/>\n<meta name=\"twitter:card\" content=\"summary_large_image\" \/>\n<meta name=\"twitter:creator\" content=\"@noticiadosvales\" \/>\n<meta name=\"twitter:site\" content=\"@noticiadosvales\" \/>\n<meta name=\"twitter:label1\" content=\"Escrito por\" \/>\n\t<meta name=\"twitter:data1\" content=\"Reda\u00e7\u00e3o Aconteceu no Vale\" \/>\n\t<meta name=\"twitter:label2\" content=\"Est. tempo de leitura\" \/>\n\t<meta name=\"twitter:data2\" content=\"2 minutos\" \/>\n<script type=\"application\/ld+json\" class=\"yoast-schema-graph\">{\"@context\":\"https:\\\/\\\/schema.org\",\"@graph\":[{\"@type\":\"Article\",\"@id\":\"https:\\\/\\\/aconteceunovale.com.br\\\/portal\\\/?p=194939#article\",\"isPartOf\":{\"@id\":\"https:\\\/\\\/aconteceunovale.com.br\\\/portal\\\/?p=194939\"},\"author\":{\"name\":\"Reda\u00e7\u00e3o Aconteceu no Vale\",\"@id\":\"https:\\\/\\\/aconteceunovale.com.br\\\/portal\\\/#\\\/schema\\\/person\\\/7d2f26d1483f8a63de73da1ee0754d35\"},\"headline\":\"Exame para identificar Fibrodisplasia Ossificante agora \u00e9 obrigat\u00f3rio\",\"datePublished\":\"2025-01-09T22:41:12+00:00\",\"dateModified\":\"2025-01-09T22:42:02+00:00\",\"mainEntityOfPage\":{\"@id\":\"https:\\\/\\\/aconteceunovale.com.br\\\/portal\\\/?p=194939\"},\"wordCount\":384,\"commentCount\":0,\"image\":{\"@id\":\"https:\\\/\\\/aconteceunovale.com.br\\\/portal\\\/?p=194939#primaryimage\"},\"thumbnailUrl\":\"https:\\\/\\\/aconteceunovale.com.br\\\/portal\\\/wp-content\\\/uploads\\\/2025\\\/01\\\/exame.png\",\"keywords\":[\"Exame Fibrodisplasia Ossificante\",\"Exame para identificar Fibrodisplasia Ossificante agora \u00e9 obrigat\u00f3rio\",\"Fibrodisplasia Ossificante\",\"Fibrodisplasia Ossificante Progressiva\",\"FOP\",\"Ossifica\u00e7\u00e3o\",\"SUS\"],\"articleSection\":[\"Brasil\",\"Sa\u00fade\"],\"inLanguage\":\"pt-BR\",\"potentialAction\":[{\"@type\":\"CommentAction\",\"name\":\"Comment\",\"target\":[\"https:\\\/\\\/aconteceunovale.com.br\\\/portal\\\/?p=194939#respond\"]}]},{\"@type\":\"WebPage\",\"@id\":\"https:\\\/\\\/aconteceunovale.com.br\\\/portal\\\/?p=194939\",\"url\":\"https:\\\/\\\/aconteceunovale.com.br\\\/portal\\\/?p=194939\",\"name\":\"Exame para identificar Fibrodisplasia Ossificante agora \u00e9 obrigat\u00f3rio - Aconteceu no Vale\",\"isPartOf\":{\"@id\":\"https:\\\/\\\/aconteceunovale.com.br\\\/portal\\\/#website\"},\"primaryImageOfPage\":{\"@id\":\"https:\\\/\\\/aconteceunovale.com.br\\\/portal\\\/?p=194939#primaryimage\"},\"image\":{\"@id\":\"https:\\\/\\\/aconteceunovale.com.br\\\/portal\\\/?p=194939#primaryimage\"},\"thumbnailUrl\":\"https:\\\/\\\/aconteceunovale.com.br\\\/portal\\\/wp-content\\\/uploads\\\/2025\\\/01\\\/exame.png\",\"datePublished\":\"2025-01-09T22:41:12+00:00\",\"dateModified\":\"2025-01-09T22:42:02+00:00\",\"author\":{\"@id\":\"https:\\\/\\\/aconteceunovale.com.br\\\/portal\\\/#\\\/schema\\\/person\\\/7d2f26d1483f8a63de73da1ee0754d35\"},\"breadcrumb\":{\"@id\":\"https:\\\/\\\/aconteceunovale.com.br\\\/portal\\\/?p=194939#breadcrumb\"},\"inLanguage\":\"pt-BR\",\"potentialAction\":[{\"@type\":\"ReadAction\",\"target\":[\"https:\\\/\\\/aconteceunovale.com.br\\\/portal\\\/?p=194939\"]}]},{\"@type\":\"ImageObject\",\"inLanguage\":\"pt-BR\",\"@id\":\"https:\\\/\\\/aconteceunovale.com.br\\\/portal\\\/?p=194939#primaryimage\",\"url\":\"https:\\\/\\\/aconteceunovale.com.br\\\/portal\\\/wp-content\\\/uploads\\\/2025\\\/01\\\/exame.png\",\"contentUrl\":\"https:\\\/\\\/aconteceunovale.com.br\\\/portal\\\/wp-content\\\/uploads\\\/2025\\\/01\\\/exame.png\",\"width\":678,\"height\":406,\"caption\":\"\u00a9 Pedro Ventura\\\/Ag\u00eancia Bras\u00edlia\\\/Divulga\u00e7\u0101o\"},{\"@type\":\"BreadcrumbList\",\"@id\":\"https:\\\/\\\/aconteceunovale.com.br\\\/portal\\\/?p=194939#breadcrumb\",\"itemListElement\":[{\"@type\":\"ListItem\",\"position\":1,\"name\":\"In\u00edcio\",\"item\":\"https:\\\/\\\/aconteceunovale.com.br\\\/portal\\\/\"},{\"@type\":\"ListItem\",\"position\":2,\"name\":\"Exame para identificar Fibrodisplasia Ossificante agora \u00e9 obrigat\u00f3rio\"}]},{\"@type\":\"WebSite\",\"@id\":\"https:\\\/\\\/aconteceunovale.com.br\\\/portal\\\/#website\",\"url\":\"https:\\\/\\\/aconteceunovale.com.br\\\/portal\\\/\",\"name\":\"Aconteceu no Vale\",\"description\":\"Portal de Not\u00edcias\",\"potentialAction\":[{\"@type\":\"SearchAction\",\"target\":{\"@type\":\"EntryPoint\",\"urlTemplate\":\"https:\\\/\\\/aconteceunovale.com.br\\\/portal\\\/?s={search_term_string}\"},\"query-input\":{\"@type\":\"PropertyValueSpecification\",\"valueRequired\":true,\"valueName\":\"search_term_string\"}}],\"inLanguage\":\"pt-BR\"},{\"@type\":\"Person\",\"@id\":\"https:\\\/\\\/aconteceunovale.com.br\\\/portal\\\/#\\\/schema\\\/person\\\/7d2f26d1483f8a63de73da1ee0754d35\",\"name\":\"Reda\u00e7\u00e3o Aconteceu no Vale\",\"description\":\"Equipe de reportagem do Aconteceu no Vale, portal de not\u00edcias do Vale do Jequitinhonha, em Minas Gerais. Cobrimos as 51 cidades do Vale desde 2013. Sugest\u00f5es de pauta e pedidos de corre\u00e7\u00e3o: contato@aconteceunovale.com.br\",\"url\":\"https:\\\/\\\/aconteceunovale.com.br\\\/portal\\\/?author=4\"}]}<\/script>\n<!-- \/ Yoast SEO plugin. -->","yoast_head_json":{"title":"Exame para identificar Fibrodisplasia Ossificante agora \u00e9 obrigat\u00f3rio - Aconteceu no Vale","robots":{"index":"index","follow":"follow","max-snippet":"max-snippet:-1","max-image-preview":"max-image-preview:large","max-video-preview":"max-video-preview:-1"},"canonical":"https:\/\/aconteceunovale.com.br\/portal\/?p=194939","og_locale":"pt_BR","og_type":"article","og_title":"Exame para identificar Fibrodisplasia Ossificante agora \u00e9 obrigat\u00f3rio - Aconteceu no Vale","og_description":"O exame cl\u00ednico para identificar malforma\u00e7\u00f5es dos dedos grandes dos p\u00e9s t\u00edpicos na Fibrodisplasia Ossificante Progressiva (FOP), em rec\u00e9m-nascidos, passa a ser obrigat\u00f3rio durante a triagem neonatal nas redes p\u00fablica e privada de sa\u00fade com cobertura do Sistema \u00danico de Sa\u00fade (SUS). \u00c9 o que estabelece a Lei n\u00ba 15.094, sancionada pelo presidente Luiz In\u00e1cio [&hellip;]","og_url":"https:\/\/aconteceunovale.com.br\/portal\/?p=194939","og_site_name":"Aconteceu no Vale","article_publisher":"https:\/\/www.facebook.com\/aconteceunovale\/","article_published_time":"2025-01-09T22:41:12+00:00","article_modified_time":"2025-01-09T22:42:02+00:00","og_image":[{"width":678,"height":406,"url":"https:\/\/aconteceunovale.com.br\/portal\/wp-content\/uploads\/2025\/01\/exame.png","type":"image\/png"}],"author":"Reda\u00e7\u00e3o Aconteceu no Vale","twitter_card":"summary_large_image","twitter_creator":"@noticiadosvales","twitter_site":"@noticiadosvales","twitter_misc":{"Escrito por":"Reda\u00e7\u00e3o Aconteceu no Vale","Est. tempo de leitura":"2 minutos"},"schema":{"@context":"https:\/\/schema.org","@graph":[{"@type":"Article","@id":"https:\/\/aconteceunovale.com.br\/portal\/?p=194939#article","isPartOf":{"@id":"https:\/\/aconteceunovale.com.br\/portal\/?p=194939"},"author":{"name":"Reda\u00e7\u00e3o Aconteceu no Vale","@id":"https:\/\/aconteceunovale.com.br\/portal\/#\/schema\/person\/7d2f26d1483f8a63de73da1ee0754d35"},"headline":"Exame para identificar Fibrodisplasia Ossificante agora \u00e9 obrigat\u00f3rio","datePublished":"2025-01-09T22:41:12+00:00","dateModified":"2025-01-09T22:42:02+00:00","mainEntityOfPage":{"@id":"https:\/\/aconteceunovale.com.br\/portal\/?p=194939"},"wordCount":384,"commentCount":0,"image":{"@id":"https:\/\/aconteceunovale.com.br\/portal\/?p=194939#primaryimage"},"thumbnailUrl":"https:\/\/aconteceunovale.com.br\/portal\/wp-content\/uploads\/2025\/01\/exame.png","keywords":["Exame Fibrodisplasia Ossificante","Exame para identificar Fibrodisplasia Ossificante agora \u00e9 obrigat\u00f3rio","Fibrodisplasia Ossificante","Fibrodisplasia Ossificante Progressiva","FOP","Ossifica\u00e7\u00e3o","SUS"],"articleSection":["Brasil","Sa\u00fade"],"inLanguage":"pt-BR","potentialAction":[{"@type":"CommentAction","name":"Comment","target":["https:\/\/aconteceunovale.com.br\/portal\/?p=194939#respond"]}]},{"@type":"WebPage","@id":"https:\/\/aconteceunovale.com.br\/portal\/?p=194939","url":"https:\/\/aconteceunovale.com.br\/portal\/?p=194939","name":"Exame para identificar Fibrodisplasia Ossificante agora \u00e9 obrigat\u00f3rio - Aconteceu no Vale","isPartOf":{"@id":"https:\/\/aconteceunovale.com.br\/portal\/#website"},"primaryImageOfPage":{"@id":"https:\/\/aconteceunovale.com.br\/portal\/?p=194939#primaryimage"},"image":{"@id":"https:\/\/aconteceunovale.com.br\/portal\/?p=194939#primaryimage"},"thumbnailUrl":"https:\/\/aconteceunovale.com.br\/portal\/wp-content\/uploads\/2025\/01\/exame.png","datePublished":"2025-01-09T22:41:12+00:00","dateModified":"2025-01-09T22:42:02+00:00","author":{"@id":"https:\/\/aconteceunovale.com.br\/portal\/#\/schema\/person\/7d2f26d1483f8a63de73da1ee0754d35"},"breadcrumb":{"@id":"https:\/\/aconteceunovale.com.br\/portal\/?p=194939#breadcrumb"},"inLanguage":"pt-BR","potentialAction":[{"@type":"ReadAction","target":["https:\/\/aconteceunovale.com.br\/portal\/?p=194939"]}]},{"@type":"ImageObject","inLanguage":"pt-BR","@id":"https:\/\/aconteceunovale.com.br\/portal\/?p=194939#primaryimage","url":"https:\/\/aconteceunovale.com.br\/portal\/wp-content\/uploads\/2025\/01\/exame.png","contentUrl":"https:\/\/aconteceunovale.com.br\/portal\/wp-content\/uploads\/2025\/01\/exame.png","width":678,"height":406,"caption":"\u00a9 Pedro Ventura\/Ag\u00eancia Bras\u00edlia\/Divulga\u00e7\u0101o"},{"@type":"BreadcrumbList","@id":"https:\/\/aconteceunovale.com.br\/portal\/?p=194939#breadcrumb","itemListElement":[{"@type":"ListItem","position":1,"name":"In\u00edcio","item":"https:\/\/aconteceunovale.com.br\/portal\/"},{"@type":"ListItem","position":2,"name":"Exame para identificar Fibrodisplasia Ossificante agora \u00e9 obrigat\u00f3rio"}]},{"@type":"WebSite","@id":"https:\/\/aconteceunovale.com.br\/portal\/#website","url":"https:\/\/aconteceunovale.com.br\/portal\/","name":"Aconteceu no Vale","description":"Portal de Not\u00edcias","potentialAction":[{"@type":"SearchAction","target":{"@type":"EntryPoint","urlTemplate":"https:\/\/aconteceunovale.com.br\/portal\/?s={search_term_string}"},"query-input":{"@type":"PropertyValueSpecification","valueRequired":true,"valueName":"search_term_string"}}],"inLanguage":"pt-BR"},{"@type":"Person","@id":"https:\/\/aconteceunovale.com.br\/portal\/#\/schema\/person\/7d2f26d1483f8a63de73da1ee0754d35","name":"Reda\u00e7\u00e3o Aconteceu no Vale","description":"Equipe de reportagem do Aconteceu no Vale, portal de not\u00edcias do Vale do Jequitinhonha, em Minas Gerais. Cobrimos as 51 cidades do Vale desde 2013. Sugest\u00f5es de pauta e pedidos de corre\u00e7\u00e3o: contato@aconteceunovale.com.br","url":"https:\/\/aconteceunovale.com.br\/portal\/?author=4"}]}},"_links":{"self":[{"href":"https:\/\/aconteceunovale.com.br\/portal\/index.php?rest_route=\/wp\/v2\/posts\/194939","targetHints":{"allow":["GET"]}}],"collection":[{"href":"https:\/\/aconteceunovale.com.br\/portal\/index.php?rest_route=\/wp\/v2\/posts"}],"about":[{"href":"https:\/\/aconteceunovale.com.br\/portal\/index.php?rest_route=\/wp\/v2\/types\/post"}],"author":[{"embeddable":true,"href":"https:\/\/aconteceunovale.com.br\/portal\/index.php?rest_route=\/wp\/v2\/users\/4"}],"replies":[{"embeddable":true,"href":"https:\/\/aconteceunovale.com.br\/portal\/index.php?rest_route=%2Fwp%2Fv2%2Fcomments&post=194939"}],"version-history":[{"count":2,"href":"https:\/\/aconteceunovale.com.br\/portal\/index.php?rest_route=\/wp\/v2\/posts\/194939\/revisions"}],"predecessor-version":[{"id":194942,"href":"https:\/\/aconteceunovale.com.br\/portal\/index.php?rest_route=\/wp\/v2\/posts\/194939\/revisions\/194942"}],"wp:featuredmedia":[{"embeddable":true,"href":"https:\/\/aconteceunovale.com.br\/portal\/index.php?rest_route=\/wp\/v2\/media\/194940"}],"wp:attachment":[{"href":"https:\/\/aconteceunovale.com.br\/portal\/index.php?rest_route=%2Fwp%2Fv2%2Fmedia&parent=194939"}],"wp:term":[{"taxonomy":"category","embeddable":true,"href":"https:\/\/aconteceunovale.com.br\/portal\/index.php?rest_route=%2Fwp%2Fv2%2Fcategories&post=194939"},{"taxonomy":"post_tag","embeddable":true,"href":"https:\/\/aconteceunovale.com.br\/portal\/index.php?rest_route=%2Fwp%2Fv2%2Ftags&post=194939"}],"curies":[{"name":"wp","href":"https:\/\/api.w.org\/{rel}","templated":true}]}}