{"id":194926,"date":"2025-01-09T18:49:33","date_gmt":"2025-01-09T21:49:33","guid":{"rendered":"https:\/\/aconteceunovale.com.br\/portal\/?p=194926"},"modified":"2025-01-09T18:50:06","modified_gmt":"2025-01-09T21:50:06","slug":"policia-civil-investiga-depredacao-de-igreja-historica-em-mariana","status":"publish","type":"post","link":"https:\/\/aconteceunovale.com.br\/portal\/?p=194926","title":{"rendered":"Pol\u00edcia Civil investiga depreda\u00e7\u00e3o de igreja hist\u00f3rica em Mariana"},"content":{"rendered":"\n<p class=\"wp-block-paragraph\">A Pol\u00edcia Civil de Minas Gerais (PCMG) est\u00e1 investigando um caso de depreda\u00e7\u00e3o ocorrido na Igreja de Santa Teresa D\u2019\u00c1vila, localizada no distrito de Bandeirantes, em Mariana, na regi\u00e3o Central do Estado. O crime foi registrado na \u00faltima segunda-feira (6\/1), e o suspeito, um homem de 33 anos, j\u00e1 foi identificado.<\/p>\n\n\n\n<figure class=\"wp-block-gallery has-nested-images columns-default is-cropped wp-block-gallery-1 is-layout-flex wp-block-gallery-is-layout-flex\">\n<figure class=\"wp-block-image size-large\"><img loading=\"lazy\" decoding=\"async\" width=\"618\" height=\"450\" data-id=\"194927\" src=\"https:\/\/aconteceunovale.com.br\/portal\/wp-content\/uploads\/2025\/01\/igreja_mariana.png\" alt=\"\" class=\"wp-image-194927\" srcset=\"https:\/\/aconteceunovale.com.br\/portal\/wp-content\/uploads\/2025\/01\/igreja_mariana.png 618w, https:\/\/aconteceunovale.com.br\/portal\/wp-content\/uploads\/2025\/01\/igreja_mariana-300x218.png 300w, https:\/\/aconteceunovale.com.br\/portal\/wp-content\/uploads\/2025\/01\/igreja_mariana-324x235.png 324w, https:\/\/aconteceunovale.com.br\/portal\/wp-content\/uploads\/2025\/01\/igreja_mariana-577x420.png 577w\" sizes=\"auto, (max-width: 618px) 100vw, 618px\" \/><figcaption class=\"wp-element-caption\"><em>Foto: Divulga\u00e7\u00e3o \/ PCMG<\/em><\/figcaption><\/figure>\n<\/figure>\n\n\n\n<p class=\"wp-block-paragraph\">Conforme informa\u00e7\u00f5es apuradas, o homem teria invadido a igreja em um aparente surto psic\u00f3tico, causando danos significativos ao interior do local.<\/p>\n\n\n\n<p class=\"wp-block-paragraph\">A PCMG instaurou um inqu\u00e9rito para apurar os fatos e requisitou uma per\u00edcia no local. Al\u00e9m disso, foram realizados contatos com a Arquidiocese de Mariana e com o Instituto do Patrim\u00f4nio Hist\u00f3rico e Art\u00edstico Nacional (IPHAN) para obter informa\u00e7\u00f5es t\u00e9cnicas que possam contribuir com as investiga\u00e7\u00f5es, que permanecem em andamento.<\/p>\n\n\n\n<p class=\"wp-block-paragraph\">O suspeito poder\u00e1 ser responsabilizado pelo crime de destruir, inutilizar ou deteriorar um bem, conforme previsto na legisla\u00e7\u00e3o brasileira.<\/p>\n\n\n\n<h3 class=\"wp-block-heading\"><strong>Patrim\u00f4nio hist\u00f3rico<\/strong><\/h3>\n\n\n\n<p class=\"wp-block-paragraph\">A Igreja de Santa Teresa D\u2019\u00c1vila, constru\u00edda no s\u00e9culo XVII, \u00e9 considerada a capela mais antiga de Mariana. O local possui grande valor hist\u00f3rico e cultural, tendo sido palco da primeira missa celebrada em Minas Gerais.<\/p>\n\n\n\n<p class=\"wp-block-paragraph\">As autoridades e institui\u00e7\u00f5es respons\u00e1veis pelo patrim\u00f4nio hist\u00f3rico acompanham o caso e avaliam os danos causados ao im\u00f3vel, que \u00e9 um s\u00edmbolo da hist\u00f3ria religiosa e arquitet\u00f4nica do estado.<\/p>\n","protected":false},"excerpt":{"rendered":"<p>A Pol\u00edcia Civil de Minas Gerais (PCMG) est\u00e1 investigando um caso de depreda\u00e7\u00e3o ocorrido na Igreja de Santa Teresa D\u2019\u00c1vila, localizada no distrito de Bandeirantes, em Mariana, na regi\u00e3o Central do Estado. O crime foi registrado na \u00faltima segunda-feira (6\/1), e o suspeito, um homem de 33 anos, j\u00e1 foi identificado. Conforme informa\u00e7\u00f5es apuradas, o [&hellip;]<\/p>\n","protected":false},"author":4,"featured_media":194927,"comment_status":"open","ping_status":"closed","sticky":false,"template":"","format":"standard","meta":{"amp_status":"","footnotes":""},"categories":[123],"tags":[269211,269212,69650,7363,604,269210],"class_list":["post-194926","post","type-post","status-publish","format-standard","has-post-thumbnail","hentry","category-gerais","tag-depredacao-em-mariana","tag-igreja-de-santa-teresa-davila","tag-iphan","tag-mariana","tag-pcmg","tag-policia-civil-investiga-depredacao-de-igreja-historica-em-mariana"],"yoast_head":"<!-- This site is optimized with the Yoast SEO plugin v28.3 - https:\/\/yoast.com\/product\/yoast-seo-wordpress\/ -->\n<title>Pol\u00edcia Civil investiga depreda\u00e7\u00e3o de igreja hist\u00f3rica em Mariana - Aconteceu no Vale<\/title>\n<meta name=\"robots\" content=\"index, follow, max-snippet:-1, max-image-preview:large, max-video-preview:-1\" \/>\n<link rel=\"canonical\" href=\"https:\/\/aconteceunovale.com.br\/portal\/?p=194926\" \/>\n<meta property=\"og:locale\" content=\"pt_BR\" \/>\n<meta property=\"og:type\" content=\"article\" \/>\n<meta property=\"og:title\" content=\"Pol\u00edcia Civil investiga depreda\u00e7\u00e3o de igreja hist\u00f3rica em Mariana - Aconteceu no Vale\" \/>\n<meta property=\"og:description\" content=\"A Pol\u00edcia Civil de Minas Gerais (PCMG) est\u00e1 investigando um caso de depreda\u00e7\u00e3o ocorrido na Igreja de Santa Teresa D\u2019\u00c1vila, localizada no distrito de Bandeirantes, em Mariana, na regi\u00e3o Central do Estado. O crime foi registrado na \u00faltima segunda-feira (6\/1), e o suspeito, um homem de 33 anos, j\u00e1 foi identificado. Conforme informa\u00e7\u00f5es apuradas, o [&hellip;]\" \/>\n<meta property=\"og:url\" content=\"https:\/\/aconteceunovale.com.br\/portal\/?p=194926\" \/>\n<meta property=\"og:site_name\" content=\"Aconteceu no Vale\" \/>\n<meta property=\"article:publisher\" content=\"https:\/\/www.facebook.com\/aconteceunovale\/\" \/>\n<meta property=\"article:published_time\" content=\"2025-01-09T21:49:33+00:00\" \/>\n<meta property=\"article:modified_time\" content=\"2025-01-09T21:50:06+00:00\" \/>\n<meta property=\"og:image\" content=\"https:\/\/aconteceunovale.com.br\/portal\/wp-content\/uploads\/2025\/01\/igreja_mariana.png\" \/>\n\t<meta property=\"og:image:width\" content=\"618\" \/>\n\t<meta property=\"og:image:height\" content=\"450\" \/>\n\t<meta property=\"og:image:type\" content=\"image\/png\" \/>\n<meta name=\"author\" content=\"Reda\u00e7\u00e3o Aconteceu no Vale\" \/>\n<meta name=\"twitter:card\" content=\"summary_large_image\" \/>\n<meta name=\"twitter:creator\" content=\"@noticiadosvales\" \/>\n<meta name=\"twitter:site\" content=\"@noticiadosvales\" \/>\n<meta name=\"twitter:label1\" content=\"Escrito por\" \/>\n\t<meta name=\"twitter:data1\" content=\"Reda\u00e7\u00e3o Aconteceu no Vale\" \/>\n\t<meta name=\"twitter:label2\" content=\"Est. tempo de leitura\" \/>\n\t<meta name=\"twitter:data2\" content=\"1 minuto\" \/>\n<script type=\"application\/ld+json\" class=\"yoast-schema-graph\">{\"@context\":\"https:\\\/\\\/schema.org\",\"@graph\":[{\"@type\":\"Article\",\"@id\":\"https:\\\/\\\/aconteceunovale.com.br\\\/portal\\\/?p=194926#article\",\"isPartOf\":{\"@id\":\"https:\\\/\\\/aconteceunovale.com.br\\\/portal\\\/?p=194926\"},\"author\":{\"name\":\"Reda\u00e7\u00e3o Aconteceu no Vale\",\"@id\":\"https:\\\/\\\/aconteceunovale.com.br\\\/portal\\\/#\\\/schema\\\/person\\\/7d2f26d1483f8a63de73da1ee0754d35\"},\"headline\":\"Pol\u00edcia Civil investiga depreda\u00e7\u00e3o de igreja hist\u00f3rica em Mariana\",\"datePublished\":\"2025-01-09T21:49:33+00:00\",\"dateModified\":\"2025-01-09T21:50:06+00:00\",\"mainEntityOfPage\":{\"@id\":\"https:\\\/\\\/aconteceunovale.com.br\\\/portal\\\/?p=194926\"},\"wordCount\":250,\"commentCount\":0,\"image\":{\"@id\":\"https:\\\/\\\/aconteceunovale.com.br\\\/portal\\\/?p=194926#primaryimage\"},\"thumbnailUrl\":\"https:\\\/\\\/aconteceunovale.com.br\\\/portal\\\/wp-content\\\/uploads\\\/2025\\\/01\\\/igreja_mariana.png\",\"keywords\":[\"Depreda\u00e7\u00e3o em Mariana\",\"Igreja de Santa Teresa D'\u00c1vila\",\"Iphan\",\"Mariana\",\"PCMG\",\"Pol\u00edcia Civil investiga depreda\u00e7\u00e3o de igreja hist\u00f3rica em Mariana\"],\"articleSection\":[\"Minas Gerais\"],\"inLanguage\":\"pt-BR\",\"potentialAction\":[{\"@type\":\"CommentAction\",\"name\":\"Comment\",\"target\":[\"https:\\\/\\\/aconteceunovale.com.br\\\/portal\\\/?p=194926#respond\"]}]},{\"@type\":\"WebPage\",\"@id\":\"https:\\\/\\\/aconteceunovale.com.br\\\/portal\\\/?p=194926\",\"url\":\"https:\\\/\\\/aconteceunovale.com.br\\\/portal\\\/?p=194926\",\"name\":\"Pol\u00edcia Civil investiga depreda\u00e7\u00e3o de igreja hist\u00f3rica em Mariana - Aconteceu no Vale\",\"isPartOf\":{\"@id\":\"https:\\\/\\\/aconteceunovale.com.br\\\/portal\\\/#website\"},\"primaryImageOfPage\":{\"@id\":\"https:\\\/\\\/aconteceunovale.com.br\\\/portal\\\/?p=194926#primaryimage\"},\"image\":{\"@id\":\"https:\\\/\\\/aconteceunovale.com.br\\\/portal\\\/?p=194926#primaryimage\"},\"thumbnailUrl\":\"https:\\\/\\\/aconteceunovale.com.br\\\/portal\\\/wp-content\\\/uploads\\\/2025\\\/01\\\/igreja_mariana.png\",\"datePublished\":\"2025-01-09T21:49:33+00:00\",\"dateModified\":\"2025-01-09T21:50:06+00:00\",\"author\":{\"@id\":\"https:\\\/\\\/aconteceunovale.com.br\\\/portal\\\/#\\\/schema\\\/person\\\/7d2f26d1483f8a63de73da1ee0754d35\"},\"breadcrumb\":{\"@id\":\"https:\\\/\\\/aconteceunovale.com.br\\\/portal\\\/?p=194926#breadcrumb\"},\"inLanguage\":\"pt-BR\",\"potentialAction\":[{\"@type\":\"ReadAction\",\"target\":[\"https:\\\/\\\/aconteceunovale.com.br\\\/portal\\\/?p=194926\"]}]},{\"@type\":\"ImageObject\",\"inLanguage\":\"pt-BR\",\"@id\":\"https:\\\/\\\/aconteceunovale.com.br\\\/portal\\\/?p=194926#primaryimage\",\"url\":\"https:\\\/\\\/aconteceunovale.com.br\\\/portal\\\/wp-content\\\/uploads\\\/2025\\\/01\\\/igreja_mariana.png\",\"contentUrl\":\"https:\\\/\\\/aconteceunovale.com.br\\\/portal\\\/wp-content\\\/uploads\\\/2025\\\/01\\\/igreja_mariana.png\",\"width\":618,\"height\":450,\"caption\":\"Foto: Divulga\u00e7\u00e3o \\\/ PCMG\"},{\"@type\":\"BreadcrumbList\",\"@id\":\"https:\\\/\\\/aconteceunovale.com.br\\\/portal\\\/?p=194926#breadcrumb\",\"itemListElement\":[{\"@type\":\"ListItem\",\"position\":1,\"name\":\"In\u00edcio\",\"item\":\"https:\\\/\\\/aconteceunovale.com.br\\\/portal\\\/\"},{\"@type\":\"ListItem\",\"position\":2,\"name\":\"Pol\u00edcia Civil investiga depreda\u00e7\u00e3o de igreja hist\u00f3rica em Mariana\"}]},{\"@type\":\"WebSite\",\"@id\":\"https:\\\/\\\/aconteceunovale.com.br\\\/portal\\\/#website\",\"url\":\"https:\\\/\\\/aconteceunovale.com.br\\\/portal\\\/\",\"name\":\"Aconteceu no Vale\",\"description\":\"Portal de Not\u00edcias\",\"potentialAction\":[{\"@type\":\"SearchAction\",\"target\":{\"@type\":\"EntryPoint\",\"urlTemplate\":\"https:\\\/\\\/aconteceunovale.com.br\\\/portal\\\/?s={search_term_string}\"},\"query-input\":{\"@type\":\"PropertyValueSpecification\",\"valueRequired\":true,\"valueName\":\"search_term_string\"}}],\"inLanguage\":\"pt-BR\"},{\"@type\":\"Person\",\"@id\":\"https:\\\/\\\/aconteceunovale.com.br\\\/portal\\\/#\\\/schema\\\/person\\\/7d2f26d1483f8a63de73da1ee0754d35\",\"name\":\"Reda\u00e7\u00e3o Aconteceu no Vale\",\"description\":\"Equipe de reportagem do Aconteceu no Vale, portal de not\u00edcias do Vale do Jequitinhonha, em Minas Gerais. Cobrimos as 51 cidades do Vale desde 2013. Sugest\u00f5es de pauta e pedidos de corre\u00e7\u00e3o: contato@aconteceunovale.com.br\",\"url\":\"https:\\\/\\\/aconteceunovale.com.br\\\/portal\\\/?author=4\"}]}<\/script>\n<!-- \/ Yoast SEO plugin. -->","yoast_head_json":{"title":"Pol\u00edcia Civil investiga depreda\u00e7\u00e3o de igreja hist\u00f3rica em Mariana - Aconteceu no Vale","robots":{"index":"index","follow":"follow","max-snippet":"max-snippet:-1","max-image-preview":"max-image-preview:large","max-video-preview":"max-video-preview:-1"},"canonical":"https:\/\/aconteceunovale.com.br\/portal\/?p=194926","og_locale":"pt_BR","og_type":"article","og_title":"Pol\u00edcia Civil investiga depreda\u00e7\u00e3o de igreja hist\u00f3rica em Mariana - Aconteceu no Vale","og_description":"A Pol\u00edcia Civil de Minas Gerais (PCMG) est\u00e1 investigando um caso de depreda\u00e7\u00e3o ocorrido na Igreja de Santa Teresa D\u2019\u00c1vila, localizada no distrito de Bandeirantes, em Mariana, na regi\u00e3o Central do Estado. O crime foi registrado na \u00faltima segunda-feira (6\/1), e o suspeito, um homem de 33 anos, j\u00e1 foi identificado. Conforme informa\u00e7\u00f5es apuradas, o [&hellip;]","og_url":"https:\/\/aconteceunovale.com.br\/portal\/?p=194926","og_site_name":"Aconteceu no Vale","article_publisher":"https:\/\/www.facebook.com\/aconteceunovale\/","article_published_time":"2025-01-09T21:49:33+00:00","article_modified_time":"2025-01-09T21:50:06+00:00","og_image":[{"width":618,"height":450,"url":"https:\/\/aconteceunovale.com.br\/portal\/wp-content\/uploads\/2025\/01\/igreja_mariana.png","type":"image\/png"}],"author":"Reda\u00e7\u00e3o Aconteceu no Vale","twitter_card":"summary_large_image","twitter_creator":"@noticiadosvales","twitter_site":"@noticiadosvales","twitter_misc":{"Escrito por":"Reda\u00e7\u00e3o Aconteceu no Vale","Est. tempo de leitura":"1 minuto"},"schema":{"@context":"https:\/\/schema.org","@graph":[{"@type":"Article","@id":"https:\/\/aconteceunovale.com.br\/portal\/?p=194926#article","isPartOf":{"@id":"https:\/\/aconteceunovale.com.br\/portal\/?p=194926"},"author":{"name":"Reda\u00e7\u00e3o Aconteceu no Vale","@id":"https:\/\/aconteceunovale.com.br\/portal\/#\/schema\/person\/7d2f26d1483f8a63de73da1ee0754d35"},"headline":"Pol\u00edcia Civil investiga depreda\u00e7\u00e3o de igreja hist\u00f3rica em Mariana","datePublished":"2025-01-09T21:49:33+00:00","dateModified":"2025-01-09T21:50:06+00:00","mainEntityOfPage":{"@id":"https:\/\/aconteceunovale.com.br\/portal\/?p=194926"},"wordCount":250,"commentCount":0,"image":{"@id":"https:\/\/aconteceunovale.com.br\/portal\/?p=194926#primaryimage"},"thumbnailUrl":"https:\/\/aconteceunovale.com.br\/portal\/wp-content\/uploads\/2025\/01\/igreja_mariana.png","keywords":["Depreda\u00e7\u00e3o em Mariana","Igreja de Santa Teresa D'\u00c1vila","Iphan","Mariana","PCMG","Pol\u00edcia Civil investiga depreda\u00e7\u00e3o de igreja hist\u00f3rica em Mariana"],"articleSection":["Minas Gerais"],"inLanguage":"pt-BR","potentialAction":[{"@type":"CommentAction","name":"Comment","target":["https:\/\/aconteceunovale.com.br\/portal\/?p=194926#respond"]}]},{"@type":"WebPage","@id":"https:\/\/aconteceunovale.com.br\/portal\/?p=194926","url":"https:\/\/aconteceunovale.com.br\/portal\/?p=194926","name":"Pol\u00edcia Civil investiga depreda\u00e7\u00e3o de igreja hist\u00f3rica em Mariana - Aconteceu no Vale","isPartOf":{"@id":"https:\/\/aconteceunovale.com.br\/portal\/#website"},"primaryImageOfPage":{"@id":"https:\/\/aconteceunovale.com.br\/portal\/?p=194926#primaryimage"},"image":{"@id":"https:\/\/aconteceunovale.com.br\/portal\/?p=194926#primaryimage"},"thumbnailUrl":"https:\/\/aconteceunovale.com.br\/portal\/wp-content\/uploads\/2025\/01\/igreja_mariana.png","datePublished":"2025-01-09T21:49:33+00:00","dateModified":"2025-01-09T21:50:06+00:00","author":{"@id":"https:\/\/aconteceunovale.com.br\/portal\/#\/schema\/person\/7d2f26d1483f8a63de73da1ee0754d35"},"breadcrumb":{"@id":"https:\/\/aconteceunovale.com.br\/portal\/?p=194926#breadcrumb"},"inLanguage":"pt-BR","potentialAction":[{"@type":"ReadAction","target":["https:\/\/aconteceunovale.com.br\/portal\/?p=194926"]}]},{"@type":"ImageObject","inLanguage":"pt-BR","@id":"https:\/\/aconteceunovale.com.br\/portal\/?p=194926#primaryimage","url":"https:\/\/aconteceunovale.com.br\/portal\/wp-content\/uploads\/2025\/01\/igreja_mariana.png","contentUrl":"https:\/\/aconteceunovale.com.br\/portal\/wp-content\/uploads\/2025\/01\/igreja_mariana.png","width":618,"height":450,"caption":"Foto: Divulga\u00e7\u00e3o \/ PCMG"},{"@type":"BreadcrumbList","@id":"https:\/\/aconteceunovale.com.br\/portal\/?p=194926#breadcrumb","itemListElement":[{"@type":"ListItem","position":1,"name":"In\u00edcio","item":"https:\/\/aconteceunovale.com.br\/portal\/"},{"@type":"ListItem","position":2,"name":"Pol\u00edcia Civil investiga depreda\u00e7\u00e3o de igreja hist\u00f3rica em Mariana"}]},{"@type":"WebSite","@id":"https:\/\/aconteceunovale.com.br\/portal\/#website","url":"https:\/\/aconteceunovale.com.br\/portal\/","name":"Aconteceu no Vale","description":"Portal de Not\u00edcias","potentialAction":[{"@type":"SearchAction","target":{"@type":"EntryPoint","urlTemplate":"https:\/\/aconteceunovale.com.br\/portal\/?s={search_term_string}"},"query-input":{"@type":"PropertyValueSpecification","valueRequired":true,"valueName":"search_term_string"}}],"inLanguage":"pt-BR"},{"@type":"Person","@id":"https:\/\/aconteceunovale.com.br\/portal\/#\/schema\/person\/7d2f26d1483f8a63de73da1ee0754d35","name":"Reda\u00e7\u00e3o Aconteceu no Vale","description":"Equipe de reportagem do Aconteceu no Vale, portal de not\u00edcias do Vale do Jequitinhonha, em Minas Gerais. Cobrimos as 51 cidades do Vale desde 2013. Sugest\u00f5es de pauta e pedidos de corre\u00e7\u00e3o: contato@aconteceunovale.com.br","url":"https:\/\/aconteceunovale.com.br\/portal\/?author=4"}]}},"_links":{"self":[{"href":"https:\/\/aconteceunovale.com.br\/portal\/index.php?rest_route=\/wp\/v2\/posts\/194926","targetHints":{"allow":["GET"]}}],"collection":[{"href":"https:\/\/aconteceunovale.com.br\/portal\/index.php?rest_route=\/wp\/v2\/posts"}],"about":[{"href":"https:\/\/aconteceunovale.com.br\/portal\/index.php?rest_route=\/wp\/v2\/types\/post"}],"author":[{"embeddable":true,"href":"https:\/\/aconteceunovale.com.br\/portal\/index.php?rest_route=\/wp\/v2\/users\/4"}],"replies":[{"embeddable":true,"href":"https:\/\/aconteceunovale.com.br\/portal\/index.php?rest_route=%2Fwp%2Fv2%2Fcomments&post=194926"}],"version-history":[{"count":1,"href":"https:\/\/aconteceunovale.com.br\/portal\/index.php?rest_route=\/wp\/v2\/posts\/194926\/revisions"}],"predecessor-version":[{"id":194928,"href":"https:\/\/aconteceunovale.com.br\/portal\/index.php?rest_route=\/wp\/v2\/posts\/194926\/revisions\/194928"}],"wp:featuredmedia":[{"embeddable":true,"href":"https:\/\/aconteceunovale.com.br\/portal\/index.php?rest_route=\/wp\/v2\/media\/194927"}],"wp:attachment":[{"href":"https:\/\/aconteceunovale.com.br\/portal\/index.php?rest_route=%2Fwp%2Fv2%2Fmedia&parent=194926"}],"wp:term":[{"taxonomy":"category","embeddable":true,"href":"https:\/\/aconteceunovale.com.br\/portal\/index.php?rest_route=%2Fwp%2Fv2%2Fcategories&post=194926"},{"taxonomy":"post_tag","embeddable":true,"href":"https:\/\/aconteceunovale.com.br\/portal\/index.php?rest_route=%2Fwp%2Fv2%2Ftags&post=194926"}],"curies":[{"name":"wp","href":"https:\/\/api.w.org\/{rel}","templated":true}]}}