{"id":194922,"date":"2025-01-09T18:39:53","date_gmt":"2025-01-09T21:39:53","guid":{"rendered":"https:\/\/aconteceunovale.com.br\/portal\/?p=194922"},"modified":"2025-01-09T18:42:54","modified_gmt":"2025-01-09T21:42:54","slug":"caminhoneiro-que-ameacou-motorista-com-arma-de-fogo-e-preso-na-br-381","status":"publish","type":"post","link":"https:\/\/aconteceunovale.com.br\/portal\/?p=194922","title":{"rendered":"Caminhoneiro que sacou arma de fogo para outro motorista \u00e9 preso na BR-381"},"content":{"rendered":"\n<p class=\"wp-block-paragraph\">A Pol\u00edcia Rodovi\u00e1ria Federal (PRF) prendeu um caminhoneiro por porte ilegal de arma de fogo no km 499 da BR-381, em Betim (MG), na manh\u00e3 desta quinta-feira (9\/1\/2025). A a\u00e7\u00e3o foi motivada por uma den\u00fancia recebida no dia anterior, relacionada a uma discuss\u00e3o no tr\u00e2nsito no estado de S\u00e3o Paulo.<\/p>\n\n\n\n<figure class=\"wp-block-gallery has-nested-images columns-default is-cropped wp-block-gallery-1 is-layout-flex wp-block-gallery-is-layout-flex\">\n<figure class=\"wp-block-image size-large\"><img loading=\"lazy\" decoding=\"async\" width=\"646\" height=\"450\" data-id=\"194923\" src=\"https:\/\/aconteceunovale.com.br\/portal\/wp-content\/uploads\/2025\/01\/caminhoneiro_381.png\" alt=\"\" class=\"wp-image-194923\" srcset=\"https:\/\/aconteceunovale.com.br\/portal\/wp-content\/uploads\/2025\/01\/caminhoneiro_381.png 646w, https:\/\/aconteceunovale.com.br\/portal\/wp-content\/uploads\/2025\/01\/caminhoneiro_381-300x209.png 300w, https:\/\/aconteceunovale.com.br\/portal\/wp-content\/uploads\/2025\/01\/caminhoneiro_381-100x70.png 100w, https:\/\/aconteceunovale.com.br\/portal\/wp-content\/uploads\/2025\/01\/caminhoneiro_381-603x420.png 603w\" sizes=\"auto, (max-width: 646px) 100vw, 646px\" \/><figcaption class=\"wp-element-caption\"><em>Foto: Divulga\u00e7\u00e3o \/ PRF<\/em><\/figcaption><\/figure>\n<\/figure>\n\n\n\n<p class=\"wp-block-paragraph\">Segundo a PRF, o caminhoneiro teria amea\u00e7ado outro condutor com uma arma de fogo durante a discuss\u00e3o. A v\u00edtima registrou o momento em v\u00eddeo, onde \u00e9 poss\u00edvel observar o ato de amea\u00e7a, e informou \u00e0s autoridades o poss\u00edvel trajeto do suspeito.<\/p>\n\n\n\n<h3 class=\"wp-block-heading\">Abordagem e apreens\u00f5es<\/h3>\n\n\n\n<p class=\"wp-block-paragraph\">Com base nas informa\u00e7\u00f5es e no v\u00eddeo enviado pela v\u00edtima, os agentes localizaram e abordaram o caminhoneiro na rodovia Fern\u00e3o Dias. Durante a fiscaliza\u00e7\u00e3o, foi encontrada uma pistola semi-autom\u00e1tica calibre .380, juntamente com 54 muni\u00e7\u00f5es intactas, escondidas em um compartimento disfar\u00e7ado como almofada.<\/p>\n\n\n\n<p class=\"wp-block-paragraph\">Al\u00e9m disso, os policiais localizaram um comprimido de anfetamina, conhecido como &#8220;rebite&#8221;, geralmente utilizado por motoristas para prolongar o tempo ao volante.<\/p>\n\n\n\n<h3 class=\"wp-block-heading\">Crimes identificados<\/h3>\n\n\n\n<p class=\"wp-block-paragraph\">O caminhoneiro foi encaminhado, juntamente com a arma, muni\u00e7\u00f5es e o entorpecente, \u00e0 Delegacia de Pol\u00edcia Civil de Betim. Ele responder\u00e1, a princ\u00edpio, pelos seguintes delitos: porte ilegal de arma de fogo de uso permitido, porte de droga para consumo, amea\u00e7a e dano simples.<\/p>\n","protected":false},"excerpt":{"rendered":"<p>A Pol\u00edcia Rodovi\u00e1ria Federal (PRF) prendeu um caminhoneiro por porte ilegal de arma de fogo no km 499 da BR-381, em Betim (MG), na manh\u00e3 desta quinta-feira (9\/1\/2025). A a\u00e7\u00e3o foi motivada por uma den\u00fancia recebida no dia anterior, relacionada a uma discuss\u00e3o no tr\u00e2nsito no estado de S\u00e3o Paulo. Segundo a PRF, o caminhoneiro [&hellip;]<\/p>\n","protected":false},"author":4,"featured_media":194923,"comment_status":"open","ping_status":"closed","sticky":false,"template":"","format":"standard","meta":{"amp_status":"","footnotes":""},"categories":[6,123],"tags":[1495,209677,269209,269208,131177,2382],"class_list":["post-194922","post","type-post","status-publish","format-standard","has-post-thumbnail","hentry","category-br","category-gerais","tag-betim","tag-br-381-2","tag-caminhoneiro-preso-na-br-381","tag-caminhoneiro-que-ameacou-motorista-com-arma-de-fogo-e-preso-na-br-381","tag-fernao-dias","tag-sao-paulo"],"yoast_head":"<!-- This site is optimized with the Yoast SEO plugin v28.3 - https:\/\/yoast.com\/product\/yoast-seo-wordpress\/ -->\n<title>Caminhoneiro que sacou arma de fogo para outro motorista \u00e9 preso na BR-381 - Aconteceu no Vale<\/title>\n<meta name=\"robots\" content=\"index, follow, max-snippet:-1, max-image-preview:large, max-video-preview:-1\" \/>\n<link rel=\"canonical\" href=\"https:\/\/aconteceunovale.com.br\/portal\/?p=194922\" \/>\n<meta property=\"og:locale\" content=\"pt_BR\" \/>\n<meta property=\"og:type\" content=\"article\" \/>\n<meta property=\"og:title\" content=\"Caminhoneiro que sacou arma de fogo para outro motorista \u00e9 preso na BR-381 - Aconteceu no Vale\" \/>\n<meta property=\"og:description\" content=\"A Pol\u00edcia Rodovi\u00e1ria Federal (PRF) prendeu um caminhoneiro por porte ilegal de arma de fogo no km 499 da BR-381, em Betim (MG), na manh\u00e3 desta quinta-feira (9\/1\/2025). A a\u00e7\u00e3o foi motivada por uma den\u00fancia recebida no dia anterior, relacionada a uma discuss\u00e3o no tr\u00e2nsito no estado de S\u00e3o Paulo. Segundo a PRF, o caminhoneiro [&hellip;]\" \/>\n<meta property=\"og:url\" content=\"https:\/\/aconteceunovale.com.br\/portal\/?p=194922\" \/>\n<meta property=\"og:site_name\" content=\"Aconteceu no Vale\" \/>\n<meta property=\"article:publisher\" content=\"https:\/\/www.facebook.com\/aconteceunovale\/\" \/>\n<meta property=\"article:published_time\" content=\"2025-01-09T21:39:53+00:00\" \/>\n<meta property=\"article:modified_time\" content=\"2025-01-09T21:42:54+00:00\" \/>\n<meta property=\"og:image\" content=\"https:\/\/aconteceunovale.com.br\/portal\/wp-content\/uploads\/2025\/01\/caminhoneiro_381.png\" \/>\n\t<meta property=\"og:image:width\" content=\"646\" \/>\n\t<meta property=\"og:image:height\" content=\"450\" \/>\n\t<meta property=\"og:image:type\" content=\"image\/png\" \/>\n<meta name=\"author\" content=\"Reda\u00e7\u00e3o Aconteceu no Vale\" \/>\n<meta name=\"twitter:card\" content=\"summary_large_image\" \/>\n<meta name=\"twitter:creator\" content=\"@noticiadosvales\" \/>\n<meta name=\"twitter:site\" content=\"@noticiadosvales\" \/>\n<meta name=\"twitter:label1\" content=\"Escrito por\" \/>\n\t<meta name=\"twitter:data1\" content=\"Reda\u00e7\u00e3o Aconteceu no Vale\" \/>\n\t<meta name=\"twitter:label2\" content=\"Est. tempo de leitura\" \/>\n\t<meta name=\"twitter:data2\" content=\"1 minuto\" \/>\n<script type=\"application\/ld+json\" class=\"yoast-schema-graph\">{\"@context\":\"https:\\\/\\\/schema.org\",\"@graph\":[{\"@type\":\"Article\",\"@id\":\"https:\\\/\\\/aconteceunovale.com.br\\\/portal\\\/?p=194922#article\",\"isPartOf\":{\"@id\":\"https:\\\/\\\/aconteceunovale.com.br\\\/portal\\\/?p=194922\"},\"author\":{\"name\":\"Reda\u00e7\u00e3o Aconteceu no Vale\",\"@id\":\"https:\\\/\\\/aconteceunovale.com.br\\\/portal\\\/#\\\/schema\\\/person\\\/7d2f26d1483f8a63de73da1ee0754d35\"},\"headline\":\"Caminhoneiro que sacou arma de fogo para outro motorista \u00e9 preso na BR-381\",\"datePublished\":\"2025-01-09T21:39:53+00:00\",\"dateModified\":\"2025-01-09T21:42:54+00:00\",\"mainEntityOfPage\":{\"@id\":\"https:\\\/\\\/aconteceunovale.com.br\\\/portal\\\/?p=194922\"},\"wordCount\":243,\"commentCount\":0,\"image\":{\"@id\":\"https:\\\/\\\/aconteceunovale.com.br\\\/portal\\\/?p=194922#primaryimage\"},\"thumbnailUrl\":\"https:\\\/\\\/aconteceunovale.com.br\\\/portal\\\/wp-content\\\/uploads\\\/2025\\\/01\\\/caminhoneiro_381.png\",\"keywords\":[\"Betim\",\"BR-381\",\"Caminhoneiro preso na BR-381\",\"Caminhoneiro que amea\u00e7ou motorista com arma de fogo \u00e9 preso na BR-381\",\"Fern\u00e3o Dias\",\"S\u00e3o Paulo\"],\"articleSection\":[\"Brasil\",\"Minas Gerais\"],\"inLanguage\":\"pt-BR\",\"potentialAction\":[{\"@type\":\"CommentAction\",\"name\":\"Comment\",\"target\":[\"https:\\\/\\\/aconteceunovale.com.br\\\/portal\\\/?p=194922#respond\"]}]},{\"@type\":\"WebPage\",\"@id\":\"https:\\\/\\\/aconteceunovale.com.br\\\/portal\\\/?p=194922\",\"url\":\"https:\\\/\\\/aconteceunovale.com.br\\\/portal\\\/?p=194922\",\"name\":\"Caminhoneiro que sacou arma de fogo para outro motorista \u00e9 preso na BR-381 - Aconteceu no Vale\",\"isPartOf\":{\"@id\":\"https:\\\/\\\/aconteceunovale.com.br\\\/portal\\\/#website\"},\"primaryImageOfPage\":{\"@id\":\"https:\\\/\\\/aconteceunovale.com.br\\\/portal\\\/?p=194922#primaryimage\"},\"image\":{\"@id\":\"https:\\\/\\\/aconteceunovale.com.br\\\/portal\\\/?p=194922#primaryimage\"},\"thumbnailUrl\":\"https:\\\/\\\/aconteceunovale.com.br\\\/portal\\\/wp-content\\\/uploads\\\/2025\\\/01\\\/caminhoneiro_381.png\",\"datePublished\":\"2025-01-09T21:39:53+00:00\",\"dateModified\":\"2025-01-09T21:42:54+00:00\",\"author\":{\"@id\":\"https:\\\/\\\/aconteceunovale.com.br\\\/portal\\\/#\\\/schema\\\/person\\\/7d2f26d1483f8a63de73da1ee0754d35\"},\"breadcrumb\":{\"@id\":\"https:\\\/\\\/aconteceunovale.com.br\\\/portal\\\/?p=194922#breadcrumb\"},\"inLanguage\":\"pt-BR\",\"potentialAction\":[{\"@type\":\"ReadAction\",\"target\":[\"https:\\\/\\\/aconteceunovale.com.br\\\/portal\\\/?p=194922\"]}]},{\"@type\":\"ImageObject\",\"inLanguage\":\"pt-BR\",\"@id\":\"https:\\\/\\\/aconteceunovale.com.br\\\/portal\\\/?p=194922#primaryimage\",\"url\":\"https:\\\/\\\/aconteceunovale.com.br\\\/portal\\\/wp-content\\\/uploads\\\/2025\\\/01\\\/caminhoneiro_381.png\",\"contentUrl\":\"https:\\\/\\\/aconteceunovale.com.br\\\/portal\\\/wp-content\\\/uploads\\\/2025\\\/01\\\/caminhoneiro_381.png\",\"width\":646,\"height\":450,\"caption\":\"Foto: Divulga\u00e7\u00e3o \\\/ PRF\"},{\"@type\":\"BreadcrumbList\",\"@id\":\"https:\\\/\\\/aconteceunovale.com.br\\\/portal\\\/?p=194922#breadcrumb\",\"itemListElement\":[{\"@type\":\"ListItem\",\"position\":1,\"name\":\"In\u00edcio\",\"item\":\"https:\\\/\\\/aconteceunovale.com.br\\\/portal\\\/\"},{\"@type\":\"ListItem\",\"position\":2,\"name\":\"Caminhoneiro que sacou arma de fogo para outro motorista \u00e9 preso na BR-381\"}]},{\"@type\":\"WebSite\",\"@id\":\"https:\\\/\\\/aconteceunovale.com.br\\\/portal\\\/#website\",\"url\":\"https:\\\/\\\/aconteceunovale.com.br\\\/portal\\\/\",\"name\":\"Aconteceu no Vale\",\"description\":\"Portal de Not\u00edcias\",\"potentialAction\":[{\"@type\":\"SearchAction\",\"target\":{\"@type\":\"EntryPoint\",\"urlTemplate\":\"https:\\\/\\\/aconteceunovale.com.br\\\/portal\\\/?s={search_term_string}\"},\"query-input\":{\"@type\":\"PropertyValueSpecification\",\"valueRequired\":true,\"valueName\":\"search_term_string\"}}],\"inLanguage\":\"pt-BR\"},{\"@type\":\"Person\",\"@id\":\"https:\\\/\\\/aconteceunovale.com.br\\\/portal\\\/#\\\/schema\\\/person\\\/7d2f26d1483f8a63de73da1ee0754d35\",\"name\":\"Reda\u00e7\u00e3o Aconteceu no Vale\",\"description\":\"Equipe de reportagem do Aconteceu no Vale, portal de not\u00edcias do Vale do Jequitinhonha, em Minas Gerais. Cobrimos as 51 cidades do Vale desde 2013. Sugest\u00f5es de pauta e pedidos de corre\u00e7\u00e3o: contato@aconteceunovale.com.br\",\"url\":\"https:\\\/\\\/aconteceunovale.com.br\\\/portal\\\/?author=4\"}]}<\/script>\n<!-- \/ Yoast SEO plugin. -->","yoast_head_json":{"title":"Caminhoneiro que sacou arma de fogo para outro motorista \u00e9 preso na BR-381 - Aconteceu no Vale","robots":{"index":"index","follow":"follow","max-snippet":"max-snippet:-1","max-image-preview":"max-image-preview:large","max-video-preview":"max-video-preview:-1"},"canonical":"https:\/\/aconteceunovale.com.br\/portal\/?p=194922","og_locale":"pt_BR","og_type":"article","og_title":"Caminhoneiro que sacou arma de fogo para outro motorista \u00e9 preso na BR-381 - Aconteceu no Vale","og_description":"A Pol\u00edcia Rodovi\u00e1ria Federal (PRF) prendeu um caminhoneiro por porte ilegal de arma de fogo no km 499 da BR-381, em Betim (MG), na manh\u00e3 desta quinta-feira (9\/1\/2025). A a\u00e7\u00e3o foi motivada por uma den\u00fancia recebida no dia anterior, relacionada a uma discuss\u00e3o no tr\u00e2nsito no estado de S\u00e3o Paulo. Segundo a PRF, o caminhoneiro [&hellip;]","og_url":"https:\/\/aconteceunovale.com.br\/portal\/?p=194922","og_site_name":"Aconteceu no Vale","article_publisher":"https:\/\/www.facebook.com\/aconteceunovale\/","article_published_time":"2025-01-09T21:39:53+00:00","article_modified_time":"2025-01-09T21:42:54+00:00","og_image":[{"width":646,"height":450,"url":"https:\/\/aconteceunovale.com.br\/portal\/wp-content\/uploads\/2025\/01\/caminhoneiro_381.png","type":"image\/png"}],"author":"Reda\u00e7\u00e3o Aconteceu no Vale","twitter_card":"summary_large_image","twitter_creator":"@noticiadosvales","twitter_site":"@noticiadosvales","twitter_misc":{"Escrito por":"Reda\u00e7\u00e3o Aconteceu no Vale","Est. tempo de leitura":"1 minuto"},"schema":{"@context":"https:\/\/schema.org","@graph":[{"@type":"Article","@id":"https:\/\/aconteceunovale.com.br\/portal\/?p=194922#article","isPartOf":{"@id":"https:\/\/aconteceunovale.com.br\/portal\/?p=194922"},"author":{"name":"Reda\u00e7\u00e3o Aconteceu no Vale","@id":"https:\/\/aconteceunovale.com.br\/portal\/#\/schema\/person\/7d2f26d1483f8a63de73da1ee0754d35"},"headline":"Caminhoneiro que sacou arma de fogo para outro motorista \u00e9 preso na BR-381","datePublished":"2025-01-09T21:39:53+00:00","dateModified":"2025-01-09T21:42:54+00:00","mainEntityOfPage":{"@id":"https:\/\/aconteceunovale.com.br\/portal\/?p=194922"},"wordCount":243,"commentCount":0,"image":{"@id":"https:\/\/aconteceunovale.com.br\/portal\/?p=194922#primaryimage"},"thumbnailUrl":"https:\/\/aconteceunovale.com.br\/portal\/wp-content\/uploads\/2025\/01\/caminhoneiro_381.png","keywords":["Betim","BR-381","Caminhoneiro preso na BR-381","Caminhoneiro que amea\u00e7ou motorista com arma de fogo \u00e9 preso na BR-381","Fern\u00e3o Dias","S\u00e3o Paulo"],"articleSection":["Brasil","Minas Gerais"],"inLanguage":"pt-BR","potentialAction":[{"@type":"CommentAction","name":"Comment","target":["https:\/\/aconteceunovale.com.br\/portal\/?p=194922#respond"]}]},{"@type":"WebPage","@id":"https:\/\/aconteceunovale.com.br\/portal\/?p=194922","url":"https:\/\/aconteceunovale.com.br\/portal\/?p=194922","name":"Caminhoneiro que sacou arma de fogo para outro motorista \u00e9 preso na BR-381 - Aconteceu no Vale","isPartOf":{"@id":"https:\/\/aconteceunovale.com.br\/portal\/#website"},"primaryImageOfPage":{"@id":"https:\/\/aconteceunovale.com.br\/portal\/?p=194922#primaryimage"},"image":{"@id":"https:\/\/aconteceunovale.com.br\/portal\/?p=194922#primaryimage"},"thumbnailUrl":"https:\/\/aconteceunovale.com.br\/portal\/wp-content\/uploads\/2025\/01\/caminhoneiro_381.png","datePublished":"2025-01-09T21:39:53+00:00","dateModified":"2025-01-09T21:42:54+00:00","author":{"@id":"https:\/\/aconteceunovale.com.br\/portal\/#\/schema\/person\/7d2f26d1483f8a63de73da1ee0754d35"},"breadcrumb":{"@id":"https:\/\/aconteceunovale.com.br\/portal\/?p=194922#breadcrumb"},"inLanguage":"pt-BR","potentialAction":[{"@type":"ReadAction","target":["https:\/\/aconteceunovale.com.br\/portal\/?p=194922"]}]},{"@type":"ImageObject","inLanguage":"pt-BR","@id":"https:\/\/aconteceunovale.com.br\/portal\/?p=194922#primaryimage","url":"https:\/\/aconteceunovale.com.br\/portal\/wp-content\/uploads\/2025\/01\/caminhoneiro_381.png","contentUrl":"https:\/\/aconteceunovale.com.br\/portal\/wp-content\/uploads\/2025\/01\/caminhoneiro_381.png","width":646,"height":450,"caption":"Foto: Divulga\u00e7\u00e3o \/ PRF"},{"@type":"BreadcrumbList","@id":"https:\/\/aconteceunovale.com.br\/portal\/?p=194922#breadcrumb","itemListElement":[{"@type":"ListItem","position":1,"name":"In\u00edcio","item":"https:\/\/aconteceunovale.com.br\/portal\/"},{"@type":"ListItem","position":2,"name":"Caminhoneiro que sacou arma de fogo para outro motorista \u00e9 preso na BR-381"}]},{"@type":"WebSite","@id":"https:\/\/aconteceunovale.com.br\/portal\/#website","url":"https:\/\/aconteceunovale.com.br\/portal\/","name":"Aconteceu no Vale","description":"Portal de Not\u00edcias","potentialAction":[{"@type":"SearchAction","target":{"@type":"EntryPoint","urlTemplate":"https:\/\/aconteceunovale.com.br\/portal\/?s={search_term_string}"},"query-input":{"@type":"PropertyValueSpecification","valueRequired":true,"valueName":"search_term_string"}}],"inLanguage":"pt-BR"},{"@type":"Person","@id":"https:\/\/aconteceunovale.com.br\/portal\/#\/schema\/person\/7d2f26d1483f8a63de73da1ee0754d35","name":"Reda\u00e7\u00e3o Aconteceu no Vale","description":"Equipe de reportagem do Aconteceu no Vale, portal de not\u00edcias do Vale do Jequitinhonha, em Minas Gerais. Cobrimos as 51 cidades do Vale desde 2013. Sugest\u00f5es de pauta e pedidos de corre\u00e7\u00e3o: contato@aconteceunovale.com.br","url":"https:\/\/aconteceunovale.com.br\/portal\/?author=4"}]}},"_links":{"self":[{"href":"https:\/\/aconteceunovale.com.br\/portal\/index.php?rest_route=\/wp\/v2\/posts\/194922","targetHints":{"allow":["GET"]}}],"collection":[{"href":"https:\/\/aconteceunovale.com.br\/portal\/index.php?rest_route=\/wp\/v2\/posts"}],"about":[{"href":"https:\/\/aconteceunovale.com.br\/portal\/index.php?rest_route=\/wp\/v2\/types\/post"}],"author":[{"embeddable":true,"href":"https:\/\/aconteceunovale.com.br\/portal\/index.php?rest_route=\/wp\/v2\/users\/4"}],"replies":[{"embeddable":true,"href":"https:\/\/aconteceunovale.com.br\/portal\/index.php?rest_route=%2Fwp%2Fv2%2Fcomments&post=194922"}],"version-history":[{"count":2,"href":"https:\/\/aconteceunovale.com.br\/portal\/index.php?rest_route=\/wp\/v2\/posts\/194922\/revisions"}],"predecessor-version":[{"id":194925,"href":"https:\/\/aconteceunovale.com.br\/portal\/index.php?rest_route=\/wp\/v2\/posts\/194922\/revisions\/194925"}],"wp:featuredmedia":[{"embeddable":true,"href":"https:\/\/aconteceunovale.com.br\/portal\/index.php?rest_route=\/wp\/v2\/media\/194923"}],"wp:attachment":[{"href":"https:\/\/aconteceunovale.com.br\/portal\/index.php?rest_route=%2Fwp%2Fv2%2Fmedia&parent=194922"}],"wp:term":[{"taxonomy":"category","embeddable":true,"href":"https:\/\/aconteceunovale.com.br\/portal\/index.php?rest_route=%2Fwp%2Fv2%2Fcategories&post=194922"},{"taxonomy":"post_tag","embeddable":true,"href":"https:\/\/aconteceunovale.com.br\/portal\/index.php?rest_route=%2Fwp%2Fv2%2Ftags&post=194922"}],"curies":[{"name":"wp","href":"https:\/\/api.w.org\/{rel}","templated":true}]}}