{"id":194919,"date":"2025-01-09T18:33:26","date_gmt":"2025-01-09T21:33:26","guid":{"rendered":"https:\/\/aconteceunovale.com.br\/portal\/?p=194919"},"modified":"2025-01-09T18:34:00","modified_gmt":"2025-01-09T21:34:00","slug":"veiculo-furtado-em-sao-paulo-e-recuperado-pela-prf-em-minas","status":"publish","type":"post","link":"https:\/\/aconteceunovale.com.br\/portal\/?p=194919","title":{"rendered":"Ve\u00edculo furtado em S\u00e3o Paulo \u00e9 recuperado pela PRF em Minas"},"content":{"rendered":"\n<p class=\"wp-block-paragraph\">Na manh\u00e3 desta quinta-feira (9), a Pol\u00edcia Rodovi\u00e1ria Federal (PRF) recuperou um autom\u00f3vel Fiat Palio com registro de furto\/roubo durante uma opera\u00e7\u00e3o de combate ao crime no km 413 da BR-365, em Patos de Minas, Minas Gerais.<\/p>\n\n\n\n<figure class=\"wp-block-gallery has-nested-images columns-default is-cropped wp-block-gallery-1 is-layout-flex wp-block-gallery-is-layout-flex\">\n<figure class=\"wp-block-image size-large\"><img loading=\"lazy\" decoding=\"async\" width=\"576\" height=\"361\" data-id=\"194920\" src=\"https:\/\/aconteceunovale.com.br\/portal\/wp-content\/uploads\/2025\/01\/furto_guarulhos.png\" alt=\"\" class=\"wp-image-194920\" srcset=\"https:\/\/aconteceunovale.com.br\/portal\/wp-content\/uploads\/2025\/01\/furto_guarulhos.png 576w, https:\/\/aconteceunovale.com.br\/portal\/wp-content\/uploads\/2025\/01\/furto_guarulhos-300x188.png 300w\" sizes=\"auto, (max-width: 576px) 100vw, 576px\" \/><figcaption class=\"wp-element-caption\"><em>Foto: Divulga\u00e7\u00e3o \/ PRF<\/em><\/figcaption><\/figure>\n<\/figure>\n\n\n\n<p class=\"wp-block-paragraph\">O ve\u00edculo foi localizado durante a fiscaliza\u00e7\u00e3o de uma cegonheira que transportava autom\u00f3veis usados de S\u00e3o Paulo (SP) para Fortaleza (CE). Durante a inspe\u00e7\u00e3o, os agentes identificaram ind\u00edcios de adultera\u00e7\u00e3o nos elementos de identifica\u00e7\u00e3o do Fiat Palio.<\/p>\n\n\n\n<p class=\"wp-block-paragraph\">Ap\u00f3s consulta aos sistemas de seguran\u00e7a p\u00fablica, foi confirmado que o ve\u00edculo havia sido furtado em 14 de dezembro de 2024, na cidade de Guarulhos (SP). Al\u00e9m disso, foi constatado que o autom\u00f3vel utilizava placas clonadas de outro ve\u00edculo.<\/p>\n\n\n\n<h3 class=\"wp-block-heading\">Investiga\u00e7\u00e3o em andamento<\/h3>\n\n\n\n<p class=\"wp-block-paragraph\">O motorista da cegonheira afirmou desconhecer a irregularidade do ve\u00edculo e forneceu os dados da pessoa respons\u00e1vel pelo envio do autom\u00f3vel. A ocorr\u00eancia foi encaminhada para a Delegacia de Pol\u00edcia Civil de Patos de Minas, que dar\u00e1 continuidade \u00e0s investiga\u00e7\u00f5es.<\/p>\n\n\n\n<p class=\"wp-block-paragraph\">O Fiat Palio foi removido para um p\u00e1tio conveniado e ser\u00e1 devolvido ao propriet\u00e1rio, v\u00edtima do furto.<\/p>\n\n\n\n<h3 class=\"wp-block-heading\">Alerta da PRF<\/h3>\n\n\n\n<p class=\"wp-block-paragraph\">A Pol\u00edcia Rodovi\u00e1ria Federal refor\u00e7a a import\u00e2ncia de verificar a proced\u00eancia de ve\u00edculos usados antes de adquiri-los, especialmente em situa\u00e7\u00f5es que envolvam transporte por terceiros, para evitar preju\u00edzos e poss\u00edveis implica\u00e7\u00f5es legais.<\/p>\n","protected":false},"excerpt":{"rendered":"<p>Na manh\u00e3 desta quinta-feira (9), a Pol\u00edcia Rodovi\u00e1ria Federal (PRF) recuperou um autom\u00f3vel Fiat Palio com registro de furto\/roubo durante uma opera\u00e7\u00e3o de combate ao crime no km 413 da BR-365, em Patos de Minas, Minas Gerais. O ve\u00edculo foi localizado durante a fiscaliza\u00e7\u00e3o de uma cegonheira que transportava autom\u00f3veis usados de S\u00e3o Paulo (SP) [&hellip;]<\/p>\n","protected":false},"author":4,"featured_media":194920,"comment_status":"open","ping_status":"closed","sticky":false,"template":"","format":"standard","meta":{"amp_status":"","footnotes":""},"categories":[6,123],"tags":[207894,14684,4611,214,239,269207,269206],"class_list":["post-194919","post","type-post","status-publish","format-standard","has-post-thumbnail","hentry","category-br","category-gerais","tag-br-365-2","tag-fortaleza","tag-guarulhos","tag-patos-de-minas","tag-prf","tag-veiculo-furtado-em-sao-paulo","tag-veiculo-furtado-em-sao-paulo-e-recuperado-pela-prf-em-minas"],"yoast_head":"<!-- This site is optimized with the Yoast SEO plugin v28.3 - https:\/\/yoast.com\/product\/yoast-seo-wordpress\/ -->\n<title>Ve\u00edculo furtado em S\u00e3o Paulo \u00e9 recuperado pela PRF em Minas - Aconteceu no Vale<\/title>\n<meta name=\"robots\" content=\"index, follow, max-snippet:-1, max-image-preview:large, max-video-preview:-1\" \/>\n<link rel=\"canonical\" href=\"https:\/\/aconteceunovale.com.br\/portal\/?p=194919\" \/>\n<meta property=\"og:locale\" content=\"pt_BR\" \/>\n<meta property=\"og:type\" content=\"article\" \/>\n<meta property=\"og:title\" content=\"Ve\u00edculo furtado em S\u00e3o Paulo \u00e9 recuperado pela PRF em Minas - Aconteceu no Vale\" \/>\n<meta property=\"og:description\" content=\"Na manh\u00e3 desta quinta-feira (9), a Pol\u00edcia Rodovi\u00e1ria Federal (PRF) recuperou um autom\u00f3vel Fiat Palio com registro de furto\/roubo durante uma opera\u00e7\u00e3o de combate ao crime no km 413 da BR-365, em Patos de Minas, Minas Gerais. O ve\u00edculo foi localizado durante a fiscaliza\u00e7\u00e3o de uma cegonheira que transportava autom\u00f3veis usados de S\u00e3o Paulo (SP) [&hellip;]\" \/>\n<meta property=\"og:url\" content=\"https:\/\/aconteceunovale.com.br\/portal\/?p=194919\" \/>\n<meta property=\"og:site_name\" content=\"Aconteceu no Vale\" \/>\n<meta property=\"article:publisher\" content=\"https:\/\/www.facebook.com\/aconteceunovale\/\" \/>\n<meta property=\"article:published_time\" content=\"2025-01-09T21:33:26+00:00\" \/>\n<meta property=\"article:modified_time\" content=\"2025-01-09T21:34:00+00:00\" \/>\n<meta property=\"og:image\" content=\"https:\/\/aconteceunovale.com.br\/portal\/wp-content\/uploads\/2025\/01\/furto_guarulhos.png\" \/>\n\t<meta property=\"og:image:width\" content=\"576\" \/>\n\t<meta property=\"og:image:height\" content=\"361\" \/>\n\t<meta property=\"og:image:type\" content=\"image\/png\" \/>\n<meta name=\"author\" content=\"Reda\u00e7\u00e3o Aconteceu no Vale\" \/>\n<meta name=\"twitter:card\" content=\"summary_large_image\" \/>\n<meta name=\"twitter:creator\" content=\"@noticiadosvales\" \/>\n<meta name=\"twitter:site\" content=\"@noticiadosvales\" \/>\n<meta name=\"twitter:label1\" content=\"Escrito por\" \/>\n\t<meta name=\"twitter:data1\" content=\"Reda\u00e7\u00e3o Aconteceu no Vale\" \/>\n\t<meta name=\"twitter:label2\" content=\"Est. tempo de leitura\" \/>\n\t<meta name=\"twitter:data2\" content=\"1 minuto\" \/>\n<script type=\"application\/ld+json\" class=\"yoast-schema-graph\">{\"@context\":\"https:\\\/\\\/schema.org\",\"@graph\":[{\"@type\":\"Article\",\"@id\":\"https:\\\/\\\/aconteceunovale.com.br\\\/portal\\\/?p=194919#article\",\"isPartOf\":{\"@id\":\"https:\\\/\\\/aconteceunovale.com.br\\\/portal\\\/?p=194919\"},\"author\":{\"name\":\"Reda\u00e7\u00e3o Aconteceu no Vale\",\"@id\":\"https:\\\/\\\/aconteceunovale.com.br\\\/portal\\\/#\\\/schema\\\/person\\\/7d2f26d1483f8a63de73da1ee0754d35\"},\"headline\":\"Ve\u00edculo furtado em S\u00e3o Paulo \u00e9 recuperado pela PRF em Minas\",\"datePublished\":\"2025-01-09T21:33:26+00:00\",\"dateModified\":\"2025-01-09T21:34:00+00:00\",\"mainEntityOfPage\":{\"@id\":\"https:\\\/\\\/aconteceunovale.com.br\\\/portal\\\/?p=194919\"},\"wordCount\":260,\"commentCount\":0,\"image\":{\"@id\":\"https:\\\/\\\/aconteceunovale.com.br\\\/portal\\\/?p=194919#primaryimage\"},\"thumbnailUrl\":\"https:\\\/\\\/aconteceunovale.com.br\\\/portal\\\/wp-content\\\/uploads\\\/2025\\\/01\\\/furto_guarulhos.png\",\"keywords\":[\"BR-365\",\"Fortaleza\",\"Guarulhos\",\"Patos de Minas\",\"PRF\",\"Ve\u00edculo furtado em S\u00e3o Paulo\",\"Ve\u00edculo furtado em S\u00e3o Paulo \u00e9 recuperado pela PRF em Minas\"],\"articleSection\":[\"Brasil\",\"Minas Gerais\"],\"inLanguage\":\"pt-BR\",\"potentialAction\":[{\"@type\":\"CommentAction\",\"name\":\"Comment\",\"target\":[\"https:\\\/\\\/aconteceunovale.com.br\\\/portal\\\/?p=194919#respond\"]}]},{\"@type\":\"WebPage\",\"@id\":\"https:\\\/\\\/aconteceunovale.com.br\\\/portal\\\/?p=194919\",\"url\":\"https:\\\/\\\/aconteceunovale.com.br\\\/portal\\\/?p=194919\",\"name\":\"Ve\u00edculo furtado em S\u00e3o Paulo \u00e9 recuperado pela PRF em Minas - Aconteceu no Vale\",\"isPartOf\":{\"@id\":\"https:\\\/\\\/aconteceunovale.com.br\\\/portal\\\/#website\"},\"primaryImageOfPage\":{\"@id\":\"https:\\\/\\\/aconteceunovale.com.br\\\/portal\\\/?p=194919#primaryimage\"},\"image\":{\"@id\":\"https:\\\/\\\/aconteceunovale.com.br\\\/portal\\\/?p=194919#primaryimage\"},\"thumbnailUrl\":\"https:\\\/\\\/aconteceunovale.com.br\\\/portal\\\/wp-content\\\/uploads\\\/2025\\\/01\\\/furto_guarulhos.png\",\"datePublished\":\"2025-01-09T21:33:26+00:00\",\"dateModified\":\"2025-01-09T21:34:00+00:00\",\"author\":{\"@id\":\"https:\\\/\\\/aconteceunovale.com.br\\\/portal\\\/#\\\/schema\\\/person\\\/7d2f26d1483f8a63de73da1ee0754d35\"},\"breadcrumb\":{\"@id\":\"https:\\\/\\\/aconteceunovale.com.br\\\/portal\\\/?p=194919#breadcrumb\"},\"inLanguage\":\"pt-BR\",\"potentialAction\":[{\"@type\":\"ReadAction\",\"target\":[\"https:\\\/\\\/aconteceunovale.com.br\\\/portal\\\/?p=194919\"]}]},{\"@type\":\"ImageObject\",\"inLanguage\":\"pt-BR\",\"@id\":\"https:\\\/\\\/aconteceunovale.com.br\\\/portal\\\/?p=194919#primaryimage\",\"url\":\"https:\\\/\\\/aconteceunovale.com.br\\\/portal\\\/wp-content\\\/uploads\\\/2025\\\/01\\\/furto_guarulhos.png\",\"contentUrl\":\"https:\\\/\\\/aconteceunovale.com.br\\\/portal\\\/wp-content\\\/uploads\\\/2025\\\/01\\\/furto_guarulhos.png\",\"width\":576,\"height\":361,\"caption\":\"Foto: Divulga\u00e7\u00e3o \\\/ PRF\"},{\"@type\":\"BreadcrumbList\",\"@id\":\"https:\\\/\\\/aconteceunovale.com.br\\\/portal\\\/?p=194919#breadcrumb\",\"itemListElement\":[{\"@type\":\"ListItem\",\"position\":1,\"name\":\"In\u00edcio\",\"item\":\"https:\\\/\\\/aconteceunovale.com.br\\\/portal\\\/\"},{\"@type\":\"ListItem\",\"position\":2,\"name\":\"Ve\u00edculo furtado em S\u00e3o Paulo \u00e9 recuperado pela PRF em Minas\"}]},{\"@type\":\"WebSite\",\"@id\":\"https:\\\/\\\/aconteceunovale.com.br\\\/portal\\\/#website\",\"url\":\"https:\\\/\\\/aconteceunovale.com.br\\\/portal\\\/\",\"name\":\"Aconteceu no Vale\",\"description\":\"Portal de Not\u00edcias\",\"potentialAction\":[{\"@type\":\"SearchAction\",\"target\":{\"@type\":\"EntryPoint\",\"urlTemplate\":\"https:\\\/\\\/aconteceunovale.com.br\\\/portal\\\/?s={search_term_string}\"},\"query-input\":{\"@type\":\"PropertyValueSpecification\",\"valueRequired\":true,\"valueName\":\"search_term_string\"}}],\"inLanguage\":\"pt-BR\"},{\"@type\":\"Person\",\"@id\":\"https:\\\/\\\/aconteceunovale.com.br\\\/portal\\\/#\\\/schema\\\/person\\\/7d2f26d1483f8a63de73da1ee0754d35\",\"name\":\"Reda\u00e7\u00e3o Aconteceu no Vale\",\"description\":\"Equipe de reportagem do Aconteceu no Vale, portal de not\u00edcias do Vale do Jequitinhonha, em Minas Gerais. Cobrimos as 51 cidades do Vale desde 2013. Sugest\u00f5es de pauta e pedidos de corre\u00e7\u00e3o: contato@aconteceunovale.com.br\",\"url\":\"https:\\\/\\\/aconteceunovale.com.br\\\/portal\\\/?author=4\"}]}<\/script>\n<!-- \/ Yoast SEO plugin. -->","yoast_head_json":{"title":"Ve\u00edculo furtado em S\u00e3o Paulo \u00e9 recuperado pela PRF em Minas - Aconteceu no Vale","robots":{"index":"index","follow":"follow","max-snippet":"max-snippet:-1","max-image-preview":"max-image-preview:large","max-video-preview":"max-video-preview:-1"},"canonical":"https:\/\/aconteceunovale.com.br\/portal\/?p=194919","og_locale":"pt_BR","og_type":"article","og_title":"Ve\u00edculo furtado em S\u00e3o Paulo \u00e9 recuperado pela PRF em Minas - Aconteceu no Vale","og_description":"Na manh\u00e3 desta quinta-feira (9), a Pol\u00edcia Rodovi\u00e1ria Federal (PRF) recuperou um autom\u00f3vel Fiat Palio com registro de furto\/roubo durante uma opera\u00e7\u00e3o de combate ao crime no km 413 da BR-365, em Patos de Minas, Minas Gerais. O ve\u00edculo foi localizado durante a fiscaliza\u00e7\u00e3o de uma cegonheira que transportava autom\u00f3veis usados de S\u00e3o Paulo (SP) [&hellip;]","og_url":"https:\/\/aconteceunovale.com.br\/portal\/?p=194919","og_site_name":"Aconteceu no Vale","article_publisher":"https:\/\/www.facebook.com\/aconteceunovale\/","article_published_time":"2025-01-09T21:33:26+00:00","article_modified_time":"2025-01-09T21:34:00+00:00","og_image":[{"width":576,"height":361,"url":"https:\/\/aconteceunovale.com.br\/portal\/wp-content\/uploads\/2025\/01\/furto_guarulhos.png","type":"image\/png"}],"author":"Reda\u00e7\u00e3o Aconteceu no Vale","twitter_card":"summary_large_image","twitter_creator":"@noticiadosvales","twitter_site":"@noticiadosvales","twitter_misc":{"Escrito por":"Reda\u00e7\u00e3o Aconteceu no Vale","Est. tempo de leitura":"1 minuto"},"schema":{"@context":"https:\/\/schema.org","@graph":[{"@type":"Article","@id":"https:\/\/aconteceunovale.com.br\/portal\/?p=194919#article","isPartOf":{"@id":"https:\/\/aconteceunovale.com.br\/portal\/?p=194919"},"author":{"name":"Reda\u00e7\u00e3o Aconteceu no Vale","@id":"https:\/\/aconteceunovale.com.br\/portal\/#\/schema\/person\/7d2f26d1483f8a63de73da1ee0754d35"},"headline":"Ve\u00edculo furtado em S\u00e3o Paulo \u00e9 recuperado pela PRF em Minas","datePublished":"2025-01-09T21:33:26+00:00","dateModified":"2025-01-09T21:34:00+00:00","mainEntityOfPage":{"@id":"https:\/\/aconteceunovale.com.br\/portal\/?p=194919"},"wordCount":260,"commentCount":0,"image":{"@id":"https:\/\/aconteceunovale.com.br\/portal\/?p=194919#primaryimage"},"thumbnailUrl":"https:\/\/aconteceunovale.com.br\/portal\/wp-content\/uploads\/2025\/01\/furto_guarulhos.png","keywords":["BR-365","Fortaleza","Guarulhos","Patos de Minas","PRF","Ve\u00edculo furtado em S\u00e3o Paulo","Ve\u00edculo furtado em S\u00e3o Paulo \u00e9 recuperado pela PRF em Minas"],"articleSection":["Brasil","Minas Gerais"],"inLanguage":"pt-BR","potentialAction":[{"@type":"CommentAction","name":"Comment","target":["https:\/\/aconteceunovale.com.br\/portal\/?p=194919#respond"]}]},{"@type":"WebPage","@id":"https:\/\/aconteceunovale.com.br\/portal\/?p=194919","url":"https:\/\/aconteceunovale.com.br\/portal\/?p=194919","name":"Ve\u00edculo furtado em S\u00e3o Paulo \u00e9 recuperado pela PRF em Minas - Aconteceu no Vale","isPartOf":{"@id":"https:\/\/aconteceunovale.com.br\/portal\/#website"},"primaryImageOfPage":{"@id":"https:\/\/aconteceunovale.com.br\/portal\/?p=194919#primaryimage"},"image":{"@id":"https:\/\/aconteceunovale.com.br\/portal\/?p=194919#primaryimage"},"thumbnailUrl":"https:\/\/aconteceunovale.com.br\/portal\/wp-content\/uploads\/2025\/01\/furto_guarulhos.png","datePublished":"2025-01-09T21:33:26+00:00","dateModified":"2025-01-09T21:34:00+00:00","author":{"@id":"https:\/\/aconteceunovale.com.br\/portal\/#\/schema\/person\/7d2f26d1483f8a63de73da1ee0754d35"},"breadcrumb":{"@id":"https:\/\/aconteceunovale.com.br\/portal\/?p=194919#breadcrumb"},"inLanguage":"pt-BR","potentialAction":[{"@type":"ReadAction","target":["https:\/\/aconteceunovale.com.br\/portal\/?p=194919"]}]},{"@type":"ImageObject","inLanguage":"pt-BR","@id":"https:\/\/aconteceunovale.com.br\/portal\/?p=194919#primaryimage","url":"https:\/\/aconteceunovale.com.br\/portal\/wp-content\/uploads\/2025\/01\/furto_guarulhos.png","contentUrl":"https:\/\/aconteceunovale.com.br\/portal\/wp-content\/uploads\/2025\/01\/furto_guarulhos.png","width":576,"height":361,"caption":"Foto: Divulga\u00e7\u00e3o \/ PRF"},{"@type":"BreadcrumbList","@id":"https:\/\/aconteceunovale.com.br\/portal\/?p=194919#breadcrumb","itemListElement":[{"@type":"ListItem","position":1,"name":"In\u00edcio","item":"https:\/\/aconteceunovale.com.br\/portal\/"},{"@type":"ListItem","position":2,"name":"Ve\u00edculo furtado em S\u00e3o Paulo \u00e9 recuperado pela PRF em Minas"}]},{"@type":"WebSite","@id":"https:\/\/aconteceunovale.com.br\/portal\/#website","url":"https:\/\/aconteceunovale.com.br\/portal\/","name":"Aconteceu no Vale","description":"Portal de Not\u00edcias","potentialAction":[{"@type":"SearchAction","target":{"@type":"EntryPoint","urlTemplate":"https:\/\/aconteceunovale.com.br\/portal\/?s={search_term_string}"},"query-input":{"@type":"PropertyValueSpecification","valueRequired":true,"valueName":"search_term_string"}}],"inLanguage":"pt-BR"},{"@type":"Person","@id":"https:\/\/aconteceunovale.com.br\/portal\/#\/schema\/person\/7d2f26d1483f8a63de73da1ee0754d35","name":"Reda\u00e7\u00e3o Aconteceu no Vale","description":"Equipe de reportagem do Aconteceu no Vale, portal de not\u00edcias do Vale do Jequitinhonha, em Minas Gerais. Cobrimos as 51 cidades do Vale desde 2013. Sugest\u00f5es de pauta e pedidos de corre\u00e7\u00e3o: contato@aconteceunovale.com.br","url":"https:\/\/aconteceunovale.com.br\/portal\/?author=4"}]}},"_links":{"self":[{"href":"https:\/\/aconteceunovale.com.br\/portal\/index.php?rest_route=\/wp\/v2\/posts\/194919","targetHints":{"allow":["GET"]}}],"collection":[{"href":"https:\/\/aconteceunovale.com.br\/portal\/index.php?rest_route=\/wp\/v2\/posts"}],"about":[{"href":"https:\/\/aconteceunovale.com.br\/portal\/index.php?rest_route=\/wp\/v2\/types\/post"}],"author":[{"embeddable":true,"href":"https:\/\/aconteceunovale.com.br\/portal\/index.php?rest_route=\/wp\/v2\/users\/4"}],"replies":[{"embeddable":true,"href":"https:\/\/aconteceunovale.com.br\/portal\/index.php?rest_route=%2Fwp%2Fv2%2Fcomments&post=194919"}],"version-history":[{"count":1,"href":"https:\/\/aconteceunovale.com.br\/portal\/index.php?rest_route=\/wp\/v2\/posts\/194919\/revisions"}],"predecessor-version":[{"id":194921,"href":"https:\/\/aconteceunovale.com.br\/portal\/index.php?rest_route=\/wp\/v2\/posts\/194919\/revisions\/194921"}],"wp:featuredmedia":[{"embeddable":true,"href":"https:\/\/aconteceunovale.com.br\/portal\/index.php?rest_route=\/wp\/v2\/media\/194920"}],"wp:attachment":[{"href":"https:\/\/aconteceunovale.com.br\/portal\/index.php?rest_route=%2Fwp%2Fv2%2Fmedia&parent=194919"}],"wp:term":[{"taxonomy":"category","embeddable":true,"href":"https:\/\/aconteceunovale.com.br\/portal\/index.php?rest_route=%2Fwp%2Fv2%2Fcategories&post=194919"},{"taxonomy":"post_tag","embeddable":true,"href":"https:\/\/aconteceunovale.com.br\/portal\/index.php?rest_route=%2Fwp%2Fv2%2Ftags&post=194919"}],"curies":[{"name":"wp","href":"https:\/\/api.w.org\/{rel}","templated":true}]}}