{"id":194914,"date":"2025-01-09T18:26:53","date_gmt":"2025-01-09T21:26:53","guid":{"rendered":"https:\/\/aconteceunovale.com.br\/portal\/?p=194914"},"modified":"2025-01-09T18:29:15","modified_gmt":"2025-01-09T21:29:15","slug":"veiculo-roubado-em-minas-gerais-e-recuperado-pela-prf-no-piaui","status":"publish","type":"post","link":"https:\/\/aconteceunovale.com.br\/portal\/?p=194914","title":{"rendered":"Ve\u00edculo roubado em Minas \u00e9 recuperado pela PRF no Piau\u00ed"},"content":{"rendered":"\n<p class=\"wp-block-paragraph\">Na tarde desta quinta-feira (9), por volta das 12h30, uma equipe da Pol\u00edcia Rodovi\u00e1ria Federal (PRF) abordou um ve\u00edculo Toyota Hilux SW4, de cor branca, na BR-230, no munic\u00edpio de Floriano, no Piau\u00ed. Durante a fiscaliza\u00e7\u00e3o, os agentes identificaram irregularidades nos documentos apresentados pelo condutor, um homem de 41 anos.<\/p>\n\n\n\n<figure class=\"wp-block-gallery has-nested-images columns-default is-cropped wp-block-gallery-1 is-layout-flex wp-block-gallery-is-layout-flex\">\n<figure class=\"wp-block-image size-large\"><img loading=\"lazy\" decoding=\"async\" width=\"678\" height=\"432\" data-id=\"194915\" src=\"https:\/\/aconteceunovale.com.br\/portal\/wp-content\/uploads\/2025\/01\/hilux_floriano.png\" alt=\"\" class=\"wp-image-194915\" srcset=\"https:\/\/aconteceunovale.com.br\/portal\/wp-content\/uploads\/2025\/01\/hilux_floriano.png 678w, https:\/\/aconteceunovale.com.br\/portal\/wp-content\/uploads\/2025\/01\/hilux_floriano-300x191.png 300w, https:\/\/aconteceunovale.com.br\/portal\/wp-content\/uploads\/2025\/01\/hilux_floriano-659x420.png 659w\" sizes=\"auto, (max-width: 678px) 100vw, 678px\" \/><figcaption class=\"wp-element-caption\"><em>Foto: Divulga\u00e7\u00e3o \/ PRF<\/em><\/figcaption><\/figure>\n<\/figure>\n\n\n\n<p class=\"wp-block-paragraph\">Ao analisar o Certificado de Registro e Licenciamento de Ve\u00edculo (CRLV) e a Carteira Nacional de Habilita\u00e7\u00e3o (CNH) do motorista, os policiais constataram que o n\u00famero do chassi presente no CRLV n\u00e3o correspondia ao registrado no sistema oficial. Diante da inconsist\u00eancia, foi realizada uma inspe\u00e7\u00e3o detalhada nos elementos identificadores do ve\u00edculo.<\/p>\n\n\n\n<p class=\"wp-block-paragraph\">A verifica\u00e7\u00e3o confirmou que o chassi verdadeiro estava associado a um ve\u00edculo com registro de roubo e furto no estado de Minas Gerais. O registro constava em um Boletim de Ocorr\u00eancia datado de 19 de maio de 2024.<\/p>\n\n\n\n<h3 class=\"wp-block-heading\">Compra suspeita<\/h3>\n\n\n\n<p class=\"wp-block-paragraph\">Questionado sobre a origem do ve\u00edculo, o condutor afirmou t\u00ea-lo adquirido na cidade de Guanambi, na Bahia, por R$ 280 mil, ap\u00f3s vender uma casa. Segundo ele, o autom\u00f3vel foi comprado de um homem que alegava trabalhar com loca\u00e7\u00e3o de ve\u00edculos e havia sido indicado por um amigo. No entanto, o motorista n\u00e3o apresentou comprovantes da transa\u00e7\u00e3o.<\/p>\n\n\n\n<h3 class=\"wp-block-heading\">Encaminhamento \u00e0 Central de Flagrantes<\/h3>\n\n\n\n<p class=\"wp-block-paragraph\">Com base nas evid\u00eancias, a PRF constatou ind\u00edcios dos crimes de recepta\u00e7\u00e3o e uso de documento falso. O condutor foi encaminhado \u00e0 Central de Flagrantes de Floriano, juntamente com o ve\u00edculo apreendido, para que os procedimentos legais fossem adotados.<\/p>\n\n\n\n<h3 class=\"wp-block-heading\">Alerta da PRF<\/h3>\n\n\n\n<p class=\"wp-block-paragraph\">A Pol\u00edcia Rodovi\u00e1ria Federal refor\u00e7a a import\u00e2ncia de verificar a proced\u00eancia e a regularidade de ve\u00edculos antes de efetuar uma compra, especialmente em transa\u00e7\u00f5es realizadas sem documenta\u00e7\u00e3o comprobat\u00f3ria. A pr\u00e1tica de adquirir ve\u00edculos sem a devida cautela pode resultar em preju\u00edzos financeiros e implica\u00e7\u00f5es criminais.<\/p>\n","protected":false},"excerpt":{"rendered":"<p>Na tarde desta quinta-feira (9), por volta das 12h30, uma equipe da Pol\u00edcia Rodovi\u00e1ria Federal (PRF) abordou um ve\u00edculo Toyota Hilux SW4, de cor branca, na BR-230, no munic\u00edpio de Floriano, no Piau\u00ed. Durante a fiscaliza\u00e7\u00e3o, os agentes identificaram irregularidades nos documentos apresentados pelo condutor, um homem de 41 anos. Ao analisar o Certificado de [&hellip;]<\/p>\n","protected":false},"author":4,"featured_media":194915,"comment_status":"open","ping_status":"closed","sticky":false,"template":"","format":"standard","meta":{"amp_status":"","footnotes":""},"categories":[6,123],"tags":[151847,41720,131,21383,239,269205,269204],"class_list":["post-194914","post","type-post","status-publish","format-standard","has-post-thumbnail","hentry","category-br","category-gerais","tag-floriano","tag-guanambi","tag-minas-gerais","tag-piaui","tag-prf","tag-prf-no-piaui","tag-veiculo-roubado-em-minas-gerais-e-recuperado-pela-prf-no-piaui"],"yoast_head":"<!-- This site is optimized with the Yoast SEO plugin v28.3 - https:\/\/yoast.com\/product\/yoast-seo-wordpress\/ -->\n<title>Ve\u00edculo roubado em Minas \u00e9 recuperado pela PRF no Piau\u00ed - Aconteceu no Vale<\/title>\n<meta name=\"robots\" content=\"index, follow, max-snippet:-1, max-image-preview:large, max-video-preview:-1\" \/>\n<link rel=\"canonical\" href=\"https:\/\/aconteceunovale.com.br\/portal\/?p=194914\" \/>\n<meta property=\"og:locale\" content=\"pt_BR\" \/>\n<meta property=\"og:type\" content=\"article\" \/>\n<meta property=\"og:title\" content=\"Ve\u00edculo roubado em Minas \u00e9 recuperado pela PRF no Piau\u00ed - Aconteceu no Vale\" \/>\n<meta property=\"og:description\" content=\"Na tarde desta quinta-feira (9), por volta das 12h30, uma equipe da Pol\u00edcia Rodovi\u00e1ria Federal (PRF) abordou um ve\u00edculo Toyota Hilux SW4, de cor branca, na BR-230, no munic\u00edpio de Floriano, no Piau\u00ed. Durante a fiscaliza\u00e7\u00e3o, os agentes identificaram irregularidades nos documentos apresentados pelo condutor, um homem de 41 anos. Ao analisar o Certificado de [&hellip;]\" \/>\n<meta property=\"og:url\" content=\"https:\/\/aconteceunovale.com.br\/portal\/?p=194914\" \/>\n<meta property=\"og:site_name\" content=\"Aconteceu no Vale\" \/>\n<meta property=\"article:publisher\" content=\"https:\/\/www.facebook.com\/aconteceunovale\/\" \/>\n<meta property=\"article:published_time\" content=\"2025-01-09T21:26:53+00:00\" \/>\n<meta property=\"article:modified_time\" content=\"2025-01-09T21:29:15+00:00\" \/>\n<meta property=\"og:image\" content=\"https:\/\/aconteceunovale.com.br\/portal\/wp-content\/uploads\/2025\/01\/hilux_floriano.png\" \/>\n\t<meta property=\"og:image:width\" content=\"678\" \/>\n\t<meta property=\"og:image:height\" content=\"432\" \/>\n\t<meta property=\"og:image:type\" content=\"image\/png\" \/>\n<meta name=\"author\" content=\"Reda\u00e7\u00e3o Aconteceu no Vale\" \/>\n<meta name=\"twitter:card\" content=\"summary_large_image\" \/>\n<meta name=\"twitter:creator\" content=\"@noticiadosvales\" \/>\n<meta name=\"twitter:site\" content=\"@noticiadosvales\" \/>\n<meta name=\"twitter:label1\" content=\"Escrito por\" \/>\n\t<meta name=\"twitter:data1\" content=\"Reda\u00e7\u00e3o Aconteceu no Vale\" \/>\n\t<meta name=\"twitter:label2\" content=\"Est. tempo de leitura\" \/>\n\t<meta name=\"twitter:data2\" content=\"2 minutos\" \/>\n<script type=\"application\/ld+json\" class=\"yoast-schema-graph\">{\"@context\":\"https:\\\/\\\/schema.org\",\"@graph\":[{\"@type\":\"Article\",\"@id\":\"https:\\\/\\\/aconteceunovale.com.br\\\/portal\\\/?p=194914#article\",\"isPartOf\":{\"@id\":\"https:\\\/\\\/aconteceunovale.com.br\\\/portal\\\/?p=194914\"},\"author\":{\"name\":\"Reda\u00e7\u00e3o Aconteceu no Vale\",\"@id\":\"https:\\\/\\\/aconteceunovale.com.br\\\/portal\\\/#\\\/schema\\\/person\\\/7d2f26d1483f8a63de73da1ee0754d35\"},\"headline\":\"Ve\u00edculo roubado em Minas \u00e9 recuperado pela PRF no Piau\u00ed\",\"datePublished\":\"2025-01-09T21:26:53+00:00\",\"dateModified\":\"2025-01-09T21:29:15+00:00\",\"mainEntityOfPage\":{\"@id\":\"https:\\\/\\\/aconteceunovale.com.br\\\/portal\\\/?p=194914\"},\"wordCount\":337,\"commentCount\":0,\"image\":{\"@id\":\"https:\\\/\\\/aconteceunovale.com.br\\\/portal\\\/?p=194914#primaryimage\"},\"thumbnailUrl\":\"https:\\\/\\\/aconteceunovale.com.br\\\/portal\\\/wp-content\\\/uploads\\\/2025\\\/01\\\/hilux_floriano.png\",\"keywords\":[\"Floriano\",\"Guanambi\",\"Minas Gerais\",\"Piau\u00ed\",\"PRF\",\"PRF no Piau\u00ed\",\"Ve\u00edculo roubado em Minas Gerais \u00e9 recuperado pela PRF no Piau\u00ed\"],\"articleSection\":[\"Brasil\",\"Minas Gerais\"],\"inLanguage\":\"pt-BR\",\"potentialAction\":[{\"@type\":\"CommentAction\",\"name\":\"Comment\",\"target\":[\"https:\\\/\\\/aconteceunovale.com.br\\\/portal\\\/?p=194914#respond\"]}]},{\"@type\":\"WebPage\",\"@id\":\"https:\\\/\\\/aconteceunovale.com.br\\\/portal\\\/?p=194914\",\"url\":\"https:\\\/\\\/aconteceunovale.com.br\\\/portal\\\/?p=194914\",\"name\":\"Ve\u00edculo roubado em Minas \u00e9 recuperado pela PRF no Piau\u00ed - Aconteceu no Vale\",\"isPartOf\":{\"@id\":\"https:\\\/\\\/aconteceunovale.com.br\\\/portal\\\/#website\"},\"primaryImageOfPage\":{\"@id\":\"https:\\\/\\\/aconteceunovale.com.br\\\/portal\\\/?p=194914#primaryimage\"},\"image\":{\"@id\":\"https:\\\/\\\/aconteceunovale.com.br\\\/portal\\\/?p=194914#primaryimage\"},\"thumbnailUrl\":\"https:\\\/\\\/aconteceunovale.com.br\\\/portal\\\/wp-content\\\/uploads\\\/2025\\\/01\\\/hilux_floriano.png\",\"datePublished\":\"2025-01-09T21:26:53+00:00\",\"dateModified\":\"2025-01-09T21:29:15+00:00\",\"author\":{\"@id\":\"https:\\\/\\\/aconteceunovale.com.br\\\/portal\\\/#\\\/schema\\\/person\\\/7d2f26d1483f8a63de73da1ee0754d35\"},\"breadcrumb\":{\"@id\":\"https:\\\/\\\/aconteceunovale.com.br\\\/portal\\\/?p=194914#breadcrumb\"},\"inLanguage\":\"pt-BR\",\"potentialAction\":[{\"@type\":\"ReadAction\",\"target\":[\"https:\\\/\\\/aconteceunovale.com.br\\\/portal\\\/?p=194914\"]}]},{\"@type\":\"ImageObject\",\"inLanguage\":\"pt-BR\",\"@id\":\"https:\\\/\\\/aconteceunovale.com.br\\\/portal\\\/?p=194914#primaryimage\",\"url\":\"https:\\\/\\\/aconteceunovale.com.br\\\/portal\\\/wp-content\\\/uploads\\\/2025\\\/01\\\/hilux_floriano.png\",\"contentUrl\":\"https:\\\/\\\/aconteceunovale.com.br\\\/portal\\\/wp-content\\\/uploads\\\/2025\\\/01\\\/hilux_floriano.png\",\"width\":678,\"height\":432,\"caption\":\"Foto: Divulga\u00e7\u00e3o \\\/ PRF\"},{\"@type\":\"BreadcrumbList\",\"@id\":\"https:\\\/\\\/aconteceunovale.com.br\\\/portal\\\/?p=194914#breadcrumb\",\"itemListElement\":[{\"@type\":\"ListItem\",\"position\":1,\"name\":\"In\u00edcio\",\"item\":\"https:\\\/\\\/aconteceunovale.com.br\\\/portal\\\/\"},{\"@type\":\"ListItem\",\"position\":2,\"name\":\"Ve\u00edculo roubado em Minas \u00e9 recuperado pela PRF no Piau\u00ed\"}]},{\"@type\":\"WebSite\",\"@id\":\"https:\\\/\\\/aconteceunovale.com.br\\\/portal\\\/#website\",\"url\":\"https:\\\/\\\/aconteceunovale.com.br\\\/portal\\\/\",\"name\":\"Aconteceu no Vale\",\"description\":\"Portal de Not\u00edcias\",\"potentialAction\":[{\"@type\":\"SearchAction\",\"target\":{\"@type\":\"EntryPoint\",\"urlTemplate\":\"https:\\\/\\\/aconteceunovale.com.br\\\/portal\\\/?s={search_term_string}\"},\"query-input\":{\"@type\":\"PropertyValueSpecification\",\"valueRequired\":true,\"valueName\":\"search_term_string\"}}],\"inLanguage\":\"pt-BR\"},{\"@type\":\"Person\",\"@id\":\"https:\\\/\\\/aconteceunovale.com.br\\\/portal\\\/#\\\/schema\\\/person\\\/7d2f26d1483f8a63de73da1ee0754d35\",\"name\":\"Reda\u00e7\u00e3o Aconteceu no Vale\",\"description\":\"Equipe de reportagem do Aconteceu no Vale, portal de not\u00edcias do Vale do Jequitinhonha, em Minas Gerais. Cobrimos as 51 cidades do Vale desde 2013. Sugest\u00f5es de pauta e pedidos de corre\u00e7\u00e3o: contato@aconteceunovale.com.br\",\"url\":\"https:\\\/\\\/aconteceunovale.com.br\\\/portal\\\/?author=4\"}]}<\/script>\n<!-- \/ Yoast SEO plugin. -->","yoast_head_json":{"title":"Ve\u00edculo roubado em Minas \u00e9 recuperado pela PRF no Piau\u00ed - Aconteceu no Vale","robots":{"index":"index","follow":"follow","max-snippet":"max-snippet:-1","max-image-preview":"max-image-preview:large","max-video-preview":"max-video-preview:-1"},"canonical":"https:\/\/aconteceunovale.com.br\/portal\/?p=194914","og_locale":"pt_BR","og_type":"article","og_title":"Ve\u00edculo roubado em Minas \u00e9 recuperado pela PRF no Piau\u00ed - Aconteceu no Vale","og_description":"Na tarde desta quinta-feira (9), por volta das 12h30, uma equipe da Pol\u00edcia Rodovi\u00e1ria Federal (PRF) abordou um ve\u00edculo Toyota Hilux SW4, de cor branca, na BR-230, no munic\u00edpio de Floriano, no Piau\u00ed. Durante a fiscaliza\u00e7\u00e3o, os agentes identificaram irregularidades nos documentos apresentados pelo condutor, um homem de 41 anos. Ao analisar o Certificado de [&hellip;]","og_url":"https:\/\/aconteceunovale.com.br\/portal\/?p=194914","og_site_name":"Aconteceu no Vale","article_publisher":"https:\/\/www.facebook.com\/aconteceunovale\/","article_published_time":"2025-01-09T21:26:53+00:00","article_modified_time":"2025-01-09T21:29:15+00:00","og_image":[{"width":678,"height":432,"url":"https:\/\/aconteceunovale.com.br\/portal\/wp-content\/uploads\/2025\/01\/hilux_floriano.png","type":"image\/png"}],"author":"Reda\u00e7\u00e3o Aconteceu no Vale","twitter_card":"summary_large_image","twitter_creator":"@noticiadosvales","twitter_site":"@noticiadosvales","twitter_misc":{"Escrito por":"Reda\u00e7\u00e3o Aconteceu no Vale","Est. tempo de leitura":"2 minutos"},"schema":{"@context":"https:\/\/schema.org","@graph":[{"@type":"Article","@id":"https:\/\/aconteceunovale.com.br\/portal\/?p=194914#article","isPartOf":{"@id":"https:\/\/aconteceunovale.com.br\/portal\/?p=194914"},"author":{"name":"Reda\u00e7\u00e3o Aconteceu no Vale","@id":"https:\/\/aconteceunovale.com.br\/portal\/#\/schema\/person\/7d2f26d1483f8a63de73da1ee0754d35"},"headline":"Ve\u00edculo roubado em Minas \u00e9 recuperado pela PRF no Piau\u00ed","datePublished":"2025-01-09T21:26:53+00:00","dateModified":"2025-01-09T21:29:15+00:00","mainEntityOfPage":{"@id":"https:\/\/aconteceunovale.com.br\/portal\/?p=194914"},"wordCount":337,"commentCount":0,"image":{"@id":"https:\/\/aconteceunovale.com.br\/portal\/?p=194914#primaryimage"},"thumbnailUrl":"https:\/\/aconteceunovale.com.br\/portal\/wp-content\/uploads\/2025\/01\/hilux_floriano.png","keywords":["Floriano","Guanambi","Minas Gerais","Piau\u00ed","PRF","PRF no Piau\u00ed","Ve\u00edculo roubado em Minas Gerais \u00e9 recuperado pela PRF no Piau\u00ed"],"articleSection":["Brasil","Minas Gerais"],"inLanguage":"pt-BR","potentialAction":[{"@type":"CommentAction","name":"Comment","target":["https:\/\/aconteceunovale.com.br\/portal\/?p=194914#respond"]}]},{"@type":"WebPage","@id":"https:\/\/aconteceunovale.com.br\/portal\/?p=194914","url":"https:\/\/aconteceunovale.com.br\/portal\/?p=194914","name":"Ve\u00edculo roubado em Minas \u00e9 recuperado pela PRF no Piau\u00ed - Aconteceu no Vale","isPartOf":{"@id":"https:\/\/aconteceunovale.com.br\/portal\/#website"},"primaryImageOfPage":{"@id":"https:\/\/aconteceunovale.com.br\/portal\/?p=194914#primaryimage"},"image":{"@id":"https:\/\/aconteceunovale.com.br\/portal\/?p=194914#primaryimage"},"thumbnailUrl":"https:\/\/aconteceunovale.com.br\/portal\/wp-content\/uploads\/2025\/01\/hilux_floriano.png","datePublished":"2025-01-09T21:26:53+00:00","dateModified":"2025-01-09T21:29:15+00:00","author":{"@id":"https:\/\/aconteceunovale.com.br\/portal\/#\/schema\/person\/7d2f26d1483f8a63de73da1ee0754d35"},"breadcrumb":{"@id":"https:\/\/aconteceunovale.com.br\/portal\/?p=194914#breadcrumb"},"inLanguage":"pt-BR","potentialAction":[{"@type":"ReadAction","target":["https:\/\/aconteceunovale.com.br\/portal\/?p=194914"]}]},{"@type":"ImageObject","inLanguage":"pt-BR","@id":"https:\/\/aconteceunovale.com.br\/portal\/?p=194914#primaryimage","url":"https:\/\/aconteceunovale.com.br\/portal\/wp-content\/uploads\/2025\/01\/hilux_floriano.png","contentUrl":"https:\/\/aconteceunovale.com.br\/portal\/wp-content\/uploads\/2025\/01\/hilux_floriano.png","width":678,"height":432,"caption":"Foto: Divulga\u00e7\u00e3o \/ PRF"},{"@type":"BreadcrumbList","@id":"https:\/\/aconteceunovale.com.br\/portal\/?p=194914#breadcrumb","itemListElement":[{"@type":"ListItem","position":1,"name":"In\u00edcio","item":"https:\/\/aconteceunovale.com.br\/portal\/"},{"@type":"ListItem","position":2,"name":"Ve\u00edculo roubado em Minas \u00e9 recuperado pela PRF no Piau\u00ed"}]},{"@type":"WebSite","@id":"https:\/\/aconteceunovale.com.br\/portal\/#website","url":"https:\/\/aconteceunovale.com.br\/portal\/","name":"Aconteceu no Vale","description":"Portal de Not\u00edcias","potentialAction":[{"@type":"SearchAction","target":{"@type":"EntryPoint","urlTemplate":"https:\/\/aconteceunovale.com.br\/portal\/?s={search_term_string}"},"query-input":{"@type":"PropertyValueSpecification","valueRequired":true,"valueName":"search_term_string"}}],"inLanguage":"pt-BR"},{"@type":"Person","@id":"https:\/\/aconteceunovale.com.br\/portal\/#\/schema\/person\/7d2f26d1483f8a63de73da1ee0754d35","name":"Reda\u00e7\u00e3o Aconteceu no Vale","description":"Equipe de reportagem do Aconteceu no Vale, portal de not\u00edcias do Vale do Jequitinhonha, em Minas Gerais. Cobrimos as 51 cidades do Vale desde 2013. Sugest\u00f5es de pauta e pedidos de corre\u00e7\u00e3o: contato@aconteceunovale.com.br","url":"https:\/\/aconteceunovale.com.br\/portal\/?author=4"}]}},"_links":{"self":[{"href":"https:\/\/aconteceunovale.com.br\/portal\/index.php?rest_route=\/wp\/v2\/posts\/194914","targetHints":{"allow":["GET"]}}],"collection":[{"href":"https:\/\/aconteceunovale.com.br\/portal\/index.php?rest_route=\/wp\/v2\/posts"}],"about":[{"href":"https:\/\/aconteceunovale.com.br\/portal\/index.php?rest_route=\/wp\/v2\/types\/post"}],"author":[{"embeddable":true,"href":"https:\/\/aconteceunovale.com.br\/portal\/index.php?rest_route=\/wp\/v2\/users\/4"}],"replies":[{"embeddable":true,"href":"https:\/\/aconteceunovale.com.br\/portal\/index.php?rest_route=%2Fwp%2Fv2%2Fcomments&post=194914"}],"version-history":[{"count":2,"href":"https:\/\/aconteceunovale.com.br\/portal\/index.php?rest_route=\/wp\/v2\/posts\/194914\/revisions"}],"predecessor-version":[{"id":194918,"href":"https:\/\/aconteceunovale.com.br\/portal\/index.php?rest_route=\/wp\/v2\/posts\/194914\/revisions\/194918"}],"wp:featuredmedia":[{"embeddable":true,"href":"https:\/\/aconteceunovale.com.br\/portal\/index.php?rest_route=\/wp\/v2\/media\/194915"}],"wp:attachment":[{"href":"https:\/\/aconteceunovale.com.br\/portal\/index.php?rest_route=%2Fwp%2Fv2%2Fmedia&parent=194914"}],"wp:term":[{"taxonomy":"category","embeddable":true,"href":"https:\/\/aconteceunovale.com.br\/portal\/index.php?rest_route=%2Fwp%2Fv2%2Fcategories&post=194914"},{"taxonomy":"post_tag","embeddable":true,"href":"https:\/\/aconteceunovale.com.br\/portal\/index.php?rest_route=%2Fwp%2Fv2%2Ftags&post=194914"}],"curies":[{"name":"wp","href":"https:\/\/api.w.org\/{rel}","templated":true}]}}