{"id":194911,"date":"2025-01-09T18:16:39","date_gmt":"2025-01-09T21:16:39","guid":{"rendered":"https:\/\/aconteceunovale.com.br\/portal\/?p=194911"},"modified":"2025-01-09T18:17:44","modified_gmt":"2025-01-09T21:17:44","slug":"cooperativa-agropecuaria-vale-do-rio-doce-celebra-66-anos-de-historia","status":"publish","type":"post","link":"https:\/\/aconteceunovale.com.br\/portal\/?p=194911","title":{"rendered":"Cooperativa Agropecu\u00e1ria Vale do Rio Doce celebra 66 anos de hist\u00f3ria"},"content":{"rendered":"\n<p class=\"wp-block-paragraph\">A Cooperativa Agropecu\u00e1ria Vale do Rio Doce comemora, neste m\u00eas, 66 anos de trajet\u00f3ria marcada por inova\u00e7\u00e3o, desenvolvimento regional e impacto no setor produtivo de leite no Vale do Rio Doce. Fundada em 25 de janeiro de 1959, a institui\u00e7\u00e3o foi idealizada por produtores rurais com o objetivo de organizar a cadeia produtiva do leite, promovendo crescimento econ\u00f4mico e social na regi\u00e3o.<\/p>\n\n\n\n<p class=\"wp-block-paragraph\">O marco tamb\u00e9m celebra o anivers\u00e1rio do Armaz\u00e9m da Cooperativa, o primeiro empreendimento da institui\u00e7\u00e3o, inaugurado em 1960. Desde ent\u00e3o, a Cooperativa se consolidou como refer\u00eancia no mercado l\u00e1cteo de Minas Gerais, atendendo 52 munic\u00edpios da regi\u00e3o e comercializando produtos sob a marca Ibituruna, com presen\u00e7a em estados como Esp\u00edrito Santo, Bahia, Minas Gerais e Rio de Janeiro.<\/p>\n\n\n\n<h3 class=\"wp-block-heading\">D\u00e9cadas de inova\u00e7\u00e3o e expans\u00e3o<\/h3>\n\n\n\n<p class=\"wp-block-paragraph\">A hist\u00f3ria da Cooperativa \u00e9 marcada por avan\u00e7os tecnol\u00f3gicos e estrat\u00e9gicos. Na d\u00e9cada de 1970, iniciou o processo de industrializa\u00e7\u00e3o com a produ\u00e7\u00e3o de leite em saquinhos e a cria\u00e7\u00e3o de postos de recep\u00e7\u00e3o de leite. Nos anos 1990, foi inaugurada a ind\u00fastria de leite UHT na rua 13 de Maio, com tecnologias avan\u00e7adas para a \u00e9poca.<\/p>\n\n\n\n<p class=\"wp-block-paragraph\">Nos anos 2000, o Armaz\u00e9m foi transferido para a BR-116, no bairro Planalto, e projetos de assist\u00eancia t\u00e9cnica, como o Cr\u00ea$er Gen\u00e9tica e o Educampo, foram implantados para fortalecer os cooperados. Mais recentemente, em 2018, a Cooperativa adotou o sistema de gest\u00e3o SmartQuestion, que otimiza a coleta de leite, garante rastreabilidade e prev\u00ea demandas industriais.<\/p>\n\n\n\n<p class=\"wp-block-paragraph\">Em 2019, ao completar 60 anos, a Cooperativa adquiriu uma propriedade de 11 alqueires onde est\u00e1 sendo desenvolvida a Unidade III, consolidando sua estrutura para o futuro.<\/p>\n\n\n\n<h3 class=\"wp-block-heading\">Novos produtos e expans\u00e3o de mercado<\/h3>\n\n\n\n<p class=\"wp-block-paragraph\">Em 2024, a marca Ibituruna ampliou seu portf\u00f3lio com lan\u00e7amentos como o achocolatado Olazinho, bebidas l\u00e1cteas de morango e banana, e produtos voltados para consumidores que buscam uma alimenta\u00e7\u00e3o mais leve, como o Creme de Leite Lev\u00edssimo e a Mussarela Zero Lactose.<\/p>\n\n\n\n<h3 class=\"wp-block-heading\">Impacto econ\u00f4mico e social<\/h3>\n\n\n\n<p class=\"wp-block-paragraph\">Com mais de 1.000 cooperados, 400 colaboradores diretos e centenas de prestadores de servi\u00e7os, a Cooperativa tem papel fundamental no desenvolvimento econ\u00f4mico de Governador Valadares. Em dezembro de 2024, os pagamentos de sal\u00e1rios e b\u00f4nus ultrapassaram R$ 10 milh\u00f5es, refletindo o compromisso com a qualidade de vida de seus membros e da comunidade.<\/p>\n\n\n\n<p class=\"wp-block-paragraph\">O presidente da Cooperativa, Jo\u00e3o Marques, destacou o impacto da institui\u00e7\u00e3o: \u201cFomos mais que uma cooperativa. Geramos empregos, apoiamos fam\u00edlias e contribu\u00edmos significativamente para o crescimento econ\u00f4mico e social da nossa cidade. Nossa miss\u00e3o vai al\u00e9m de produzir leite; queremos transformar vidas e gerar prosperidade.\u201d<\/p>\n\n\n\n<h3 class=\"wp-block-heading\">Olhando para o futuro<\/h3>\n\n\n\n<p class=\"wp-block-paragraph\">Com 66 anos de hist\u00f3ria, a Cooperativa Agropecu\u00e1ria Vale do Rio Doce mant\u00e9m o foco em inova\u00e7\u00e3o e sustentabilidade. O vice-diretor-presidente Fernando Ferreira refor\u00e7ou a vis\u00e3o de futuro: \u201cQueremos fortalecer ainda mais nossos cooperados, criar novas oportunidades e levar a excel\u00eancia do nosso trabalho para al\u00e9m das nossas fronteiras. Essa trajet\u00f3ria de sucesso nos inspira a seguir investindo no desenvolvimento regional e no bem-estar de todos.\u201d<\/p>\n","protected":false},"excerpt":{"rendered":"<p>A Cooperativa Agropecu\u00e1ria Vale do Rio Doce comemora, neste m\u00eas, 66 anos de trajet\u00f3ria marcada por inova\u00e7\u00e3o, desenvolvimento regional e impacto no setor produtivo de leite no Vale do Rio Doce. Fundada em 25 de janeiro de 1959, a institui\u00e7\u00e3o foi idealizada por produtores rurais com o objetivo de organizar a cadeia produtiva do leite, [&hellip;]<\/p>\n","protected":false},"author":4,"featured_media":194912,"comment_status":"open","ping_status":"closed","sticky":false,"template":"","format":"standard","meta":{"amp_status":"","footnotes":""},"categories":[121],"tags":[269198,269197,269200,1634,269202,269203,269201,269199,129],"class_list":["post-194911","post","type-post","status-publish","format-standard","has-post-thumbnail","hentry","category-leste","tag-cooperativa-agropecuaria-vale-do-rio-doce","tag-cooperativa-agropecuaria-vale-do-rio-doce-celebra-66-anos-de-historia","tag-historia-da-cooperativa-agropecuaria-vale-do-rio-doce","tag-ibituruna","tag-levissimo","tag-mussarela-zero-lactose","tag-olazinho","tag-produtos-cooperativa-agropecuaria-vale-do-rio-doce","tag-vale-do-rio-doce"],"yoast_head":"<!-- This site is optimized with the Yoast SEO plugin v28.3 - https:\/\/yoast.com\/product\/yoast-seo-wordpress\/ -->\n<title>Cooperativa Agropecu\u00e1ria Vale do Rio Doce celebra 66 anos de hist\u00f3ria - Aconteceu no Vale<\/title>\n<meta name=\"robots\" content=\"index, follow, max-snippet:-1, max-image-preview:large, max-video-preview:-1\" \/>\n<link rel=\"canonical\" href=\"https:\/\/aconteceunovale.com.br\/portal\/?p=194911\" \/>\n<meta property=\"og:locale\" content=\"pt_BR\" \/>\n<meta property=\"og:type\" content=\"article\" \/>\n<meta property=\"og:title\" content=\"Cooperativa Agropecu\u00e1ria Vale do Rio Doce celebra 66 anos de hist\u00f3ria - Aconteceu no Vale\" \/>\n<meta property=\"og:description\" content=\"A Cooperativa Agropecu\u00e1ria Vale do Rio Doce comemora, neste m\u00eas, 66 anos de trajet\u00f3ria marcada por inova\u00e7\u00e3o, desenvolvimento regional e impacto no setor produtivo de leite no Vale do Rio Doce. Fundada em 25 de janeiro de 1959, a institui\u00e7\u00e3o foi idealizada por produtores rurais com o objetivo de organizar a cadeia produtiva do leite, [&hellip;]\" \/>\n<meta property=\"og:url\" content=\"https:\/\/aconteceunovale.com.br\/portal\/?p=194911\" \/>\n<meta property=\"og:site_name\" content=\"Aconteceu no Vale\" \/>\n<meta property=\"article:publisher\" content=\"https:\/\/www.facebook.com\/aconteceunovale\/\" \/>\n<meta property=\"article:published_time\" content=\"2025-01-09T21:16:39+00:00\" \/>\n<meta property=\"article:modified_time\" content=\"2025-01-09T21:17:44+00:00\" \/>\n<meta property=\"og:image\" content=\"https:\/\/aconteceunovale.com.br\/portal\/wp-content\/uploads\/2025\/01\/coop_rio_doce.png\" \/>\n\t<meta property=\"og:image:width\" content=\"678\" \/>\n\t<meta property=\"og:image:height\" content=\"283\" \/>\n\t<meta property=\"og:image:type\" content=\"image\/png\" \/>\n<meta name=\"author\" content=\"Reda\u00e7\u00e3o Aconteceu no Vale\" \/>\n<meta name=\"twitter:card\" content=\"summary_large_image\" \/>\n<meta name=\"twitter:creator\" content=\"@noticiadosvales\" \/>\n<meta name=\"twitter:site\" content=\"@noticiadosvales\" \/>\n<meta name=\"twitter:label1\" content=\"Escrito por\" \/>\n\t<meta name=\"twitter:data1\" content=\"Reda\u00e7\u00e3o Aconteceu no Vale\" \/>\n\t<meta name=\"twitter:label2\" content=\"Est. tempo de leitura\" \/>\n\t<meta name=\"twitter:data2\" content=\"3 minutos\" \/>\n<script type=\"application\/ld+json\" class=\"yoast-schema-graph\">{\"@context\":\"https:\\\/\\\/schema.org\",\"@graph\":[{\"@type\":\"Article\",\"@id\":\"https:\\\/\\\/aconteceunovale.com.br\\\/portal\\\/?p=194911#article\",\"isPartOf\":{\"@id\":\"https:\\\/\\\/aconteceunovale.com.br\\\/portal\\\/?p=194911\"},\"author\":{\"name\":\"Reda\u00e7\u00e3o Aconteceu no Vale\",\"@id\":\"https:\\\/\\\/aconteceunovale.com.br\\\/portal\\\/#\\\/schema\\\/person\\\/7d2f26d1483f8a63de73da1ee0754d35\"},\"headline\":\"Cooperativa Agropecu\u00e1ria Vale do Rio Doce celebra 66 anos de hist\u00f3ria\",\"datePublished\":\"2025-01-09T21:16:39+00:00\",\"dateModified\":\"2025-01-09T21:17:44+00:00\",\"mainEntityOfPage\":{\"@id\":\"https:\\\/\\\/aconteceunovale.com.br\\\/portal\\\/?p=194911\"},\"wordCount\":542,\"commentCount\":0,\"image\":{\"@id\":\"https:\\\/\\\/aconteceunovale.com.br\\\/portal\\\/?p=194911#primaryimage\"},\"thumbnailUrl\":\"https:\\\/\\\/aconteceunovale.com.br\\\/portal\\\/wp-content\\\/uploads\\\/2025\\\/01\\\/coop_rio_doce.png\",\"keywords\":[\"Cooperativa Agropecu\u00e1ria Vale do Rio Doce\",\"Cooperativa Agropecu\u00e1ria Vale do Rio Doce celebra 66 anos de hist\u00f3ria\",\"Hist\u00f3ria da Cooperativa Agropecu\u00e1ria Vale do Rio Doce\",\"Ibituruna\",\"Lev\u00edssimo\",\"Mussarela Zero Lactose\",\"Olazinho\",\"Produtos Cooperativa Agropecu\u00e1ria Vale do Rio Doce\",\"Vale do Rio Doce\"],\"articleSection\":[\"Leste de Minas\"],\"inLanguage\":\"pt-BR\",\"potentialAction\":[{\"@type\":\"CommentAction\",\"name\":\"Comment\",\"target\":[\"https:\\\/\\\/aconteceunovale.com.br\\\/portal\\\/?p=194911#respond\"]}]},{\"@type\":\"WebPage\",\"@id\":\"https:\\\/\\\/aconteceunovale.com.br\\\/portal\\\/?p=194911\",\"url\":\"https:\\\/\\\/aconteceunovale.com.br\\\/portal\\\/?p=194911\",\"name\":\"Cooperativa Agropecu\u00e1ria Vale do Rio Doce celebra 66 anos de hist\u00f3ria - Aconteceu no Vale\",\"isPartOf\":{\"@id\":\"https:\\\/\\\/aconteceunovale.com.br\\\/portal\\\/#website\"},\"primaryImageOfPage\":{\"@id\":\"https:\\\/\\\/aconteceunovale.com.br\\\/portal\\\/?p=194911#primaryimage\"},\"image\":{\"@id\":\"https:\\\/\\\/aconteceunovale.com.br\\\/portal\\\/?p=194911#primaryimage\"},\"thumbnailUrl\":\"https:\\\/\\\/aconteceunovale.com.br\\\/portal\\\/wp-content\\\/uploads\\\/2025\\\/01\\\/coop_rio_doce.png\",\"datePublished\":\"2025-01-09T21:16:39+00:00\",\"dateModified\":\"2025-01-09T21:17:44+00:00\",\"author\":{\"@id\":\"https:\\\/\\\/aconteceunovale.com.br\\\/portal\\\/#\\\/schema\\\/person\\\/7d2f26d1483f8a63de73da1ee0754d35\"},\"breadcrumb\":{\"@id\":\"https:\\\/\\\/aconteceunovale.com.br\\\/portal\\\/?p=194911#breadcrumb\"},\"inLanguage\":\"pt-BR\",\"potentialAction\":[{\"@type\":\"ReadAction\",\"target\":[\"https:\\\/\\\/aconteceunovale.com.br\\\/portal\\\/?p=194911\"]}]},{\"@type\":\"ImageObject\",\"inLanguage\":\"pt-BR\",\"@id\":\"https:\\\/\\\/aconteceunovale.com.br\\\/portal\\\/?p=194911#primaryimage\",\"url\":\"https:\\\/\\\/aconteceunovale.com.br\\\/portal\\\/wp-content\\\/uploads\\\/2025\\\/01\\\/coop_rio_doce.png\",\"contentUrl\":\"https:\\\/\\\/aconteceunovale.com.br\\\/portal\\\/wp-content\\\/uploads\\\/2025\\\/01\\\/coop_rio_doce.png\",\"width\":678,\"height\":283},{\"@type\":\"BreadcrumbList\",\"@id\":\"https:\\\/\\\/aconteceunovale.com.br\\\/portal\\\/?p=194911#breadcrumb\",\"itemListElement\":[{\"@type\":\"ListItem\",\"position\":1,\"name\":\"In\u00edcio\",\"item\":\"https:\\\/\\\/aconteceunovale.com.br\\\/portal\\\/\"},{\"@type\":\"ListItem\",\"position\":2,\"name\":\"Cooperativa Agropecu\u00e1ria Vale do Rio Doce celebra 66 anos de hist\u00f3ria\"}]},{\"@type\":\"WebSite\",\"@id\":\"https:\\\/\\\/aconteceunovale.com.br\\\/portal\\\/#website\",\"url\":\"https:\\\/\\\/aconteceunovale.com.br\\\/portal\\\/\",\"name\":\"Aconteceu no Vale\",\"description\":\"Portal de Not\u00edcias\",\"potentialAction\":[{\"@type\":\"SearchAction\",\"target\":{\"@type\":\"EntryPoint\",\"urlTemplate\":\"https:\\\/\\\/aconteceunovale.com.br\\\/portal\\\/?s={search_term_string}\"},\"query-input\":{\"@type\":\"PropertyValueSpecification\",\"valueRequired\":true,\"valueName\":\"search_term_string\"}}],\"inLanguage\":\"pt-BR\"},{\"@type\":\"Person\",\"@id\":\"https:\\\/\\\/aconteceunovale.com.br\\\/portal\\\/#\\\/schema\\\/person\\\/7d2f26d1483f8a63de73da1ee0754d35\",\"name\":\"Reda\u00e7\u00e3o Aconteceu no Vale\",\"description\":\"Equipe de reportagem do Aconteceu no Vale, portal de not\u00edcias do Vale do Jequitinhonha, em Minas Gerais. Cobrimos as 51 cidades do Vale desde 2013. Sugest\u00f5es de pauta e pedidos de corre\u00e7\u00e3o: contato@aconteceunovale.com.br\",\"url\":\"https:\\\/\\\/aconteceunovale.com.br\\\/portal\\\/?author=4\"}]}<\/script>\n<!-- \/ Yoast SEO plugin. -->","yoast_head_json":{"title":"Cooperativa Agropecu\u00e1ria Vale do Rio Doce celebra 66 anos de hist\u00f3ria - Aconteceu no Vale","robots":{"index":"index","follow":"follow","max-snippet":"max-snippet:-1","max-image-preview":"max-image-preview:large","max-video-preview":"max-video-preview:-1"},"canonical":"https:\/\/aconteceunovale.com.br\/portal\/?p=194911","og_locale":"pt_BR","og_type":"article","og_title":"Cooperativa Agropecu\u00e1ria Vale do Rio Doce celebra 66 anos de hist\u00f3ria - Aconteceu no Vale","og_description":"A Cooperativa Agropecu\u00e1ria Vale do Rio Doce comemora, neste m\u00eas, 66 anos de trajet\u00f3ria marcada por inova\u00e7\u00e3o, desenvolvimento regional e impacto no setor produtivo de leite no Vale do Rio Doce. Fundada em 25 de janeiro de 1959, a institui\u00e7\u00e3o foi idealizada por produtores rurais com o objetivo de organizar a cadeia produtiva do leite, [&hellip;]","og_url":"https:\/\/aconteceunovale.com.br\/portal\/?p=194911","og_site_name":"Aconteceu no Vale","article_publisher":"https:\/\/www.facebook.com\/aconteceunovale\/","article_published_time":"2025-01-09T21:16:39+00:00","article_modified_time":"2025-01-09T21:17:44+00:00","og_image":[{"width":678,"height":283,"url":"https:\/\/aconteceunovale.com.br\/portal\/wp-content\/uploads\/2025\/01\/coop_rio_doce.png","type":"image\/png"}],"author":"Reda\u00e7\u00e3o Aconteceu no Vale","twitter_card":"summary_large_image","twitter_creator":"@noticiadosvales","twitter_site":"@noticiadosvales","twitter_misc":{"Escrito por":"Reda\u00e7\u00e3o Aconteceu no Vale","Est. tempo de leitura":"3 minutos"},"schema":{"@context":"https:\/\/schema.org","@graph":[{"@type":"Article","@id":"https:\/\/aconteceunovale.com.br\/portal\/?p=194911#article","isPartOf":{"@id":"https:\/\/aconteceunovale.com.br\/portal\/?p=194911"},"author":{"name":"Reda\u00e7\u00e3o Aconteceu no Vale","@id":"https:\/\/aconteceunovale.com.br\/portal\/#\/schema\/person\/7d2f26d1483f8a63de73da1ee0754d35"},"headline":"Cooperativa Agropecu\u00e1ria Vale do Rio Doce celebra 66 anos de hist\u00f3ria","datePublished":"2025-01-09T21:16:39+00:00","dateModified":"2025-01-09T21:17:44+00:00","mainEntityOfPage":{"@id":"https:\/\/aconteceunovale.com.br\/portal\/?p=194911"},"wordCount":542,"commentCount":0,"image":{"@id":"https:\/\/aconteceunovale.com.br\/portal\/?p=194911#primaryimage"},"thumbnailUrl":"https:\/\/aconteceunovale.com.br\/portal\/wp-content\/uploads\/2025\/01\/coop_rio_doce.png","keywords":["Cooperativa Agropecu\u00e1ria Vale do Rio Doce","Cooperativa Agropecu\u00e1ria Vale do Rio Doce celebra 66 anos de hist\u00f3ria","Hist\u00f3ria da Cooperativa Agropecu\u00e1ria Vale do Rio Doce","Ibituruna","Lev\u00edssimo","Mussarela Zero Lactose","Olazinho","Produtos Cooperativa Agropecu\u00e1ria Vale do Rio Doce","Vale do Rio Doce"],"articleSection":["Leste de Minas"],"inLanguage":"pt-BR","potentialAction":[{"@type":"CommentAction","name":"Comment","target":["https:\/\/aconteceunovale.com.br\/portal\/?p=194911#respond"]}]},{"@type":"WebPage","@id":"https:\/\/aconteceunovale.com.br\/portal\/?p=194911","url":"https:\/\/aconteceunovale.com.br\/portal\/?p=194911","name":"Cooperativa Agropecu\u00e1ria Vale do Rio Doce celebra 66 anos de hist\u00f3ria - Aconteceu no Vale","isPartOf":{"@id":"https:\/\/aconteceunovale.com.br\/portal\/#website"},"primaryImageOfPage":{"@id":"https:\/\/aconteceunovale.com.br\/portal\/?p=194911#primaryimage"},"image":{"@id":"https:\/\/aconteceunovale.com.br\/portal\/?p=194911#primaryimage"},"thumbnailUrl":"https:\/\/aconteceunovale.com.br\/portal\/wp-content\/uploads\/2025\/01\/coop_rio_doce.png","datePublished":"2025-01-09T21:16:39+00:00","dateModified":"2025-01-09T21:17:44+00:00","author":{"@id":"https:\/\/aconteceunovale.com.br\/portal\/#\/schema\/person\/7d2f26d1483f8a63de73da1ee0754d35"},"breadcrumb":{"@id":"https:\/\/aconteceunovale.com.br\/portal\/?p=194911#breadcrumb"},"inLanguage":"pt-BR","potentialAction":[{"@type":"ReadAction","target":["https:\/\/aconteceunovale.com.br\/portal\/?p=194911"]}]},{"@type":"ImageObject","inLanguage":"pt-BR","@id":"https:\/\/aconteceunovale.com.br\/portal\/?p=194911#primaryimage","url":"https:\/\/aconteceunovale.com.br\/portal\/wp-content\/uploads\/2025\/01\/coop_rio_doce.png","contentUrl":"https:\/\/aconteceunovale.com.br\/portal\/wp-content\/uploads\/2025\/01\/coop_rio_doce.png","width":678,"height":283},{"@type":"BreadcrumbList","@id":"https:\/\/aconteceunovale.com.br\/portal\/?p=194911#breadcrumb","itemListElement":[{"@type":"ListItem","position":1,"name":"In\u00edcio","item":"https:\/\/aconteceunovale.com.br\/portal\/"},{"@type":"ListItem","position":2,"name":"Cooperativa Agropecu\u00e1ria Vale do Rio Doce celebra 66 anos de hist\u00f3ria"}]},{"@type":"WebSite","@id":"https:\/\/aconteceunovale.com.br\/portal\/#website","url":"https:\/\/aconteceunovale.com.br\/portal\/","name":"Aconteceu no Vale","description":"Portal de Not\u00edcias","potentialAction":[{"@type":"SearchAction","target":{"@type":"EntryPoint","urlTemplate":"https:\/\/aconteceunovale.com.br\/portal\/?s={search_term_string}"},"query-input":{"@type":"PropertyValueSpecification","valueRequired":true,"valueName":"search_term_string"}}],"inLanguage":"pt-BR"},{"@type":"Person","@id":"https:\/\/aconteceunovale.com.br\/portal\/#\/schema\/person\/7d2f26d1483f8a63de73da1ee0754d35","name":"Reda\u00e7\u00e3o Aconteceu no Vale","description":"Equipe de reportagem do Aconteceu no Vale, portal de not\u00edcias do Vale do Jequitinhonha, em Minas Gerais. Cobrimos as 51 cidades do Vale desde 2013. Sugest\u00f5es de pauta e pedidos de corre\u00e7\u00e3o: contato@aconteceunovale.com.br","url":"https:\/\/aconteceunovale.com.br\/portal\/?author=4"}]}},"_links":{"self":[{"href":"https:\/\/aconteceunovale.com.br\/portal\/index.php?rest_route=\/wp\/v2\/posts\/194911","targetHints":{"allow":["GET"]}}],"collection":[{"href":"https:\/\/aconteceunovale.com.br\/portal\/index.php?rest_route=\/wp\/v2\/posts"}],"about":[{"href":"https:\/\/aconteceunovale.com.br\/portal\/index.php?rest_route=\/wp\/v2\/types\/post"}],"author":[{"embeddable":true,"href":"https:\/\/aconteceunovale.com.br\/portal\/index.php?rest_route=\/wp\/v2\/users\/4"}],"replies":[{"embeddable":true,"href":"https:\/\/aconteceunovale.com.br\/portal\/index.php?rest_route=%2Fwp%2Fv2%2Fcomments&post=194911"}],"version-history":[{"count":1,"href":"https:\/\/aconteceunovale.com.br\/portal\/index.php?rest_route=\/wp\/v2\/posts\/194911\/revisions"}],"predecessor-version":[{"id":194913,"href":"https:\/\/aconteceunovale.com.br\/portal\/index.php?rest_route=\/wp\/v2\/posts\/194911\/revisions\/194913"}],"wp:featuredmedia":[{"embeddable":true,"href":"https:\/\/aconteceunovale.com.br\/portal\/index.php?rest_route=\/wp\/v2\/media\/194912"}],"wp:attachment":[{"href":"https:\/\/aconteceunovale.com.br\/portal\/index.php?rest_route=%2Fwp%2Fv2%2Fmedia&parent=194911"}],"wp:term":[{"taxonomy":"category","embeddable":true,"href":"https:\/\/aconteceunovale.com.br\/portal\/index.php?rest_route=%2Fwp%2Fv2%2Fcategories&post=194911"},{"taxonomy":"post_tag","embeddable":true,"href":"https:\/\/aconteceunovale.com.br\/portal\/index.php?rest_route=%2Fwp%2Fv2%2Ftags&post=194911"}],"curies":[{"name":"wp","href":"https:\/\/api.w.org\/{rel}","templated":true}]}}