{"id":194908,"date":"2025-01-09T17:49:31","date_gmt":"2025-01-09T20:49:31","guid":{"rendered":"https:\/\/aconteceunovale.com.br\/portal\/?p=194908"},"modified":"2025-01-09T17:51:13","modified_gmt":"2025-01-09T20:51:13","slug":"ifmg-oferece-835-vagas-em-cursos-de-graduacao-pelo-sisu-2025","status":"publish","type":"post","link":"https:\/\/aconteceunovale.com.br\/portal\/?p=194908","title":{"rendered":"IFMG oferece 835 vagas em cursos de gradua\u00e7\u00e3o pelo Sisu 2025"},"content":{"rendered":"\n<p class=\"wp-block-paragraph\">O Instituto Federal de Educa\u00e7\u00e3o, Ci\u00eancia e Tecnologia de Minas Gerais (IFMG) anunciou a oferta de 835 vagas para cursos de gradua\u00e7\u00e3o no Sistema de Sele\u00e7\u00e3o Unificada (Sisu) 2025. O edital, publicado nesta quinta-feira (9\/1), detalha as oportunidades por curso e campus. As inscri\u00e7\u00f5es estar\u00e3o abertas entre os dias 17 e 21 de janeiro e devem ser feitas exclusivamente pelo Portal \u00danico de Acesso ao Ensino Superior: <a href=\"https:\/\/acessounico.mec.gov.br\/\" target=\"_blank\" rel=\"noreferrer noopener\">https:\/\/acessounico.mec.gov.br\/<\/a>.<\/p>\n\n\n\n<p class=\"wp-block-paragraph\">Para participar, \u00e9 necess\u00e1rio que o candidato tenha realizado o Exame Nacional do Ensino M\u00e9dio (Enem) 2024 e obtido nota superior a zero na reda\u00e7\u00e3o.<\/p>\n\n\n\n<h3 class=\"wp-block-heading\">Inscri\u00e7\u00e3o \u00fanica para o ano inteiro<\/h3>\n\n\n\n<p class=\"wp-block-paragraph\">Neste ano, o Sisu contar\u00e1 com apenas uma etapa de inscri\u00e7\u00e3o, permitindo que os candidatos disputem vagas para ambos os semestres letivos (1\u00ba e 2\u00ba semestres de 2025) em uma \u00fanica sele\u00e7\u00e3o. No caso do IFMG, a maioria das vagas \u00e9 destinada ao primeiro semestre, com exce\u00e7\u00e3o de dois cursos no Campus Ribeir\u00e3o das Neves, cujas turmas ter\u00e3o in\u00edcio no segundo semestre.<\/p>\n\n\n\n<p class=\"wp-block-paragraph\">A classifica\u00e7\u00e3o ser\u00e1 realizada com base no desempenho no Enem 2024. Inicialmente, os candidatos ser\u00e3o ranqueados pela ampla concorr\u00eancia, seguindo-se a aplica\u00e7\u00e3o da Lei de Cotas, que reserva vagas para estudantes de escolas p\u00fablicas, de baixa renda, com defici\u00eancia, al\u00e9m de pretos, pardos, ind\u00edgenas e quilombolas.<\/p>\n\n\n\n<h3 class=\"wp-block-heading\">Cronograma e matr\u00edculas<\/h3>\n\n\n\n<p class=\"wp-block-paragraph\">O resultado da chamada regular ser\u00e1 divulgado no dia 26 de janeiro. Os aprovados dever\u00e3o realizar a matr\u00edcula entre os dias 27 e 31 de janeiro. Informa\u00e7\u00f5es sobre cronograma e documenta\u00e7\u00e3o exigida estar\u00e3o dispon\u00edveis no portal institucional do IFMG.<\/p>\n\n\n\n<h3 class=\"wp-block-heading\">Lista de espera<\/h3>\n\n\n\n<p class=\"wp-block-paragraph\">Candidatos que n\u00e3o forem selecionados na chamada regular poder\u00e3o manifestar interesse em participar da lista de espera entre os dias 26 e 31 de janeiro, tamb\u00e9m pelo Portal Acesso \u00danico. As vagas eventualmente n\u00e3o ocupadas ser\u00e3o preenchidas por essa lista, com cronograma e orienta\u00e7\u00f5es a serem divulgados nos sites dos campi do IFMG.<\/p>\n\n\n\n<p class=\"wp-block-paragraph\">Para mais informa\u00e7\u00f5es, acesse o edital completo: <a href=\"https:\/\/www2.ifmg.edu.br\/portal\/noticias\/ifmg-vai-ofertar-835-vagas-no-sisu-2025\/edital-30-sisu-2025-ifmg.pdf\" target=\"_blank\" rel=\"noreferrer noopener\">https:\/\/www2.ifmg.edu.br\/portal\/noticias\/ifmg-vai-ofertar-835-vagas-no-sisu-2025\/edital-30-sisu-2025-ifmg.pdf<\/a>.<\/p>\n\n\n\n<h3 class=\"wp-block-heading\">Confira a rela\u00e7\u00e3o de cursos e vagas ofertados:<\/h3>\n\n\n\n<p class=\"wp-block-paragraph\"><strong>Campus Arcos:<\/strong><\/p>\n\n\n\n<figure class=\"wp-block-table\"><table class=\"has-fixed-layout\"><tbody><tr><td>Curso<\/td><td>Vagas<\/td><\/tr><tr><td>Engenharia Mec\u00e2nica<\/td><td>20<\/td><\/tr><\/tbody><\/table><\/figure>\n\n\n\n<p class=\"wp-block-paragraph\"><\/p>\n\n\n\n<p class=\"wp-block-paragraph\"><strong>Campus Betim:<\/strong><\/p>\n\n\n\n<figure class=\"wp-block-table\"><table class=\"has-fixed-layout\"><tbody><tr><td>Engenharia de Controle e Automa\u00e7\u00e3o<\/td><td>18<\/td><\/tr><tr><td>Engenharia Mec\u00e2nica<\/td><td>18<\/td><\/tr><\/tbody><\/table><\/figure>\n\n\n\n<p class=\"wp-block-paragraph\"><\/p>\n\n\n\n<p class=\"wp-block-paragraph\"><strong>Campus Bambu\u00ed:<\/strong><\/p>\n\n\n\n<figure class=\"wp-block-table\"><table class=\"has-fixed-layout\"><tbody><tr><td>Administra\u00e7\u00e3o<\/td><td>20<\/td><\/tr><tr><td>Agronomia<\/td><td>10<\/td><\/tr><tr><td>Ci\u00eancias Biol\u00f3gicas<\/td><td>25<\/td><\/tr><tr><td>Educa\u00e7\u00e3o F\u00edsica<\/td><td>15<\/td><\/tr><tr><td>Engenharia de Alimentos<\/td><td>15<\/td><\/tr><tr><td>Engenharia da Computa\u00e7\u00e3o<\/td><td>15<\/td><\/tr><tr><td>Engenharia de Produ\u00e7\u00e3o<\/td><td>20<\/td><\/tr><tr><td>F\u00edsica<\/td><td>10<\/td><\/tr><tr><td>Medicina Veterin\u00e1ria<\/td><td>20<\/td><\/tr><tr><td>Zootecnia<\/td><td>22<\/td><\/tr><\/tbody><\/table><\/figure>\n\n\n\n<p class=\"wp-block-paragraph\"><\/p>\n\n\n\n<p class=\"wp-block-paragraph\"><strong>Campus Congonhas:<\/strong><\/p>\n\n\n\n<figure class=\"wp-block-table\"><table class=\"has-fixed-layout\"><tbody><tr><td>Engenharia de Produ\u00e7\u00e3o<\/td><td>20<\/td><\/tr><tr><td>F\u00edsica<\/td><td>10<\/td><\/tr><tr><td>Letras (Portugu\u00eas\/Ingl\u00eas)<\/td><td>10<\/td><\/tr><\/tbody><\/table><\/figure>\n\n\n\n<p class=\"wp-block-paragraph\"><\/p>\n\n\n\n<p class=\"wp-block-paragraph\"><strong>Campus Formiga:<\/strong><\/p>\n\n\n\n<figure class=\"wp-block-table\"><table class=\"has-fixed-layout\"><tbody><tr><td>Administra\u00e7\u00e3o<\/td><td>10<\/td><\/tr><tr><td>Ci\u00eancia da Computa\u00e7\u00e3o<\/td><td>15<\/td><\/tr><tr><td>Engenharia El\u00e9trica<\/td><td>15<\/td><\/tr><tr><td>Matem\u00e1tica<\/td><td>15<\/td><\/tr><\/tbody><\/table><\/figure>\n\n\n\n<p class=\"wp-block-paragraph\"><\/p>\n\n\n\n<p class=\"wp-block-paragraph\"><strong>Campus Governador Valadares:<\/strong><\/p>\n\n\n\n<figure class=\"wp-block-table\"><table class=\"has-fixed-layout\"><tbody><tr><td>Engenharia Ambiental e Sanit\u00e1ria<\/td><td>20<\/td><\/tr><tr><td>Engenharia Civil<\/td><td>20<\/td><\/tr><tr><td>Engenharia de Produ\u00e7\u00e3o<\/td><td>20<\/td><\/tr><tr><td>Gest\u00e3o Ambiental<\/td><td>20<\/td><\/tr><\/tbody><\/table><\/figure>\n\n\n\n<p class=\"wp-block-paragraph\"><\/p>\n\n\n\n<p class=\"wp-block-paragraph\"><strong>Campus Ibirit\u00e9:<\/strong><\/p>\n\n\n\n<figure class=\"wp-block-table\"><table class=\"has-fixed-layout\"><tbody><tr><td>Ci\u00eancia da Computa\u00e7\u00e3o<\/td><td>20<\/td><\/tr><tr><td>Engenharia de Controle e Automa\u00e7\u00e3o<\/td><td>20<\/td><\/tr><\/tbody><\/table><\/figure>\n\n\n\n<p class=\"wp-block-paragraph\"><\/p>\n\n\n\n<p class=\"wp-block-paragraph\"><strong>Campus Ipatinga:<\/strong><\/p>\n\n\n\n<figure class=\"wp-block-table\"><table class=\"has-fixed-layout\"><tbody><tr><td>Curso<\/td><td>Vagas<\/td><\/tr><tr><td>Engenharia El\u00e9trica<\/td><td>20<\/td><\/tr><\/tbody><\/table><\/figure>\n\n\n\n<p class=\"wp-block-paragraph\"><\/p>\n\n\n\n<p class=\"wp-block-paragraph\"><strong>Campus Itabirito:<\/strong><\/p>\n\n\n\n<figure class=\"wp-block-table\"><table class=\"has-fixed-layout\"><tbody><tr><td>Curso<\/td><td>Vagas<\/td><\/tr><tr><td>Engenharia El\u00e9trica<\/td><td>20<\/td><\/tr><\/tbody><\/table><\/figure>\n\n\n\n<p class=\"wp-block-paragraph\"><\/p>\n\n\n\n<p class=\"wp-block-paragraph\"><strong>Campus Ouro Branco:<\/strong><\/p>\n\n\n\n<figure class=\"wp-block-table\"><table class=\"has-fixed-layout\"><tbody><tr><td>Administra\u00e7\u00e3o<\/td><td>10<\/td><\/tr><tr><td>Engenharia Metal\u00fargica<\/td><td>5<\/td><\/tr><tr><td>Pedagogia<\/td><td>5<\/td><\/tr><tr><td>Sistemas de Informa\u00e7\u00e3o<\/td><td>5<\/td><\/tr><\/tbody><\/table><\/figure>\n\n\n\n<p class=\"wp-block-paragraph\"><\/p>\n\n\n\n<p class=\"wp-block-paragraph\"><strong>Campus Ouro Preto:<\/strong><\/p>\n\n\n\n<figure class=\"wp-block-table\"><table class=\"has-fixed-layout\"><tbody><tr><td>An\u00e1lise e Desenvolvimento de Sistemas<\/td><td>10<\/td><\/tr><tr><td>Conserva\u00e7\u00e3o e Restauro<\/td><td>10<\/td><\/tr><tr><td>F\u00edsica<\/td><td>10<\/td><\/tr><tr><td>Geografia<\/td><td>15<\/td><\/tr><tr><td>Gest\u00e3o da Qualidade<\/td><td>18<\/td><\/tr><\/tbody><\/table><\/figure>\n\n\n\n<p class=\"wp-block-paragraph\"><\/p>\n\n\n\n<p class=\"wp-block-paragraph\"><strong>Campus Piumhi:<\/strong><\/p>\n\n\n\n<figure class=\"wp-block-table\"><table class=\"has-fixed-layout\"><tbody><tr><td>Curso<\/td><td>Vagas<\/td><\/tr><tr><td>Engenharia Civil<\/td><td>20<\/td><\/tr><\/tbody><\/table><\/figure>\n\n\n\n<p class=\"wp-block-paragraph\"><\/p>\n\n\n\n<p class=\"wp-block-paragraph\"><strong>Campus Ponte Nova:<\/strong><\/p>\n\n\n\n<figure class=\"wp-block-table\"><table class=\"has-fixed-layout\"><tbody><tr><td>Curso<\/td><td>Vagas<\/td><\/tr><tr><td>Processo Gerenciais<\/td><td>10<\/td><\/tr><\/tbody><\/table><\/figure>\n\n\n\n<p class=\"wp-block-paragraph\"><\/p>\n\n\n\n<p class=\"wp-block-paragraph\"><strong>Campus Ribeir\u00e3o das Neves:<\/strong><\/p>\n\n\n\n<figure class=\"wp-block-table\"><table class=\"has-fixed-layout\"><tbody><tr><td>Administra\u00e7\u00e3o<\/td><td>40 (sendo 20 vagas no 2\u00ba semestre)<\/td><\/tr><tr><td>Processos Gerenciais<\/td><td>34 (sendo 17 vagas no 2\u00ba semestre)<\/td><\/tr><\/tbody><\/table><\/figure>\n\n\n\n<p class=\"wp-block-paragraph\"><\/p>\n\n\n\n<p class=\"wp-block-paragraph\"><strong>Campus Sabar\u00e1:<\/strong><\/p>\n\n\n\n<figure class=\"wp-block-table\"><table class=\"has-fixed-layout\"><tbody><tr><td>Administra\u00e7\u00e3o<\/td><td>20<\/td><\/tr><tr><td>Engenharia de Controle e Automa\u00e7\u00e3o<\/td><td>10<\/td><\/tr><tr><td>Sistemas de Informa\u00e7\u00e3o<\/td><td>10<\/td><\/tr><\/tbody><\/table><\/figure>\n\n\n\n<p class=\"wp-block-paragraph\"><\/p>\n\n\n\n<p class=\"wp-block-paragraph\"><strong>Campus Santa Luzia:<\/strong><\/p>\n\n\n\n<figure class=\"wp-block-table\"><table class=\"has-fixed-layout\"><tbody><tr><td>Arquitetura e Urbanismo<\/td><td>10<\/td><\/tr><tr><td>Design de Interiores<\/td><td>10<\/td><\/tr><tr><td>Engenharia Civil<\/td><td>10<\/td><\/tr><\/tbody><\/table><\/figure>\n\n\n\n<p class=\"wp-block-paragraph\"><\/p>\n\n\n\n<p class=\"wp-block-paragraph\"><strong>Campus S\u00e3o Jo\u00e3o Evangelista:<\/strong><\/p>\n\n\n\n<figure class=\"wp-block-table\"><table class=\"has-fixed-layout\"><tbody><tr><td>Administra\u00e7\u00e3o<\/td><td>15<\/td><\/tr><tr><td>Agronomia<\/td><td>15<\/td><\/tr><tr><td>Ci\u00eancias Biol\u00f3gicas<\/td><td>15<\/td><\/tr><tr><td>Engenharia Florestal<\/td><td>15<\/td><\/tr><tr><td>Matem\u00e1tica<\/td><td>15<\/td><\/tr><tr><td>Sistemas de Informa\u00e7\u00e3o<\/td><td>15<\/td><\/tr><\/tbody><\/table><\/figure>\n","protected":false},"excerpt":{"rendered":"<p>O Instituto Federal de Educa\u00e7\u00e3o, Ci\u00eancia e Tecnologia de Minas Gerais (IFMG) anunciou a oferta de 835 vagas para cursos de gradua\u00e7\u00e3o no Sistema de Sele\u00e7\u00e3o Unificada (Sisu) 2025. O edital, publicado nesta quinta-feira (9\/1), detalha as oportunidades por curso e campus. As inscri\u00e7\u00f5es estar\u00e3o abertas entre os dias 17 e 21 de janeiro e [&hellip;]<\/p>\n","protected":false},"author":4,"featured_media":194909,"comment_status":"open","ping_status":"closed","sticky":false,"template":"","format":"standard","meta":{"amp_status":"","footnotes":""},"categories":[40238,121,123],"tags":[1514,192,1495,1527,1513,247,1494,160,269193,269196,37409,201,1499,1529,211,1783,217,3674,1779,1498,162,269194,269195],"class_list":["post-194908","post","type-post","status-publish","format-standard","has-post-thumbnail","hentry","category-educacao-2","category-leste","category-gerais","tag-arcos","tag-bambui","tag-betim","tag-congonhas","tag-formiga","tag-governador-valadares","tag-ibirite","tag-ifmg","tag-ifmg-oferece-835-vagas-em-cursos-de-graduacao-pelo-sisu-2025","tag-ifmg-sisu-2025","tag-instituto-federal-de-minas-gerais","tag-ipatinga","tag-itabirito","tag-ouro-branco","tag-ouro-preto","tag-piumhi","tag-ponte-nova","tag-ribeirao-das-neves","tag-sabara","tag-santa-luzia","tag-sao-joao-evangelista","tag-sisu-2025","tag-sisu-2025-ifmg"],"yoast_head":"<!-- This site is optimized with the Yoast SEO plugin v28.3 - https:\/\/yoast.com\/product\/yoast-seo-wordpress\/ -->\n<title>IFMG oferece 835 vagas em cursos de gradua\u00e7\u00e3o pelo Sisu 2025 - Aconteceu no Vale<\/title>\n<meta name=\"robots\" content=\"index, follow, max-snippet:-1, max-image-preview:large, max-video-preview:-1\" \/>\n<link rel=\"canonical\" href=\"https:\/\/aconteceunovale.com.br\/portal\/?p=194908\" \/>\n<meta property=\"og:locale\" content=\"pt_BR\" \/>\n<meta property=\"og:type\" content=\"article\" \/>\n<meta property=\"og:title\" content=\"IFMG oferece 835 vagas em cursos de gradua\u00e7\u00e3o pelo Sisu 2025 - Aconteceu no Vale\" \/>\n<meta property=\"og:description\" content=\"O Instituto Federal de Educa\u00e7\u00e3o, Ci\u00eancia e Tecnologia de Minas Gerais (IFMG) anunciou a oferta de 835 vagas para cursos de gradua\u00e7\u00e3o no Sistema de Sele\u00e7\u00e3o Unificada (Sisu) 2025. O edital, publicado nesta quinta-feira (9\/1), detalha as oportunidades por curso e campus. As inscri\u00e7\u00f5es estar\u00e3o abertas entre os dias 17 e 21 de janeiro e [&hellip;]\" \/>\n<meta property=\"og:url\" content=\"https:\/\/aconteceunovale.com.br\/portal\/?p=194908\" \/>\n<meta property=\"og:site_name\" content=\"Aconteceu no Vale\" \/>\n<meta property=\"article:publisher\" content=\"https:\/\/www.facebook.com\/aconteceunovale\/\" \/>\n<meta property=\"article:published_time\" content=\"2025-01-09T20:49:31+00:00\" \/>\n<meta property=\"article:modified_time\" content=\"2025-01-09T20:51:13+00:00\" \/>\n<meta property=\"og:image\" content=\"https:\/\/aconteceunovale.com.br\/portal\/wp-content\/uploads\/2025\/01\/ifmg_sisu.png\" \/>\n\t<meta property=\"og:image:width\" content=\"678\" \/>\n\t<meta property=\"og:image:height\" content=\"381\" \/>\n\t<meta property=\"og:image:type\" content=\"image\/png\" \/>\n<meta name=\"author\" content=\"Reda\u00e7\u00e3o Aconteceu no Vale\" \/>\n<meta name=\"twitter:card\" content=\"summary_large_image\" \/>\n<meta name=\"twitter:creator\" content=\"@noticiadosvales\" \/>\n<meta name=\"twitter:site\" content=\"@noticiadosvales\" \/>\n<meta name=\"twitter:label1\" content=\"Escrito por\" \/>\n\t<meta name=\"twitter:data1\" content=\"Reda\u00e7\u00e3o Aconteceu no Vale\" \/>\n\t<meta name=\"twitter:label2\" content=\"Est. tempo de leitura\" \/>\n\t<meta name=\"twitter:data2\" content=\"3 minutos\" \/>\n<script type=\"application\/ld+json\" class=\"yoast-schema-graph\">{\"@context\":\"https:\\\/\\\/schema.org\",\"@graph\":[{\"@type\":\"Article\",\"@id\":\"https:\\\/\\\/aconteceunovale.com.br\\\/portal\\\/?p=194908#article\",\"isPartOf\":{\"@id\":\"https:\\\/\\\/aconteceunovale.com.br\\\/portal\\\/?p=194908\"},\"author\":{\"name\":\"Reda\u00e7\u00e3o Aconteceu no Vale\",\"@id\":\"https:\\\/\\\/aconteceunovale.com.br\\\/portal\\\/#\\\/schema\\\/person\\\/7d2f26d1483f8a63de73da1ee0754d35\"},\"headline\":\"IFMG oferece 835 vagas em cursos de gradua\u00e7\u00e3o pelo Sisu 2025\",\"datePublished\":\"2025-01-09T20:49:31+00:00\",\"dateModified\":\"2025-01-09T20:51:13+00:00\",\"mainEntityOfPage\":{\"@id\":\"https:\\\/\\\/aconteceunovale.com.br\\\/portal\\\/?p=194908\"},\"wordCount\":597,\"commentCount\":0,\"image\":{\"@id\":\"https:\\\/\\\/aconteceunovale.com.br\\\/portal\\\/?p=194908#primaryimage\"},\"thumbnailUrl\":\"https:\\\/\\\/aconteceunovale.com.br\\\/portal\\\/wp-content\\\/uploads\\\/2025\\\/01\\\/ifmg_sisu.png\",\"keywords\":[\"Arcos\",\"Bambu\u00ed\",\"Betim\",\"Congonhas\",\"Formiga\",\"Governador Valadares\",\"Ibirit\u00e9\",\"IFMG\",\"IFMG oferece 835 vagas em cursos de gradua\u00e7\u00e3o pelo Sisu 2025\",\"IFMG Sisu 2025\",\"Instituto Federal de Minas Gerais\",\"Ipatinga\",\"Itabirito\",\"Ouro Branco\",\"Ouro Preto\",\"Piumhi\",\"Ponte Nova\",\"Ribeir\u00e3o das Neves\",\"Sabar\u00e1\",\"Santa Luzia\",\"S\u00e3o Jo\u00e3o Evangelista\",\"Sisu 2025\",\"Sisu 2025 IFMG\"],\"articleSection\":[\"Educa\u00e7\u00e3o\",\"Leste de Minas\",\"Minas Gerais\"],\"inLanguage\":\"pt-BR\",\"potentialAction\":[{\"@type\":\"CommentAction\",\"name\":\"Comment\",\"target\":[\"https:\\\/\\\/aconteceunovale.com.br\\\/portal\\\/?p=194908#respond\"]}]},{\"@type\":\"WebPage\",\"@id\":\"https:\\\/\\\/aconteceunovale.com.br\\\/portal\\\/?p=194908\",\"url\":\"https:\\\/\\\/aconteceunovale.com.br\\\/portal\\\/?p=194908\",\"name\":\"IFMG oferece 835 vagas em cursos de gradua\u00e7\u00e3o pelo Sisu 2025 - Aconteceu no Vale\",\"isPartOf\":{\"@id\":\"https:\\\/\\\/aconteceunovale.com.br\\\/portal\\\/#website\"},\"primaryImageOfPage\":{\"@id\":\"https:\\\/\\\/aconteceunovale.com.br\\\/portal\\\/?p=194908#primaryimage\"},\"image\":{\"@id\":\"https:\\\/\\\/aconteceunovale.com.br\\\/portal\\\/?p=194908#primaryimage\"},\"thumbnailUrl\":\"https:\\\/\\\/aconteceunovale.com.br\\\/portal\\\/wp-content\\\/uploads\\\/2025\\\/01\\\/ifmg_sisu.png\",\"datePublished\":\"2025-01-09T20:49:31+00:00\",\"dateModified\":\"2025-01-09T20:51:13+00:00\",\"author\":{\"@id\":\"https:\\\/\\\/aconteceunovale.com.br\\\/portal\\\/#\\\/schema\\\/person\\\/7d2f26d1483f8a63de73da1ee0754d35\"},\"breadcrumb\":{\"@id\":\"https:\\\/\\\/aconteceunovale.com.br\\\/portal\\\/?p=194908#breadcrumb\"},\"inLanguage\":\"pt-BR\",\"potentialAction\":[{\"@type\":\"ReadAction\",\"target\":[\"https:\\\/\\\/aconteceunovale.com.br\\\/portal\\\/?p=194908\"]}]},{\"@type\":\"ImageObject\",\"inLanguage\":\"pt-BR\",\"@id\":\"https:\\\/\\\/aconteceunovale.com.br\\\/portal\\\/?p=194908#primaryimage\",\"url\":\"https:\\\/\\\/aconteceunovale.com.br\\\/portal\\\/wp-content\\\/uploads\\\/2025\\\/01\\\/ifmg_sisu.png\",\"contentUrl\":\"https:\\\/\\\/aconteceunovale.com.br\\\/portal\\\/wp-content\\\/uploads\\\/2025\\\/01\\\/ifmg_sisu.png\",\"width\":678,\"height\":381},{\"@type\":\"BreadcrumbList\",\"@id\":\"https:\\\/\\\/aconteceunovale.com.br\\\/portal\\\/?p=194908#breadcrumb\",\"itemListElement\":[{\"@type\":\"ListItem\",\"position\":1,\"name\":\"In\u00edcio\",\"item\":\"https:\\\/\\\/aconteceunovale.com.br\\\/portal\\\/\"},{\"@type\":\"ListItem\",\"position\":2,\"name\":\"IFMG oferece 835 vagas em cursos de gradua\u00e7\u00e3o pelo Sisu 2025\"}]},{\"@type\":\"WebSite\",\"@id\":\"https:\\\/\\\/aconteceunovale.com.br\\\/portal\\\/#website\",\"url\":\"https:\\\/\\\/aconteceunovale.com.br\\\/portal\\\/\",\"name\":\"Aconteceu no Vale\",\"description\":\"Portal de Not\u00edcias\",\"potentialAction\":[{\"@type\":\"SearchAction\",\"target\":{\"@type\":\"EntryPoint\",\"urlTemplate\":\"https:\\\/\\\/aconteceunovale.com.br\\\/portal\\\/?s={search_term_string}\"},\"query-input\":{\"@type\":\"PropertyValueSpecification\",\"valueRequired\":true,\"valueName\":\"search_term_string\"}}],\"inLanguage\":\"pt-BR\"},{\"@type\":\"Person\",\"@id\":\"https:\\\/\\\/aconteceunovale.com.br\\\/portal\\\/#\\\/schema\\\/person\\\/7d2f26d1483f8a63de73da1ee0754d35\",\"name\":\"Reda\u00e7\u00e3o Aconteceu no Vale\",\"description\":\"Equipe de reportagem do Aconteceu no Vale, portal de not\u00edcias do Vale do Jequitinhonha, em Minas Gerais. Cobrimos as 51 cidades do Vale desde 2013. Sugest\u00f5es de pauta e pedidos de corre\u00e7\u00e3o: contato@aconteceunovale.com.br\",\"url\":\"https:\\\/\\\/aconteceunovale.com.br\\\/portal\\\/?author=4\"}]}<\/script>\n<!-- \/ Yoast SEO plugin. -->","yoast_head_json":{"title":"IFMG oferece 835 vagas em cursos de gradua\u00e7\u00e3o pelo Sisu 2025 - Aconteceu no Vale","robots":{"index":"index","follow":"follow","max-snippet":"max-snippet:-1","max-image-preview":"max-image-preview:large","max-video-preview":"max-video-preview:-1"},"canonical":"https:\/\/aconteceunovale.com.br\/portal\/?p=194908","og_locale":"pt_BR","og_type":"article","og_title":"IFMG oferece 835 vagas em cursos de gradua\u00e7\u00e3o pelo Sisu 2025 - Aconteceu no Vale","og_description":"O Instituto Federal de Educa\u00e7\u00e3o, Ci\u00eancia e Tecnologia de Minas Gerais (IFMG) anunciou a oferta de 835 vagas para cursos de gradua\u00e7\u00e3o no Sistema de Sele\u00e7\u00e3o Unificada (Sisu) 2025. O edital, publicado nesta quinta-feira (9\/1), detalha as oportunidades por curso e campus. As inscri\u00e7\u00f5es estar\u00e3o abertas entre os dias 17 e 21 de janeiro e [&hellip;]","og_url":"https:\/\/aconteceunovale.com.br\/portal\/?p=194908","og_site_name":"Aconteceu no Vale","article_publisher":"https:\/\/www.facebook.com\/aconteceunovale\/","article_published_time":"2025-01-09T20:49:31+00:00","article_modified_time":"2025-01-09T20:51:13+00:00","og_image":[{"width":678,"height":381,"url":"https:\/\/aconteceunovale.com.br\/portal\/wp-content\/uploads\/2025\/01\/ifmg_sisu.png","type":"image\/png"}],"author":"Reda\u00e7\u00e3o Aconteceu no Vale","twitter_card":"summary_large_image","twitter_creator":"@noticiadosvales","twitter_site":"@noticiadosvales","twitter_misc":{"Escrito por":"Reda\u00e7\u00e3o Aconteceu no Vale","Est. tempo de leitura":"3 minutos"},"schema":{"@context":"https:\/\/schema.org","@graph":[{"@type":"Article","@id":"https:\/\/aconteceunovale.com.br\/portal\/?p=194908#article","isPartOf":{"@id":"https:\/\/aconteceunovale.com.br\/portal\/?p=194908"},"author":{"name":"Reda\u00e7\u00e3o Aconteceu no Vale","@id":"https:\/\/aconteceunovale.com.br\/portal\/#\/schema\/person\/7d2f26d1483f8a63de73da1ee0754d35"},"headline":"IFMG oferece 835 vagas em cursos de gradua\u00e7\u00e3o pelo Sisu 2025","datePublished":"2025-01-09T20:49:31+00:00","dateModified":"2025-01-09T20:51:13+00:00","mainEntityOfPage":{"@id":"https:\/\/aconteceunovale.com.br\/portal\/?p=194908"},"wordCount":597,"commentCount":0,"image":{"@id":"https:\/\/aconteceunovale.com.br\/portal\/?p=194908#primaryimage"},"thumbnailUrl":"https:\/\/aconteceunovale.com.br\/portal\/wp-content\/uploads\/2025\/01\/ifmg_sisu.png","keywords":["Arcos","Bambu\u00ed","Betim","Congonhas","Formiga","Governador Valadares","Ibirit\u00e9","IFMG","IFMG oferece 835 vagas em cursos de gradua\u00e7\u00e3o pelo Sisu 2025","IFMG Sisu 2025","Instituto Federal de Minas Gerais","Ipatinga","Itabirito","Ouro Branco","Ouro Preto","Piumhi","Ponte Nova","Ribeir\u00e3o das Neves","Sabar\u00e1","Santa Luzia","S\u00e3o Jo\u00e3o Evangelista","Sisu 2025","Sisu 2025 IFMG"],"articleSection":["Educa\u00e7\u00e3o","Leste de Minas","Minas Gerais"],"inLanguage":"pt-BR","potentialAction":[{"@type":"CommentAction","name":"Comment","target":["https:\/\/aconteceunovale.com.br\/portal\/?p=194908#respond"]}]},{"@type":"WebPage","@id":"https:\/\/aconteceunovale.com.br\/portal\/?p=194908","url":"https:\/\/aconteceunovale.com.br\/portal\/?p=194908","name":"IFMG oferece 835 vagas em cursos de gradua\u00e7\u00e3o pelo Sisu 2025 - Aconteceu no Vale","isPartOf":{"@id":"https:\/\/aconteceunovale.com.br\/portal\/#website"},"primaryImageOfPage":{"@id":"https:\/\/aconteceunovale.com.br\/portal\/?p=194908#primaryimage"},"image":{"@id":"https:\/\/aconteceunovale.com.br\/portal\/?p=194908#primaryimage"},"thumbnailUrl":"https:\/\/aconteceunovale.com.br\/portal\/wp-content\/uploads\/2025\/01\/ifmg_sisu.png","datePublished":"2025-01-09T20:49:31+00:00","dateModified":"2025-01-09T20:51:13+00:00","author":{"@id":"https:\/\/aconteceunovale.com.br\/portal\/#\/schema\/person\/7d2f26d1483f8a63de73da1ee0754d35"},"breadcrumb":{"@id":"https:\/\/aconteceunovale.com.br\/portal\/?p=194908#breadcrumb"},"inLanguage":"pt-BR","potentialAction":[{"@type":"ReadAction","target":["https:\/\/aconteceunovale.com.br\/portal\/?p=194908"]}]},{"@type":"ImageObject","inLanguage":"pt-BR","@id":"https:\/\/aconteceunovale.com.br\/portal\/?p=194908#primaryimage","url":"https:\/\/aconteceunovale.com.br\/portal\/wp-content\/uploads\/2025\/01\/ifmg_sisu.png","contentUrl":"https:\/\/aconteceunovale.com.br\/portal\/wp-content\/uploads\/2025\/01\/ifmg_sisu.png","width":678,"height":381},{"@type":"BreadcrumbList","@id":"https:\/\/aconteceunovale.com.br\/portal\/?p=194908#breadcrumb","itemListElement":[{"@type":"ListItem","position":1,"name":"In\u00edcio","item":"https:\/\/aconteceunovale.com.br\/portal\/"},{"@type":"ListItem","position":2,"name":"IFMG oferece 835 vagas em cursos de gradua\u00e7\u00e3o pelo Sisu 2025"}]},{"@type":"WebSite","@id":"https:\/\/aconteceunovale.com.br\/portal\/#website","url":"https:\/\/aconteceunovale.com.br\/portal\/","name":"Aconteceu no Vale","description":"Portal de Not\u00edcias","potentialAction":[{"@type":"SearchAction","target":{"@type":"EntryPoint","urlTemplate":"https:\/\/aconteceunovale.com.br\/portal\/?s={search_term_string}"},"query-input":{"@type":"PropertyValueSpecification","valueRequired":true,"valueName":"search_term_string"}}],"inLanguage":"pt-BR"},{"@type":"Person","@id":"https:\/\/aconteceunovale.com.br\/portal\/#\/schema\/person\/7d2f26d1483f8a63de73da1ee0754d35","name":"Reda\u00e7\u00e3o Aconteceu no Vale","description":"Equipe de reportagem do Aconteceu no Vale, portal de not\u00edcias do Vale do Jequitinhonha, em Minas Gerais. Cobrimos as 51 cidades do Vale desde 2013. Sugest\u00f5es de pauta e pedidos de corre\u00e7\u00e3o: contato@aconteceunovale.com.br","url":"https:\/\/aconteceunovale.com.br\/portal\/?author=4"}]}},"_links":{"self":[{"href":"https:\/\/aconteceunovale.com.br\/portal\/index.php?rest_route=\/wp\/v2\/posts\/194908","targetHints":{"allow":["GET"]}}],"collection":[{"href":"https:\/\/aconteceunovale.com.br\/portal\/index.php?rest_route=\/wp\/v2\/posts"}],"about":[{"href":"https:\/\/aconteceunovale.com.br\/portal\/index.php?rest_route=\/wp\/v2\/types\/post"}],"author":[{"embeddable":true,"href":"https:\/\/aconteceunovale.com.br\/portal\/index.php?rest_route=\/wp\/v2\/users\/4"}],"replies":[{"embeddable":true,"href":"https:\/\/aconteceunovale.com.br\/portal\/index.php?rest_route=%2Fwp%2Fv2%2Fcomments&post=194908"}],"version-history":[{"count":1,"href":"https:\/\/aconteceunovale.com.br\/portal\/index.php?rest_route=\/wp\/v2\/posts\/194908\/revisions"}],"predecessor-version":[{"id":194910,"href":"https:\/\/aconteceunovale.com.br\/portal\/index.php?rest_route=\/wp\/v2\/posts\/194908\/revisions\/194910"}],"wp:featuredmedia":[{"embeddable":true,"href":"https:\/\/aconteceunovale.com.br\/portal\/index.php?rest_route=\/wp\/v2\/media\/194909"}],"wp:attachment":[{"href":"https:\/\/aconteceunovale.com.br\/portal\/index.php?rest_route=%2Fwp%2Fv2%2Fmedia&parent=194908"}],"wp:term":[{"taxonomy":"category","embeddable":true,"href":"https:\/\/aconteceunovale.com.br\/portal\/index.php?rest_route=%2Fwp%2Fv2%2Fcategories&post=194908"},{"taxonomy":"post_tag","embeddable":true,"href":"https:\/\/aconteceunovale.com.br\/portal\/index.php?rest_route=%2Fwp%2Fv2%2Ftags&post=194908"}],"curies":[{"name":"wp","href":"https:\/\/api.w.org\/{rel}","templated":true}]}}