{"id":194897,"date":"2025-01-09T16:32:20","date_gmt":"2025-01-09T19:32:20","guid":{"rendered":"https:\/\/aconteceunovale.com.br\/portal\/?p=194897"},"modified":"2025-01-09T19:24:54","modified_gmt":"2025-01-09T22:24:54","slug":"operacao-letat-cest-moi-prende-12-pessoas-na-zona-da-mata","status":"publish","type":"post","link":"https:\/\/aconteceunovale.com.br\/portal\/?p=194897","title":{"rendered":"Opera\u00e7\u00e3o &#8220;L&#8217;\u00c9tat, c&#8217;est moi&#8221; det\u00e9m 12 pessoas na Zona da Mata"},"content":{"rendered":"\n<p class=\"wp-block-paragraph\">A Pol\u00edcia Civil de Minas Gerais (PCMG) deflagrou, nesta quinta-feira (9\/1\/2025), a segunda fase da opera\u00e7\u00e3o <strong>&#8220;L&#8217;\u00c9tat, c&#8217;est moi&#8221;<\/strong>, nos munic\u00edpios de Oriz\u00e2nia e Divino, na Zona da Mata. A a\u00e7\u00e3o resultou na pris\u00e3o de seis adultos e na apreens\u00e3o de seis adolescentes, todos suspeitos de envolvimento com o tr\u00e1fico de drogas e crimes associados.<\/p>\n\n\n\n<figure class=\"wp-block-gallery has-nested-images columns-default is-cropped wp-block-gallery-1 is-layout-flex wp-block-gallery-is-layout-flex\">\n<figure class=\"wp-block-image size-large\"><img loading=\"lazy\" decoding=\"async\" width=\"678\" height=\"384\" data-id=\"194898\" src=\"https:\/\/aconteceunovale.com.br\/portal\/wp-content\/uploads\/2025\/01\/operacao_zona_da_mata.png\" alt=\"\" class=\"wp-image-194898\" srcset=\"https:\/\/aconteceunovale.com.br\/portal\/wp-content\/uploads\/2025\/01\/operacao_zona_da_mata.png 678w, https:\/\/aconteceunovale.com.br\/portal\/wp-content\/uploads\/2025\/01\/operacao_zona_da_mata-300x170.png 300w\" sizes=\"auto, (max-width: 678px) 100vw, 678px\" \/><figcaption class=\"wp-element-caption\"><em>Foto: Divulga\u00e7\u00e3o \/ PCMG<\/em><\/figcaption><\/figure>\n<\/figure>\n\n\n\n<h3 class=\"wp-block-heading\">Investiga\u00e7\u00e3o e contexto<\/h3>\n\n\n\n<p class=\"wp-block-paragraph\">As investiga\u00e7\u00f5es tiveram in\u00edcio em julho de 2024, ap\u00f3s o corpo de um homem ser encontrado no C\u00f3rrego do On\u00e7a, em Oriz\u00e2nia. O homic\u00eddio foi relacionado \u00e0 disputa pelo controle do tr\u00e1fico de drogas na regi\u00e3o. Na primeira fase da opera\u00e7\u00e3o, realizada anteriormente, um casal foi preso por participa\u00e7\u00e3o direta no crime.<\/p>\n\n\n\n<p class=\"wp-block-paragraph\">De acordo com o delegado Thales Borges Muniz, respons\u00e1vel pela opera\u00e7\u00e3o, as apura\u00e7\u00f5es identificaram uma rede criminosa que atuava no tr\u00e1fico de drogas e praticava homic\u00eddios para consolidar o dom\u00ednio territorial.<\/p>\n\n\n\n<p class=\"wp-block-paragraph\">&#8220;Um dos presos veio do Rio de Janeiro e se apresentava como membro de uma fac\u00e7\u00e3o carioca. Ele utilizava essa falsa posi\u00e7\u00e3o para aliciar homens e adolescentes para o tr\u00e1fico de drogas na regi\u00e3o&#8221;, explicou o delegado.<\/p>\n\n\n\n<p class=\"wp-block-paragraph\">O suspeito tamb\u00e9m adotava m\u00e9todos violentos para eliminar concorrentes, focando em traficantes considerados vulner\u00e1veis, como idosos ou indiv\u00edduos sem hist\u00f3rico de confrontos armados. O assassinato do homem encontrado no c\u00f3rrego teria sido parte dessa estrat\u00e9gia de expans\u00e3o criminosa.<\/p>\n\n\n\n<h3 class=\"wp-block-heading\">Opera\u00e7\u00e3o e resultados<\/h3>\n\n\n\n<p class=\"wp-block-paragraph\">A opera\u00e7\u00e3o mobilizou cerca de 50 policiais civis, com apoio das delegacias regionais de Vi\u00e7osa, Leopoldina, Ub\u00e1 e Muria\u00e9. Foram cumpridos dez mandados de pris\u00e3o, sete de interna\u00e7\u00e3o provis\u00f3ria e buscas domiciliares.<\/p>\n\n\n\n<p class=\"wp-block-paragraph\">Os presos e adolescentes apreendidos foram encaminhados \u00e0s unidades competentes e permanecem \u00e0 disposi\u00e7\u00e3o da Justi\u00e7a.<\/p>\n\n\n\n<h3 class=\"wp-block-heading\">Significado do nome da opera\u00e7\u00e3o<\/h3>\n\n\n\n<p class=\"wp-block-paragraph\">A opera\u00e7\u00e3o recebeu o nome <strong>&#8220;L&#8217;\u00c9tat, c&#8217;est moi&#8221;<\/strong>, frase atribu\u00edda ao rei franc\u00eas Lu\u00eds XIV, que significa &#8220;O Estado sou eu&#8221;. Segundo o delegado Thales Muniz, a escolha foi uma resposta a uma m\u00fasica criada pelo grupo criminoso, que desafiava a autoridade do Estado.<\/p>\n\n\n\n<p class=\"wp-block-paragraph\">&#8220;A escolha do nome refor\u00e7a que a Pol\u00edcia Civil atua de forma incisiva para garantir a presen\u00e7a do Estado e restabelecer a ordem em \u00e1reas afetadas pelo crime&#8221;, destacou Muniz.<\/p>\n","protected":false},"excerpt":{"rendered":"<p>A Pol\u00edcia Civil de Minas Gerais (PCMG) deflagrou, nesta quinta-feira (9\/1\/2025), a segunda fase da opera\u00e7\u00e3o &#8220;L&#8217;\u00c9tat, c&#8217;est moi&#8221;, nos munic\u00edpios de Oriz\u00e2nia e Divino, na Zona da Mata. A a\u00e7\u00e3o resultou na pris\u00e3o de seis adultos e na apreens\u00e3o de seis adolescentes, todos suspeitos de envolvimento com o tr\u00e1fico de drogas e crimes associados. [&hellip;]<\/p>\n","protected":false},"author":4,"featured_media":194898,"comment_status":"open","ping_status":"closed","sticky":false,"template":"","format":"standard","meta":{"amp_status":"","footnotes":""},"categories":[123],"tags":[257318,966,208,1502,269186,269185,269187,1597,604,219,18771],"class_list":["post-194897","post","type-post","status-publish","format-standard","has-post-thumbnail","hentry","category-gerais","tag-delegado-thales-borges-muniz","tag-divino","tag-leopoldina","tag-muriae","tag-operacao-letat-cest-moi","tag-operacao-letat-cest-moi-prende-12-pessoas-na-zona-da-mata","tag-operacao-na-zona-da-mata","tag-orizania","tag-pcmg","tag-uba","tag-vicosa"],"yoast_head":"<!-- This site is optimized with the Yoast SEO plugin v28.3 - https:\/\/yoast.com\/product\/yoast-seo-wordpress\/ -->\n<title>Opera\u00e7\u00e3o &quot;L&#039;\u00c9tat, c&#039;est moi&quot; det\u00e9m 12 pessoas na Zona da Mata - Aconteceu no Vale<\/title>\n<meta name=\"robots\" content=\"index, follow, max-snippet:-1, max-image-preview:large, max-video-preview:-1\" \/>\n<link rel=\"canonical\" href=\"https:\/\/aconteceunovale.com.br\/portal\/?p=194897\" \/>\n<meta property=\"og:locale\" content=\"pt_BR\" \/>\n<meta property=\"og:type\" content=\"article\" \/>\n<meta property=\"og:title\" content=\"Opera\u00e7\u00e3o &quot;L&#039;\u00c9tat, c&#039;est moi&quot; det\u00e9m 12 pessoas na Zona da Mata - Aconteceu no Vale\" \/>\n<meta property=\"og:description\" content=\"A Pol\u00edcia Civil de Minas Gerais (PCMG) deflagrou, nesta quinta-feira (9\/1\/2025), a segunda fase da opera\u00e7\u00e3o &#8220;L&#8217;\u00c9tat, c&#8217;est moi&#8221;, nos munic\u00edpios de Oriz\u00e2nia e Divino, na Zona da Mata. A a\u00e7\u00e3o resultou na pris\u00e3o de seis adultos e na apreens\u00e3o de seis adolescentes, todos suspeitos de envolvimento com o tr\u00e1fico de drogas e crimes associados. [&hellip;]\" \/>\n<meta property=\"og:url\" content=\"https:\/\/aconteceunovale.com.br\/portal\/?p=194897\" \/>\n<meta property=\"og:site_name\" content=\"Aconteceu no Vale\" \/>\n<meta property=\"article:publisher\" content=\"https:\/\/www.facebook.com\/aconteceunovale\/\" \/>\n<meta property=\"article:published_time\" content=\"2025-01-09T19:32:20+00:00\" \/>\n<meta property=\"article:modified_time\" content=\"2025-01-09T22:24:54+00:00\" \/>\n<meta property=\"og:image\" content=\"https:\/\/aconteceunovale.com.br\/portal\/wp-content\/uploads\/2025\/01\/operacao_zona_da_mata.png\" \/>\n\t<meta property=\"og:image:width\" content=\"678\" \/>\n\t<meta property=\"og:image:height\" content=\"384\" \/>\n\t<meta property=\"og:image:type\" content=\"image\/png\" \/>\n<meta name=\"author\" content=\"Reda\u00e7\u00e3o Aconteceu no Vale\" \/>\n<meta name=\"twitter:card\" content=\"summary_large_image\" \/>\n<meta name=\"twitter:creator\" content=\"@noticiadosvales\" \/>\n<meta name=\"twitter:site\" content=\"@noticiadosvales\" \/>\n<meta name=\"twitter:label1\" content=\"Escrito por\" \/>\n\t<meta name=\"twitter:data1\" content=\"Reda\u00e7\u00e3o Aconteceu no Vale\" \/>\n\t<meta name=\"twitter:label2\" content=\"Est. tempo de leitura\" \/>\n\t<meta name=\"twitter:data2\" content=\"2 minutos\" \/>\n<script type=\"application\/ld+json\" class=\"yoast-schema-graph\">{\"@context\":\"https:\\\/\\\/schema.org\",\"@graph\":[{\"@type\":\"Article\",\"@id\":\"https:\\\/\\\/aconteceunovale.com.br\\\/portal\\\/?p=194897#article\",\"isPartOf\":{\"@id\":\"https:\\\/\\\/aconteceunovale.com.br\\\/portal\\\/?p=194897\"},\"author\":{\"name\":\"Reda\u00e7\u00e3o Aconteceu no Vale\",\"@id\":\"https:\\\/\\\/aconteceunovale.com.br\\\/portal\\\/#\\\/schema\\\/person\\\/7d2f26d1483f8a63de73da1ee0754d35\"},\"headline\":\"Opera\u00e7\u00e3o &#8220;L&#8217;\u00c9tat, c&#8217;est moi&#8221; det\u00e9m 12 pessoas na Zona da Mata\",\"datePublished\":\"2025-01-09T19:32:20+00:00\",\"dateModified\":\"2025-01-09T22:24:54+00:00\",\"mainEntityOfPage\":{\"@id\":\"https:\\\/\\\/aconteceunovale.com.br\\\/portal\\\/?p=194897\"},\"wordCount\":415,\"commentCount\":0,\"image\":{\"@id\":\"https:\\\/\\\/aconteceunovale.com.br\\\/portal\\\/?p=194897#primaryimage\"},\"thumbnailUrl\":\"https:\\\/\\\/aconteceunovale.com.br\\\/portal\\\/wp-content\\\/uploads\\\/2025\\\/01\\\/operacao_zona_da_mata.png\",\"keywords\":[\"Delegado Thales Borges Muniz\",\"Divino\",\"Leopoldina\",\"Muria\u00e9\",\"Opera\u00e7\u00e3o L'\u00c9tat c'est moi\",\"Opera\u00e7\u00e3o L'\u00c9tat c'est moi prende 12 pessoas na Zona da Mata\",\"Opera\u00e7\u00e3o na zona da mata\",\"Oriz\u00e2nia\",\"PCMG\",\"Ub\u00e1\",\"Vi\u00e7osa\"],\"articleSection\":[\"Minas Gerais\"],\"inLanguage\":\"pt-BR\",\"potentialAction\":[{\"@type\":\"CommentAction\",\"name\":\"Comment\",\"target\":[\"https:\\\/\\\/aconteceunovale.com.br\\\/portal\\\/?p=194897#respond\"]}]},{\"@type\":\"WebPage\",\"@id\":\"https:\\\/\\\/aconteceunovale.com.br\\\/portal\\\/?p=194897\",\"url\":\"https:\\\/\\\/aconteceunovale.com.br\\\/portal\\\/?p=194897\",\"name\":\"Opera\u00e7\u00e3o \\\"L'\u00c9tat, c'est moi\\\" det\u00e9m 12 pessoas na Zona da Mata - Aconteceu no Vale\",\"isPartOf\":{\"@id\":\"https:\\\/\\\/aconteceunovale.com.br\\\/portal\\\/#website\"},\"primaryImageOfPage\":{\"@id\":\"https:\\\/\\\/aconteceunovale.com.br\\\/portal\\\/?p=194897#primaryimage\"},\"image\":{\"@id\":\"https:\\\/\\\/aconteceunovale.com.br\\\/portal\\\/?p=194897#primaryimage\"},\"thumbnailUrl\":\"https:\\\/\\\/aconteceunovale.com.br\\\/portal\\\/wp-content\\\/uploads\\\/2025\\\/01\\\/operacao_zona_da_mata.png\",\"datePublished\":\"2025-01-09T19:32:20+00:00\",\"dateModified\":\"2025-01-09T22:24:54+00:00\",\"author\":{\"@id\":\"https:\\\/\\\/aconteceunovale.com.br\\\/portal\\\/#\\\/schema\\\/person\\\/7d2f26d1483f8a63de73da1ee0754d35\"},\"breadcrumb\":{\"@id\":\"https:\\\/\\\/aconteceunovale.com.br\\\/portal\\\/?p=194897#breadcrumb\"},\"inLanguage\":\"pt-BR\",\"potentialAction\":[{\"@type\":\"ReadAction\",\"target\":[\"https:\\\/\\\/aconteceunovale.com.br\\\/portal\\\/?p=194897\"]}]},{\"@type\":\"ImageObject\",\"inLanguage\":\"pt-BR\",\"@id\":\"https:\\\/\\\/aconteceunovale.com.br\\\/portal\\\/?p=194897#primaryimage\",\"url\":\"https:\\\/\\\/aconteceunovale.com.br\\\/portal\\\/wp-content\\\/uploads\\\/2025\\\/01\\\/operacao_zona_da_mata.png\",\"contentUrl\":\"https:\\\/\\\/aconteceunovale.com.br\\\/portal\\\/wp-content\\\/uploads\\\/2025\\\/01\\\/operacao_zona_da_mata.png\",\"width\":678,\"height\":384,\"caption\":\"Foto: Divulga\u00e7\u00e3o \\\/ PCMG\"},{\"@type\":\"BreadcrumbList\",\"@id\":\"https:\\\/\\\/aconteceunovale.com.br\\\/portal\\\/?p=194897#breadcrumb\",\"itemListElement\":[{\"@type\":\"ListItem\",\"position\":1,\"name\":\"In\u00edcio\",\"item\":\"https:\\\/\\\/aconteceunovale.com.br\\\/portal\\\/\"},{\"@type\":\"ListItem\",\"position\":2,\"name\":\"Opera\u00e7\u00e3o &#8220;L&#8217;\u00c9tat, c&#8217;est moi&#8221; det\u00e9m 12 pessoas na Zona da Mata\"}]},{\"@type\":\"WebSite\",\"@id\":\"https:\\\/\\\/aconteceunovale.com.br\\\/portal\\\/#website\",\"url\":\"https:\\\/\\\/aconteceunovale.com.br\\\/portal\\\/\",\"name\":\"Aconteceu no Vale\",\"description\":\"Portal de Not\u00edcias\",\"potentialAction\":[{\"@type\":\"SearchAction\",\"target\":{\"@type\":\"EntryPoint\",\"urlTemplate\":\"https:\\\/\\\/aconteceunovale.com.br\\\/portal\\\/?s={search_term_string}\"},\"query-input\":{\"@type\":\"PropertyValueSpecification\",\"valueRequired\":true,\"valueName\":\"search_term_string\"}}],\"inLanguage\":\"pt-BR\"},{\"@type\":\"Person\",\"@id\":\"https:\\\/\\\/aconteceunovale.com.br\\\/portal\\\/#\\\/schema\\\/person\\\/7d2f26d1483f8a63de73da1ee0754d35\",\"name\":\"Reda\u00e7\u00e3o Aconteceu no Vale\",\"description\":\"Equipe de reportagem do Aconteceu no Vale, portal de not\u00edcias do Vale do Jequitinhonha, em Minas Gerais. Cobrimos as 51 cidades do Vale desde 2013. Sugest\u00f5es de pauta e pedidos de corre\u00e7\u00e3o: contato@aconteceunovale.com.br\",\"url\":\"https:\\\/\\\/aconteceunovale.com.br\\\/portal\\\/?author=4\"}]}<\/script>\n<!-- \/ Yoast SEO plugin. -->","yoast_head_json":{"title":"Opera\u00e7\u00e3o \"L'\u00c9tat, c'est moi\" det\u00e9m 12 pessoas na Zona da Mata - Aconteceu no Vale","robots":{"index":"index","follow":"follow","max-snippet":"max-snippet:-1","max-image-preview":"max-image-preview:large","max-video-preview":"max-video-preview:-1"},"canonical":"https:\/\/aconteceunovale.com.br\/portal\/?p=194897","og_locale":"pt_BR","og_type":"article","og_title":"Opera\u00e7\u00e3o \"L'\u00c9tat, c'est moi\" det\u00e9m 12 pessoas na Zona da Mata - Aconteceu no Vale","og_description":"A Pol\u00edcia Civil de Minas Gerais (PCMG) deflagrou, nesta quinta-feira (9\/1\/2025), a segunda fase da opera\u00e7\u00e3o &#8220;L&#8217;\u00c9tat, c&#8217;est moi&#8221;, nos munic\u00edpios de Oriz\u00e2nia e Divino, na Zona da Mata. A a\u00e7\u00e3o resultou na pris\u00e3o de seis adultos e na apreens\u00e3o de seis adolescentes, todos suspeitos de envolvimento com o tr\u00e1fico de drogas e crimes associados. [&hellip;]","og_url":"https:\/\/aconteceunovale.com.br\/portal\/?p=194897","og_site_name":"Aconteceu no Vale","article_publisher":"https:\/\/www.facebook.com\/aconteceunovale\/","article_published_time":"2025-01-09T19:32:20+00:00","article_modified_time":"2025-01-09T22:24:54+00:00","og_image":[{"width":678,"height":384,"url":"https:\/\/aconteceunovale.com.br\/portal\/wp-content\/uploads\/2025\/01\/operacao_zona_da_mata.png","type":"image\/png"}],"author":"Reda\u00e7\u00e3o Aconteceu no Vale","twitter_card":"summary_large_image","twitter_creator":"@noticiadosvales","twitter_site":"@noticiadosvales","twitter_misc":{"Escrito por":"Reda\u00e7\u00e3o Aconteceu no Vale","Est. tempo de leitura":"2 minutos"},"schema":{"@context":"https:\/\/schema.org","@graph":[{"@type":"Article","@id":"https:\/\/aconteceunovale.com.br\/portal\/?p=194897#article","isPartOf":{"@id":"https:\/\/aconteceunovale.com.br\/portal\/?p=194897"},"author":{"name":"Reda\u00e7\u00e3o Aconteceu no Vale","@id":"https:\/\/aconteceunovale.com.br\/portal\/#\/schema\/person\/7d2f26d1483f8a63de73da1ee0754d35"},"headline":"Opera\u00e7\u00e3o &#8220;L&#8217;\u00c9tat, c&#8217;est moi&#8221; det\u00e9m 12 pessoas na Zona da Mata","datePublished":"2025-01-09T19:32:20+00:00","dateModified":"2025-01-09T22:24:54+00:00","mainEntityOfPage":{"@id":"https:\/\/aconteceunovale.com.br\/portal\/?p=194897"},"wordCount":415,"commentCount":0,"image":{"@id":"https:\/\/aconteceunovale.com.br\/portal\/?p=194897#primaryimage"},"thumbnailUrl":"https:\/\/aconteceunovale.com.br\/portal\/wp-content\/uploads\/2025\/01\/operacao_zona_da_mata.png","keywords":["Delegado Thales Borges Muniz","Divino","Leopoldina","Muria\u00e9","Opera\u00e7\u00e3o L'\u00c9tat c'est moi","Opera\u00e7\u00e3o L'\u00c9tat c'est moi prende 12 pessoas na Zona da Mata","Opera\u00e7\u00e3o na zona da mata","Oriz\u00e2nia","PCMG","Ub\u00e1","Vi\u00e7osa"],"articleSection":["Minas Gerais"],"inLanguage":"pt-BR","potentialAction":[{"@type":"CommentAction","name":"Comment","target":["https:\/\/aconteceunovale.com.br\/portal\/?p=194897#respond"]}]},{"@type":"WebPage","@id":"https:\/\/aconteceunovale.com.br\/portal\/?p=194897","url":"https:\/\/aconteceunovale.com.br\/portal\/?p=194897","name":"Opera\u00e7\u00e3o \"L'\u00c9tat, c'est moi\" det\u00e9m 12 pessoas na Zona da Mata - Aconteceu no Vale","isPartOf":{"@id":"https:\/\/aconteceunovale.com.br\/portal\/#website"},"primaryImageOfPage":{"@id":"https:\/\/aconteceunovale.com.br\/portal\/?p=194897#primaryimage"},"image":{"@id":"https:\/\/aconteceunovale.com.br\/portal\/?p=194897#primaryimage"},"thumbnailUrl":"https:\/\/aconteceunovale.com.br\/portal\/wp-content\/uploads\/2025\/01\/operacao_zona_da_mata.png","datePublished":"2025-01-09T19:32:20+00:00","dateModified":"2025-01-09T22:24:54+00:00","author":{"@id":"https:\/\/aconteceunovale.com.br\/portal\/#\/schema\/person\/7d2f26d1483f8a63de73da1ee0754d35"},"breadcrumb":{"@id":"https:\/\/aconteceunovale.com.br\/portal\/?p=194897#breadcrumb"},"inLanguage":"pt-BR","potentialAction":[{"@type":"ReadAction","target":["https:\/\/aconteceunovale.com.br\/portal\/?p=194897"]}]},{"@type":"ImageObject","inLanguage":"pt-BR","@id":"https:\/\/aconteceunovale.com.br\/portal\/?p=194897#primaryimage","url":"https:\/\/aconteceunovale.com.br\/portal\/wp-content\/uploads\/2025\/01\/operacao_zona_da_mata.png","contentUrl":"https:\/\/aconteceunovale.com.br\/portal\/wp-content\/uploads\/2025\/01\/operacao_zona_da_mata.png","width":678,"height":384,"caption":"Foto: Divulga\u00e7\u00e3o \/ PCMG"},{"@type":"BreadcrumbList","@id":"https:\/\/aconteceunovale.com.br\/portal\/?p=194897#breadcrumb","itemListElement":[{"@type":"ListItem","position":1,"name":"In\u00edcio","item":"https:\/\/aconteceunovale.com.br\/portal\/"},{"@type":"ListItem","position":2,"name":"Opera\u00e7\u00e3o &#8220;L&#8217;\u00c9tat, c&#8217;est moi&#8221; det\u00e9m 12 pessoas na Zona da Mata"}]},{"@type":"WebSite","@id":"https:\/\/aconteceunovale.com.br\/portal\/#website","url":"https:\/\/aconteceunovale.com.br\/portal\/","name":"Aconteceu no Vale","description":"Portal de Not\u00edcias","potentialAction":[{"@type":"SearchAction","target":{"@type":"EntryPoint","urlTemplate":"https:\/\/aconteceunovale.com.br\/portal\/?s={search_term_string}"},"query-input":{"@type":"PropertyValueSpecification","valueRequired":true,"valueName":"search_term_string"}}],"inLanguage":"pt-BR"},{"@type":"Person","@id":"https:\/\/aconteceunovale.com.br\/portal\/#\/schema\/person\/7d2f26d1483f8a63de73da1ee0754d35","name":"Reda\u00e7\u00e3o Aconteceu no Vale","description":"Equipe de reportagem do Aconteceu no Vale, portal de not\u00edcias do Vale do Jequitinhonha, em Minas Gerais. Cobrimos as 51 cidades do Vale desde 2013. Sugest\u00f5es de pauta e pedidos de corre\u00e7\u00e3o: contato@aconteceunovale.com.br","url":"https:\/\/aconteceunovale.com.br\/portal\/?author=4"}]}},"_links":{"self":[{"href":"https:\/\/aconteceunovale.com.br\/portal\/index.php?rest_route=\/wp\/v2\/posts\/194897","targetHints":{"allow":["GET"]}}],"collection":[{"href":"https:\/\/aconteceunovale.com.br\/portal\/index.php?rest_route=\/wp\/v2\/posts"}],"about":[{"href":"https:\/\/aconteceunovale.com.br\/portal\/index.php?rest_route=\/wp\/v2\/types\/post"}],"author":[{"embeddable":true,"href":"https:\/\/aconteceunovale.com.br\/portal\/index.php?rest_route=\/wp\/v2\/users\/4"}],"replies":[{"embeddable":true,"href":"https:\/\/aconteceunovale.com.br\/portal\/index.php?rest_route=%2Fwp%2Fv2%2Fcomments&post=194897"}],"version-history":[{"count":2,"href":"https:\/\/aconteceunovale.com.br\/portal\/index.php?rest_route=\/wp\/v2\/posts\/194897\/revisions"}],"predecessor-version":[{"id":194933,"href":"https:\/\/aconteceunovale.com.br\/portal\/index.php?rest_route=\/wp\/v2\/posts\/194897\/revisions\/194933"}],"wp:featuredmedia":[{"embeddable":true,"href":"https:\/\/aconteceunovale.com.br\/portal\/index.php?rest_route=\/wp\/v2\/media\/194898"}],"wp:attachment":[{"href":"https:\/\/aconteceunovale.com.br\/portal\/index.php?rest_route=%2Fwp%2Fv2%2Fmedia&parent=194897"}],"wp:term":[{"taxonomy":"category","embeddable":true,"href":"https:\/\/aconteceunovale.com.br\/portal\/index.php?rest_route=%2Fwp%2Fv2%2Fcategories&post=194897"},{"taxonomy":"post_tag","embeddable":true,"href":"https:\/\/aconteceunovale.com.br\/portal\/index.php?rest_route=%2Fwp%2Fv2%2Ftags&post=194897"}],"curies":[{"name":"wp","href":"https:\/\/api.w.org\/{rel}","templated":true}]}}