{"id":194894,"date":"2025-01-09T16:19:37","date_gmt":"2025-01-09T19:19:37","guid":{"rendered":"https:\/\/aconteceunovale.com.br\/portal\/?p=194894"},"modified":"2025-01-09T16:21:07","modified_gmt":"2025-01-09T19:21:07","slug":"azul-anuncia-mais-de-15-mil-assentos-extras-em-bh-durante-o-carnaval-de-2025","status":"publish","type":"post","link":"https:\/\/aconteceunovale.com.br\/portal\/?p=194894","title":{"rendered":"Azul anuncia mais de 15 mil assentos extras em BH durante o Carnaval de 2025"},"content":{"rendered":"\n<p class=\"wp-block-paragraph\">A Azul Linhas A\u00e9reas iniciou a venda de passagens para voos extras programados para o per\u00edodo do Carnaval de 2025, entre 26 de fevereiro e 9 de mar\u00e7o. A companhia a\u00e9rea, l\u00edder em n\u00famero de voos e destinos no Brasil, anunciou 108 opera\u00e7\u00f5es adicionais com partidas e chegadas no BH Airport, em Confins, Minas Gerais. A a\u00e7\u00e3o resultar\u00e1 na oferta de mais de 15 mil assentos extras para destinos tur\u00edsticos, especialmente no Nordeste.<\/p>\n\n\n\n<figure class=\"wp-block-gallery has-nested-images columns-default is-cropped wp-block-gallery-1 is-layout-flex wp-block-gallery-is-layout-flex\">\n<figure class=\"wp-block-image size-large\"><img loading=\"lazy\" decoding=\"async\" width=\"675\" height=\"450\" data-id=\"194895\" src=\"https:\/\/aconteceunovale.com.br\/portal\/wp-content\/uploads\/2025\/01\/aviao_azul.jpg\" alt=\"\" class=\"wp-image-194895\" srcset=\"https:\/\/aconteceunovale.com.br\/portal\/wp-content\/uploads\/2025\/01\/aviao_azul.jpg 675w, https:\/\/aconteceunovale.com.br\/portal\/wp-content\/uploads\/2025\/01\/aviao_azul-300x200.jpg 300w, https:\/\/aconteceunovale.com.br\/portal\/wp-content\/uploads\/2025\/01\/aviao_azul-630x420.jpg 630w\" sizes=\"auto, (max-width: 675px) 100vw, 675px\" \/><figcaption class=\"wp-element-caption\"><em>Foto: Guilherme Ramos \/ Divulga\u00e7\u00e3o Azul<\/em><\/figcaption><\/figure>\n<\/figure>\n\n\n\n<h3 class=\"wp-block-heading\">Destinos e opera\u00e7\u00e3o<\/h3>\n\n\n\n<p class=\"wp-block-paragraph\">Os voos adicionais conectam Belo Horizonte a cidades como Jo\u00e3o Pessoa (PB), Macei\u00f3 (AL), Natal (RN), Aracaju (SE), Salvador (BA) e Porto Seguro (BA). A opera\u00e7\u00e3o foi planejada para atender \u00e0 alta demanda do feriado, oferecendo mais de 7,5 mil assentos em voos partindo de Belo Horizonte e o mesmo volume para os voos de retorno.<\/p>\n\n\n\n<p class=\"wp-block-paragraph\">\u201cBelo Horizonte tem um papel estrat\u00e9gico para a Azul, especialmente durante o Carnaval, quando a demanda por voos para destinos tur\u00edsticos cresce significativamente. Estamos ampliando nossa oferta para garantir mais op\u00e7\u00f5es e flexibilidade aos nossos Clientes, al\u00e9m de contribuir para a conectividade e o fortalecimento do turismo regional\u201d, destacou Vitor Silva, gerente geral de Malha, Planejamento Estrat\u00e9gico e Alian\u00e7as da Azul.<\/p>\n\n\n\n<h3 class=\"wp-block-heading\">Preparativos no BH Airport<\/h3>\n\n\n\n<p class=\"wp-block-paragraph\">Rodrigo C\u00f4rtes, COO do BH Airport, ressaltou a import\u00e2ncia do per\u00edodo para o turismo e a economia local. \u201cO Carnaval atrai tanto mineiros que viajam para aproveitar as praias e festas tradicionais, quanto turistas que escolhem Belo Horizonte, que hoje tem um dos carnavais de maior sucesso no Brasil. Preparamos uma opera\u00e7\u00e3o especial com refor\u00e7o de seguran\u00e7a e apoio aos passageiros para que tenham a melhor experi\u00eancia no nosso terminal\u201d, afirmou.<\/p>\n\n\n\n<h3 class=\"wp-block-heading\">Expans\u00e3o nacional<\/h3>\n\n\n\n<p class=\"wp-block-paragraph\">Al\u00e9m das opera\u00e7\u00f5es em Belo Horizonte, a Azul disponibilizar\u00e1 mais de 46 mil assentos extras em 290 voos adicionais em todo o Brasil, um aumento de 16% em rela\u00e7\u00e3o ao Carnaval de 2024. A maior parte das opera\u00e7\u00f5es ser\u00e1 destinada ao Nordeste, regi\u00e3o tradicionalmente procurada por turistas durante o feriado.<\/p>\n","protected":false},"excerpt":{"rendered":"<p>A Azul Linhas A\u00e9reas iniciou a venda de passagens para voos extras programados para o per\u00edodo do Carnaval de 2025, entre 26 de fevereiro e 9 de mar\u00e7o. A companhia a\u00e9rea, l\u00edder em n\u00famero de voos e destinos no Brasil, anunciou 108 opera\u00e7\u00f5es adicionais com partidas e chegadas no BH Airport, em Confins, Minas Gerais. [&hellip;]<\/p>\n","protected":false},"author":4,"featured_media":194895,"comment_status":"open","ping_status":"closed","sticky":false,"template":"","format":"standard","meta":{"amp_status":"","footnotes":""},"categories":[123],"tags":[269177,269174,1077,38695,269182,269179,269180,269181,269184,269183,269175,22090,1018,263386,269176,269178],"class_list":["post-194894","post","type-post","status-publish","format-standard","has-post-thumbnail","hentry","category-gerais","tag-aumento-dos-voos-no-carnaval-2025","tag-azul-anuncia-mais-de-15-mil-assentos-extras-em-bh-durante-o-carnaval-de-2025","tag-azul-linhas-aereas","tag-bh-airport","tag-bh-aracaju","tag-bh-joao-pessoa","tag-bh-maceio","tag-bh-natal","tag-bh-porto-seguro","tag-bh-salvador","tag-carnaval-2025","tag-confins","tag-destaque","tag-voos-azul","tag-voos-carnaval-2025","tag-voos-para-o-nordeste"],"yoast_head":"<!-- This site is optimized with the Yoast SEO plugin v28.3 - https:\/\/yoast.com\/product\/yoast-seo-wordpress\/ -->\n<title>Azul anuncia mais de 15 mil assentos extras em BH durante o Carnaval de 2025 - Aconteceu no Vale<\/title>\n<meta name=\"robots\" content=\"index, follow, max-snippet:-1, max-image-preview:large, max-video-preview:-1\" \/>\n<link rel=\"canonical\" href=\"https:\/\/aconteceunovale.com.br\/portal\/?p=194894\" \/>\n<meta property=\"og:locale\" content=\"pt_BR\" \/>\n<meta property=\"og:type\" content=\"article\" \/>\n<meta property=\"og:title\" content=\"Azul anuncia mais de 15 mil assentos extras em BH durante o Carnaval de 2025 - Aconteceu no Vale\" \/>\n<meta property=\"og:description\" content=\"A Azul Linhas A\u00e9reas iniciou a venda de passagens para voos extras programados para o per\u00edodo do Carnaval de 2025, entre 26 de fevereiro e 9 de mar\u00e7o. A companhia a\u00e9rea, l\u00edder em n\u00famero de voos e destinos no Brasil, anunciou 108 opera\u00e7\u00f5es adicionais com partidas e chegadas no BH Airport, em Confins, Minas Gerais. [&hellip;]\" \/>\n<meta property=\"og:url\" content=\"https:\/\/aconteceunovale.com.br\/portal\/?p=194894\" \/>\n<meta property=\"og:site_name\" content=\"Aconteceu no Vale\" \/>\n<meta property=\"article:publisher\" content=\"https:\/\/www.facebook.com\/aconteceunovale\/\" \/>\n<meta property=\"article:published_time\" content=\"2025-01-09T19:19:37+00:00\" \/>\n<meta property=\"article:modified_time\" content=\"2025-01-09T19:21:07+00:00\" \/>\n<meta property=\"og:image\" content=\"https:\/\/aconteceunovale.com.br\/portal\/wp-content\/uploads\/2025\/01\/aviao_azul.jpg\" \/>\n\t<meta property=\"og:image:width\" content=\"675\" \/>\n\t<meta property=\"og:image:height\" content=\"450\" \/>\n\t<meta property=\"og:image:type\" content=\"image\/jpeg\" \/>\n<meta name=\"author\" content=\"Reda\u00e7\u00e3o Aconteceu no Vale\" \/>\n<meta name=\"twitter:card\" content=\"summary_large_image\" \/>\n<meta name=\"twitter:creator\" content=\"@noticiadosvales\" \/>\n<meta name=\"twitter:site\" content=\"@noticiadosvales\" \/>\n<meta name=\"twitter:label1\" content=\"Escrito por\" \/>\n\t<meta name=\"twitter:data1\" content=\"Reda\u00e7\u00e3o Aconteceu no Vale\" \/>\n\t<meta name=\"twitter:label2\" content=\"Est. tempo de leitura\" \/>\n\t<meta name=\"twitter:data2\" content=\"2 minutos\" \/>\n<script type=\"application\/ld+json\" class=\"yoast-schema-graph\">{\"@context\":\"https:\\\/\\\/schema.org\",\"@graph\":[{\"@type\":\"Article\",\"@id\":\"https:\\\/\\\/aconteceunovale.com.br\\\/portal\\\/?p=194894#article\",\"isPartOf\":{\"@id\":\"https:\\\/\\\/aconteceunovale.com.br\\\/portal\\\/?p=194894\"},\"author\":{\"name\":\"Reda\u00e7\u00e3o Aconteceu no Vale\",\"@id\":\"https:\\\/\\\/aconteceunovale.com.br\\\/portal\\\/#\\\/schema\\\/person\\\/7d2f26d1483f8a63de73da1ee0754d35\"},\"headline\":\"Azul anuncia mais de 15 mil assentos extras em BH durante o Carnaval de 2025\",\"datePublished\":\"2025-01-09T19:19:37+00:00\",\"dateModified\":\"2025-01-09T19:21:07+00:00\",\"mainEntityOfPage\":{\"@id\":\"https:\\\/\\\/aconteceunovale.com.br\\\/portal\\\/?p=194894\"},\"wordCount\":359,\"commentCount\":0,\"image\":{\"@id\":\"https:\\\/\\\/aconteceunovale.com.br\\\/portal\\\/?p=194894#primaryimage\"},\"thumbnailUrl\":\"https:\\\/\\\/aconteceunovale.com.br\\\/portal\\\/wp-content\\\/uploads\\\/2025\\\/01\\\/aviao_azul.jpg\",\"keywords\":[\"Aumento dos voos no Carnaval 2025\",\"Azul anuncia mais de 15 mil assentos extras em BH durante o Carnaval de 2025\",\"azul linhas a\u00e9reas\",\"BH Airport\",\"BH Aracaju\",\"BH Jo\u00e3o Pessoa\",\"BH Macei\u00f3\",\"BH Natal\",\"BH Porto Seguro\",\"BH Salvador\",\"Carnaval 2025\",\"Confins\",\"destaque\",\"Voos Azul\",\"Voos Carnaval 2025\",\"Voos para o nordeste\"],\"articleSection\":[\"Minas Gerais\"],\"inLanguage\":\"pt-BR\",\"potentialAction\":[{\"@type\":\"CommentAction\",\"name\":\"Comment\",\"target\":[\"https:\\\/\\\/aconteceunovale.com.br\\\/portal\\\/?p=194894#respond\"]}]},{\"@type\":\"WebPage\",\"@id\":\"https:\\\/\\\/aconteceunovale.com.br\\\/portal\\\/?p=194894\",\"url\":\"https:\\\/\\\/aconteceunovale.com.br\\\/portal\\\/?p=194894\",\"name\":\"Azul anuncia mais de 15 mil assentos extras em BH durante o Carnaval de 2025 - Aconteceu no Vale\",\"isPartOf\":{\"@id\":\"https:\\\/\\\/aconteceunovale.com.br\\\/portal\\\/#website\"},\"primaryImageOfPage\":{\"@id\":\"https:\\\/\\\/aconteceunovale.com.br\\\/portal\\\/?p=194894#primaryimage\"},\"image\":{\"@id\":\"https:\\\/\\\/aconteceunovale.com.br\\\/portal\\\/?p=194894#primaryimage\"},\"thumbnailUrl\":\"https:\\\/\\\/aconteceunovale.com.br\\\/portal\\\/wp-content\\\/uploads\\\/2025\\\/01\\\/aviao_azul.jpg\",\"datePublished\":\"2025-01-09T19:19:37+00:00\",\"dateModified\":\"2025-01-09T19:21:07+00:00\",\"author\":{\"@id\":\"https:\\\/\\\/aconteceunovale.com.br\\\/portal\\\/#\\\/schema\\\/person\\\/7d2f26d1483f8a63de73da1ee0754d35\"},\"breadcrumb\":{\"@id\":\"https:\\\/\\\/aconteceunovale.com.br\\\/portal\\\/?p=194894#breadcrumb\"},\"inLanguage\":\"pt-BR\",\"potentialAction\":[{\"@type\":\"ReadAction\",\"target\":[\"https:\\\/\\\/aconteceunovale.com.br\\\/portal\\\/?p=194894\"]}]},{\"@type\":\"ImageObject\",\"inLanguage\":\"pt-BR\",\"@id\":\"https:\\\/\\\/aconteceunovale.com.br\\\/portal\\\/?p=194894#primaryimage\",\"url\":\"https:\\\/\\\/aconteceunovale.com.br\\\/portal\\\/wp-content\\\/uploads\\\/2025\\\/01\\\/aviao_azul.jpg\",\"contentUrl\":\"https:\\\/\\\/aconteceunovale.com.br\\\/portal\\\/wp-content\\\/uploads\\\/2025\\\/01\\\/aviao_azul.jpg\",\"width\":675,\"height\":450,\"caption\":\"Foto: Guilherme Ramos \\\/ Divulga\u00e7\u00e3o Azul\"},{\"@type\":\"BreadcrumbList\",\"@id\":\"https:\\\/\\\/aconteceunovale.com.br\\\/portal\\\/?p=194894#breadcrumb\",\"itemListElement\":[{\"@type\":\"ListItem\",\"position\":1,\"name\":\"In\u00edcio\",\"item\":\"https:\\\/\\\/aconteceunovale.com.br\\\/portal\\\/\"},{\"@type\":\"ListItem\",\"position\":2,\"name\":\"Azul anuncia mais de 15 mil assentos extras em BH durante o Carnaval de 2025\"}]},{\"@type\":\"WebSite\",\"@id\":\"https:\\\/\\\/aconteceunovale.com.br\\\/portal\\\/#website\",\"url\":\"https:\\\/\\\/aconteceunovale.com.br\\\/portal\\\/\",\"name\":\"Aconteceu no Vale\",\"description\":\"Portal de Not\u00edcias\",\"potentialAction\":[{\"@type\":\"SearchAction\",\"target\":{\"@type\":\"EntryPoint\",\"urlTemplate\":\"https:\\\/\\\/aconteceunovale.com.br\\\/portal\\\/?s={search_term_string}\"},\"query-input\":{\"@type\":\"PropertyValueSpecification\",\"valueRequired\":true,\"valueName\":\"search_term_string\"}}],\"inLanguage\":\"pt-BR\"},{\"@type\":\"Person\",\"@id\":\"https:\\\/\\\/aconteceunovale.com.br\\\/portal\\\/#\\\/schema\\\/person\\\/7d2f26d1483f8a63de73da1ee0754d35\",\"name\":\"Reda\u00e7\u00e3o Aconteceu no Vale\",\"description\":\"Equipe de reportagem do Aconteceu no Vale, portal de not\u00edcias do Vale do Jequitinhonha, em Minas Gerais. Cobrimos as 51 cidades do Vale desde 2013. Sugest\u00f5es de pauta e pedidos de corre\u00e7\u00e3o: contato@aconteceunovale.com.br\",\"url\":\"https:\\\/\\\/aconteceunovale.com.br\\\/portal\\\/?author=4\"}]}<\/script>\n<!-- \/ Yoast SEO plugin. -->","yoast_head_json":{"title":"Azul anuncia mais de 15 mil assentos extras em BH durante o Carnaval de 2025 - Aconteceu no Vale","robots":{"index":"index","follow":"follow","max-snippet":"max-snippet:-1","max-image-preview":"max-image-preview:large","max-video-preview":"max-video-preview:-1"},"canonical":"https:\/\/aconteceunovale.com.br\/portal\/?p=194894","og_locale":"pt_BR","og_type":"article","og_title":"Azul anuncia mais de 15 mil assentos extras em BH durante o Carnaval de 2025 - Aconteceu no Vale","og_description":"A Azul Linhas A\u00e9reas iniciou a venda de passagens para voos extras programados para o per\u00edodo do Carnaval de 2025, entre 26 de fevereiro e 9 de mar\u00e7o. A companhia a\u00e9rea, l\u00edder em n\u00famero de voos e destinos no Brasil, anunciou 108 opera\u00e7\u00f5es adicionais com partidas e chegadas no BH Airport, em Confins, Minas Gerais. [&hellip;]","og_url":"https:\/\/aconteceunovale.com.br\/portal\/?p=194894","og_site_name":"Aconteceu no Vale","article_publisher":"https:\/\/www.facebook.com\/aconteceunovale\/","article_published_time":"2025-01-09T19:19:37+00:00","article_modified_time":"2025-01-09T19:21:07+00:00","og_image":[{"width":675,"height":450,"url":"https:\/\/aconteceunovale.com.br\/portal\/wp-content\/uploads\/2025\/01\/aviao_azul.jpg","type":"image\/jpeg"}],"author":"Reda\u00e7\u00e3o Aconteceu no Vale","twitter_card":"summary_large_image","twitter_creator":"@noticiadosvales","twitter_site":"@noticiadosvales","twitter_misc":{"Escrito por":"Reda\u00e7\u00e3o Aconteceu no Vale","Est. tempo de leitura":"2 minutos"},"schema":{"@context":"https:\/\/schema.org","@graph":[{"@type":"Article","@id":"https:\/\/aconteceunovale.com.br\/portal\/?p=194894#article","isPartOf":{"@id":"https:\/\/aconteceunovale.com.br\/portal\/?p=194894"},"author":{"name":"Reda\u00e7\u00e3o Aconteceu no Vale","@id":"https:\/\/aconteceunovale.com.br\/portal\/#\/schema\/person\/7d2f26d1483f8a63de73da1ee0754d35"},"headline":"Azul anuncia mais de 15 mil assentos extras em BH durante o Carnaval de 2025","datePublished":"2025-01-09T19:19:37+00:00","dateModified":"2025-01-09T19:21:07+00:00","mainEntityOfPage":{"@id":"https:\/\/aconteceunovale.com.br\/portal\/?p=194894"},"wordCount":359,"commentCount":0,"image":{"@id":"https:\/\/aconteceunovale.com.br\/portal\/?p=194894#primaryimage"},"thumbnailUrl":"https:\/\/aconteceunovale.com.br\/portal\/wp-content\/uploads\/2025\/01\/aviao_azul.jpg","keywords":["Aumento dos voos no Carnaval 2025","Azul anuncia mais de 15 mil assentos extras em BH durante o Carnaval de 2025","azul linhas a\u00e9reas","BH Airport","BH Aracaju","BH Jo\u00e3o Pessoa","BH Macei\u00f3","BH Natal","BH Porto Seguro","BH Salvador","Carnaval 2025","Confins","destaque","Voos Azul","Voos Carnaval 2025","Voos para o nordeste"],"articleSection":["Minas Gerais"],"inLanguage":"pt-BR","potentialAction":[{"@type":"CommentAction","name":"Comment","target":["https:\/\/aconteceunovale.com.br\/portal\/?p=194894#respond"]}]},{"@type":"WebPage","@id":"https:\/\/aconteceunovale.com.br\/portal\/?p=194894","url":"https:\/\/aconteceunovale.com.br\/portal\/?p=194894","name":"Azul anuncia mais de 15 mil assentos extras em BH durante o Carnaval de 2025 - Aconteceu no Vale","isPartOf":{"@id":"https:\/\/aconteceunovale.com.br\/portal\/#website"},"primaryImageOfPage":{"@id":"https:\/\/aconteceunovale.com.br\/portal\/?p=194894#primaryimage"},"image":{"@id":"https:\/\/aconteceunovale.com.br\/portal\/?p=194894#primaryimage"},"thumbnailUrl":"https:\/\/aconteceunovale.com.br\/portal\/wp-content\/uploads\/2025\/01\/aviao_azul.jpg","datePublished":"2025-01-09T19:19:37+00:00","dateModified":"2025-01-09T19:21:07+00:00","author":{"@id":"https:\/\/aconteceunovale.com.br\/portal\/#\/schema\/person\/7d2f26d1483f8a63de73da1ee0754d35"},"breadcrumb":{"@id":"https:\/\/aconteceunovale.com.br\/portal\/?p=194894#breadcrumb"},"inLanguage":"pt-BR","potentialAction":[{"@type":"ReadAction","target":["https:\/\/aconteceunovale.com.br\/portal\/?p=194894"]}]},{"@type":"ImageObject","inLanguage":"pt-BR","@id":"https:\/\/aconteceunovale.com.br\/portal\/?p=194894#primaryimage","url":"https:\/\/aconteceunovale.com.br\/portal\/wp-content\/uploads\/2025\/01\/aviao_azul.jpg","contentUrl":"https:\/\/aconteceunovale.com.br\/portal\/wp-content\/uploads\/2025\/01\/aviao_azul.jpg","width":675,"height":450,"caption":"Foto: Guilherme Ramos \/ Divulga\u00e7\u00e3o Azul"},{"@type":"BreadcrumbList","@id":"https:\/\/aconteceunovale.com.br\/portal\/?p=194894#breadcrumb","itemListElement":[{"@type":"ListItem","position":1,"name":"In\u00edcio","item":"https:\/\/aconteceunovale.com.br\/portal\/"},{"@type":"ListItem","position":2,"name":"Azul anuncia mais de 15 mil assentos extras em BH durante o Carnaval de 2025"}]},{"@type":"WebSite","@id":"https:\/\/aconteceunovale.com.br\/portal\/#website","url":"https:\/\/aconteceunovale.com.br\/portal\/","name":"Aconteceu no Vale","description":"Portal de Not\u00edcias","potentialAction":[{"@type":"SearchAction","target":{"@type":"EntryPoint","urlTemplate":"https:\/\/aconteceunovale.com.br\/portal\/?s={search_term_string}"},"query-input":{"@type":"PropertyValueSpecification","valueRequired":true,"valueName":"search_term_string"}}],"inLanguage":"pt-BR"},{"@type":"Person","@id":"https:\/\/aconteceunovale.com.br\/portal\/#\/schema\/person\/7d2f26d1483f8a63de73da1ee0754d35","name":"Reda\u00e7\u00e3o Aconteceu no Vale","description":"Equipe de reportagem do Aconteceu no Vale, portal de not\u00edcias do Vale do Jequitinhonha, em Minas Gerais. Cobrimos as 51 cidades do Vale desde 2013. Sugest\u00f5es de pauta e pedidos de corre\u00e7\u00e3o: contato@aconteceunovale.com.br","url":"https:\/\/aconteceunovale.com.br\/portal\/?author=4"}]}},"_links":{"self":[{"href":"https:\/\/aconteceunovale.com.br\/portal\/index.php?rest_route=\/wp\/v2\/posts\/194894","targetHints":{"allow":["GET"]}}],"collection":[{"href":"https:\/\/aconteceunovale.com.br\/portal\/index.php?rest_route=\/wp\/v2\/posts"}],"about":[{"href":"https:\/\/aconteceunovale.com.br\/portal\/index.php?rest_route=\/wp\/v2\/types\/post"}],"author":[{"embeddable":true,"href":"https:\/\/aconteceunovale.com.br\/portal\/index.php?rest_route=\/wp\/v2\/users\/4"}],"replies":[{"embeddable":true,"href":"https:\/\/aconteceunovale.com.br\/portal\/index.php?rest_route=%2Fwp%2Fv2%2Fcomments&post=194894"}],"version-history":[{"count":1,"href":"https:\/\/aconteceunovale.com.br\/portal\/index.php?rest_route=\/wp\/v2\/posts\/194894\/revisions"}],"predecessor-version":[{"id":194896,"href":"https:\/\/aconteceunovale.com.br\/portal\/index.php?rest_route=\/wp\/v2\/posts\/194894\/revisions\/194896"}],"wp:featuredmedia":[{"embeddable":true,"href":"https:\/\/aconteceunovale.com.br\/portal\/index.php?rest_route=\/wp\/v2\/media\/194895"}],"wp:attachment":[{"href":"https:\/\/aconteceunovale.com.br\/portal\/index.php?rest_route=%2Fwp%2Fv2%2Fmedia&parent=194894"}],"wp:term":[{"taxonomy":"category","embeddable":true,"href":"https:\/\/aconteceunovale.com.br\/portal\/index.php?rest_route=%2Fwp%2Fv2%2Fcategories&post=194894"},{"taxonomy":"post_tag","embeddable":true,"href":"https:\/\/aconteceunovale.com.br\/portal\/index.php?rest_route=%2Fwp%2Fv2%2Ftags&post=194894"}],"curies":[{"name":"wp","href":"https:\/\/api.w.org\/{rel}","templated":true}]}}