{"id":194891,"date":"2025-01-09T16:14:02","date_gmt":"2025-01-09T19:14:02","guid":{"rendered":"https:\/\/aconteceunovale.com.br\/portal\/?p=194891"},"modified":"2025-01-09T16:15:03","modified_gmt":"2025-01-09T19:15:03","slug":"reuniao-avalia-condicoes-hidrometeorologicas-na-bacia-do-rio-doce-e-alerta-para-chuvas-intensas","status":"publish","type":"post","link":"https:\/\/aconteceunovale.com.br\/portal\/?p=194891","title":{"rendered":"Reuni\u00e3o avalia condi\u00e7\u00f5es hidrometeorol\u00f3gicas na Bacia do Rio Doce e alerta para chuvas intensas"},"content":{"rendered":"\n<p class=\"wp-block-paragraph\">A Ag\u00eancia Nacional de \u00c1guas e Saneamento B\u00e1sico (ANA) realizou, na quarta-feira (8), a <a href=\"https:\/\/www.youtube.com\/live\/kodO6dnpGUs\" target=\"_blank\" rel=\"noreferrer noopener\">3\u00aa Reuni\u00e3o de Avalia\u00e7\u00e3o das Condi\u00e7\u00f5es Hidrometeorol\u00f3gicas da Bacia do Rio Doce<\/a>. O encontro, promovido para fornecer informa\u00e7\u00f5es sobre as condi\u00e7\u00f5es clim\u00e1ticas e hidrol\u00f3gicas da regi\u00e3o, contou com a participa\u00e7\u00e3o de representantes do Centro Nacional de Monitoramento e Alertas de Desastres Naturais (Cemaden), do Instituto Nacional de Meteorologia (INMET), do Instituto Nacional de Pesquisas Espaciais (INPE), do Servi\u00e7o Geol\u00f3gico do Brasil (SGB\/CPRM) e do Operador Nacional do Sistema El\u00e9trico (ONS). A reuni\u00e3o foi acompanhada pela C\u00e2mara T\u00e9cnica de Gest\u00e3o de Eventos Cr\u00edticos do Comit\u00ea da Bacia Hidrogr\u00e1fica do Rio Doce (CTGEC).<\/p>\n\n\n\n<h3 class=\"wp-block-heading\">Chuvas acima da m\u00e9dia e previs\u00e3o de intensifica\u00e7\u00e3o<\/h3>\n\n\n\n<p class=\"wp-block-paragraph\">Marcelo Seluchi, representante do Cemaden, destacou que as chuvas na regi\u00e3o est\u00e3o acima da m\u00e9dia esperada para janeiro. Nos primeiros sete dias do m\u00eas, foram registrados 63,3 mil\u00edmetros de precipita\u00e7\u00e3o, o que corresponde a mais de um ter\u00e7o do total esperado (173 mm). A previs\u00e3o \u00e9 de chuvas acima da m\u00e9dia nos pr\u00f3ximos 14 dias, totalizando cerca de 150 mil\u00edmetros.<\/p>\n\n\n\n<p class=\"wp-block-paragraph\">F\u00e1bio Rocha, do INPE, alertou para a intensifica\u00e7\u00e3o das chuvas nos dias 10 e 11 de janeiro, especialmente no centro-leste de Minas Gerais e no Esp\u00edrito Santo, afetando cidades como Ouro Preto, Mariana, Governador Valadares, Colatina e Linhares. &#8220;Essa regi\u00e3o deve permanecer atenta devido ao risco de volumes significativos de chuva&#8221;, enfatizou.<\/p>\n\n\n\n<h3 class=\"wp-block-heading\">Monitoramento e cotas de alerta<\/h3>\n\n\n\n<p class=\"wp-block-paragraph\">O Sistema de Alerta Hidrol\u00f3gico da Bacia do Rio Doce (SAH Doce) monitora 16 munic\u00edpios ao longo dos rios Piranga, Piracicaba e Doce. Governador Valadares, Colatina e Linhares est\u00e3o entre as cidades que podem atingir a cota de alerta na pr\u00f3xima semana, segundo Breno Guerreiro da Motta, do SGB\/CPRM.<\/p>\n\n\n\n<p class=\"wp-block-paragraph\">Em Governador Valadares, a situa\u00e7\u00e3o \u00e9 est\u00e1vel no curto prazo, mas a previs\u00e3o de chuvas pode elevar o n\u00edvel do rio, colocando o munic\u00edpio em alerta. Em Colatina, a cota de alerta deve ser atingida, com possibilidade de recuo posterior. J\u00e1 em Linhares, o n\u00edvel do rio pode subir e alcan\u00e7ar a cota de inunda\u00e7\u00e3o.<\/p>\n\n\n\n<p class=\"wp-block-paragraph\">Os boletins do SGB\/CPRM auxiliam na tomada de decis\u00f5es e no combate \u00e0 dissemina\u00e7\u00e3o de informa\u00e7\u00f5es falsas sobre enchentes. Eles est\u00e3o dispon\u00edveis no site oficial: <a href=\"https:\/\/www.sgb.gov.br\/sace\/index_bacias_monitoradas.php?getbacia=bdoce#\" target=\"_blank\" rel=\"noreferrer noopener\">Boletim SGB\/CPRM<\/a>.<\/p>\n\n\n\n<h3 class=\"wp-block-heading\">Pr\u00f3xima reuni\u00e3o<\/h3>\n\n\n\n<p class=\"wp-block-paragraph\">A pr\u00f3xima reuni\u00e3o do grupo est\u00e1 prevista para 29 de janeiro, podendo ser antecipada conforme a evolu\u00e7\u00e3o das condi\u00e7\u00f5es hidrometeorol\u00f3gicas na Bacia do Rio Doce.<\/p>\n","protected":false},"excerpt":{"rendered":"<p>A Ag\u00eancia Nacional de \u00c1guas e Saneamento B\u00e1sico (ANA) realizou, na quarta-feira (8), a 3\u00aa Reuni\u00e3o de Avalia\u00e7\u00e3o das Condi\u00e7\u00f5es Hidrometeorol\u00f3gicas da Bacia do Rio Doce. O encontro, promovido para fornecer informa\u00e7\u00f5es sobre as condi\u00e7\u00f5es clim\u00e1ticas e hidrol\u00f3gicas da regi\u00e3o, contou com a participa\u00e7\u00e3o de representantes do Centro Nacional de Monitoramento e Alertas de Desastres [&hellip;]<\/p>\n","protected":false},"author":4,"featured_media":194892,"comment_status":"open","ping_status":"closed","sticky":false,"template":"","format":"standard","meta":{"amp_status":"","footnotes":""},"categories":[121],"tags":[269171,20943,21801,269173,269169,269172,237838,269170,1774,269168],"class_list":["post-194891","post","type-post","status-publish","format-standard","has-post-thumbnail","hentry","category-leste","tag-agencia-nacional-de-aguas-e-saneamento","tag-ana","tag-bacia-do-rio-doce","tag-chuvas-na-bacia-do-rio-doce","tag-chuvas-no-rio-doce","tag-condicoes-hidrometeorologicas-da-bacia-do-rio-doce","tag-monitoramento-da-bacia-do-rio-doce","tag-reuniao-avalia-condicoes-hidrometeorologicas-na-bacia-do-rio-doce-e-alerta-para-chuvas-intensas","tag-rio-doce","tag-sah-rio-doce"],"yoast_head":"<!-- This site is optimized with the Yoast SEO plugin v28.3 - https:\/\/yoast.com\/product\/yoast-seo-wordpress\/ -->\n<title>Reuni\u00e3o avalia condi\u00e7\u00f5es hidrometeorol\u00f3gicas na Bacia do Rio Doce e alerta para chuvas intensas - Aconteceu no Vale<\/title>\n<meta name=\"robots\" content=\"index, follow, max-snippet:-1, max-image-preview:large, max-video-preview:-1\" \/>\n<link rel=\"canonical\" href=\"https:\/\/aconteceunovale.com.br\/portal\/?p=194891\" \/>\n<meta property=\"og:locale\" content=\"pt_BR\" \/>\n<meta property=\"og:type\" content=\"article\" \/>\n<meta property=\"og:title\" content=\"Reuni\u00e3o avalia condi\u00e7\u00f5es hidrometeorol\u00f3gicas na Bacia do Rio Doce e alerta para chuvas intensas - Aconteceu no Vale\" \/>\n<meta property=\"og:description\" content=\"A Ag\u00eancia Nacional de \u00c1guas e Saneamento B\u00e1sico (ANA) realizou, na quarta-feira (8), a 3\u00aa Reuni\u00e3o de Avalia\u00e7\u00e3o das Condi\u00e7\u00f5es Hidrometeorol\u00f3gicas da Bacia do Rio Doce. O encontro, promovido para fornecer informa\u00e7\u00f5es sobre as condi\u00e7\u00f5es clim\u00e1ticas e hidrol\u00f3gicas da regi\u00e3o, contou com a participa\u00e7\u00e3o de representantes do Centro Nacional de Monitoramento e Alertas de Desastres [&hellip;]\" \/>\n<meta property=\"og:url\" content=\"https:\/\/aconteceunovale.com.br\/portal\/?p=194891\" \/>\n<meta property=\"og:site_name\" content=\"Aconteceu no Vale\" \/>\n<meta property=\"article:publisher\" content=\"https:\/\/www.facebook.com\/aconteceunovale\/\" \/>\n<meta property=\"article:published_time\" content=\"2025-01-09T19:14:02+00:00\" \/>\n<meta property=\"article:modified_time\" content=\"2025-01-09T19:15:03+00:00\" \/>\n<meta property=\"og:image\" content=\"https:\/\/aconteceunovale.com.br\/portal\/wp-content\/uploads\/2025\/01\/reuniao_bacia_rio_doce.png\" \/>\n\t<meta property=\"og:image:width\" content=\"600\" \/>\n\t<meta property=\"og:image:height\" content=\"390\" \/>\n\t<meta property=\"og:image:type\" content=\"image\/png\" \/>\n<meta name=\"author\" content=\"Reda\u00e7\u00e3o Aconteceu no Vale\" \/>\n<meta name=\"twitter:card\" content=\"summary_large_image\" \/>\n<meta name=\"twitter:creator\" content=\"@noticiadosvales\" \/>\n<meta name=\"twitter:site\" content=\"@noticiadosvales\" \/>\n<meta name=\"twitter:label1\" content=\"Escrito por\" \/>\n\t<meta name=\"twitter:data1\" content=\"Reda\u00e7\u00e3o Aconteceu no Vale\" \/>\n\t<meta name=\"twitter:label2\" content=\"Est. tempo de leitura\" \/>\n\t<meta name=\"twitter:data2\" content=\"2 minutos\" \/>\n<script type=\"application\/ld+json\" class=\"yoast-schema-graph\">{\"@context\":\"https:\\\/\\\/schema.org\",\"@graph\":[{\"@type\":\"Article\",\"@id\":\"https:\\\/\\\/aconteceunovale.com.br\\\/portal\\\/?p=194891#article\",\"isPartOf\":{\"@id\":\"https:\\\/\\\/aconteceunovale.com.br\\\/portal\\\/?p=194891\"},\"author\":{\"name\":\"Reda\u00e7\u00e3o Aconteceu no Vale\",\"@id\":\"https:\\\/\\\/aconteceunovale.com.br\\\/portal\\\/#\\\/schema\\\/person\\\/7d2f26d1483f8a63de73da1ee0754d35\"},\"headline\":\"Reuni\u00e3o avalia condi\u00e7\u00f5es hidrometeorol\u00f3gicas na Bacia do Rio Doce e alerta para chuvas intensas\",\"datePublished\":\"2025-01-09T19:14:02+00:00\",\"dateModified\":\"2025-01-09T19:15:03+00:00\",\"mainEntityOfPage\":{\"@id\":\"https:\\\/\\\/aconteceunovale.com.br\\\/portal\\\/?p=194891\"},\"wordCount\":459,\"commentCount\":0,\"image\":{\"@id\":\"https:\\\/\\\/aconteceunovale.com.br\\\/portal\\\/?p=194891#primaryimage\"},\"thumbnailUrl\":\"https:\\\/\\\/aconteceunovale.com.br\\\/portal\\\/wp-content\\\/uploads\\\/2025\\\/01\\\/reuniao_bacia_rio_doce.png\",\"keywords\":[\"Ag\u00eancia Nacional de \u00c1guas e Saneamento\",\"Ana\",\"Bacia do Rio Doce\",\"Chuvas na Bacia do Rio Doce\",\"Chuvas no Rio Doce\",\"Condi\u00e7\u00f5es hidrometeorol\u00f3gicas da Bacia do Rio Doce\",\"Monitoramento da Bacia do Rio Doce\",\"Reuni\u00e3o avalia condi\u00e7\u00f5es hidrometeorol\u00f3gicas na Bacia do Rio Doce e alerta para chuvas intensas\",\"Rio Doce\",\"SAH Rio Doce\"],\"articleSection\":[\"Leste de Minas\"],\"inLanguage\":\"pt-BR\",\"potentialAction\":[{\"@type\":\"CommentAction\",\"name\":\"Comment\",\"target\":[\"https:\\\/\\\/aconteceunovale.com.br\\\/portal\\\/?p=194891#respond\"]}]},{\"@type\":\"WebPage\",\"@id\":\"https:\\\/\\\/aconteceunovale.com.br\\\/portal\\\/?p=194891\",\"url\":\"https:\\\/\\\/aconteceunovale.com.br\\\/portal\\\/?p=194891\",\"name\":\"Reuni\u00e3o avalia condi\u00e7\u00f5es hidrometeorol\u00f3gicas na Bacia do Rio Doce e alerta para chuvas intensas - Aconteceu no Vale\",\"isPartOf\":{\"@id\":\"https:\\\/\\\/aconteceunovale.com.br\\\/portal\\\/#website\"},\"primaryImageOfPage\":{\"@id\":\"https:\\\/\\\/aconteceunovale.com.br\\\/portal\\\/?p=194891#primaryimage\"},\"image\":{\"@id\":\"https:\\\/\\\/aconteceunovale.com.br\\\/portal\\\/?p=194891#primaryimage\"},\"thumbnailUrl\":\"https:\\\/\\\/aconteceunovale.com.br\\\/portal\\\/wp-content\\\/uploads\\\/2025\\\/01\\\/reuniao_bacia_rio_doce.png\",\"datePublished\":\"2025-01-09T19:14:02+00:00\",\"dateModified\":\"2025-01-09T19:15:03+00:00\",\"author\":{\"@id\":\"https:\\\/\\\/aconteceunovale.com.br\\\/portal\\\/#\\\/schema\\\/person\\\/7d2f26d1483f8a63de73da1ee0754d35\"},\"breadcrumb\":{\"@id\":\"https:\\\/\\\/aconteceunovale.com.br\\\/portal\\\/?p=194891#breadcrumb\"},\"inLanguage\":\"pt-BR\",\"potentialAction\":[{\"@type\":\"ReadAction\",\"target\":[\"https:\\\/\\\/aconteceunovale.com.br\\\/portal\\\/?p=194891\"]}]},{\"@type\":\"ImageObject\",\"inLanguage\":\"pt-BR\",\"@id\":\"https:\\\/\\\/aconteceunovale.com.br\\\/portal\\\/?p=194891#primaryimage\",\"url\":\"https:\\\/\\\/aconteceunovale.com.br\\\/portal\\\/wp-content\\\/uploads\\\/2025\\\/01\\\/reuniao_bacia_rio_doce.png\",\"contentUrl\":\"https:\\\/\\\/aconteceunovale.com.br\\\/portal\\\/wp-content\\\/uploads\\\/2025\\\/01\\\/reuniao_bacia_rio_doce.png\",\"width\":600,\"height\":390},{\"@type\":\"BreadcrumbList\",\"@id\":\"https:\\\/\\\/aconteceunovale.com.br\\\/portal\\\/?p=194891#breadcrumb\",\"itemListElement\":[{\"@type\":\"ListItem\",\"position\":1,\"name\":\"In\u00edcio\",\"item\":\"https:\\\/\\\/aconteceunovale.com.br\\\/portal\\\/\"},{\"@type\":\"ListItem\",\"position\":2,\"name\":\"Reuni\u00e3o avalia condi\u00e7\u00f5es hidrometeorol\u00f3gicas na Bacia do Rio Doce e alerta para chuvas intensas\"}]},{\"@type\":\"WebSite\",\"@id\":\"https:\\\/\\\/aconteceunovale.com.br\\\/portal\\\/#website\",\"url\":\"https:\\\/\\\/aconteceunovale.com.br\\\/portal\\\/\",\"name\":\"Aconteceu no Vale\",\"description\":\"Portal de Not\u00edcias\",\"potentialAction\":[{\"@type\":\"SearchAction\",\"target\":{\"@type\":\"EntryPoint\",\"urlTemplate\":\"https:\\\/\\\/aconteceunovale.com.br\\\/portal\\\/?s={search_term_string}\"},\"query-input\":{\"@type\":\"PropertyValueSpecification\",\"valueRequired\":true,\"valueName\":\"search_term_string\"}}],\"inLanguage\":\"pt-BR\"},{\"@type\":\"Person\",\"@id\":\"https:\\\/\\\/aconteceunovale.com.br\\\/portal\\\/#\\\/schema\\\/person\\\/7d2f26d1483f8a63de73da1ee0754d35\",\"name\":\"Reda\u00e7\u00e3o Aconteceu no Vale\",\"description\":\"Equipe de reportagem do Aconteceu no Vale, portal de not\u00edcias do Vale do Jequitinhonha, em Minas Gerais. Cobrimos as 51 cidades do Vale desde 2013. Sugest\u00f5es de pauta e pedidos de corre\u00e7\u00e3o: contato@aconteceunovale.com.br\",\"url\":\"https:\\\/\\\/aconteceunovale.com.br\\\/portal\\\/?author=4\"}]}<\/script>\n<!-- \/ Yoast SEO plugin. -->","yoast_head_json":{"title":"Reuni\u00e3o avalia condi\u00e7\u00f5es hidrometeorol\u00f3gicas na Bacia do Rio Doce e alerta para chuvas intensas - Aconteceu no Vale","robots":{"index":"index","follow":"follow","max-snippet":"max-snippet:-1","max-image-preview":"max-image-preview:large","max-video-preview":"max-video-preview:-1"},"canonical":"https:\/\/aconteceunovale.com.br\/portal\/?p=194891","og_locale":"pt_BR","og_type":"article","og_title":"Reuni\u00e3o avalia condi\u00e7\u00f5es hidrometeorol\u00f3gicas na Bacia do Rio Doce e alerta para chuvas intensas - Aconteceu no Vale","og_description":"A Ag\u00eancia Nacional de \u00c1guas e Saneamento B\u00e1sico (ANA) realizou, na quarta-feira (8), a 3\u00aa Reuni\u00e3o de Avalia\u00e7\u00e3o das Condi\u00e7\u00f5es Hidrometeorol\u00f3gicas da Bacia do Rio Doce. O encontro, promovido para fornecer informa\u00e7\u00f5es sobre as condi\u00e7\u00f5es clim\u00e1ticas e hidrol\u00f3gicas da regi\u00e3o, contou com a participa\u00e7\u00e3o de representantes do Centro Nacional de Monitoramento e Alertas de Desastres [&hellip;]","og_url":"https:\/\/aconteceunovale.com.br\/portal\/?p=194891","og_site_name":"Aconteceu no Vale","article_publisher":"https:\/\/www.facebook.com\/aconteceunovale\/","article_published_time":"2025-01-09T19:14:02+00:00","article_modified_time":"2025-01-09T19:15:03+00:00","og_image":[{"width":600,"height":390,"url":"https:\/\/aconteceunovale.com.br\/portal\/wp-content\/uploads\/2025\/01\/reuniao_bacia_rio_doce.png","type":"image\/png"}],"author":"Reda\u00e7\u00e3o Aconteceu no Vale","twitter_card":"summary_large_image","twitter_creator":"@noticiadosvales","twitter_site":"@noticiadosvales","twitter_misc":{"Escrito por":"Reda\u00e7\u00e3o Aconteceu no Vale","Est. tempo de leitura":"2 minutos"},"schema":{"@context":"https:\/\/schema.org","@graph":[{"@type":"Article","@id":"https:\/\/aconteceunovale.com.br\/portal\/?p=194891#article","isPartOf":{"@id":"https:\/\/aconteceunovale.com.br\/portal\/?p=194891"},"author":{"name":"Reda\u00e7\u00e3o Aconteceu no Vale","@id":"https:\/\/aconteceunovale.com.br\/portal\/#\/schema\/person\/7d2f26d1483f8a63de73da1ee0754d35"},"headline":"Reuni\u00e3o avalia condi\u00e7\u00f5es hidrometeorol\u00f3gicas na Bacia do Rio Doce e alerta para chuvas intensas","datePublished":"2025-01-09T19:14:02+00:00","dateModified":"2025-01-09T19:15:03+00:00","mainEntityOfPage":{"@id":"https:\/\/aconteceunovale.com.br\/portal\/?p=194891"},"wordCount":459,"commentCount":0,"image":{"@id":"https:\/\/aconteceunovale.com.br\/portal\/?p=194891#primaryimage"},"thumbnailUrl":"https:\/\/aconteceunovale.com.br\/portal\/wp-content\/uploads\/2025\/01\/reuniao_bacia_rio_doce.png","keywords":["Ag\u00eancia Nacional de \u00c1guas e Saneamento","Ana","Bacia do Rio Doce","Chuvas na Bacia do Rio Doce","Chuvas no Rio Doce","Condi\u00e7\u00f5es hidrometeorol\u00f3gicas da Bacia do Rio Doce","Monitoramento da Bacia do Rio Doce","Reuni\u00e3o avalia condi\u00e7\u00f5es hidrometeorol\u00f3gicas na Bacia do Rio Doce e alerta para chuvas intensas","Rio Doce","SAH Rio Doce"],"articleSection":["Leste de Minas"],"inLanguage":"pt-BR","potentialAction":[{"@type":"CommentAction","name":"Comment","target":["https:\/\/aconteceunovale.com.br\/portal\/?p=194891#respond"]}]},{"@type":"WebPage","@id":"https:\/\/aconteceunovale.com.br\/portal\/?p=194891","url":"https:\/\/aconteceunovale.com.br\/portal\/?p=194891","name":"Reuni\u00e3o avalia condi\u00e7\u00f5es hidrometeorol\u00f3gicas na Bacia do Rio Doce e alerta para chuvas intensas - Aconteceu no Vale","isPartOf":{"@id":"https:\/\/aconteceunovale.com.br\/portal\/#website"},"primaryImageOfPage":{"@id":"https:\/\/aconteceunovale.com.br\/portal\/?p=194891#primaryimage"},"image":{"@id":"https:\/\/aconteceunovale.com.br\/portal\/?p=194891#primaryimage"},"thumbnailUrl":"https:\/\/aconteceunovale.com.br\/portal\/wp-content\/uploads\/2025\/01\/reuniao_bacia_rio_doce.png","datePublished":"2025-01-09T19:14:02+00:00","dateModified":"2025-01-09T19:15:03+00:00","author":{"@id":"https:\/\/aconteceunovale.com.br\/portal\/#\/schema\/person\/7d2f26d1483f8a63de73da1ee0754d35"},"breadcrumb":{"@id":"https:\/\/aconteceunovale.com.br\/portal\/?p=194891#breadcrumb"},"inLanguage":"pt-BR","potentialAction":[{"@type":"ReadAction","target":["https:\/\/aconteceunovale.com.br\/portal\/?p=194891"]}]},{"@type":"ImageObject","inLanguage":"pt-BR","@id":"https:\/\/aconteceunovale.com.br\/portal\/?p=194891#primaryimage","url":"https:\/\/aconteceunovale.com.br\/portal\/wp-content\/uploads\/2025\/01\/reuniao_bacia_rio_doce.png","contentUrl":"https:\/\/aconteceunovale.com.br\/portal\/wp-content\/uploads\/2025\/01\/reuniao_bacia_rio_doce.png","width":600,"height":390},{"@type":"BreadcrumbList","@id":"https:\/\/aconteceunovale.com.br\/portal\/?p=194891#breadcrumb","itemListElement":[{"@type":"ListItem","position":1,"name":"In\u00edcio","item":"https:\/\/aconteceunovale.com.br\/portal\/"},{"@type":"ListItem","position":2,"name":"Reuni\u00e3o avalia condi\u00e7\u00f5es hidrometeorol\u00f3gicas na Bacia do Rio Doce e alerta para chuvas intensas"}]},{"@type":"WebSite","@id":"https:\/\/aconteceunovale.com.br\/portal\/#website","url":"https:\/\/aconteceunovale.com.br\/portal\/","name":"Aconteceu no Vale","description":"Portal de Not\u00edcias","potentialAction":[{"@type":"SearchAction","target":{"@type":"EntryPoint","urlTemplate":"https:\/\/aconteceunovale.com.br\/portal\/?s={search_term_string}"},"query-input":{"@type":"PropertyValueSpecification","valueRequired":true,"valueName":"search_term_string"}}],"inLanguage":"pt-BR"},{"@type":"Person","@id":"https:\/\/aconteceunovale.com.br\/portal\/#\/schema\/person\/7d2f26d1483f8a63de73da1ee0754d35","name":"Reda\u00e7\u00e3o Aconteceu no Vale","description":"Equipe de reportagem do Aconteceu no Vale, portal de not\u00edcias do Vale do Jequitinhonha, em Minas Gerais. Cobrimos as 51 cidades do Vale desde 2013. Sugest\u00f5es de pauta e pedidos de corre\u00e7\u00e3o: contato@aconteceunovale.com.br","url":"https:\/\/aconteceunovale.com.br\/portal\/?author=4"}]}},"_links":{"self":[{"href":"https:\/\/aconteceunovale.com.br\/portal\/index.php?rest_route=\/wp\/v2\/posts\/194891","targetHints":{"allow":["GET"]}}],"collection":[{"href":"https:\/\/aconteceunovale.com.br\/portal\/index.php?rest_route=\/wp\/v2\/posts"}],"about":[{"href":"https:\/\/aconteceunovale.com.br\/portal\/index.php?rest_route=\/wp\/v2\/types\/post"}],"author":[{"embeddable":true,"href":"https:\/\/aconteceunovale.com.br\/portal\/index.php?rest_route=\/wp\/v2\/users\/4"}],"replies":[{"embeddable":true,"href":"https:\/\/aconteceunovale.com.br\/portal\/index.php?rest_route=%2Fwp%2Fv2%2Fcomments&post=194891"}],"version-history":[{"count":1,"href":"https:\/\/aconteceunovale.com.br\/portal\/index.php?rest_route=\/wp\/v2\/posts\/194891\/revisions"}],"predecessor-version":[{"id":194893,"href":"https:\/\/aconteceunovale.com.br\/portal\/index.php?rest_route=\/wp\/v2\/posts\/194891\/revisions\/194893"}],"wp:featuredmedia":[{"embeddable":true,"href":"https:\/\/aconteceunovale.com.br\/portal\/index.php?rest_route=\/wp\/v2\/media\/194892"}],"wp:attachment":[{"href":"https:\/\/aconteceunovale.com.br\/portal\/index.php?rest_route=%2Fwp%2Fv2%2Fmedia&parent=194891"}],"wp:term":[{"taxonomy":"category","embeddable":true,"href":"https:\/\/aconteceunovale.com.br\/portal\/index.php?rest_route=%2Fwp%2Fv2%2Fcategories&post=194891"},{"taxonomy":"post_tag","embeddable":true,"href":"https:\/\/aconteceunovale.com.br\/portal\/index.php?rest_route=%2Fwp%2Fv2%2Ftags&post=194891"}],"curies":[{"name":"wp","href":"https:\/\/api.w.org\/{rel}","templated":true}]}}