{"id":194885,"date":"2025-01-09T15:56:52","date_gmt":"2025-01-09T18:56:52","guid":{"rendered":"https:\/\/aconteceunovale.com.br\/portal\/?p=194885"},"modified":"2025-01-09T15:57:42","modified_gmt":"2025-01-09T18:57:42","slug":"governo-federal-pagara-r-60-mil-a-familias-de-criancas-afetadas-pelo-virus-zika","status":"publish","type":"post","link":"https:\/\/aconteceunovale.com.br\/portal\/?p=194885","title":{"rendered":"Governo Federal pagar\u00e1 R$ 60 mil a fam\u00edlias de crian\u00e7as afetadas pelo v\u00edrus Zika"},"content":{"rendered":"\n<p class=\"wp-block-paragraph\">Medida provis\u00f3ria<a href=\"https:\/\/www.in.gov.br\/web\/dou\/-\/medida-provisoria-n-1.287-de-8-de-janeiro-de-2025-606170755\" target=\"_blank\" rel=\"noreferrer noopener\">\u00a0publicada nesta quinta-feira (9) no\u00a0<em>Di\u00e1rio Oficial da Uni\u00e3o<\/em><\/a>\u00a0autoriza o pagamento, por parte do governo federal, de indeniza\u00e7\u00e3o no valor de R$ 60 mil para fam\u00edlias de crian\u00e7as com defici\u00eancia causada por infec\u00e7\u00e3o pelo v\u00edrus\u00a0<em>Zika<\/em>.<\/p>\n\n\n\n<p class=\"wp-block-paragraph\">\u201cFica institu\u00eddo apoio financeiro \u00e0 pessoa nascida entre 1\u00ba de janeiro de 2015 e 31 de dezembro de 2024, com defici\u00eancia decorrente de s\u00edndrome cong\u00eanita causada pela infec\u00e7\u00e3o da genitora pelo v\u00edrus\u00a0<em>Zika<\/em>\u00a0durante a gesta\u00e7\u00e3o.\u201d<\/p>\n\n\n\n<p class=\"wp-block-paragraph\">De acordo com o texto, o requerimento da indeniza\u00e7\u00e3o dever\u00e1 ser feito ao Instituto Nacional do Seguro Social (INSS), sendo obrigat\u00f3ria a constata\u00e7\u00e3o da rela\u00e7\u00e3o entre a s\u00edndrome cong\u00eanita e a contamina\u00e7\u00e3o da m\u00e3e pelo&nbsp;<em>Zika<\/em>&nbsp;durante a gesta\u00e7\u00e3o; e da defici\u00eancia.<\/p>\n\n\n\n<p class=\"wp-block-paragraph\">A publica\u00e7\u00e3o cita ainda que o pagamento do valor n\u00e3o ser\u00e1 considerado para fins de c\u00e1lculo de renda m\u00ednima destinado \u00e0 perman\u00eancia da pessoa no Cadastro \u00danico para Programas Sociais do Governo Federal (Cad\u00danico); \u00e0 elegibilidade para o recebimento do benef\u00edcio de presta\u00e7\u00e3o continuada; e \u00e0 transfer\u00eancia de renda do Programa Bolsa Fam\u00edlia.<\/p>\n\n\n\n<p class=\"wp-block-paragraph\">\u201cO apoio financeiro de que trata esta medida provis\u00f3ria, ressalvado o direito de op\u00e7\u00e3o, n\u00e3o \u00e9 acumul\u00e1vel com qualquer indeniza\u00e7\u00e3o da mesma natureza concedida por decis\u00e3o judicial.\u201d<\/p>\n\n\n\n<p class=\"wp-block-paragraph\">As despesas decorrentes do pagamento da indeniza\u00e7\u00e3o, segundo o texto, correr\u00e3o \u00e0 conta do programa or\u00e7ament\u00e1rio Indeniza\u00e7\u00f5es e Pens\u00f5es Especiais de Responsabilidade da Uni\u00e3o.<\/p>\n\n\n\n<p class=\"wp-block-paragraph\">A medida provis\u00f3ria tem validade a partir do momento em que \u00e9 publicada, mas precisa ser aprovada pelos plen\u00e1rios da C\u00e2mara dos Deputados e do Senado para se tornar lei. O prazo de vig\u00eancia da MP \u00e9 de at\u00e9 120 dias.<\/p>\n\n\n\n<h2 class=\"wp-block-heading\">Entenda<\/h2>\n\n\n\n<p class=\"wp-block-paragraph\">A s\u00edndrome cong\u00eanita associada \u00e0 infec\u00e7\u00e3o pelo Zika compreende um conjunto de anomalias cong\u00eanitas que podem incluir altera\u00e7\u00f5es visuais, auditivas e neuropsicomotoras em indiv\u00edduos expostos ao v\u00edrus durante a gesta\u00e7\u00e3o.<\/p>\n\n\n\n<p class=\"wp-block-paragraph\">Tais altera\u00e7\u00f5es, de acordo com o Minist\u00e9rio da Sa\u00fade, podem variar quanto \u00e0 severidade, sendo que, quanto mais cedo ocorre a infec\u00e7\u00e3o durante a gesta\u00e7\u00e3o, mais graves tendem a ser os sinais e sintomas caracter\u00edsticos da s\u00edndrome.<\/p>\n\n\n\n<p class=\"wp-block-paragraph\">A principal forma de transmiss\u00e3o do&nbsp;<em>Zika<\/em>&nbsp;em mulheres gr\u00e1vidas \u00e9 por meio da picada da f\u00eamea do mosquito<em>&nbsp;Aedes aegypti<\/em>, mas a transmiss\u00e3o tamb\u00e9m pode ocorrer por meio de rela\u00e7\u00e3o sexual com indiv\u00edduos infectados ou de transfus\u00e3o sangu\u00ednea.<\/p>\n\n\n\n<p class=\"wp-block-paragraph\">A s\u00edndrome foi descoberta em 2015, ap\u00f3s altera\u00e7\u00e3o no padr\u00e3o de ocorr\u00eancia de microcefalia em beb\u00eas nascidos vivos no Brasil. \u00c0 \u00e9poca, o evento foi considerado emerg\u00eancia em sa\u00fade p\u00fablica de import\u00e2ncia nacional e, posteriormente, internacional.<\/p>\n\n\n\n<p class=\"wp-block-paragraph\">Algum tempo depois, constatou-se que os casos de microcefalia, que tamb\u00e9m cursavam com outras anomalias cerebrais e altera\u00e7\u00f5es neurol\u00f3gicas, estavam associados \u00e0 infec\u00e7\u00e3o pelo&nbsp;<em>Zika&nbsp;<\/em>no per\u00edodo gestacional.<\/p>\n","protected":false},"excerpt":{"rendered":"<p>Medida provis\u00f3ria\u00a0publicada nesta quinta-feira (9) no\u00a0Di\u00e1rio Oficial da Uni\u00e3o\u00a0autoriza o pagamento, por parte do governo federal, de indeniza\u00e7\u00e3o no valor de R$ 60 mil para fam\u00edlias de crian\u00e7as com defici\u00eancia causada por infec\u00e7\u00e3o pelo v\u00edrus\u00a0Zika. \u201cFica institu\u00eddo apoio financeiro \u00e0 pessoa nascida entre 1\u00ba de janeiro de 2015 e 31 de dezembro de 2024, com [&hellip;]<\/p>\n","protected":false},"author":4,"featured_media":194886,"comment_status":"open","ping_status":"closed","sticky":false,"template":"","format":"standard","meta":{"amp_status":"","footnotes":""},"categories":[6,40242],"tags":[1018,269156,269157,269160,269158,269159],"class_list":["post-194885","post","type-post","status-publish","format-standard","has-post-thumbnail","hentry","category-br","category-saude-2","tag-destaque","tag-governo-federal-pagara-r-60-mil-a-familias-de-criancas-afetadas-pelo-virus-zika","tag-indenizacao-virus-zika","tag-indenizacao-zika","tag-indenizacao-zika-virus","tag-pagamento-para-familias-atingidas-pelo-virus-zika"],"yoast_head":"<!-- This site is optimized with the Yoast SEO plugin v28.3 - https:\/\/yoast.com\/product\/yoast-seo-wordpress\/ -->\n<title>Governo Federal pagar\u00e1 R$ 60 mil a fam\u00edlias de crian\u00e7as afetadas pelo v\u00edrus Zika - Aconteceu no Vale<\/title>\n<meta name=\"robots\" content=\"index, follow, max-snippet:-1, max-image-preview:large, max-video-preview:-1\" \/>\n<link rel=\"canonical\" href=\"https:\/\/aconteceunovale.com.br\/portal\/?p=194885\" \/>\n<meta property=\"og:locale\" content=\"pt_BR\" \/>\n<meta property=\"og:type\" content=\"article\" \/>\n<meta property=\"og:title\" content=\"Governo Federal pagar\u00e1 R$ 60 mil a fam\u00edlias de crian\u00e7as afetadas pelo v\u00edrus Zika - Aconteceu no Vale\" \/>\n<meta property=\"og:description\" content=\"Medida provis\u00f3ria\u00a0publicada nesta quinta-feira (9) no\u00a0Di\u00e1rio Oficial da Uni\u00e3o\u00a0autoriza o pagamento, por parte do governo federal, de indeniza\u00e7\u00e3o no valor de R$ 60 mil para fam\u00edlias de crian\u00e7as com defici\u00eancia causada por infec\u00e7\u00e3o pelo v\u00edrus\u00a0Zika. \u201cFica institu\u00eddo apoio financeiro \u00e0 pessoa nascida entre 1\u00ba de janeiro de 2015 e 31 de dezembro de 2024, com [&hellip;]\" \/>\n<meta property=\"og:url\" content=\"https:\/\/aconteceunovale.com.br\/portal\/?p=194885\" \/>\n<meta property=\"og:site_name\" content=\"Aconteceu no Vale\" \/>\n<meta property=\"article:publisher\" content=\"https:\/\/www.facebook.com\/aconteceunovale\/\" \/>\n<meta property=\"article:published_time\" content=\"2025-01-09T18:56:52+00:00\" \/>\n<meta property=\"article:modified_time\" content=\"2025-01-09T18:57:42+00:00\" \/>\n<meta property=\"og:image\" content=\"https:\/\/aconteceunovale.com.br\/portal\/wp-content\/uploads\/2025\/01\/virus_zika.png\" \/>\n\t<meta property=\"og:image:width\" content=\"678\" \/>\n\t<meta property=\"og:image:height\" content=\"406\" \/>\n\t<meta property=\"og:image:type\" content=\"image\/png\" \/>\n<meta name=\"author\" content=\"Reda\u00e7\u00e3o Aconteceu no Vale\" \/>\n<meta name=\"twitter:card\" content=\"summary_large_image\" \/>\n<meta name=\"twitter:creator\" content=\"@noticiadosvales\" \/>\n<meta name=\"twitter:site\" content=\"@noticiadosvales\" \/>\n<meta name=\"twitter:label1\" content=\"Escrito por\" \/>\n\t<meta name=\"twitter:data1\" content=\"Reda\u00e7\u00e3o Aconteceu no Vale\" \/>\n\t<meta name=\"twitter:label2\" content=\"Est. tempo de leitura\" \/>\n\t<meta name=\"twitter:data2\" content=\"3 minutos\" \/>\n<script type=\"application\/ld+json\" class=\"yoast-schema-graph\">{\"@context\":\"https:\\\/\\\/schema.org\",\"@graph\":[{\"@type\":\"Article\",\"@id\":\"https:\\\/\\\/aconteceunovale.com.br\\\/portal\\\/?p=194885#article\",\"isPartOf\":{\"@id\":\"https:\\\/\\\/aconteceunovale.com.br\\\/portal\\\/?p=194885\"},\"author\":{\"name\":\"Reda\u00e7\u00e3o Aconteceu no Vale\",\"@id\":\"https:\\\/\\\/aconteceunovale.com.br\\\/portal\\\/#\\\/schema\\\/person\\\/7d2f26d1483f8a63de73da1ee0754d35\"},\"headline\":\"Governo Federal pagar\u00e1 R$ 60 mil a fam\u00edlias de crian\u00e7as afetadas pelo v\u00edrus Zika\",\"datePublished\":\"2025-01-09T18:56:52+00:00\",\"dateModified\":\"2025-01-09T18:57:42+00:00\",\"mainEntityOfPage\":{\"@id\":\"https:\\\/\\\/aconteceunovale.com.br\\\/portal\\\/?p=194885\"},\"wordCount\":527,\"commentCount\":0,\"image\":{\"@id\":\"https:\\\/\\\/aconteceunovale.com.br\\\/portal\\\/?p=194885#primaryimage\"},\"thumbnailUrl\":\"https:\\\/\\\/aconteceunovale.com.br\\\/portal\\\/wp-content\\\/uploads\\\/2025\\\/01\\\/virus_zika.png\",\"keywords\":[\"destaque\",\"Governo Federal pagar\u00e1 R$ 60 mil a fam\u00edlias de crian\u00e7as afetadas pelo v\u00edrus Zika\",\"Indeniza\u00e7\u00e3o v\u00edrus Zika\",\"Indeniza\u00e7\u00e3o zika\",\"Indeniza\u00e7\u00e3o Zika v\u00edrus\",\"Pagamento para fam\u00edlias atingidas pelo v\u00edrus zika\"],\"articleSection\":[\"Brasil\",\"Sa\u00fade\"],\"inLanguage\":\"pt-BR\",\"potentialAction\":[{\"@type\":\"CommentAction\",\"name\":\"Comment\",\"target\":[\"https:\\\/\\\/aconteceunovale.com.br\\\/portal\\\/?p=194885#respond\"]}]},{\"@type\":\"WebPage\",\"@id\":\"https:\\\/\\\/aconteceunovale.com.br\\\/portal\\\/?p=194885\",\"url\":\"https:\\\/\\\/aconteceunovale.com.br\\\/portal\\\/?p=194885\",\"name\":\"Governo Federal pagar\u00e1 R$ 60 mil a fam\u00edlias de crian\u00e7as afetadas pelo v\u00edrus Zika - Aconteceu no Vale\",\"isPartOf\":{\"@id\":\"https:\\\/\\\/aconteceunovale.com.br\\\/portal\\\/#website\"},\"primaryImageOfPage\":{\"@id\":\"https:\\\/\\\/aconteceunovale.com.br\\\/portal\\\/?p=194885#primaryimage\"},\"image\":{\"@id\":\"https:\\\/\\\/aconteceunovale.com.br\\\/portal\\\/?p=194885#primaryimage\"},\"thumbnailUrl\":\"https:\\\/\\\/aconteceunovale.com.br\\\/portal\\\/wp-content\\\/uploads\\\/2025\\\/01\\\/virus_zika.png\",\"datePublished\":\"2025-01-09T18:56:52+00:00\",\"dateModified\":\"2025-01-09T18:57:42+00:00\",\"author\":{\"@id\":\"https:\\\/\\\/aconteceunovale.com.br\\\/portal\\\/#\\\/schema\\\/person\\\/7d2f26d1483f8a63de73da1ee0754d35\"},\"breadcrumb\":{\"@id\":\"https:\\\/\\\/aconteceunovale.com.br\\\/portal\\\/?p=194885#breadcrumb\"},\"inLanguage\":\"pt-BR\",\"potentialAction\":[{\"@type\":\"ReadAction\",\"target\":[\"https:\\\/\\\/aconteceunovale.com.br\\\/portal\\\/?p=194885\"]}]},{\"@type\":\"ImageObject\",\"inLanguage\":\"pt-BR\",\"@id\":\"https:\\\/\\\/aconteceunovale.com.br\\\/portal\\\/?p=194885#primaryimage\",\"url\":\"https:\\\/\\\/aconteceunovale.com.br\\\/portal\\\/wp-content\\\/uploads\\\/2025\\\/01\\\/virus_zika.png\",\"contentUrl\":\"https:\\\/\\\/aconteceunovale.com.br\\\/portal\\\/wp-content\\\/uploads\\\/2025\\\/01\\\/virus_zika.png\",\"width\":678,\"height\":406},{\"@type\":\"BreadcrumbList\",\"@id\":\"https:\\\/\\\/aconteceunovale.com.br\\\/portal\\\/?p=194885#breadcrumb\",\"itemListElement\":[{\"@type\":\"ListItem\",\"position\":1,\"name\":\"In\u00edcio\",\"item\":\"https:\\\/\\\/aconteceunovale.com.br\\\/portal\\\/\"},{\"@type\":\"ListItem\",\"position\":2,\"name\":\"Governo Federal pagar\u00e1 R$ 60 mil a fam\u00edlias de crian\u00e7as afetadas pelo v\u00edrus Zika\"}]},{\"@type\":\"WebSite\",\"@id\":\"https:\\\/\\\/aconteceunovale.com.br\\\/portal\\\/#website\",\"url\":\"https:\\\/\\\/aconteceunovale.com.br\\\/portal\\\/\",\"name\":\"Aconteceu no Vale\",\"description\":\"Portal de Not\u00edcias\",\"potentialAction\":[{\"@type\":\"SearchAction\",\"target\":{\"@type\":\"EntryPoint\",\"urlTemplate\":\"https:\\\/\\\/aconteceunovale.com.br\\\/portal\\\/?s={search_term_string}\"},\"query-input\":{\"@type\":\"PropertyValueSpecification\",\"valueRequired\":true,\"valueName\":\"search_term_string\"}}],\"inLanguage\":\"pt-BR\"},{\"@type\":\"Person\",\"@id\":\"https:\\\/\\\/aconteceunovale.com.br\\\/portal\\\/#\\\/schema\\\/person\\\/7d2f26d1483f8a63de73da1ee0754d35\",\"name\":\"Reda\u00e7\u00e3o Aconteceu no Vale\",\"description\":\"Equipe de reportagem do Aconteceu no Vale, portal de not\u00edcias do Vale do Jequitinhonha, em Minas Gerais. Cobrimos as 51 cidades do Vale desde 2013. Sugest\u00f5es de pauta e pedidos de corre\u00e7\u00e3o: contato@aconteceunovale.com.br\",\"url\":\"https:\\\/\\\/aconteceunovale.com.br\\\/portal\\\/?author=4\"}]}<\/script>\n<!-- \/ Yoast SEO plugin. -->","yoast_head_json":{"title":"Governo Federal pagar\u00e1 R$ 60 mil a fam\u00edlias de crian\u00e7as afetadas pelo v\u00edrus Zika - Aconteceu no Vale","robots":{"index":"index","follow":"follow","max-snippet":"max-snippet:-1","max-image-preview":"max-image-preview:large","max-video-preview":"max-video-preview:-1"},"canonical":"https:\/\/aconteceunovale.com.br\/portal\/?p=194885","og_locale":"pt_BR","og_type":"article","og_title":"Governo Federal pagar\u00e1 R$ 60 mil a fam\u00edlias de crian\u00e7as afetadas pelo v\u00edrus Zika - Aconteceu no Vale","og_description":"Medida provis\u00f3ria\u00a0publicada nesta quinta-feira (9) no\u00a0Di\u00e1rio Oficial da Uni\u00e3o\u00a0autoriza o pagamento, por parte do governo federal, de indeniza\u00e7\u00e3o no valor de R$ 60 mil para fam\u00edlias de crian\u00e7as com defici\u00eancia causada por infec\u00e7\u00e3o pelo v\u00edrus\u00a0Zika. \u201cFica institu\u00eddo apoio financeiro \u00e0 pessoa nascida entre 1\u00ba de janeiro de 2015 e 31 de dezembro de 2024, com [&hellip;]","og_url":"https:\/\/aconteceunovale.com.br\/portal\/?p=194885","og_site_name":"Aconteceu no Vale","article_publisher":"https:\/\/www.facebook.com\/aconteceunovale\/","article_published_time":"2025-01-09T18:56:52+00:00","article_modified_time":"2025-01-09T18:57:42+00:00","og_image":[{"width":678,"height":406,"url":"https:\/\/aconteceunovale.com.br\/portal\/wp-content\/uploads\/2025\/01\/virus_zika.png","type":"image\/png"}],"author":"Reda\u00e7\u00e3o Aconteceu no Vale","twitter_card":"summary_large_image","twitter_creator":"@noticiadosvales","twitter_site":"@noticiadosvales","twitter_misc":{"Escrito por":"Reda\u00e7\u00e3o Aconteceu no Vale","Est. tempo de leitura":"3 minutos"},"schema":{"@context":"https:\/\/schema.org","@graph":[{"@type":"Article","@id":"https:\/\/aconteceunovale.com.br\/portal\/?p=194885#article","isPartOf":{"@id":"https:\/\/aconteceunovale.com.br\/portal\/?p=194885"},"author":{"name":"Reda\u00e7\u00e3o Aconteceu no Vale","@id":"https:\/\/aconteceunovale.com.br\/portal\/#\/schema\/person\/7d2f26d1483f8a63de73da1ee0754d35"},"headline":"Governo Federal pagar\u00e1 R$ 60 mil a fam\u00edlias de crian\u00e7as afetadas pelo v\u00edrus Zika","datePublished":"2025-01-09T18:56:52+00:00","dateModified":"2025-01-09T18:57:42+00:00","mainEntityOfPage":{"@id":"https:\/\/aconteceunovale.com.br\/portal\/?p=194885"},"wordCount":527,"commentCount":0,"image":{"@id":"https:\/\/aconteceunovale.com.br\/portal\/?p=194885#primaryimage"},"thumbnailUrl":"https:\/\/aconteceunovale.com.br\/portal\/wp-content\/uploads\/2025\/01\/virus_zika.png","keywords":["destaque","Governo Federal pagar\u00e1 R$ 60 mil a fam\u00edlias de crian\u00e7as afetadas pelo v\u00edrus Zika","Indeniza\u00e7\u00e3o v\u00edrus Zika","Indeniza\u00e7\u00e3o zika","Indeniza\u00e7\u00e3o Zika v\u00edrus","Pagamento para fam\u00edlias atingidas pelo v\u00edrus zika"],"articleSection":["Brasil","Sa\u00fade"],"inLanguage":"pt-BR","potentialAction":[{"@type":"CommentAction","name":"Comment","target":["https:\/\/aconteceunovale.com.br\/portal\/?p=194885#respond"]}]},{"@type":"WebPage","@id":"https:\/\/aconteceunovale.com.br\/portal\/?p=194885","url":"https:\/\/aconteceunovale.com.br\/portal\/?p=194885","name":"Governo Federal pagar\u00e1 R$ 60 mil a fam\u00edlias de crian\u00e7as afetadas pelo v\u00edrus Zika - Aconteceu no Vale","isPartOf":{"@id":"https:\/\/aconteceunovale.com.br\/portal\/#website"},"primaryImageOfPage":{"@id":"https:\/\/aconteceunovale.com.br\/portal\/?p=194885#primaryimage"},"image":{"@id":"https:\/\/aconteceunovale.com.br\/portal\/?p=194885#primaryimage"},"thumbnailUrl":"https:\/\/aconteceunovale.com.br\/portal\/wp-content\/uploads\/2025\/01\/virus_zika.png","datePublished":"2025-01-09T18:56:52+00:00","dateModified":"2025-01-09T18:57:42+00:00","author":{"@id":"https:\/\/aconteceunovale.com.br\/portal\/#\/schema\/person\/7d2f26d1483f8a63de73da1ee0754d35"},"breadcrumb":{"@id":"https:\/\/aconteceunovale.com.br\/portal\/?p=194885#breadcrumb"},"inLanguage":"pt-BR","potentialAction":[{"@type":"ReadAction","target":["https:\/\/aconteceunovale.com.br\/portal\/?p=194885"]}]},{"@type":"ImageObject","inLanguage":"pt-BR","@id":"https:\/\/aconteceunovale.com.br\/portal\/?p=194885#primaryimage","url":"https:\/\/aconteceunovale.com.br\/portal\/wp-content\/uploads\/2025\/01\/virus_zika.png","contentUrl":"https:\/\/aconteceunovale.com.br\/portal\/wp-content\/uploads\/2025\/01\/virus_zika.png","width":678,"height":406},{"@type":"BreadcrumbList","@id":"https:\/\/aconteceunovale.com.br\/portal\/?p=194885#breadcrumb","itemListElement":[{"@type":"ListItem","position":1,"name":"In\u00edcio","item":"https:\/\/aconteceunovale.com.br\/portal\/"},{"@type":"ListItem","position":2,"name":"Governo Federal pagar\u00e1 R$ 60 mil a fam\u00edlias de crian\u00e7as afetadas pelo v\u00edrus Zika"}]},{"@type":"WebSite","@id":"https:\/\/aconteceunovale.com.br\/portal\/#website","url":"https:\/\/aconteceunovale.com.br\/portal\/","name":"Aconteceu no Vale","description":"Portal de Not\u00edcias","potentialAction":[{"@type":"SearchAction","target":{"@type":"EntryPoint","urlTemplate":"https:\/\/aconteceunovale.com.br\/portal\/?s={search_term_string}"},"query-input":{"@type":"PropertyValueSpecification","valueRequired":true,"valueName":"search_term_string"}}],"inLanguage":"pt-BR"},{"@type":"Person","@id":"https:\/\/aconteceunovale.com.br\/portal\/#\/schema\/person\/7d2f26d1483f8a63de73da1ee0754d35","name":"Reda\u00e7\u00e3o Aconteceu no Vale","description":"Equipe de reportagem do Aconteceu no Vale, portal de not\u00edcias do Vale do Jequitinhonha, em Minas Gerais. Cobrimos as 51 cidades do Vale desde 2013. Sugest\u00f5es de pauta e pedidos de corre\u00e7\u00e3o: contato@aconteceunovale.com.br","url":"https:\/\/aconteceunovale.com.br\/portal\/?author=4"}]}},"_links":{"self":[{"href":"https:\/\/aconteceunovale.com.br\/portal\/index.php?rest_route=\/wp\/v2\/posts\/194885","targetHints":{"allow":["GET"]}}],"collection":[{"href":"https:\/\/aconteceunovale.com.br\/portal\/index.php?rest_route=\/wp\/v2\/posts"}],"about":[{"href":"https:\/\/aconteceunovale.com.br\/portal\/index.php?rest_route=\/wp\/v2\/types\/post"}],"author":[{"embeddable":true,"href":"https:\/\/aconteceunovale.com.br\/portal\/index.php?rest_route=\/wp\/v2\/users\/4"}],"replies":[{"embeddable":true,"href":"https:\/\/aconteceunovale.com.br\/portal\/index.php?rest_route=%2Fwp%2Fv2%2Fcomments&post=194885"}],"version-history":[{"count":1,"href":"https:\/\/aconteceunovale.com.br\/portal\/index.php?rest_route=\/wp\/v2\/posts\/194885\/revisions"}],"predecessor-version":[{"id":194887,"href":"https:\/\/aconteceunovale.com.br\/portal\/index.php?rest_route=\/wp\/v2\/posts\/194885\/revisions\/194887"}],"wp:featuredmedia":[{"embeddable":true,"href":"https:\/\/aconteceunovale.com.br\/portal\/index.php?rest_route=\/wp\/v2\/media\/194886"}],"wp:attachment":[{"href":"https:\/\/aconteceunovale.com.br\/portal\/index.php?rest_route=%2Fwp%2Fv2%2Fmedia&parent=194885"}],"wp:term":[{"taxonomy":"category","embeddable":true,"href":"https:\/\/aconteceunovale.com.br\/portal\/index.php?rest_route=%2Fwp%2Fv2%2Fcategories&post=194885"},{"taxonomy":"post_tag","embeddable":true,"href":"https:\/\/aconteceunovale.com.br\/portal\/index.php?rest_route=%2Fwp%2Fv2%2Ftags&post=194885"}],"curies":[{"name":"wp","href":"https:\/\/api.w.org\/{rel}","templated":true}]}}