{"id":194872,"date":"2025-01-09T10:13:22","date_gmt":"2025-01-09T13:13:22","guid":{"rendered":"https:\/\/aconteceunovale.com.br\/portal\/?p=194872"},"modified":"2025-01-09T10:17:41","modified_gmt":"2025-01-09T13:17:41","slug":"suspeito-de-matar-a-sogra-na-vespera-de-natal-e-preso-no-norte-de-minas","status":"publish","type":"post","link":"https:\/\/aconteceunovale.com.br\/portal\/?p=194872","title":{"rendered":"Suspeito de matar a sogra na v\u00e9spera de Natal \u00e9 preso no Norte de Minas"},"content":{"rendered":"\n<p class=\"wp-block-paragraph\">A Pol\u00edcia Civil de Minas Gerais (PCMG) cumpriu, na ter\u00e7a-feira (7\/1\/2025), um mandado de pris\u00e3o preventiva contra um homem de 25 anos, suspeito de matar a sogra, de 45, em Luisl\u00e2ndia, munic\u00edpio localizado a cerca de 20 quil\u00f4metros de Bras\u00edlia de Minas, no Norte do Estado. O crime ocorreu no dia 24 de dezembro.<\/p>\n\n\n\n<p class=\"wp-block-paragraph\">De acordo com as investiga\u00e7\u00f5es, o suspeito, a companheira dele e a sogra haviam consumido bebidas alco\u00f3licas em um bar pr\u00f3ximo \u00e0 resid\u00eancia da v\u00edtima. Durante a madrugada, os tr\u00eas retornaram para casa, onde uma discuss\u00e3o entre o suspeito e a companheira teve in\u00edcio. O conflito evoluiu para agress\u00f5es f\u00edsicas, e o investigado tentou sufocar a mulher, segurando-a pelo pesco\u00e7o. A m\u00e3e da v\u00edtima interveio e conseguiu separar os dois, interrompendo a agress\u00e3o.<\/p>\n\n\n\n<p class=\"wp-block-paragraph\">A Pol\u00edcia Civil informou que, aproveitando-se de um momento de distra\u00e7\u00e3o da sogra, o homem pegou uma faca e desferiu v\u00e1rios golpes nas costas dela. Ap\u00f3s cometer o crime, o suspeito fugiu do local.<\/p>\n\n\n\n<p class=\"wp-block-paragraph\">A delegada Nat\u00e1lia Caliman destacou que as investiga\u00e7\u00f5es come\u00e7aram imediatamente ap\u00f3s o ocorrido, com a per\u00edcia t\u00e9cnica da PCMG realizando levantamentos no im\u00f3vel. Com o avan\u00e7o das apura\u00e7\u00f5es, foi decretada a pris\u00e3o preventiva do investigado, que foi localizado em Bras\u00edlia de Minas e encaminhado ao sistema prisional.<\/p>\n\n\n\n<p class=\"wp-block-paragraph\">A a\u00e7\u00e3o foi realizada pela equipe da Delegacia de Pol\u00edcia Civil de Bras\u00edlia de Minas.<\/p>\n","protected":false},"excerpt":{"rendered":"<p>A Pol\u00edcia Civil de Minas Gerais (PCMG) cumpriu, na ter\u00e7a-feira (7\/1\/2025), um mandado de pris\u00e3o preventiva contra um homem de 25 anos, suspeito de matar a sogra, de 45, em Luisl\u00e2ndia, munic\u00edpio localizado a cerca de 20 quil\u00f4metros de Bras\u00edlia de Minas, no Norte do Estado. O crime ocorreu no dia 24 de dezembro. De [&hellip;]<\/p>\n","protected":false},"author":4,"featured_media":162079,"comment_status":"open","ping_status":"closed","sticky":false,"template":"","format":"standard","meta":{"amp_status":"","footnotes":""},"categories":[1236],"tags":[195,1018,1707,269142,269143,47695,269140,269141],"class_list":["post-194872","post","type-post","status-publish","format-standard","has-post-thumbnail","hentry","category-norte_de_minas","tag-brasilia-de-minas","tag-destaque","tag-luislandia","tag-noticias-de-brasilia-de-minas","tag-noticias-de-luislandia","tag-preso-em-brasilia-de-minas","tag-suspeito-de-matar-a-sogra-na-vespera-de-natal-e-preso-no-norte-de-minas","tag-suspeito-de-matar-a-sogra-na-vespera-de-natal-em-luislandia-e-preso-em-brasilia-de-minas"],"yoast_head":"<!-- This site is optimized with the Yoast SEO plugin v28.3 - https:\/\/yoast.com\/product\/yoast-seo-wordpress\/ -->\n<title>Suspeito de matar a sogra na v\u00e9spera de Natal \u00e9 preso no Norte de Minas - Aconteceu no Vale<\/title>\n<meta name=\"robots\" content=\"index, follow, max-snippet:-1, max-image-preview:large, max-video-preview:-1\" \/>\n<link rel=\"canonical\" href=\"https:\/\/aconteceunovale.com.br\/portal\/?p=194872\" \/>\n<meta property=\"og:locale\" content=\"pt_BR\" \/>\n<meta property=\"og:type\" content=\"article\" \/>\n<meta property=\"og:title\" content=\"Suspeito de matar a sogra na v\u00e9spera de Natal \u00e9 preso no Norte de Minas - Aconteceu no Vale\" \/>\n<meta property=\"og:description\" content=\"A Pol\u00edcia Civil de Minas Gerais (PCMG) cumpriu, na ter\u00e7a-feira (7\/1\/2025), um mandado de pris\u00e3o preventiva contra um homem de 25 anos, suspeito de matar a sogra, de 45, em Luisl\u00e2ndia, munic\u00edpio localizado a cerca de 20 quil\u00f4metros de Bras\u00edlia de Minas, no Norte do Estado. O crime ocorreu no dia 24 de dezembro. De [&hellip;]\" \/>\n<meta property=\"og:url\" content=\"https:\/\/aconteceunovale.com.br\/portal\/?p=194872\" \/>\n<meta property=\"og:site_name\" content=\"Aconteceu no Vale\" \/>\n<meta property=\"article:publisher\" content=\"https:\/\/www.facebook.com\/aconteceunovale\/\" \/>\n<meta property=\"article:published_time\" content=\"2025-01-09T13:13:22+00:00\" \/>\n<meta property=\"article:modified_time\" content=\"2025-01-09T13:17:41+00:00\" \/>\n<meta property=\"og:image\" content=\"https:\/\/aconteceunovale.com.br\/portal\/wp-content\/uploads\/2020\/05\/pcmg.jpg\" \/>\n\t<meta property=\"og:image:width\" content=\"650\" \/>\n\t<meta property=\"og:image:height\" content=\"402\" \/>\n\t<meta property=\"og:image:type\" content=\"image\/jpeg\" \/>\n<meta name=\"author\" content=\"Reda\u00e7\u00e3o Aconteceu no Vale\" \/>\n<meta name=\"twitter:card\" content=\"summary_large_image\" \/>\n<meta name=\"twitter:creator\" content=\"@noticiadosvales\" \/>\n<meta name=\"twitter:site\" content=\"@noticiadosvales\" \/>\n<meta name=\"twitter:label1\" content=\"Escrito por\" \/>\n\t<meta name=\"twitter:data1\" content=\"Reda\u00e7\u00e3o Aconteceu no Vale\" \/>\n\t<meta name=\"twitter:label2\" content=\"Est. tempo de leitura\" \/>\n\t<meta name=\"twitter:data2\" content=\"1 minuto\" \/>\n<script type=\"application\/ld+json\" class=\"yoast-schema-graph\">{\"@context\":\"https:\\\/\\\/schema.org\",\"@graph\":[{\"@type\":\"Article\",\"@id\":\"https:\\\/\\\/aconteceunovale.com.br\\\/portal\\\/?p=194872#article\",\"isPartOf\":{\"@id\":\"https:\\\/\\\/aconteceunovale.com.br\\\/portal\\\/?p=194872\"},\"author\":{\"name\":\"Reda\u00e7\u00e3o Aconteceu no Vale\",\"@id\":\"https:\\\/\\\/aconteceunovale.com.br\\\/portal\\\/#\\\/schema\\\/person\\\/7d2f26d1483f8a63de73da1ee0754d35\"},\"headline\":\"Suspeito de matar a sogra na v\u00e9spera de Natal \u00e9 preso no Norte de Minas\",\"datePublished\":\"2025-01-09T13:13:22+00:00\",\"dateModified\":\"2025-01-09T13:17:41+00:00\",\"mainEntityOfPage\":{\"@id\":\"https:\\\/\\\/aconteceunovale.com.br\\\/portal\\\/?p=194872\"},\"wordCount\":271,\"commentCount\":0,\"image\":{\"@id\":\"https:\\\/\\\/aconteceunovale.com.br\\\/portal\\\/?p=194872#primaryimage\"},\"thumbnailUrl\":\"https:\\\/\\\/aconteceunovale.com.br\\\/portal\\\/wp-content\\\/uploads\\\/2020\\\/05\\\/pcmg.jpg\",\"keywords\":[\"Bras\u00edlia de Minas\",\"destaque\",\"Luisl\u00e2ndia\",\"Not\u00edcias de Bras\u00edlia de Minas\",\"Not\u00edcias de Luisl\u00e2ndia\",\"Preso em Bras\u00edlia de Minas\",\"Suspeito de matar a sogra na v\u00e9spera de Natal \u00e9 preso no Norte de Minas\",\"Suspeito de matar a sogra na v\u00e9spera de Natal em Luisl\u00e2ndia \u00e9 preso em Bras\u00edlia de Minas\"],\"articleSection\":[\"Norte de Minas\"],\"inLanguage\":\"pt-BR\",\"potentialAction\":[{\"@type\":\"CommentAction\",\"name\":\"Comment\",\"target\":[\"https:\\\/\\\/aconteceunovale.com.br\\\/portal\\\/?p=194872#respond\"]}]},{\"@type\":\"WebPage\",\"@id\":\"https:\\\/\\\/aconteceunovale.com.br\\\/portal\\\/?p=194872\",\"url\":\"https:\\\/\\\/aconteceunovale.com.br\\\/portal\\\/?p=194872\",\"name\":\"Suspeito de matar a sogra na v\u00e9spera de Natal \u00e9 preso no Norte de Minas - Aconteceu no Vale\",\"isPartOf\":{\"@id\":\"https:\\\/\\\/aconteceunovale.com.br\\\/portal\\\/#website\"},\"primaryImageOfPage\":{\"@id\":\"https:\\\/\\\/aconteceunovale.com.br\\\/portal\\\/?p=194872#primaryimage\"},\"image\":{\"@id\":\"https:\\\/\\\/aconteceunovale.com.br\\\/portal\\\/?p=194872#primaryimage\"},\"thumbnailUrl\":\"https:\\\/\\\/aconteceunovale.com.br\\\/portal\\\/wp-content\\\/uploads\\\/2020\\\/05\\\/pcmg.jpg\",\"datePublished\":\"2025-01-09T13:13:22+00:00\",\"dateModified\":\"2025-01-09T13:17:41+00:00\",\"author\":{\"@id\":\"https:\\\/\\\/aconteceunovale.com.br\\\/portal\\\/#\\\/schema\\\/person\\\/7d2f26d1483f8a63de73da1ee0754d35\"},\"breadcrumb\":{\"@id\":\"https:\\\/\\\/aconteceunovale.com.br\\\/portal\\\/?p=194872#breadcrumb\"},\"inLanguage\":\"pt-BR\",\"potentialAction\":[{\"@type\":\"ReadAction\",\"target\":[\"https:\\\/\\\/aconteceunovale.com.br\\\/portal\\\/?p=194872\"]}]},{\"@type\":\"ImageObject\",\"inLanguage\":\"pt-BR\",\"@id\":\"https:\\\/\\\/aconteceunovale.com.br\\\/portal\\\/?p=194872#primaryimage\",\"url\":\"https:\\\/\\\/aconteceunovale.com.br\\\/portal\\\/wp-content\\\/uploads\\\/2020\\\/05\\\/pcmg.jpg\",\"contentUrl\":\"https:\\\/\\\/aconteceunovale.com.br\\\/portal\\\/wp-content\\\/uploads\\\/2020\\\/05\\\/pcmg.jpg\",\"width\":650,\"height\":402},{\"@type\":\"BreadcrumbList\",\"@id\":\"https:\\\/\\\/aconteceunovale.com.br\\\/portal\\\/?p=194872#breadcrumb\",\"itemListElement\":[{\"@type\":\"ListItem\",\"position\":1,\"name\":\"In\u00edcio\",\"item\":\"https:\\\/\\\/aconteceunovale.com.br\\\/portal\\\/\"},{\"@type\":\"ListItem\",\"position\":2,\"name\":\"Suspeito de matar a sogra na v\u00e9spera de Natal \u00e9 preso no Norte de Minas\"}]},{\"@type\":\"WebSite\",\"@id\":\"https:\\\/\\\/aconteceunovale.com.br\\\/portal\\\/#website\",\"url\":\"https:\\\/\\\/aconteceunovale.com.br\\\/portal\\\/\",\"name\":\"Aconteceu no Vale\",\"description\":\"Portal de Not\u00edcias\",\"potentialAction\":[{\"@type\":\"SearchAction\",\"target\":{\"@type\":\"EntryPoint\",\"urlTemplate\":\"https:\\\/\\\/aconteceunovale.com.br\\\/portal\\\/?s={search_term_string}\"},\"query-input\":{\"@type\":\"PropertyValueSpecification\",\"valueRequired\":true,\"valueName\":\"search_term_string\"}}],\"inLanguage\":\"pt-BR\"},{\"@type\":\"Person\",\"@id\":\"https:\\\/\\\/aconteceunovale.com.br\\\/portal\\\/#\\\/schema\\\/person\\\/7d2f26d1483f8a63de73da1ee0754d35\",\"name\":\"Reda\u00e7\u00e3o Aconteceu no Vale\",\"description\":\"Equipe de reportagem do Aconteceu no Vale, portal de not\u00edcias do Vale do Jequitinhonha, em Minas Gerais. Cobrimos as 51 cidades do Vale desde 2013. Sugest\u00f5es de pauta e pedidos de corre\u00e7\u00e3o: contato@aconteceunovale.com.br\",\"url\":\"https:\\\/\\\/aconteceunovale.com.br\\\/portal\\\/?author=4\"}]}<\/script>\n<!-- \/ Yoast SEO plugin. -->","yoast_head_json":{"title":"Suspeito de matar a sogra na v\u00e9spera de Natal \u00e9 preso no Norte de Minas - Aconteceu no Vale","robots":{"index":"index","follow":"follow","max-snippet":"max-snippet:-1","max-image-preview":"max-image-preview:large","max-video-preview":"max-video-preview:-1"},"canonical":"https:\/\/aconteceunovale.com.br\/portal\/?p=194872","og_locale":"pt_BR","og_type":"article","og_title":"Suspeito de matar a sogra na v\u00e9spera de Natal \u00e9 preso no Norte de Minas - Aconteceu no Vale","og_description":"A Pol\u00edcia Civil de Minas Gerais (PCMG) cumpriu, na ter\u00e7a-feira (7\/1\/2025), um mandado de pris\u00e3o preventiva contra um homem de 25 anos, suspeito de matar a sogra, de 45, em Luisl\u00e2ndia, munic\u00edpio localizado a cerca de 20 quil\u00f4metros de Bras\u00edlia de Minas, no Norte do Estado. O crime ocorreu no dia 24 de dezembro. De [&hellip;]","og_url":"https:\/\/aconteceunovale.com.br\/portal\/?p=194872","og_site_name":"Aconteceu no Vale","article_publisher":"https:\/\/www.facebook.com\/aconteceunovale\/","article_published_time":"2025-01-09T13:13:22+00:00","article_modified_time":"2025-01-09T13:17:41+00:00","og_image":[{"width":650,"height":402,"url":"https:\/\/aconteceunovale.com.br\/portal\/wp-content\/uploads\/2020\/05\/pcmg.jpg","type":"image\/jpeg"}],"author":"Reda\u00e7\u00e3o Aconteceu no Vale","twitter_card":"summary_large_image","twitter_creator":"@noticiadosvales","twitter_site":"@noticiadosvales","twitter_misc":{"Escrito por":"Reda\u00e7\u00e3o Aconteceu no Vale","Est. tempo de leitura":"1 minuto"},"schema":{"@context":"https:\/\/schema.org","@graph":[{"@type":"Article","@id":"https:\/\/aconteceunovale.com.br\/portal\/?p=194872#article","isPartOf":{"@id":"https:\/\/aconteceunovale.com.br\/portal\/?p=194872"},"author":{"name":"Reda\u00e7\u00e3o Aconteceu no Vale","@id":"https:\/\/aconteceunovale.com.br\/portal\/#\/schema\/person\/7d2f26d1483f8a63de73da1ee0754d35"},"headline":"Suspeito de matar a sogra na v\u00e9spera de Natal \u00e9 preso no Norte de Minas","datePublished":"2025-01-09T13:13:22+00:00","dateModified":"2025-01-09T13:17:41+00:00","mainEntityOfPage":{"@id":"https:\/\/aconteceunovale.com.br\/portal\/?p=194872"},"wordCount":271,"commentCount":0,"image":{"@id":"https:\/\/aconteceunovale.com.br\/portal\/?p=194872#primaryimage"},"thumbnailUrl":"https:\/\/aconteceunovale.com.br\/portal\/wp-content\/uploads\/2020\/05\/pcmg.jpg","keywords":["Bras\u00edlia de Minas","destaque","Luisl\u00e2ndia","Not\u00edcias de Bras\u00edlia de Minas","Not\u00edcias de Luisl\u00e2ndia","Preso em Bras\u00edlia de Minas","Suspeito de matar a sogra na v\u00e9spera de Natal \u00e9 preso no Norte de Minas","Suspeito de matar a sogra na v\u00e9spera de Natal em Luisl\u00e2ndia \u00e9 preso em Bras\u00edlia de Minas"],"articleSection":["Norte de Minas"],"inLanguage":"pt-BR","potentialAction":[{"@type":"CommentAction","name":"Comment","target":["https:\/\/aconteceunovale.com.br\/portal\/?p=194872#respond"]}]},{"@type":"WebPage","@id":"https:\/\/aconteceunovale.com.br\/portal\/?p=194872","url":"https:\/\/aconteceunovale.com.br\/portal\/?p=194872","name":"Suspeito de matar a sogra na v\u00e9spera de Natal \u00e9 preso no Norte de Minas - Aconteceu no Vale","isPartOf":{"@id":"https:\/\/aconteceunovale.com.br\/portal\/#website"},"primaryImageOfPage":{"@id":"https:\/\/aconteceunovale.com.br\/portal\/?p=194872#primaryimage"},"image":{"@id":"https:\/\/aconteceunovale.com.br\/portal\/?p=194872#primaryimage"},"thumbnailUrl":"https:\/\/aconteceunovale.com.br\/portal\/wp-content\/uploads\/2020\/05\/pcmg.jpg","datePublished":"2025-01-09T13:13:22+00:00","dateModified":"2025-01-09T13:17:41+00:00","author":{"@id":"https:\/\/aconteceunovale.com.br\/portal\/#\/schema\/person\/7d2f26d1483f8a63de73da1ee0754d35"},"breadcrumb":{"@id":"https:\/\/aconteceunovale.com.br\/portal\/?p=194872#breadcrumb"},"inLanguage":"pt-BR","potentialAction":[{"@type":"ReadAction","target":["https:\/\/aconteceunovale.com.br\/portal\/?p=194872"]}]},{"@type":"ImageObject","inLanguage":"pt-BR","@id":"https:\/\/aconteceunovale.com.br\/portal\/?p=194872#primaryimage","url":"https:\/\/aconteceunovale.com.br\/portal\/wp-content\/uploads\/2020\/05\/pcmg.jpg","contentUrl":"https:\/\/aconteceunovale.com.br\/portal\/wp-content\/uploads\/2020\/05\/pcmg.jpg","width":650,"height":402},{"@type":"BreadcrumbList","@id":"https:\/\/aconteceunovale.com.br\/portal\/?p=194872#breadcrumb","itemListElement":[{"@type":"ListItem","position":1,"name":"In\u00edcio","item":"https:\/\/aconteceunovale.com.br\/portal\/"},{"@type":"ListItem","position":2,"name":"Suspeito de matar a sogra na v\u00e9spera de Natal \u00e9 preso no Norte de Minas"}]},{"@type":"WebSite","@id":"https:\/\/aconteceunovale.com.br\/portal\/#website","url":"https:\/\/aconteceunovale.com.br\/portal\/","name":"Aconteceu no Vale","description":"Portal de Not\u00edcias","potentialAction":[{"@type":"SearchAction","target":{"@type":"EntryPoint","urlTemplate":"https:\/\/aconteceunovale.com.br\/portal\/?s={search_term_string}"},"query-input":{"@type":"PropertyValueSpecification","valueRequired":true,"valueName":"search_term_string"}}],"inLanguage":"pt-BR"},{"@type":"Person","@id":"https:\/\/aconteceunovale.com.br\/portal\/#\/schema\/person\/7d2f26d1483f8a63de73da1ee0754d35","name":"Reda\u00e7\u00e3o Aconteceu no Vale","description":"Equipe de reportagem do Aconteceu no Vale, portal de not\u00edcias do Vale do Jequitinhonha, em Minas Gerais. Cobrimos as 51 cidades do Vale desde 2013. Sugest\u00f5es de pauta e pedidos de corre\u00e7\u00e3o: contato@aconteceunovale.com.br","url":"https:\/\/aconteceunovale.com.br\/portal\/?author=4"}]}},"_links":{"self":[{"href":"https:\/\/aconteceunovale.com.br\/portal\/index.php?rest_route=\/wp\/v2\/posts\/194872","targetHints":{"allow":["GET"]}}],"collection":[{"href":"https:\/\/aconteceunovale.com.br\/portal\/index.php?rest_route=\/wp\/v2\/posts"}],"about":[{"href":"https:\/\/aconteceunovale.com.br\/portal\/index.php?rest_route=\/wp\/v2\/types\/post"}],"author":[{"embeddable":true,"href":"https:\/\/aconteceunovale.com.br\/portal\/index.php?rest_route=\/wp\/v2\/users\/4"}],"replies":[{"embeddable":true,"href":"https:\/\/aconteceunovale.com.br\/portal\/index.php?rest_route=%2Fwp%2Fv2%2Fcomments&post=194872"}],"version-history":[{"count":2,"href":"https:\/\/aconteceunovale.com.br\/portal\/index.php?rest_route=\/wp\/v2\/posts\/194872\/revisions"}],"predecessor-version":[{"id":194874,"href":"https:\/\/aconteceunovale.com.br\/portal\/index.php?rest_route=\/wp\/v2\/posts\/194872\/revisions\/194874"}],"wp:featuredmedia":[{"embeddable":true,"href":"https:\/\/aconteceunovale.com.br\/portal\/index.php?rest_route=\/wp\/v2\/media\/162079"}],"wp:attachment":[{"href":"https:\/\/aconteceunovale.com.br\/portal\/index.php?rest_route=%2Fwp%2Fv2%2Fmedia&parent=194872"}],"wp:term":[{"taxonomy":"category","embeddable":true,"href":"https:\/\/aconteceunovale.com.br\/portal\/index.php?rest_route=%2Fwp%2Fv2%2Fcategories&post=194872"},{"taxonomy":"post_tag","embeddable":true,"href":"https:\/\/aconteceunovale.com.br\/portal\/index.php?rest_route=%2Fwp%2Fv2%2Ftags&post=194872"}],"curies":[{"name":"wp","href":"https:\/\/api.w.org\/{rel}","templated":true}]}}