{"id":194848,"date":"2025-01-08T22:16:28","date_gmt":"2025-01-09T01:16:28","guid":{"rendered":"https:\/\/aconteceunovale.com.br\/portal\/?p=194848"},"modified":"2025-01-08T22:17:09","modified_gmt":"2025-01-09T01:17:09","slug":"inmet-emite-alerta-de-grande-perigo-para-122-cidades-de-minas-gerais","status":"publish","type":"post","link":"https:\/\/aconteceunovale.com.br\/portal\/?p=194848","title":{"rendered":"INMET emite alerta de grande perigo para 122 cidades de Minas Gerais"},"content":{"rendered":"\n<p class=\"wp-block-paragraph\">O Instituto Nacional de Meteorologia (INMET) emitiu um <strong>alerta vermelho<\/strong> para acumulado de chuva em diversas regi\u00f5es de Minas Gerais. O aviso, v\u00e1lido at\u00e9 as 10h de quinta-feira (9\/1\/2025), prev\u00ea precipita\u00e7\u00f5es superiores a 60 mm\/h ou acima de 100 mm em 24 horas.<\/p>\n\n\n\n<h3 class=\"wp-block-heading\">Regi\u00f5es Afetadas<\/h3>\n\n\n\n<p class=\"wp-block-paragraph\">O alerta abrange as seguintes \u00e1reas:<\/p>\n\n\n\n<ul class=\"wp-block-list\">\n<li><strong>Vale do Rio Doce<\/strong><\/li>\n\n\n\n<li><strong>Vale do Mucuri<\/strong><\/li>\n\n\n\n<li><strong>Vale do Jequitinhonha<\/strong><\/li>\n\n\n\n<li><strong>Norte de Minas<\/strong><\/li>\n\n\n\n<li><strong>Regi\u00e3o Metropolitana de Belo Horizonte<\/strong><\/li>\n<\/ul>\n\n\n\n<figure class=\"wp-block-gallery has-nested-images columns-default is-cropped wp-block-gallery-1 is-layout-flex wp-block-gallery-is-layout-flex\">\n<figure class=\"wp-block-image size-large\"><img loading=\"lazy\" decoding=\"async\" width=\"620\" height=\"424\" data-id=\"194849\" src=\"https:\/\/aconteceunovale.com.br\/portal\/wp-content\/uploads\/2025\/01\/alerta_vermelho_mg.png\" alt=\"\" class=\"wp-image-194849\" srcset=\"https:\/\/aconteceunovale.com.br\/portal\/wp-content\/uploads\/2025\/01\/alerta_vermelho_mg.png 620w, https:\/\/aconteceunovale.com.br\/portal\/wp-content\/uploads\/2025\/01\/alerta_vermelho_mg-300x205.png 300w, https:\/\/aconteceunovale.com.br\/portal\/wp-content\/uploads\/2025\/01\/alerta_vermelho_mg-218x150.png 218w, https:\/\/aconteceunovale.com.br\/portal\/wp-content\/uploads\/2025\/01\/alerta_vermelho_mg-614x420.png 614w\" sizes=\"auto, (max-width: 620px) 100vw, 620px\" \/><\/figure>\n<\/figure>\n\n\n\n<h3 class=\"wp-block-heading\">Riscos Potenciais<\/h3>\n\n\n\n<p class=\"wp-block-paragraph\">O INMET destaca o risco elevado de <strong>alagamentos<\/strong>, <strong>transbordamento de rios<\/strong> e <strong>deslizamentos de encostas<\/strong>, principalmente em \u00e1reas j\u00e1 vulner\u00e1veis. O alerta vermelho \u00e9 o n\u00edvel mais alto emitido pelo instituto e indica a possibilidade de fen\u00f4menos meteorol\u00f3gicos de intensidade excepcional, com grande probabilidade de danos materiais, acidentes e at\u00e9 risco \u00e0 vida.<\/p>\n\n\n\n<h3 class=\"wp-block-heading\">Recomenda\u00e7\u00f5es \u00e0 Popula\u00e7\u00e3o<\/h3>\n\n\n\n<p class=\"wp-block-paragraph\">Para garantir a seguran\u00e7a, o INMET orienta:<\/p>\n\n\n\n<ul class=\"wp-block-list\">\n<li><strong>Desligar aparelhos el\u00e9tricos<\/strong> e o quadro geral de energia.<\/li>\n\n\n\n<li><strong>Monitorar altera\u00e7\u00f5es em encostas<\/strong> e terrenos inst\u00e1veis.<\/li>\n\n\n\n<li>Permanecer em locais seguros e <strong>evitar \u00e1reas sujeitas a alagamentos<\/strong> ou enxurradas.<\/li>\n\n\n\n<li>Proteger pertences da \u00e1gua utilizando sacos pl\u00e1sticos.<\/li>\n\n\n\n<li>Em caso de emerg\u00eancia, entrar em contato com a <strong>Defesa Civil<\/strong> pelo n\u00famero <strong>199<\/strong> ou com o <strong>Corpo de Bombeiros<\/strong> pelo <strong>193<\/strong>.<\/li>\n<\/ul>\n\n\n\n<h3 class=\"wp-block-heading\">Aten\u00e7\u00e3o Redobrada<\/h3>\n\n\n\n<p class=\"wp-block-paragraph\">A Defesa Civil e o Corpo de Bombeiros est\u00e3o em alerta para atender ocorr\u00eancias relacionadas \u00e0s chuvas. A popula\u00e7\u00e3o deve acompanhar atualiza\u00e7\u00f5es e seguir as recomenda\u00e7\u00f5es das autoridades para minimizar riscos.<\/p>\n\n\n\n<p class=\"wp-block-paragraph\">O alerta refor\u00e7a a gravidade das condi\u00e7\u00f5es clim\u00e1ticas e a necessidade de precau\u00e7\u00f5es para proteger vidas e bens nas regi\u00f5es afetadas.<\/p>\n\n\n\n<h3 class=\"wp-block-heading\">Aten\u00e7\u00e3o Redobrada<\/h3>\n\n\n\n<ol class=\"wp-block-list\">\n<li>\u00c1gua Boa<\/li>\n\n\n\n<li>\u00c1guas Formosas<\/li>\n\n\n\n<li>Aimor\u00e9s<\/li>\n\n\n\n<li>Alpercata<\/li>\n\n\n\n<li>Alvarenga<\/li>\n\n\n\n<li>Angel\u00e2ndia<\/li>\n\n\n\n<li>Ara\u00e7ua\u00ed<\/li>\n\n\n\n<li>Aricanduva<\/li>\n\n\n\n<li>Atal\u00e9ia<\/li>\n\n\n\n<li>Berilo<\/li>\n\n\n\n<li>Bert\u00f3polis<\/li>\n\n\n\n<li>Bocai\u00fava<\/li>\n\n\n\n<li>Botumirim<\/li>\n\n\n\n<li>Campan\u00e1rio<\/li>\n\n\n\n<li>Cantagalo<\/li>\n\n\n\n<li>Capelinha<\/li>\n\n\n\n<li>Capit\u00e3o Andrade<\/li>\n\n\n\n<li>Cara\u00ed<\/li>\n\n\n\n<li>Carbonita<\/li>\n\n\n\n<li>Carlos Chagas<\/li>\n\n\n\n<li>Catuji<\/li>\n\n\n\n<li>Central de Minas<\/li>\n\n\n\n<li>Chapada do Norte<\/li>\n\n\n\n<li>Coluna<\/li>\n\n\n\n<li>Comercinho<\/li>\n\n\n\n<li>Conselheiro Pena<\/li>\n\n\n\n<li>Coroaci<\/li>\n\n\n\n<li>Coronel Murta<\/li>\n\n\n\n<li>Cris\u00f3lita<\/li>\n\n\n\n<li>Crist\u00e1lia<\/li>\n\n\n\n<li>Cuparaque<\/li>\n\n\n\n<li>Divino das Laranjeiras<\/li>\n\n\n\n<li>Engenheiro Caldas<\/li>\n\n\n\n<li>Felisburgo<\/li>\n\n\n\n<li>Fernandes Tourinho<\/li>\n\n\n\n<li>Francisco Badar\u00f3<\/li>\n\n\n\n<li>Francisc\u00f3polis<\/li>\n\n\n\n<li>Frei Gaspar<\/li>\n\n\n\n<li>Frei Inoc\u00eancio<\/li>\n\n\n\n<li>Frei Lagonegro<\/li>\n\n\n\n<li>Fronteira dos Vales<\/li>\n\n\n\n<li>Fruta de Leite<\/li>\n\n\n\n<li>Galileia<\/li>\n\n\n\n<li>Goiabeira<\/li>\n\n\n\n<li>Governador Valadares<\/li>\n\n\n\n<li>Gr\u00e3o Mogol<\/li>\n\n\n\n<li>Inhapim<\/li>\n\n\n\n<li>Itabirinha<\/li>\n\n\n\n<li>Itaip\u00e9<\/li>\n\n\n\n<li>Itamarandiba<\/li>\n\n\n\n<li>Itambacuri<\/li>\n\n\n\n<li>Itanhomi<\/li>\n\n\n\n<li>Itaobim<\/li>\n\n\n\n<li>Itinga<\/li>\n\n\n\n<li>Itueta<\/li>\n\n\n\n<li>Jampruca<\/li>\n\n\n\n<li>Jenipapo de Minas<\/li>\n\n\n\n<li>Jequitinhonha<\/li>\n\n\n\n<li>Joa\u00edma<\/li>\n\n\n\n<li>Jos\u00e9 Gon\u00e7alves de Minas<\/li>\n\n\n\n<li>Josen\u00f3polis<\/li>\n\n\n\n<li>Jos\u00e9 Raydan<\/li>\n\n\n\n<li>Ladainha<\/li>\n\n\n\n<li>Leme do Prado<\/li>\n\n\n\n<li>Machacalis<\/li>\n\n\n\n<li>Malacacheta<\/li>\n\n\n\n<li>Mantena<\/li>\n\n\n\n<li>Marilac<\/li>\n\n\n\n<li>Mathias Lobato<\/li>\n\n\n\n<li>Medina<\/li>\n\n\n\n<li>Mendes Pimentel<\/li>\n\n\n\n<li>Minas Novas<\/li>\n\n\n\n<li>Monte Formoso<\/li>\n\n\n\n<li>Mutum<\/li>\n\n\n\n<li>Nacip Raydan<\/li>\n\n\n\n<li>Nanuque<\/li>\n\n\n\n<li>Nova Bel\u00e9m<\/li>\n\n\n\n<li>Nova M\u00f3dica<\/li>\n\n\n\n<li>Novo Cruzeiro<\/li>\n\n\n\n<li>Novo Oriente de Minas<\/li>\n\n\n\n<li>Ouro Verde de Minas<\/li>\n\n\n\n<li>Padre Carvalho<\/li>\n\n\n\n<li>Padre Para\u00edso<\/li>\n\n\n\n<li>Palm\u00f3polis<\/li>\n\n\n\n<li>Pav\u00e3o<\/li>\n\n\n\n<li>Pe\u00e7anha<\/li>\n\n\n\n<li>Periquito<\/li>\n\n\n\n<li>Pescador<\/li>\n\n\n\n<li>Pocrane<\/li>\n\n\n\n<li>Ponto dos Volantes<\/li>\n\n\n\n<li>Pot\u00e9<\/li>\n\n\n\n<li>Resplendor<\/li>\n\n\n\n<li>Rio do Prado<\/li>\n\n\n\n<li>Rio Vermelho<\/li>\n\n\n\n<li>Rubelita<\/li>\n\n\n\n<li>Salinas<\/li>\n\n\n\n<li>Santa Cruz de Salinas<\/li>\n\n\n\n<li>Santa Efig\u00eania de Minas<\/li>\n\n\n\n<li>Santa Helena de Minas<\/li>\n\n\n\n<li>Santa Maria do Sua\u00e7u\u00ed<\/li>\n\n\n\n<li>Santa Rita do Itueto<\/li>\n\n\n\n<li>S\u00e3o F\u00e9lix de Minas<\/li>\n\n\n\n<li>S\u00e3o Geraldo da Piedade<\/li>\n\n\n\n<li>S\u00e3o Geraldo do Baixio<\/li>\n\n\n\n<li>S\u00e3o Jo\u00e3o do Manteninha<\/li>\n\n\n\n<li>S\u00e3o Jo\u00e3o Evangelista<\/li>\n\n\n\n<li>S\u00e3o Jos\u00e9 da Safira<\/li>\n\n\n\n<li>S\u00e3o Jos\u00e9 do Divino<\/li>\n\n\n\n<li>S\u00e3o Jos\u00e9 do Jacuri<\/li>\n\n\n\n<li>S\u00e3o Pedro do Sua\u00e7u\u00ed<\/li>\n\n\n\n<li>S\u00e3o Sebasti\u00e3o do Maranh\u00e3o<\/li>\n\n\n\n<li>Sardo\u00e1<\/li>\n\n\n\n<li>Serra dos Aimor\u00e9s<\/li>\n\n\n\n<li>Setubinha<\/li>\n\n\n\n<li>Tarumirim<\/li>\n\n\n\n<li>Te\u00f3filo Otoni<\/li>\n\n\n\n<li>Tumiritinga<\/li>\n\n\n\n<li>Turmalina<\/li>\n\n\n\n<li>Umburatiba<\/li>\n\n\n\n<li>Veredinha<\/li>\n\n\n\n<li>Virgem da Lapa<\/li>\n\n\n\n<li>Virgol\u00e2ndia<\/li>\n<\/ol>\n","protected":false},"excerpt":{"rendered":"<p>O Instituto Nacional de Meteorologia (INMET) emitiu um alerta vermelho para acumulado de chuva em diversas regi\u00f5es de Minas Gerais. O aviso, v\u00e1lido at\u00e9 as 10h de quinta-feira (9\/1\/2025), prev\u00ea precipita\u00e7\u00f5es superiores a 60 mm\/h ou acima de 100 mm em 24 horas. Regi\u00f5es Afetadas O alerta abrange as seguintes \u00e1reas: Riscos Potenciais O INMET [&hellip;]<\/p>\n","protected":false},"author":4,"featured_media":194849,"comment_status":"open","ping_status":"closed","sticky":false,"template":"","format":"standard","meta":{"amp_status":"","footnotes":""},"categories":[121,123,1236,120,122],"tags":[250341,269113,269112,237,1524,1018,247,155,54659,268797,268949,269114,201,209,28266,34232,164],"class_list":["post-194848","post","type-post","status-publish","format-standard","has-post-thumbnail","hentry","category-leste","category-gerais","category-norte_de_minas","category-jequi","category-mucuri","tag-alerta-de-chuvas-intensas-em-minas-gerais","tag-alerta-de-perigo-em-minas-gerais","tag-alerta-vermelho-em-minas-gerais","tag-caratinga","tag-coronel-fabriciano","tag-destaque","tag-governador-valadares","tag-guanhaes","tag-inmet","tag-inmet-emite-alerta-de-chuvas-intensas-e-ventos-fortes-para-mais-de-100-cidades-de-minas-gerais","tag-inmet-emite-alerta-de-chuvas-intensas-em-minas-gerais-risco-de-alagamentos-e-ventos-fortes","tag-inmet-emite-alerta-de-grande-perigo-para-122-cidades-de-minas-gerais","tag-ipatinga","tag-manhuacu","tag-previsao-do-tempo-em-minas-gerais","tag-tempo-em-minas-gerais","tag-teofilo-otoni"],"yoast_head":"<!-- This site is optimized with the Yoast SEO plugin v28.3 - https:\/\/yoast.com\/product\/yoast-seo-wordpress\/ -->\n<title>INMET emite alerta de grande perigo para 122 cidades de Minas Gerais - Aconteceu no Vale<\/title>\n<meta name=\"robots\" content=\"index, follow, max-snippet:-1, max-image-preview:large, max-video-preview:-1\" \/>\n<link rel=\"canonical\" href=\"https:\/\/aconteceunovale.com.br\/portal\/?p=194848\" \/>\n<meta property=\"og:locale\" content=\"pt_BR\" \/>\n<meta property=\"og:type\" content=\"article\" \/>\n<meta property=\"og:title\" content=\"INMET emite alerta de grande perigo para 122 cidades de Minas Gerais - Aconteceu no Vale\" \/>\n<meta property=\"og:description\" content=\"O Instituto Nacional de Meteorologia (INMET) emitiu um alerta vermelho para acumulado de chuva em diversas regi\u00f5es de Minas Gerais. O aviso, v\u00e1lido at\u00e9 as 10h de quinta-feira (9\/1\/2025), prev\u00ea precipita\u00e7\u00f5es superiores a 60 mm\/h ou acima de 100 mm em 24 horas. Regi\u00f5es Afetadas O alerta abrange as seguintes \u00e1reas: Riscos Potenciais O INMET [&hellip;]\" \/>\n<meta property=\"og:url\" content=\"https:\/\/aconteceunovale.com.br\/portal\/?p=194848\" \/>\n<meta property=\"og:site_name\" content=\"Aconteceu no Vale\" \/>\n<meta property=\"article:publisher\" content=\"https:\/\/www.facebook.com\/aconteceunovale\/\" \/>\n<meta property=\"article:published_time\" content=\"2025-01-09T01:16:28+00:00\" \/>\n<meta property=\"article:modified_time\" content=\"2025-01-09T01:17:09+00:00\" \/>\n<meta property=\"og:image\" content=\"https:\/\/aconteceunovale.com.br\/portal\/wp-content\/uploads\/2025\/01\/alerta_vermelho_mg.png\" \/>\n\t<meta property=\"og:image:width\" content=\"620\" \/>\n\t<meta property=\"og:image:height\" content=\"424\" \/>\n\t<meta property=\"og:image:type\" content=\"image\/png\" \/>\n<meta name=\"author\" content=\"Reda\u00e7\u00e3o Aconteceu no Vale\" \/>\n<meta name=\"twitter:card\" content=\"summary_large_image\" \/>\n<meta name=\"twitter:creator\" content=\"@noticiadosvales\" \/>\n<meta name=\"twitter:site\" content=\"@noticiadosvales\" \/>\n<meta name=\"twitter:label1\" content=\"Escrito por\" \/>\n\t<meta name=\"twitter:data1\" content=\"Reda\u00e7\u00e3o Aconteceu no Vale\" \/>\n\t<meta name=\"twitter:label2\" content=\"Est. tempo de leitura\" \/>\n\t<meta name=\"twitter:data2\" content=\"3 minutos\" \/>\n<script type=\"application\/ld+json\" class=\"yoast-schema-graph\">{\"@context\":\"https:\\\/\\\/schema.org\",\"@graph\":[{\"@type\":\"Article\",\"@id\":\"https:\\\/\\\/aconteceunovale.com.br\\\/portal\\\/?p=194848#article\",\"isPartOf\":{\"@id\":\"https:\\\/\\\/aconteceunovale.com.br\\\/portal\\\/?p=194848\"},\"author\":{\"name\":\"Reda\u00e7\u00e3o Aconteceu no Vale\",\"@id\":\"https:\\\/\\\/aconteceunovale.com.br\\\/portal\\\/#\\\/schema\\\/person\\\/7d2f26d1483f8a63de73da1ee0754d35\"},\"headline\":\"INMET emite alerta de grande perigo para 122 cidades de Minas Gerais\",\"datePublished\":\"2025-01-09T01:16:28+00:00\",\"dateModified\":\"2025-01-09T01:17:09+00:00\",\"mainEntityOfPage\":{\"@id\":\"https:\\\/\\\/aconteceunovale.com.br\\\/portal\\\/?p=194848\"},\"wordCount\":547,\"commentCount\":0,\"image\":{\"@id\":\"https:\\\/\\\/aconteceunovale.com.br\\\/portal\\\/?p=194848#primaryimage\"},\"thumbnailUrl\":\"https:\\\/\\\/aconteceunovale.com.br\\\/portal\\\/wp-content\\\/uploads\\\/2025\\\/01\\\/alerta_vermelho_mg.png\",\"keywords\":[\"Alerta de chuvas intensas em Minas Gerais\",\"Alerta de perigo em Minas Gerais\",\"Alerta vermelho em Minas Gerais\",\"Caratinga\",\"Coronel Fabriciano\",\"destaque\",\"Governador Valadares\",\"Guanh\u00e3es\",\"Inmet\",\"Inmet emite alerta de chuvas intensas e ventos fortes para mais de 100 cidades de Minas Gerais\",\"Inmet emite alerta de chuvas intensas em Minas Gerais: risco de alagamentos e ventos fortes\",\"INMET emite alerta de grande perigo para 122 cidades de Minas Gerais\",\"Ipatinga\",\"Manhua\u00e7u\",\"Previs\u00e3o do Tempo em minas gerais\",\"tempo em minas gerais\",\"Te\u00f3filo Otoni\"],\"articleSection\":[\"Leste de Minas\",\"Minas Gerais\",\"Norte de Minas\",\"Vale do Jequitinhonha\",\"Vale do Mucuri\"],\"inLanguage\":\"pt-BR\",\"potentialAction\":[{\"@type\":\"CommentAction\",\"name\":\"Comment\",\"target\":[\"https:\\\/\\\/aconteceunovale.com.br\\\/portal\\\/?p=194848#respond\"]}]},{\"@type\":\"WebPage\",\"@id\":\"https:\\\/\\\/aconteceunovale.com.br\\\/portal\\\/?p=194848\",\"url\":\"https:\\\/\\\/aconteceunovale.com.br\\\/portal\\\/?p=194848\",\"name\":\"INMET emite alerta de grande perigo para 122 cidades de Minas Gerais - Aconteceu no Vale\",\"isPartOf\":{\"@id\":\"https:\\\/\\\/aconteceunovale.com.br\\\/portal\\\/#website\"},\"primaryImageOfPage\":{\"@id\":\"https:\\\/\\\/aconteceunovale.com.br\\\/portal\\\/?p=194848#primaryimage\"},\"image\":{\"@id\":\"https:\\\/\\\/aconteceunovale.com.br\\\/portal\\\/?p=194848#primaryimage\"},\"thumbnailUrl\":\"https:\\\/\\\/aconteceunovale.com.br\\\/portal\\\/wp-content\\\/uploads\\\/2025\\\/01\\\/alerta_vermelho_mg.png\",\"datePublished\":\"2025-01-09T01:16:28+00:00\",\"dateModified\":\"2025-01-09T01:17:09+00:00\",\"author\":{\"@id\":\"https:\\\/\\\/aconteceunovale.com.br\\\/portal\\\/#\\\/schema\\\/person\\\/7d2f26d1483f8a63de73da1ee0754d35\"},\"breadcrumb\":{\"@id\":\"https:\\\/\\\/aconteceunovale.com.br\\\/portal\\\/?p=194848#breadcrumb\"},\"inLanguage\":\"pt-BR\",\"potentialAction\":[{\"@type\":\"ReadAction\",\"target\":[\"https:\\\/\\\/aconteceunovale.com.br\\\/portal\\\/?p=194848\"]}]},{\"@type\":\"ImageObject\",\"inLanguage\":\"pt-BR\",\"@id\":\"https:\\\/\\\/aconteceunovale.com.br\\\/portal\\\/?p=194848#primaryimage\",\"url\":\"https:\\\/\\\/aconteceunovale.com.br\\\/portal\\\/wp-content\\\/uploads\\\/2025\\\/01\\\/alerta_vermelho_mg.png\",\"contentUrl\":\"https:\\\/\\\/aconteceunovale.com.br\\\/portal\\\/wp-content\\\/uploads\\\/2025\\\/01\\\/alerta_vermelho_mg.png\",\"width\":620,\"height\":424},{\"@type\":\"BreadcrumbList\",\"@id\":\"https:\\\/\\\/aconteceunovale.com.br\\\/portal\\\/?p=194848#breadcrumb\",\"itemListElement\":[{\"@type\":\"ListItem\",\"position\":1,\"name\":\"In\u00edcio\",\"item\":\"https:\\\/\\\/aconteceunovale.com.br\\\/portal\\\/\"},{\"@type\":\"ListItem\",\"position\":2,\"name\":\"INMET emite alerta de grande perigo para 122 cidades de Minas Gerais\"}]},{\"@type\":\"WebSite\",\"@id\":\"https:\\\/\\\/aconteceunovale.com.br\\\/portal\\\/#website\",\"url\":\"https:\\\/\\\/aconteceunovale.com.br\\\/portal\\\/\",\"name\":\"Aconteceu no Vale\",\"description\":\"Portal de Not\u00edcias\",\"potentialAction\":[{\"@type\":\"SearchAction\",\"target\":{\"@type\":\"EntryPoint\",\"urlTemplate\":\"https:\\\/\\\/aconteceunovale.com.br\\\/portal\\\/?s={search_term_string}\"},\"query-input\":{\"@type\":\"PropertyValueSpecification\",\"valueRequired\":true,\"valueName\":\"search_term_string\"}}],\"inLanguage\":\"pt-BR\"},{\"@type\":\"Person\",\"@id\":\"https:\\\/\\\/aconteceunovale.com.br\\\/portal\\\/#\\\/schema\\\/person\\\/7d2f26d1483f8a63de73da1ee0754d35\",\"name\":\"Reda\u00e7\u00e3o Aconteceu no Vale\",\"description\":\"Equipe de reportagem do Aconteceu no Vale, portal de not\u00edcias do Vale do Jequitinhonha, em Minas Gerais. Cobrimos as 51 cidades do Vale desde 2013. Sugest\u00f5es de pauta e pedidos de corre\u00e7\u00e3o: contato@aconteceunovale.com.br\",\"url\":\"https:\\\/\\\/aconteceunovale.com.br\\\/portal\\\/?author=4\"}]}<\/script>\n<!-- \/ Yoast SEO plugin. -->","yoast_head_json":{"title":"INMET emite alerta de grande perigo para 122 cidades de Minas Gerais - Aconteceu no Vale","robots":{"index":"index","follow":"follow","max-snippet":"max-snippet:-1","max-image-preview":"max-image-preview:large","max-video-preview":"max-video-preview:-1"},"canonical":"https:\/\/aconteceunovale.com.br\/portal\/?p=194848","og_locale":"pt_BR","og_type":"article","og_title":"INMET emite alerta de grande perigo para 122 cidades de Minas Gerais - Aconteceu no Vale","og_description":"O Instituto Nacional de Meteorologia (INMET) emitiu um alerta vermelho para acumulado de chuva em diversas regi\u00f5es de Minas Gerais. O aviso, v\u00e1lido at\u00e9 as 10h de quinta-feira (9\/1\/2025), prev\u00ea precipita\u00e7\u00f5es superiores a 60 mm\/h ou acima de 100 mm em 24 horas. Regi\u00f5es Afetadas O alerta abrange as seguintes \u00e1reas: Riscos Potenciais O INMET [&hellip;]","og_url":"https:\/\/aconteceunovale.com.br\/portal\/?p=194848","og_site_name":"Aconteceu no Vale","article_publisher":"https:\/\/www.facebook.com\/aconteceunovale\/","article_published_time":"2025-01-09T01:16:28+00:00","article_modified_time":"2025-01-09T01:17:09+00:00","og_image":[{"width":620,"height":424,"url":"https:\/\/aconteceunovale.com.br\/portal\/wp-content\/uploads\/2025\/01\/alerta_vermelho_mg.png","type":"image\/png"}],"author":"Reda\u00e7\u00e3o Aconteceu no Vale","twitter_card":"summary_large_image","twitter_creator":"@noticiadosvales","twitter_site":"@noticiadosvales","twitter_misc":{"Escrito por":"Reda\u00e7\u00e3o Aconteceu no Vale","Est. tempo de leitura":"3 minutos"},"schema":{"@context":"https:\/\/schema.org","@graph":[{"@type":"Article","@id":"https:\/\/aconteceunovale.com.br\/portal\/?p=194848#article","isPartOf":{"@id":"https:\/\/aconteceunovale.com.br\/portal\/?p=194848"},"author":{"name":"Reda\u00e7\u00e3o Aconteceu no Vale","@id":"https:\/\/aconteceunovale.com.br\/portal\/#\/schema\/person\/7d2f26d1483f8a63de73da1ee0754d35"},"headline":"INMET emite alerta de grande perigo para 122 cidades de Minas Gerais","datePublished":"2025-01-09T01:16:28+00:00","dateModified":"2025-01-09T01:17:09+00:00","mainEntityOfPage":{"@id":"https:\/\/aconteceunovale.com.br\/portal\/?p=194848"},"wordCount":547,"commentCount":0,"image":{"@id":"https:\/\/aconteceunovale.com.br\/portal\/?p=194848#primaryimage"},"thumbnailUrl":"https:\/\/aconteceunovale.com.br\/portal\/wp-content\/uploads\/2025\/01\/alerta_vermelho_mg.png","keywords":["Alerta de chuvas intensas em Minas Gerais","Alerta de perigo em Minas Gerais","Alerta vermelho em Minas Gerais","Caratinga","Coronel Fabriciano","destaque","Governador Valadares","Guanh\u00e3es","Inmet","Inmet emite alerta de chuvas intensas e ventos fortes para mais de 100 cidades de Minas Gerais","Inmet emite alerta de chuvas intensas em Minas Gerais: risco de alagamentos e ventos fortes","INMET emite alerta de grande perigo para 122 cidades de Minas Gerais","Ipatinga","Manhua\u00e7u","Previs\u00e3o do Tempo em minas gerais","tempo em minas gerais","Te\u00f3filo Otoni"],"articleSection":["Leste de Minas","Minas Gerais","Norte de Minas","Vale do Jequitinhonha","Vale do Mucuri"],"inLanguage":"pt-BR","potentialAction":[{"@type":"CommentAction","name":"Comment","target":["https:\/\/aconteceunovale.com.br\/portal\/?p=194848#respond"]}]},{"@type":"WebPage","@id":"https:\/\/aconteceunovale.com.br\/portal\/?p=194848","url":"https:\/\/aconteceunovale.com.br\/portal\/?p=194848","name":"INMET emite alerta de grande perigo para 122 cidades de Minas Gerais - Aconteceu no Vale","isPartOf":{"@id":"https:\/\/aconteceunovale.com.br\/portal\/#website"},"primaryImageOfPage":{"@id":"https:\/\/aconteceunovale.com.br\/portal\/?p=194848#primaryimage"},"image":{"@id":"https:\/\/aconteceunovale.com.br\/portal\/?p=194848#primaryimage"},"thumbnailUrl":"https:\/\/aconteceunovale.com.br\/portal\/wp-content\/uploads\/2025\/01\/alerta_vermelho_mg.png","datePublished":"2025-01-09T01:16:28+00:00","dateModified":"2025-01-09T01:17:09+00:00","author":{"@id":"https:\/\/aconteceunovale.com.br\/portal\/#\/schema\/person\/7d2f26d1483f8a63de73da1ee0754d35"},"breadcrumb":{"@id":"https:\/\/aconteceunovale.com.br\/portal\/?p=194848#breadcrumb"},"inLanguage":"pt-BR","potentialAction":[{"@type":"ReadAction","target":["https:\/\/aconteceunovale.com.br\/portal\/?p=194848"]}]},{"@type":"ImageObject","inLanguage":"pt-BR","@id":"https:\/\/aconteceunovale.com.br\/portal\/?p=194848#primaryimage","url":"https:\/\/aconteceunovale.com.br\/portal\/wp-content\/uploads\/2025\/01\/alerta_vermelho_mg.png","contentUrl":"https:\/\/aconteceunovale.com.br\/portal\/wp-content\/uploads\/2025\/01\/alerta_vermelho_mg.png","width":620,"height":424},{"@type":"BreadcrumbList","@id":"https:\/\/aconteceunovale.com.br\/portal\/?p=194848#breadcrumb","itemListElement":[{"@type":"ListItem","position":1,"name":"In\u00edcio","item":"https:\/\/aconteceunovale.com.br\/portal\/"},{"@type":"ListItem","position":2,"name":"INMET emite alerta de grande perigo para 122 cidades de Minas Gerais"}]},{"@type":"WebSite","@id":"https:\/\/aconteceunovale.com.br\/portal\/#website","url":"https:\/\/aconteceunovale.com.br\/portal\/","name":"Aconteceu no Vale","description":"Portal de Not\u00edcias","potentialAction":[{"@type":"SearchAction","target":{"@type":"EntryPoint","urlTemplate":"https:\/\/aconteceunovale.com.br\/portal\/?s={search_term_string}"},"query-input":{"@type":"PropertyValueSpecification","valueRequired":true,"valueName":"search_term_string"}}],"inLanguage":"pt-BR"},{"@type":"Person","@id":"https:\/\/aconteceunovale.com.br\/portal\/#\/schema\/person\/7d2f26d1483f8a63de73da1ee0754d35","name":"Reda\u00e7\u00e3o Aconteceu no Vale","description":"Equipe de reportagem do Aconteceu no Vale, portal de not\u00edcias do Vale do Jequitinhonha, em Minas Gerais. Cobrimos as 51 cidades do Vale desde 2013. Sugest\u00f5es de pauta e pedidos de corre\u00e7\u00e3o: contato@aconteceunovale.com.br","url":"https:\/\/aconteceunovale.com.br\/portal\/?author=4"}]}},"_links":{"self":[{"href":"https:\/\/aconteceunovale.com.br\/portal\/index.php?rest_route=\/wp\/v2\/posts\/194848","targetHints":{"allow":["GET"]}}],"collection":[{"href":"https:\/\/aconteceunovale.com.br\/portal\/index.php?rest_route=\/wp\/v2\/posts"}],"about":[{"href":"https:\/\/aconteceunovale.com.br\/portal\/index.php?rest_route=\/wp\/v2\/types\/post"}],"author":[{"embeddable":true,"href":"https:\/\/aconteceunovale.com.br\/portal\/index.php?rest_route=\/wp\/v2\/users\/4"}],"replies":[{"embeddable":true,"href":"https:\/\/aconteceunovale.com.br\/portal\/index.php?rest_route=%2Fwp%2Fv2%2Fcomments&post=194848"}],"version-history":[{"count":1,"href":"https:\/\/aconteceunovale.com.br\/portal\/index.php?rest_route=\/wp\/v2\/posts\/194848\/revisions"}],"predecessor-version":[{"id":194850,"href":"https:\/\/aconteceunovale.com.br\/portal\/index.php?rest_route=\/wp\/v2\/posts\/194848\/revisions\/194850"}],"wp:featuredmedia":[{"embeddable":true,"href":"https:\/\/aconteceunovale.com.br\/portal\/index.php?rest_route=\/wp\/v2\/media\/194849"}],"wp:attachment":[{"href":"https:\/\/aconteceunovale.com.br\/portal\/index.php?rest_route=%2Fwp%2Fv2%2Fmedia&parent=194848"}],"wp:term":[{"taxonomy":"category","embeddable":true,"href":"https:\/\/aconteceunovale.com.br\/portal\/index.php?rest_route=%2Fwp%2Fv2%2Fcategories&post=194848"},{"taxonomy":"post_tag","embeddable":true,"href":"https:\/\/aconteceunovale.com.br\/portal\/index.php?rest_route=%2Fwp%2Fv2%2Ftags&post=194848"}],"curies":[{"name":"wp","href":"https:\/\/api.w.org\/{rel}","templated":true}]}}