{"id":194844,"date":"2025-01-08T21:21:21","date_gmt":"2025-01-09T00:21:21","guid":{"rendered":"https:\/\/aconteceunovale.com.br\/portal\/?p=194844"},"modified":"2026-09-02T18:08:19","modified_gmt":"2026-09-02T21:08:19","slug":"receita-federal-esclarece-reforco-na-fiscalizacao-de-transacoes-via-pix-e-cartao-de-credito","status":"publish","type":"post","link":"https:\/\/aconteceunovale.com.br\/portal\/?p=194844","title":{"rendered":"Receita Federal esclarece refor\u00e7o na fiscaliza\u00e7\u00e3o de transa\u00e7\u00f5es via Pix e cart\u00e3o de cr\u00e9dito"},"content":{"rendered":"\n<p class=\"wp-block-paragraph\">A Receita Federal esclareceu nesta quarta-feira (8) que o refor\u00e7o na fiscaliza\u00e7\u00e3o de transa\u00e7\u00f5es financeiras via Pix e cart\u00e3o de cr\u00e9dito n\u00e3o implica na cria\u00e7\u00e3o de novos impostos. A medida, que entrou em vigor em 1\u00ba de janeiro, visa ampliar o monitoramento de transfer\u00eancias financeiras para garantir maior efici\u00eancia tribut\u00e1ria, reduzindo erros e diverg\u00eancias nas declara\u00e7\u00f5es de Imposto de Renda.<\/p>\n\n\n\n<p class=\"wp-block-paragraph\">De acordo com as novas regras, transfer\u00eancias Pix que somem R$ 5 mil ou mais por m\u00eas para pessoas f\u00edsicas, e R$ 15 mil para pessoas jur\u00eddicas, passar\u00e3o a ser informadas \u00e0 Receita Federal. Os mesmos limites se aplicam a transa\u00e7\u00f5es realizadas por meio de operadoras de cart\u00e3o de cr\u00e9dito, bancos digitais e carteiras virtuais.<\/p>\n\n\n\n<h3 class=\"wp-block-heading\">Moderniza\u00e7\u00e3o e Transpar\u00eancia<\/h3>\n\n\n\n<p class=\"wp-block-paragraph\">A Receita destacou que a instru\u00e7\u00e3o normativa atualiza os mecanismos de fiscaliza\u00e7\u00e3o para incluir fintechs e outras institui\u00e7\u00f5es financeiras modernas. No caso dos cart\u00f5es de cr\u00e9dito, a antiga Declara\u00e7\u00e3o de Opera\u00e7\u00f5es com Cart\u00f5es de Cr\u00e9dito (Decred), criada em 2003, foi substitu\u00edda por um m\u00f3dulo dentro da plataforma e-Financeira, que opera no Sistema P\u00fablico de Escritura\u00e7\u00e3o Digital (Sped).<\/p>\n\n\n\n<p class=\"wp-block-paragraph\">O Fisco informou que o objetivo \u00e9 oferecer melhores servi\u00e7os, como a inclus\u00e3o autom\u00e1tica de valores fiscalizados na declara\u00e7\u00e3o pr\u00e9-preenchida do Imposto de Renda a partir de 2026. Isso, segundo a Receita, reduzir\u00e1 inconsist\u00eancias que podem levar contribuintes \u00e0 malha fina.<\/p>\n\n\n\n<h3 class=\"wp-block-heading\">Sigilo Banc\u00e1rio e Fiscal<\/h3>\n\n\n\n<p class=\"wp-block-paragraph\">A Receita Federal garantiu que o refor\u00e7o na fiscaliza\u00e7\u00e3o respeitar\u00e1 as normas de sigilo banc\u00e1rio e fiscal. O sistema n\u00e3o identifica a origem ou a natureza das transa\u00e7\u00f5es financeiras, mas apenas consolida os valores movimentados em uma conta.<\/p>\n\n\n\n<p class=\"wp-block-paragraph\">\u201cOs dados s\u00e3o informados em absoluto respeito \u00e0s normas legais dos sigilos banc\u00e1rio e fiscal. N\u00e3o se identifica o destinat\u00e1rio das transfer\u00eancias, e o sistema contabiliza apenas os totais movimentados a d\u00e9bito e cr\u00e9dito em determinada conta\u201d, afirmou o \u00f3rg\u00e3o.<\/p>\n\n\n\n<h3 class=\"wp-block-heading\">Prazos de Envio<\/h3>\n\n\n\n<p class=\"wp-block-paragraph\">As institui\u00e7\u00f5es financeiras dever\u00e3o enviar os relat\u00f3rios \u00e0 Receita Federal semestralmente. Os dados referentes ao primeiro semestre dever\u00e3o ser enviados at\u00e9 o \u00faltimo dia \u00fatil de agosto, enquanto os do segundo semestre devem ser apresentados at\u00e9 o final de fevereiro.<\/p>\n\n\n\n<p class=\"wp-block-paragraph\">A Receita refor\u00e7ou que as novas regras n\u00e3o representam aumento de tributa\u00e7\u00e3o, mas sim um aprimoramento na fiscaliza\u00e7\u00e3o para adaptar-se \u00e0s mudan\u00e7as no sistema financeiro e oferecer mais transpar\u00eancia e efici\u00eancia na gest\u00e3o tribut\u00e1ria.<\/p>\n","protected":false},"excerpt":{"rendered":"<p>A Receita Federal esclareceu nesta quarta-feira (8) que o refor\u00e7o na fiscaliza\u00e7\u00e3o de transa\u00e7\u00f5es financeiras via Pix e cart\u00e3o de cr\u00e9dito n\u00e3o implica na cria\u00e7\u00e3o de novos impostos. A medida, que entrou em vigor em 1\u00ba de janeiro, visa ampliar o monitoramento de transfer\u00eancias financeiras para garantir maior efici\u00eancia tribut\u00e1ria, reduzindo erros e diverg\u00eancias nas [&hellip;]<\/p>\n","protected":false},"author":4,"featured_media":194846,"comment_status":"open","ping_status":"closed","sticky":false,"template":"","format":"standard","meta":{"amp_status":"","footnotes":""},"categories":[6],"tags":[20031,1018,269109,269108,269111,269110,216663,1464,269107],"class_list":["post-194844","post","type-post","status-publish","format-standard","has-post-thumbnail","hentry","category-br","tag-cartao-de-credito","tag-destaque","tag-fiscalizacao-do-cartao-de-credito","tag-fiscalizacao-do-pix","tag-monitoramento-cartao-de-credito","tag-monitoramento-do-pix","tag-pix","tag-receita-federal","tag-receita-federal-esclarece-reforco-na-fiscalizacao-de-transacoes-via-pix-e-cartao-de-credito"],"yoast_head":"<!-- This site is optimized with the Yoast SEO plugin v28.3 - https:\/\/yoast.com\/product\/yoast-seo-wordpress\/ -->\n<title>Receita Federal esclarece refor\u00e7o na fiscaliza\u00e7\u00e3o de transa\u00e7\u00f5es via Pix e cart\u00e3o de cr\u00e9dito - Aconteceu no Vale<\/title>\n<meta name=\"robots\" content=\"index, follow, max-snippet:-1, max-image-preview:large, max-video-preview:-1\" \/>\n<link rel=\"canonical\" href=\"https:\/\/aconteceunovale.com.br\/portal\/?p=194844\" \/>\n<meta property=\"og:locale\" content=\"pt_BR\" \/>\n<meta property=\"og:type\" content=\"article\" \/>\n<meta property=\"og:title\" content=\"Receita Federal esclarece refor\u00e7o na fiscaliza\u00e7\u00e3o de transa\u00e7\u00f5es via Pix e cart\u00e3o de cr\u00e9dito - Aconteceu no Vale\" \/>\n<meta property=\"og:description\" content=\"A Receita Federal esclareceu nesta quarta-feira (8) que o refor\u00e7o na fiscaliza\u00e7\u00e3o de transa\u00e7\u00f5es financeiras via Pix e cart\u00e3o de cr\u00e9dito n\u00e3o implica na cria\u00e7\u00e3o de novos impostos. A medida, que entrou em vigor em 1\u00ba de janeiro, visa ampliar o monitoramento de transfer\u00eancias financeiras para garantir maior efici\u00eancia tribut\u00e1ria, reduzindo erros e diverg\u00eancias nas [&hellip;]\" \/>\n<meta property=\"og:url\" content=\"https:\/\/aconteceunovale.com.br\/portal\/?p=194844\" \/>\n<meta property=\"og:site_name\" content=\"Aconteceu no Vale\" \/>\n<meta property=\"article:publisher\" content=\"https:\/\/www.facebook.com\/aconteceunovale\/\" \/>\n<meta property=\"article:published_time\" content=\"2025-01-09T00:21:21+00:00\" \/>\n<meta property=\"article:modified_time\" content=\"2026-09-02T21:08:19+00:00\" \/>\n<meta property=\"og:image\" content=\"https:\/\/aconteceunovale.com.br\/portal\/wp-content\/uploads\/2025\/01\/receita_federal.jpg\" \/>\n\t<meta property=\"og:image:width\" content=\"678\" \/>\n\t<meta property=\"og:image:height\" content=\"355\" \/>\n\t<meta property=\"og:image:type\" content=\"image\/jpeg\" \/>\n<meta name=\"author\" content=\"Reda\u00e7\u00e3o Aconteceu no Vale\" \/>\n<meta name=\"twitter:card\" content=\"summary_large_image\" \/>\n<meta name=\"twitter:creator\" content=\"@noticiadosvales\" \/>\n<meta name=\"twitter:site\" content=\"@noticiadosvales\" \/>\n<meta name=\"twitter:label1\" content=\"Escrito por\" \/>\n\t<meta name=\"twitter:data1\" content=\"Reda\u00e7\u00e3o Aconteceu no Vale\" \/>\n\t<meta name=\"twitter:label2\" content=\"Est. tempo de leitura\" \/>\n\t<meta name=\"twitter:data2\" content=\"2 minutos\" \/>\n<script type=\"application\/ld+json\" class=\"yoast-schema-graph\">{\"@context\":\"https:\\\/\\\/schema.org\",\"@graph\":[{\"@type\":\"Article\",\"@id\":\"https:\\\/\\\/aconteceunovale.com.br\\\/portal\\\/?p=194844#article\",\"isPartOf\":{\"@id\":\"https:\\\/\\\/aconteceunovale.com.br\\\/portal\\\/?p=194844\"},\"author\":{\"name\":\"Reda\u00e7\u00e3o Aconteceu no Vale\",\"@id\":\"https:\\\/\\\/aconteceunovale.com.br\\\/portal\\\/#\\\/schema\\\/person\\\/7d2f26d1483f8a63de73da1ee0754d35\"},\"headline\":\"Receita Federal esclarece refor\u00e7o na fiscaliza\u00e7\u00e3o de transa\u00e7\u00f5es via Pix e cart\u00e3o de cr\u00e9dito\",\"datePublished\":\"2025-01-09T00:21:21+00:00\",\"dateModified\":\"2026-09-02T21:08:19+00:00\",\"mainEntityOfPage\":{\"@id\":\"https:\\\/\\\/aconteceunovale.com.br\\\/portal\\\/?p=194844\"},\"wordCount\":452,\"commentCount\":0,\"image\":{\"@id\":\"https:\\\/\\\/aconteceunovale.com.br\\\/portal\\\/?p=194844#primaryimage\"},\"thumbnailUrl\":\"https:\\\/\\\/aconteceunovale.com.br\\\/portal\\\/wp-content\\\/uploads\\\/2025\\\/01\\\/receita_federal.jpg\",\"keywords\":[\"cart\u00e3o de cr\u00e9dito\",\"destaque\",\"Fiscaliza\u00e7\u00e3o do cart\u00e3o de cr\u00e9dito\",\"Fiscaliza\u00e7\u00e3o do pix\",\"Monitoramento cart\u00e3o de cr\u00e9dito\",\"Monitoramento do Pix\",\"PIX\",\"receita federal\",\"Receita Federal esclarece refor\u00e7o na fiscaliza\u00e7\u00e3o de transa\u00e7\u00f5es via Pix e cart\u00e3o de cr\u00e9dito\"],\"articleSection\":[\"Brasil\"],\"inLanguage\":\"pt-BR\",\"potentialAction\":[{\"@type\":\"CommentAction\",\"name\":\"Comment\",\"target\":[\"https:\\\/\\\/aconteceunovale.com.br\\\/portal\\\/?p=194844#respond\"]}]},{\"@type\":\"WebPage\",\"@id\":\"https:\\\/\\\/aconteceunovale.com.br\\\/portal\\\/?p=194844\",\"url\":\"https:\\\/\\\/aconteceunovale.com.br\\\/portal\\\/?p=194844\",\"name\":\"Receita Federal esclarece refor\u00e7o na fiscaliza\u00e7\u00e3o de transa\u00e7\u00f5es via Pix e cart\u00e3o de cr\u00e9dito - Aconteceu no Vale\",\"isPartOf\":{\"@id\":\"https:\\\/\\\/aconteceunovale.com.br\\\/portal\\\/#website\"},\"primaryImageOfPage\":{\"@id\":\"https:\\\/\\\/aconteceunovale.com.br\\\/portal\\\/?p=194844#primaryimage\"},\"image\":{\"@id\":\"https:\\\/\\\/aconteceunovale.com.br\\\/portal\\\/?p=194844#primaryimage\"},\"thumbnailUrl\":\"https:\\\/\\\/aconteceunovale.com.br\\\/portal\\\/wp-content\\\/uploads\\\/2025\\\/01\\\/receita_federal.jpg\",\"datePublished\":\"2025-01-09T00:21:21+00:00\",\"dateModified\":\"2026-09-02T21:08:19+00:00\",\"author\":{\"@id\":\"https:\\\/\\\/aconteceunovale.com.br\\\/portal\\\/#\\\/schema\\\/person\\\/7d2f26d1483f8a63de73da1ee0754d35\"},\"breadcrumb\":{\"@id\":\"https:\\\/\\\/aconteceunovale.com.br\\\/portal\\\/?p=194844#breadcrumb\"},\"inLanguage\":\"pt-BR\",\"potentialAction\":[{\"@type\":\"ReadAction\",\"target\":[\"https:\\\/\\\/aconteceunovale.com.br\\\/portal\\\/?p=194844\"]}]},{\"@type\":\"ImageObject\",\"inLanguage\":\"pt-BR\",\"@id\":\"https:\\\/\\\/aconteceunovale.com.br\\\/portal\\\/?p=194844#primaryimage\",\"url\":\"https:\\\/\\\/aconteceunovale.com.br\\\/portal\\\/wp-content\\\/uploads\\\/2025\\\/01\\\/receita_federal.jpg\",\"contentUrl\":\"https:\\\/\\\/aconteceunovale.com.br\\\/portal\\\/wp-content\\\/uploads\\\/2025\\\/01\\\/receita_federal.jpg\",\"width\":678,\"height\":355},{\"@type\":\"BreadcrumbList\",\"@id\":\"https:\\\/\\\/aconteceunovale.com.br\\\/portal\\\/?p=194844#breadcrumb\",\"itemListElement\":[{\"@type\":\"ListItem\",\"position\":1,\"name\":\"In\u00edcio\",\"item\":\"https:\\\/\\\/aconteceunovale.com.br\\\/portal\\\/\"},{\"@type\":\"ListItem\",\"position\":2,\"name\":\"Receita Federal esclarece refor\u00e7o na fiscaliza\u00e7\u00e3o de transa\u00e7\u00f5es via Pix e cart\u00e3o de cr\u00e9dito\"}]},{\"@type\":\"WebSite\",\"@id\":\"https:\\\/\\\/aconteceunovale.com.br\\\/portal\\\/#website\",\"url\":\"https:\\\/\\\/aconteceunovale.com.br\\\/portal\\\/\",\"name\":\"Aconteceu no Vale\",\"description\":\"Portal de Not\u00edcias\",\"potentialAction\":[{\"@type\":\"SearchAction\",\"target\":{\"@type\":\"EntryPoint\",\"urlTemplate\":\"https:\\\/\\\/aconteceunovale.com.br\\\/portal\\\/?s={search_term_string}\"},\"query-input\":{\"@type\":\"PropertyValueSpecification\",\"valueRequired\":true,\"valueName\":\"search_term_string\"}}],\"inLanguage\":\"pt-BR\"},{\"@type\":\"Person\",\"@id\":\"https:\\\/\\\/aconteceunovale.com.br\\\/portal\\\/#\\\/schema\\\/person\\\/7d2f26d1483f8a63de73da1ee0754d35\",\"name\":\"Reda\u00e7\u00e3o Aconteceu no Vale\",\"description\":\"Equipe de reportagem do Aconteceu no Vale, portal de not\u00edcias do Vale do Jequitinhonha, em Minas Gerais. Cobrimos as 51 cidades do Vale desde 2013. Sugest\u00f5es de pauta e pedidos de corre\u00e7\u00e3o: contato@aconteceunovale.com.br\",\"url\":\"https:\\\/\\\/aconteceunovale.com.br\\\/portal\\\/?author=4\"}]}<\/script>\n<!-- \/ Yoast SEO plugin. -->","yoast_head_json":{"title":"Receita Federal esclarece refor\u00e7o na fiscaliza\u00e7\u00e3o de transa\u00e7\u00f5es via Pix e cart\u00e3o de cr\u00e9dito - Aconteceu no Vale","robots":{"index":"index","follow":"follow","max-snippet":"max-snippet:-1","max-image-preview":"max-image-preview:large","max-video-preview":"max-video-preview:-1"},"canonical":"https:\/\/aconteceunovale.com.br\/portal\/?p=194844","og_locale":"pt_BR","og_type":"article","og_title":"Receita Federal esclarece refor\u00e7o na fiscaliza\u00e7\u00e3o de transa\u00e7\u00f5es via Pix e cart\u00e3o de cr\u00e9dito - Aconteceu no Vale","og_description":"A Receita Federal esclareceu nesta quarta-feira (8) que o refor\u00e7o na fiscaliza\u00e7\u00e3o de transa\u00e7\u00f5es financeiras via Pix e cart\u00e3o de cr\u00e9dito n\u00e3o implica na cria\u00e7\u00e3o de novos impostos. A medida, que entrou em vigor em 1\u00ba de janeiro, visa ampliar o monitoramento de transfer\u00eancias financeiras para garantir maior efici\u00eancia tribut\u00e1ria, reduzindo erros e diverg\u00eancias nas [&hellip;]","og_url":"https:\/\/aconteceunovale.com.br\/portal\/?p=194844","og_site_name":"Aconteceu no Vale","article_publisher":"https:\/\/www.facebook.com\/aconteceunovale\/","article_published_time":"2025-01-09T00:21:21+00:00","article_modified_time":"2026-09-02T21:08:19+00:00","og_image":[{"width":678,"height":355,"url":"https:\/\/aconteceunovale.com.br\/portal\/wp-content\/uploads\/2025\/01\/receita_federal.jpg","type":"image\/jpeg"}],"author":"Reda\u00e7\u00e3o Aconteceu no Vale","twitter_card":"summary_large_image","twitter_creator":"@noticiadosvales","twitter_site":"@noticiadosvales","twitter_misc":{"Escrito por":"Reda\u00e7\u00e3o Aconteceu no Vale","Est. tempo de leitura":"2 minutos"},"schema":{"@context":"https:\/\/schema.org","@graph":[{"@type":"Article","@id":"https:\/\/aconteceunovale.com.br\/portal\/?p=194844#article","isPartOf":{"@id":"https:\/\/aconteceunovale.com.br\/portal\/?p=194844"},"author":{"name":"Reda\u00e7\u00e3o Aconteceu no Vale","@id":"https:\/\/aconteceunovale.com.br\/portal\/#\/schema\/person\/7d2f26d1483f8a63de73da1ee0754d35"},"headline":"Receita Federal esclarece refor\u00e7o na fiscaliza\u00e7\u00e3o de transa\u00e7\u00f5es via Pix e cart\u00e3o de cr\u00e9dito","datePublished":"2025-01-09T00:21:21+00:00","dateModified":"2026-09-02T21:08:19+00:00","mainEntityOfPage":{"@id":"https:\/\/aconteceunovale.com.br\/portal\/?p=194844"},"wordCount":452,"commentCount":0,"image":{"@id":"https:\/\/aconteceunovale.com.br\/portal\/?p=194844#primaryimage"},"thumbnailUrl":"https:\/\/aconteceunovale.com.br\/portal\/wp-content\/uploads\/2025\/01\/receita_federal.jpg","keywords":["cart\u00e3o de cr\u00e9dito","destaque","Fiscaliza\u00e7\u00e3o do cart\u00e3o de cr\u00e9dito","Fiscaliza\u00e7\u00e3o do pix","Monitoramento cart\u00e3o de cr\u00e9dito","Monitoramento do Pix","PIX","receita federal","Receita Federal esclarece refor\u00e7o na fiscaliza\u00e7\u00e3o de transa\u00e7\u00f5es via Pix e cart\u00e3o de cr\u00e9dito"],"articleSection":["Brasil"],"inLanguage":"pt-BR","potentialAction":[{"@type":"CommentAction","name":"Comment","target":["https:\/\/aconteceunovale.com.br\/portal\/?p=194844#respond"]}]},{"@type":"WebPage","@id":"https:\/\/aconteceunovale.com.br\/portal\/?p=194844","url":"https:\/\/aconteceunovale.com.br\/portal\/?p=194844","name":"Receita Federal esclarece refor\u00e7o na fiscaliza\u00e7\u00e3o de transa\u00e7\u00f5es via Pix e cart\u00e3o de cr\u00e9dito - Aconteceu no Vale","isPartOf":{"@id":"https:\/\/aconteceunovale.com.br\/portal\/#website"},"primaryImageOfPage":{"@id":"https:\/\/aconteceunovale.com.br\/portal\/?p=194844#primaryimage"},"image":{"@id":"https:\/\/aconteceunovale.com.br\/portal\/?p=194844#primaryimage"},"thumbnailUrl":"https:\/\/aconteceunovale.com.br\/portal\/wp-content\/uploads\/2025\/01\/receita_federal.jpg","datePublished":"2025-01-09T00:21:21+00:00","dateModified":"2026-09-02T21:08:19+00:00","author":{"@id":"https:\/\/aconteceunovale.com.br\/portal\/#\/schema\/person\/7d2f26d1483f8a63de73da1ee0754d35"},"breadcrumb":{"@id":"https:\/\/aconteceunovale.com.br\/portal\/?p=194844#breadcrumb"},"inLanguage":"pt-BR","potentialAction":[{"@type":"ReadAction","target":["https:\/\/aconteceunovale.com.br\/portal\/?p=194844"]}]},{"@type":"ImageObject","inLanguage":"pt-BR","@id":"https:\/\/aconteceunovale.com.br\/portal\/?p=194844#primaryimage","url":"https:\/\/aconteceunovale.com.br\/portal\/wp-content\/uploads\/2025\/01\/receita_federal.jpg","contentUrl":"https:\/\/aconteceunovale.com.br\/portal\/wp-content\/uploads\/2025\/01\/receita_federal.jpg","width":678,"height":355},{"@type":"BreadcrumbList","@id":"https:\/\/aconteceunovale.com.br\/portal\/?p=194844#breadcrumb","itemListElement":[{"@type":"ListItem","position":1,"name":"In\u00edcio","item":"https:\/\/aconteceunovale.com.br\/portal\/"},{"@type":"ListItem","position":2,"name":"Receita Federal esclarece refor\u00e7o na fiscaliza\u00e7\u00e3o de transa\u00e7\u00f5es via Pix e cart\u00e3o de cr\u00e9dito"}]},{"@type":"WebSite","@id":"https:\/\/aconteceunovale.com.br\/portal\/#website","url":"https:\/\/aconteceunovale.com.br\/portal\/","name":"Aconteceu no Vale","description":"Portal de Not\u00edcias","potentialAction":[{"@type":"SearchAction","target":{"@type":"EntryPoint","urlTemplate":"https:\/\/aconteceunovale.com.br\/portal\/?s={search_term_string}"},"query-input":{"@type":"PropertyValueSpecification","valueRequired":true,"valueName":"search_term_string"}}],"inLanguage":"pt-BR"},{"@type":"Person","@id":"https:\/\/aconteceunovale.com.br\/portal\/#\/schema\/person\/7d2f26d1483f8a63de73da1ee0754d35","name":"Reda\u00e7\u00e3o Aconteceu no Vale","description":"Equipe de reportagem do Aconteceu no Vale, portal de not\u00edcias do Vale do Jequitinhonha, em Minas Gerais. Cobrimos as 51 cidades do Vale desde 2013. Sugest\u00f5es de pauta e pedidos de corre\u00e7\u00e3o: contato@aconteceunovale.com.br","url":"https:\/\/aconteceunovale.com.br\/portal\/?author=4"}]}},"_links":{"self":[{"href":"https:\/\/aconteceunovale.com.br\/portal\/index.php?rest_route=\/wp\/v2\/posts\/194844","targetHints":{"allow":["GET"]}}],"collection":[{"href":"https:\/\/aconteceunovale.com.br\/portal\/index.php?rest_route=\/wp\/v2\/posts"}],"about":[{"href":"https:\/\/aconteceunovale.com.br\/portal\/index.php?rest_route=\/wp\/v2\/types\/post"}],"author":[{"embeddable":true,"href":"https:\/\/aconteceunovale.com.br\/portal\/index.php?rest_route=\/wp\/v2\/users\/4"}],"replies":[{"embeddable":true,"href":"https:\/\/aconteceunovale.com.br\/portal\/index.php?rest_route=%2Fwp%2Fv2%2Fcomments&post=194844"}],"version-history":[{"count":1,"href":"https:\/\/aconteceunovale.com.br\/portal\/index.php?rest_route=\/wp\/v2\/posts\/194844\/revisions"}],"predecessor-version":[{"id":194847,"href":"https:\/\/aconteceunovale.com.br\/portal\/index.php?rest_route=\/wp\/v2\/posts\/194844\/revisions\/194847"}],"wp:featuredmedia":[{"embeddable":true,"href":"https:\/\/aconteceunovale.com.br\/portal\/index.php?rest_route=\/wp\/v2\/media\/194846"}],"wp:attachment":[{"href":"https:\/\/aconteceunovale.com.br\/portal\/index.php?rest_route=%2Fwp%2Fv2%2Fmedia&parent=194844"}],"wp:term":[{"taxonomy":"category","embeddable":true,"href":"https:\/\/aconteceunovale.com.br\/portal\/index.php?rest_route=%2Fwp%2Fv2%2Fcategories&post=194844"},{"taxonomy":"post_tag","embeddable":true,"href":"https:\/\/aconteceunovale.com.br\/portal\/index.php?rest_route=%2Fwp%2Fv2%2Ftags&post=194844"}],"curies":[{"name":"wp","href":"https:\/\/api.w.org\/{rel}","templated":true}]}}