{"id":194841,"date":"2025-01-08T18:21:29","date_gmt":"2025-01-08T21:21:29","guid":{"rendered":"https:\/\/aconteceunovale.com.br\/portal\/?p=194841"},"modified":"2025-01-08T18:22:04","modified_gmt":"2025-01-08T21:22:04","slug":"prf-apreende-mercadorias-contrabandeadas-na-br-381","status":"publish","type":"post","link":"https:\/\/aconteceunovale.com.br\/portal\/?p=194841","title":{"rendered":"PRF apreende mercadorias contrabandeadas na BR-381"},"content":{"rendered":"\n<p class=\"wp-block-paragraph\">A Pol\u00edcia Rodovi\u00e1ria Federal (PRF) apreendeu diversas mercadorias contrabandeadas e sem documenta\u00e7\u00e3o fiscal durante uma opera\u00e7\u00e3o de combate \u00e0 criminalidade na BR-381, em Tr\u00eas Cora\u00e7\u00f5es (MG). A a\u00e7\u00e3o ocorreu na noite de ter\u00e7a-feira (7), no Km 758 da rodovia.<\/p>\n\n\n\n<figure class=\"wp-block-gallery has-nested-images columns-default is-cropped wp-block-gallery-1 is-layout-flex wp-block-gallery-is-layout-flex\">\n<figure class=\"wp-block-image size-large\"><img loading=\"lazy\" decoding=\"async\" width=\"678\" height=\"353\" data-id=\"194842\" src=\"https:\/\/aconteceunovale.com.br\/portal\/wp-content\/uploads\/2025\/01\/mercadoria_prf.png\" alt=\"\" class=\"wp-image-194842\" srcset=\"https:\/\/aconteceunovale.com.br\/portal\/wp-content\/uploads\/2025\/01\/mercadoria_prf.png 678w, https:\/\/aconteceunovale.com.br\/portal\/wp-content\/uploads\/2025\/01\/mercadoria_prf-300x156.png 300w\" sizes=\"auto, (max-width: 678px) 100vw, 678px\" \/><figcaption class=\"wp-element-caption\"><em>Foto: Divulga\u00e7\u00e3o \/ PRF<\/em><\/figcaption><\/figure>\n<\/figure>\n\n\n\n<p class=\"wp-block-paragraph\">A apreens\u00e3o foi realizada durante a abordagem de um \u00f4nibus que fazia o trajeto entre S\u00e3o Paulo (SP) e Ipatinga (MG). Durante a fiscaliza\u00e7\u00e3o, os agentes encontraram 116 aparelhos celulares, 5 iPads, 21 perfumes e 243 cigarros eletr\u00f4nicos sem a devida documenta\u00e7\u00e3o fiscal.<\/p>\n\n\n\n<p class=\"wp-block-paragraph\">Os ocupantes do ve\u00edculo informaram que as mercadorias eram remessas enviadas por terceiros e que desconheciam os conte\u00fados e a documenta\u00e7\u00e3o correspondente.<\/p>\n\n\n\n<p class=\"wp-block-paragraph\">O condutor e os passageiros foram identificados e liberados, ficando sujeitos \u00e0 convoca\u00e7\u00e3o para esclarecimentos perante a Justi\u00e7a. As mercadorias apreendidas foram encaminhadas \u00e0 Receita Federal em Po\u00e7os de Caldas (MG) para as provid\u00eancias cab\u00edveis.<\/p>\n","protected":false},"excerpt":{"rendered":"<p>A Pol\u00edcia Rodovi\u00e1ria Federal (PRF) apreendeu diversas mercadorias contrabandeadas e sem documenta\u00e7\u00e3o fiscal durante uma opera\u00e7\u00e3o de combate \u00e0 criminalidade na BR-381, em Tr\u00eas Cora\u00e7\u00f5es (MG). A a\u00e7\u00e3o ocorreu na noite de ter\u00e7a-feira (7), no Km 758 da rodovia. A apreens\u00e3o foi realizada durante a abordagem de um \u00f4nibus que fazia o trajeto entre S\u00e3o [&hellip;]<\/p>\n","protected":false},"author":4,"featured_media":194842,"comment_status":"open","ping_status":"closed","sticky":false,"template":"","format":"standard","meta":{"amp_status":"","footnotes":""},"categories":[121,123],"tags":[269106,209677,201,269105,215,239,269104,2382,1507],"class_list":["post-194841","post","type-post","status-publish","format-standard","has-post-thumbnail","hentry","category-leste","category-gerais","tag-apreensao-de-mercadoria-na-br-381","tag-br-381-2","tag-ipatinga","tag-mercadoria-apreendida-na-br-381","tag-pocos-de-caldas","tag-prf","tag-prf-apreende-mercadorias-contrabandeadas-na-br-381","tag-sao-paulo","tag-tres-coracoes"],"yoast_head":"<!-- This site is optimized with the Yoast SEO plugin v28.3 - https:\/\/yoast.com\/product\/yoast-seo-wordpress\/ -->\n<title>PRF apreende mercadorias contrabandeadas na BR-381 - Aconteceu no Vale<\/title>\n<meta name=\"robots\" content=\"index, follow, max-snippet:-1, max-image-preview:large, max-video-preview:-1\" \/>\n<link rel=\"canonical\" href=\"https:\/\/aconteceunovale.com.br\/portal\/?p=194841\" \/>\n<meta property=\"og:locale\" content=\"pt_BR\" \/>\n<meta property=\"og:type\" content=\"article\" \/>\n<meta property=\"og:title\" content=\"PRF apreende mercadorias contrabandeadas na BR-381 - Aconteceu no Vale\" \/>\n<meta property=\"og:description\" content=\"A Pol\u00edcia Rodovi\u00e1ria Federal (PRF) apreendeu diversas mercadorias contrabandeadas e sem documenta\u00e7\u00e3o fiscal durante uma opera\u00e7\u00e3o de combate \u00e0 criminalidade na BR-381, em Tr\u00eas Cora\u00e7\u00f5es (MG). A a\u00e7\u00e3o ocorreu na noite de ter\u00e7a-feira (7), no Km 758 da rodovia. A apreens\u00e3o foi realizada durante a abordagem de um \u00f4nibus que fazia o trajeto entre S\u00e3o [&hellip;]\" \/>\n<meta property=\"og:url\" content=\"https:\/\/aconteceunovale.com.br\/portal\/?p=194841\" \/>\n<meta property=\"og:site_name\" content=\"Aconteceu no Vale\" \/>\n<meta property=\"article:publisher\" content=\"https:\/\/www.facebook.com\/aconteceunovale\/\" \/>\n<meta property=\"article:published_time\" content=\"2025-01-08T21:21:29+00:00\" \/>\n<meta property=\"article:modified_time\" content=\"2025-01-08T21:22:04+00:00\" \/>\n<meta property=\"og:image\" content=\"https:\/\/aconteceunovale.com.br\/portal\/wp-content\/uploads\/2025\/01\/mercadoria_prf.png\" \/>\n\t<meta property=\"og:image:width\" content=\"678\" \/>\n\t<meta property=\"og:image:height\" content=\"353\" \/>\n\t<meta property=\"og:image:type\" content=\"image\/png\" \/>\n<meta name=\"author\" content=\"Reda\u00e7\u00e3o Aconteceu no Vale\" \/>\n<meta name=\"twitter:card\" content=\"summary_large_image\" \/>\n<meta name=\"twitter:creator\" content=\"@noticiadosvales\" \/>\n<meta name=\"twitter:site\" content=\"@noticiadosvales\" \/>\n<meta name=\"twitter:label1\" content=\"Escrito por\" \/>\n\t<meta name=\"twitter:data1\" content=\"Reda\u00e7\u00e3o Aconteceu no Vale\" \/>\n\t<meta name=\"twitter:label2\" content=\"Est. tempo de leitura\" \/>\n\t<meta name=\"twitter:data2\" content=\"1 minuto\" \/>\n<script type=\"application\/ld+json\" class=\"yoast-schema-graph\">{\"@context\":\"https:\\\/\\\/schema.org\",\"@graph\":[{\"@type\":\"Article\",\"@id\":\"https:\\\/\\\/aconteceunovale.com.br\\\/portal\\\/?p=194841#article\",\"isPartOf\":{\"@id\":\"https:\\\/\\\/aconteceunovale.com.br\\\/portal\\\/?p=194841\"},\"author\":{\"name\":\"Reda\u00e7\u00e3o Aconteceu no Vale\",\"@id\":\"https:\\\/\\\/aconteceunovale.com.br\\\/portal\\\/#\\\/schema\\\/person\\\/7d2f26d1483f8a63de73da1ee0754d35\"},\"headline\":\"PRF apreende mercadorias contrabandeadas na BR-381\",\"datePublished\":\"2025-01-08T21:21:29+00:00\",\"dateModified\":\"2025-01-08T21:22:04+00:00\",\"mainEntityOfPage\":{\"@id\":\"https:\\\/\\\/aconteceunovale.com.br\\\/portal\\\/?p=194841\"},\"wordCount\":161,\"commentCount\":0,\"image\":{\"@id\":\"https:\\\/\\\/aconteceunovale.com.br\\\/portal\\\/?p=194841#primaryimage\"},\"thumbnailUrl\":\"https:\\\/\\\/aconteceunovale.com.br\\\/portal\\\/wp-content\\\/uploads\\\/2025\\\/01\\\/mercadoria_prf.png\",\"keywords\":[\"Apreens\u00e3o de mercadoria na BR-381\",\"BR-381\",\"Ipatinga\",\"Mercadoria apreendida na BR-381\",\"Po\u00e7os de Caldas\",\"PRF\",\"PRF apreende mercadorias contrabandeadas na BR-381\",\"S\u00e3o Paulo\",\"Tr\u00eas Cora\u00e7\u00f5es\"],\"articleSection\":[\"Leste de Minas\",\"Minas Gerais\"],\"inLanguage\":\"pt-BR\",\"potentialAction\":[{\"@type\":\"CommentAction\",\"name\":\"Comment\",\"target\":[\"https:\\\/\\\/aconteceunovale.com.br\\\/portal\\\/?p=194841#respond\"]}]},{\"@type\":\"WebPage\",\"@id\":\"https:\\\/\\\/aconteceunovale.com.br\\\/portal\\\/?p=194841\",\"url\":\"https:\\\/\\\/aconteceunovale.com.br\\\/portal\\\/?p=194841\",\"name\":\"PRF apreende mercadorias contrabandeadas na BR-381 - Aconteceu no Vale\",\"isPartOf\":{\"@id\":\"https:\\\/\\\/aconteceunovale.com.br\\\/portal\\\/#website\"},\"primaryImageOfPage\":{\"@id\":\"https:\\\/\\\/aconteceunovale.com.br\\\/portal\\\/?p=194841#primaryimage\"},\"image\":{\"@id\":\"https:\\\/\\\/aconteceunovale.com.br\\\/portal\\\/?p=194841#primaryimage\"},\"thumbnailUrl\":\"https:\\\/\\\/aconteceunovale.com.br\\\/portal\\\/wp-content\\\/uploads\\\/2025\\\/01\\\/mercadoria_prf.png\",\"datePublished\":\"2025-01-08T21:21:29+00:00\",\"dateModified\":\"2025-01-08T21:22:04+00:00\",\"author\":{\"@id\":\"https:\\\/\\\/aconteceunovale.com.br\\\/portal\\\/#\\\/schema\\\/person\\\/7d2f26d1483f8a63de73da1ee0754d35\"},\"breadcrumb\":{\"@id\":\"https:\\\/\\\/aconteceunovale.com.br\\\/portal\\\/?p=194841#breadcrumb\"},\"inLanguage\":\"pt-BR\",\"potentialAction\":[{\"@type\":\"ReadAction\",\"target\":[\"https:\\\/\\\/aconteceunovale.com.br\\\/portal\\\/?p=194841\"]}]},{\"@type\":\"ImageObject\",\"inLanguage\":\"pt-BR\",\"@id\":\"https:\\\/\\\/aconteceunovale.com.br\\\/portal\\\/?p=194841#primaryimage\",\"url\":\"https:\\\/\\\/aconteceunovale.com.br\\\/portal\\\/wp-content\\\/uploads\\\/2025\\\/01\\\/mercadoria_prf.png\",\"contentUrl\":\"https:\\\/\\\/aconteceunovale.com.br\\\/portal\\\/wp-content\\\/uploads\\\/2025\\\/01\\\/mercadoria_prf.png\",\"width\":678,\"height\":353,\"caption\":\"Foto: Divulga\u00e7\u00e3o \\\/ PRF\"},{\"@type\":\"BreadcrumbList\",\"@id\":\"https:\\\/\\\/aconteceunovale.com.br\\\/portal\\\/?p=194841#breadcrumb\",\"itemListElement\":[{\"@type\":\"ListItem\",\"position\":1,\"name\":\"In\u00edcio\",\"item\":\"https:\\\/\\\/aconteceunovale.com.br\\\/portal\\\/\"},{\"@type\":\"ListItem\",\"position\":2,\"name\":\"PRF apreende mercadorias contrabandeadas na BR-381\"}]},{\"@type\":\"WebSite\",\"@id\":\"https:\\\/\\\/aconteceunovale.com.br\\\/portal\\\/#website\",\"url\":\"https:\\\/\\\/aconteceunovale.com.br\\\/portal\\\/\",\"name\":\"Aconteceu no Vale\",\"description\":\"Portal de Not\u00edcias\",\"potentialAction\":[{\"@type\":\"SearchAction\",\"target\":{\"@type\":\"EntryPoint\",\"urlTemplate\":\"https:\\\/\\\/aconteceunovale.com.br\\\/portal\\\/?s={search_term_string}\"},\"query-input\":{\"@type\":\"PropertyValueSpecification\",\"valueRequired\":true,\"valueName\":\"search_term_string\"}}],\"inLanguage\":\"pt-BR\"},{\"@type\":\"Person\",\"@id\":\"https:\\\/\\\/aconteceunovale.com.br\\\/portal\\\/#\\\/schema\\\/person\\\/7d2f26d1483f8a63de73da1ee0754d35\",\"name\":\"Reda\u00e7\u00e3o Aconteceu no Vale\",\"description\":\"Equipe de reportagem do Aconteceu no Vale, portal de not\u00edcias do Vale do Jequitinhonha, em Minas Gerais. Cobrimos as 51 cidades do Vale desde 2013. Sugest\u00f5es de pauta e pedidos de corre\u00e7\u00e3o: contato@aconteceunovale.com.br\",\"url\":\"https:\\\/\\\/aconteceunovale.com.br\\\/portal\\\/?author=4\"}]}<\/script>\n<!-- \/ Yoast SEO plugin. -->","yoast_head_json":{"title":"PRF apreende mercadorias contrabandeadas na BR-381 - Aconteceu no Vale","robots":{"index":"index","follow":"follow","max-snippet":"max-snippet:-1","max-image-preview":"max-image-preview:large","max-video-preview":"max-video-preview:-1"},"canonical":"https:\/\/aconteceunovale.com.br\/portal\/?p=194841","og_locale":"pt_BR","og_type":"article","og_title":"PRF apreende mercadorias contrabandeadas na BR-381 - Aconteceu no Vale","og_description":"A Pol\u00edcia Rodovi\u00e1ria Federal (PRF) apreendeu diversas mercadorias contrabandeadas e sem documenta\u00e7\u00e3o fiscal durante uma opera\u00e7\u00e3o de combate \u00e0 criminalidade na BR-381, em Tr\u00eas Cora\u00e7\u00f5es (MG). A a\u00e7\u00e3o ocorreu na noite de ter\u00e7a-feira (7), no Km 758 da rodovia. A apreens\u00e3o foi realizada durante a abordagem de um \u00f4nibus que fazia o trajeto entre S\u00e3o [&hellip;]","og_url":"https:\/\/aconteceunovale.com.br\/portal\/?p=194841","og_site_name":"Aconteceu no Vale","article_publisher":"https:\/\/www.facebook.com\/aconteceunovale\/","article_published_time":"2025-01-08T21:21:29+00:00","article_modified_time":"2025-01-08T21:22:04+00:00","og_image":[{"width":678,"height":353,"url":"https:\/\/aconteceunovale.com.br\/portal\/wp-content\/uploads\/2025\/01\/mercadoria_prf.png","type":"image\/png"}],"author":"Reda\u00e7\u00e3o Aconteceu no Vale","twitter_card":"summary_large_image","twitter_creator":"@noticiadosvales","twitter_site":"@noticiadosvales","twitter_misc":{"Escrito por":"Reda\u00e7\u00e3o Aconteceu no Vale","Est. tempo de leitura":"1 minuto"},"schema":{"@context":"https:\/\/schema.org","@graph":[{"@type":"Article","@id":"https:\/\/aconteceunovale.com.br\/portal\/?p=194841#article","isPartOf":{"@id":"https:\/\/aconteceunovale.com.br\/portal\/?p=194841"},"author":{"name":"Reda\u00e7\u00e3o Aconteceu no Vale","@id":"https:\/\/aconteceunovale.com.br\/portal\/#\/schema\/person\/7d2f26d1483f8a63de73da1ee0754d35"},"headline":"PRF apreende mercadorias contrabandeadas na BR-381","datePublished":"2025-01-08T21:21:29+00:00","dateModified":"2025-01-08T21:22:04+00:00","mainEntityOfPage":{"@id":"https:\/\/aconteceunovale.com.br\/portal\/?p=194841"},"wordCount":161,"commentCount":0,"image":{"@id":"https:\/\/aconteceunovale.com.br\/portal\/?p=194841#primaryimage"},"thumbnailUrl":"https:\/\/aconteceunovale.com.br\/portal\/wp-content\/uploads\/2025\/01\/mercadoria_prf.png","keywords":["Apreens\u00e3o de mercadoria na BR-381","BR-381","Ipatinga","Mercadoria apreendida na BR-381","Po\u00e7os de Caldas","PRF","PRF apreende mercadorias contrabandeadas na BR-381","S\u00e3o Paulo","Tr\u00eas Cora\u00e7\u00f5es"],"articleSection":["Leste de Minas","Minas Gerais"],"inLanguage":"pt-BR","potentialAction":[{"@type":"CommentAction","name":"Comment","target":["https:\/\/aconteceunovale.com.br\/portal\/?p=194841#respond"]}]},{"@type":"WebPage","@id":"https:\/\/aconteceunovale.com.br\/portal\/?p=194841","url":"https:\/\/aconteceunovale.com.br\/portal\/?p=194841","name":"PRF apreende mercadorias contrabandeadas na BR-381 - Aconteceu no Vale","isPartOf":{"@id":"https:\/\/aconteceunovale.com.br\/portal\/#website"},"primaryImageOfPage":{"@id":"https:\/\/aconteceunovale.com.br\/portal\/?p=194841#primaryimage"},"image":{"@id":"https:\/\/aconteceunovale.com.br\/portal\/?p=194841#primaryimage"},"thumbnailUrl":"https:\/\/aconteceunovale.com.br\/portal\/wp-content\/uploads\/2025\/01\/mercadoria_prf.png","datePublished":"2025-01-08T21:21:29+00:00","dateModified":"2025-01-08T21:22:04+00:00","author":{"@id":"https:\/\/aconteceunovale.com.br\/portal\/#\/schema\/person\/7d2f26d1483f8a63de73da1ee0754d35"},"breadcrumb":{"@id":"https:\/\/aconteceunovale.com.br\/portal\/?p=194841#breadcrumb"},"inLanguage":"pt-BR","potentialAction":[{"@type":"ReadAction","target":["https:\/\/aconteceunovale.com.br\/portal\/?p=194841"]}]},{"@type":"ImageObject","inLanguage":"pt-BR","@id":"https:\/\/aconteceunovale.com.br\/portal\/?p=194841#primaryimage","url":"https:\/\/aconteceunovale.com.br\/portal\/wp-content\/uploads\/2025\/01\/mercadoria_prf.png","contentUrl":"https:\/\/aconteceunovale.com.br\/portal\/wp-content\/uploads\/2025\/01\/mercadoria_prf.png","width":678,"height":353,"caption":"Foto: Divulga\u00e7\u00e3o \/ PRF"},{"@type":"BreadcrumbList","@id":"https:\/\/aconteceunovale.com.br\/portal\/?p=194841#breadcrumb","itemListElement":[{"@type":"ListItem","position":1,"name":"In\u00edcio","item":"https:\/\/aconteceunovale.com.br\/portal\/"},{"@type":"ListItem","position":2,"name":"PRF apreende mercadorias contrabandeadas na BR-381"}]},{"@type":"WebSite","@id":"https:\/\/aconteceunovale.com.br\/portal\/#website","url":"https:\/\/aconteceunovale.com.br\/portal\/","name":"Aconteceu no Vale","description":"Portal de Not\u00edcias","potentialAction":[{"@type":"SearchAction","target":{"@type":"EntryPoint","urlTemplate":"https:\/\/aconteceunovale.com.br\/portal\/?s={search_term_string}"},"query-input":{"@type":"PropertyValueSpecification","valueRequired":true,"valueName":"search_term_string"}}],"inLanguage":"pt-BR"},{"@type":"Person","@id":"https:\/\/aconteceunovale.com.br\/portal\/#\/schema\/person\/7d2f26d1483f8a63de73da1ee0754d35","name":"Reda\u00e7\u00e3o Aconteceu no Vale","description":"Equipe de reportagem do Aconteceu no Vale, portal de not\u00edcias do Vale do Jequitinhonha, em Minas Gerais. Cobrimos as 51 cidades do Vale desde 2013. Sugest\u00f5es de pauta e pedidos de corre\u00e7\u00e3o: contato@aconteceunovale.com.br","url":"https:\/\/aconteceunovale.com.br\/portal\/?author=4"}]}},"_links":{"self":[{"href":"https:\/\/aconteceunovale.com.br\/portal\/index.php?rest_route=\/wp\/v2\/posts\/194841","targetHints":{"allow":["GET"]}}],"collection":[{"href":"https:\/\/aconteceunovale.com.br\/portal\/index.php?rest_route=\/wp\/v2\/posts"}],"about":[{"href":"https:\/\/aconteceunovale.com.br\/portal\/index.php?rest_route=\/wp\/v2\/types\/post"}],"author":[{"embeddable":true,"href":"https:\/\/aconteceunovale.com.br\/portal\/index.php?rest_route=\/wp\/v2\/users\/4"}],"replies":[{"embeddable":true,"href":"https:\/\/aconteceunovale.com.br\/portal\/index.php?rest_route=%2Fwp%2Fv2%2Fcomments&post=194841"}],"version-history":[{"count":1,"href":"https:\/\/aconteceunovale.com.br\/portal\/index.php?rest_route=\/wp\/v2\/posts\/194841\/revisions"}],"predecessor-version":[{"id":194843,"href":"https:\/\/aconteceunovale.com.br\/portal\/index.php?rest_route=\/wp\/v2\/posts\/194841\/revisions\/194843"}],"wp:featuredmedia":[{"embeddable":true,"href":"https:\/\/aconteceunovale.com.br\/portal\/index.php?rest_route=\/wp\/v2\/media\/194842"}],"wp:attachment":[{"href":"https:\/\/aconteceunovale.com.br\/portal\/index.php?rest_route=%2Fwp%2Fv2%2Fmedia&parent=194841"}],"wp:term":[{"taxonomy":"category","embeddable":true,"href":"https:\/\/aconteceunovale.com.br\/portal\/index.php?rest_route=%2Fwp%2Fv2%2Fcategories&post=194841"},{"taxonomy":"post_tag","embeddable":true,"href":"https:\/\/aconteceunovale.com.br\/portal\/index.php?rest_route=%2Fwp%2Fv2%2Ftags&post=194841"}],"curies":[{"name":"wp","href":"https:\/\/api.w.org\/{rel}","templated":true}]}}