{"id":194834,"date":"2025-01-08T07:49:00","date_gmt":"2025-01-08T10:49:00","guid":{"rendered":"https:\/\/aconteceunovale.com.br\/portal\/?p=194834"},"modified":"2025-01-08T18:02:51","modified_gmt":"2025-01-08T21:02:51","slug":"acidente-entre-onibus-e-carreta-complica-transito-na-br-251-em-francisco-sa","status":"publish","type":"post","link":"https:\/\/aconteceunovale.com.br\/portal\/?p=194834","title":{"rendered":"Acidente entre \u00f4nibus e carreta complica tr\u00e2nsito na BR-251, em Francisco S\u00e1"},"content":{"rendered":"\n<p class=\"wp-block-paragraph\">Um acidente envolvendo um \u00f4nibus e uma carreta interditou completamente o tr\u00e2nsito na BR-251, no trecho de Serra, em Francisco S\u00e1, no Norte de Minas. O incidente ocorreu no km 474 e \u00e9 o sexto acidente com \u00f4nibus registrado em menos de um m\u00eas nas rodovias que cortam o estado.<\/p>\n\n\n\n<figure class=\"wp-block-gallery has-nested-images columns-default is-cropped wp-block-gallery-1 is-layout-flex wp-block-gallery-is-layout-flex\">\n<figure class=\"wp-block-image size-large\"><img loading=\"lazy\" decoding=\"async\" width=\"678\" height=\"424\" data-id=\"194835\" src=\"https:\/\/aconteceunovale.com.br\/portal\/wp-content\/uploads\/2025\/01\/acidente_fransico_sa_1.png\" alt=\"\" class=\"wp-image-194835\" srcset=\"https:\/\/aconteceunovale.com.br\/portal\/wp-content\/uploads\/2025\/01\/acidente_fransico_sa_1.png 678w, https:\/\/aconteceunovale.com.br\/portal\/wp-content\/uploads\/2025\/01\/acidente_fransico_sa_1-300x188.png 300w, https:\/\/aconteceunovale.com.br\/portal\/wp-content\/uploads\/2025\/01\/acidente_fransico_sa_1-672x420.png 672w\" sizes=\"auto, (max-width: 678px) 100vw, 678px\" \/><figcaption class=\"wp-element-caption\"><em>Foto: Divulga\u00e7\u00e3o \/ Corpo de Bombeiros<\/em><\/figcaption><\/figure>\n<\/figure>\n\n\n\n<p class=\"wp-block-paragraph\">De acordo com informa\u00e7\u00f5es da Pol\u00edcia Rodovi\u00e1ria Federal (PRF), o \u00f4nibus, que seguia da Bahia para S\u00e3o Paulo, derrapou na pista, colidiu com uma mureta de concreto e, em seguida, bateu a traseira contra a carreta, que transportava latas de cerveja. Apesar da gravidade do acidente, as 48 pessoas que estavam no \u00f4nibus sa\u00edram ilesas.<\/p>\n\n\n\n<p class=\"wp-block-paragraph\">O motorista da carreta, de 47 anos, recebeu atendimento no local, mas recusou ser levado ao hospital.<\/p>\n\n\n\n<p class=\"wp-block-paragraph\">O Corpo de Bombeiros foi acionado para conter o derramamento de \u00f3leo na pista, causado pela colis\u00e3o, o que aumentava o risco de novos acidentes. Serragem foi espalhada no local para evitar deslizamentos.<\/p>\n\n\n\n<p class=\"wp-block-paragraph\">A rodovia permaneceu interditada por cerca de duas horas para a remo\u00e7\u00e3o dos ve\u00edculos e limpeza da via. Segundo a PRF, o tr\u00e2nsito foi normalizado ap\u00f3s a conclus\u00e3o dos trabalhos.<\/p>\n\n\n\n<p class=\"wp-block-paragraph\">Autoridades apontaram que a chuva pode ter contribu\u00eddo para o acidente e refor\u00e7aram o alerta para que motoristas redobrem a aten\u00e7\u00e3o ao trafegar por trechos molhados ou escorregadios.<\/p>\n\n\n\n<figure class=\"wp-block-gallery has-nested-images columns-default is-cropped wp-block-gallery-2 is-layout-flex wp-block-gallery-is-layout-flex\">\n<figure class=\"wp-block-image size-large\"><img loading=\"lazy\" decoding=\"async\" width=\"678\" height=\"414\" data-id=\"194836\" src=\"https:\/\/aconteceunovale.com.br\/portal\/wp-content\/uploads\/2025\/01\/acidente_fransico_sa_2.png\" alt=\"\" class=\"wp-image-194836\" srcset=\"https:\/\/aconteceunovale.com.br\/portal\/wp-content\/uploads\/2025\/01\/acidente_fransico_sa_2.png 678w, https:\/\/aconteceunovale.com.br\/portal\/wp-content\/uploads\/2025\/01\/acidente_fransico_sa_2-300x183.png 300w\" sizes=\"auto, (max-width: 678px) 100vw, 678px\" \/><figcaption class=\"wp-element-caption\"><em>Foto: Divulga\u00e7\u00e3o \/ Corpo de Bombeiros<\/em><\/figcaption><\/figure>\n<\/figure>\n","protected":false},"excerpt":{"rendered":"<p>Um acidente envolvendo um \u00f4nibus e uma carreta interditou completamente o tr\u00e2nsito na BR-251, no trecho de Serra, em Francisco S\u00e1, no Norte de Minas. O incidente ocorreu no km 474 e \u00e9 o sexto acidente com \u00f4nibus registrado em menos de um m\u00eas nas rodovias que cortam o estado. De acordo com informa\u00e7\u00f5es da [&hellip;]<\/p>\n","protected":false},"author":4,"featured_media":194835,"comment_status":"open","ping_status":"closed","sticky":false,"template":"","format":"standard","meta":{"amp_status":"","footnotes":""},"categories":[1236],"tags":[269101,25586,2034,269100,206350,209231,206349,1018,1395],"class_list":["post-194834","post","type-post","status-publish","format-standard","has-post-thumbnail","hentry","category-norte_de_minas","tag-acidente-com-onibus-da-rt-turismo","tag-acidente-com-onibus-que-seguia-da-bahia-para-sao-paulo","tag-acidente-em-francisco-sa","tag-acidente-entre-onibus-e-carreta-complica-transito-na-br-251","tag-acidente-na-br-251-2","tag-acidente-na-br-251-em-francisco-sa-2","tag-br-251-2","tag-destaque","tag-francisco-sa"],"yoast_head":"<!-- This site is optimized with the Yoast SEO plugin v28.3 - https:\/\/yoast.com\/product\/yoast-seo-wordpress\/ -->\n<title>Acidente entre \u00f4nibus e carreta complica tr\u00e2nsito na BR-251, em Francisco S\u00e1 - Aconteceu no Vale<\/title>\n<meta name=\"robots\" content=\"index, follow, max-snippet:-1, max-image-preview:large, max-video-preview:-1\" \/>\n<link rel=\"canonical\" href=\"https:\/\/aconteceunovale.com.br\/portal\/?p=194834\" \/>\n<meta property=\"og:locale\" content=\"pt_BR\" \/>\n<meta property=\"og:type\" content=\"article\" \/>\n<meta property=\"og:title\" content=\"Acidente entre \u00f4nibus e carreta complica tr\u00e2nsito na BR-251, em Francisco S\u00e1 - Aconteceu no Vale\" \/>\n<meta property=\"og:description\" content=\"Um acidente envolvendo um \u00f4nibus e uma carreta interditou completamente o tr\u00e2nsito na BR-251, no trecho de Serra, em Francisco S\u00e1, no Norte de Minas. O incidente ocorreu no km 474 e \u00e9 o sexto acidente com \u00f4nibus registrado em menos de um m\u00eas nas rodovias que cortam o estado. De acordo com informa\u00e7\u00f5es da [&hellip;]\" \/>\n<meta property=\"og:url\" content=\"https:\/\/aconteceunovale.com.br\/portal\/?p=194834\" \/>\n<meta property=\"og:site_name\" content=\"Aconteceu no Vale\" \/>\n<meta property=\"article:publisher\" content=\"https:\/\/www.facebook.com\/aconteceunovale\/\" \/>\n<meta property=\"article:published_time\" content=\"2025-01-08T10:49:00+00:00\" \/>\n<meta property=\"article:modified_time\" content=\"2025-01-08T21:02:51+00:00\" \/>\n<meta property=\"og:image\" content=\"https:\/\/aconteceunovale.com.br\/portal\/wp-content\/uploads\/2025\/01\/acidente_fransico_sa_1.png\" \/>\n\t<meta property=\"og:image:width\" content=\"678\" \/>\n\t<meta property=\"og:image:height\" content=\"424\" \/>\n\t<meta property=\"og:image:type\" content=\"image\/png\" \/>\n<meta name=\"author\" content=\"Reda\u00e7\u00e3o Aconteceu no Vale\" \/>\n<meta name=\"twitter:card\" content=\"summary_large_image\" \/>\n<meta name=\"twitter:creator\" content=\"@noticiadosvales\" \/>\n<meta name=\"twitter:site\" content=\"@noticiadosvales\" \/>\n<meta name=\"twitter:label1\" content=\"Escrito por\" \/>\n\t<meta name=\"twitter:data1\" content=\"Reda\u00e7\u00e3o Aconteceu no Vale\" \/>\n\t<meta name=\"twitter:label2\" content=\"Est. tempo de leitura\" \/>\n\t<meta name=\"twitter:data2\" content=\"1 minuto\" \/>\n<script type=\"application\/ld+json\" class=\"yoast-schema-graph\">{\"@context\":\"https:\\\/\\\/schema.org\",\"@graph\":[{\"@type\":\"Article\",\"@id\":\"https:\\\/\\\/aconteceunovale.com.br\\\/portal\\\/?p=194834#article\",\"isPartOf\":{\"@id\":\"https:\\\/\\\/aconteceunovale.com.br\\\/portal\\\/?p=194834\"},\"author\":{\"name\":\"Reda\u00e7\u00e3o Aconteceu no Vale\",\"@id\":\"https:\\\/\\\/aconteceunovale.com.br\\\/portal\\\/#\\\/schema\\\/person\\\/7d2f26d1483f8a63de73da1ee0754d35\"},\"headline\":\"Acidente entre \u00f4nibus e carreta complica tr\u00e2nsito na BR-251, em Francisco S\u00e1\",\"datePublished\":\"2025-01-08T10:49:00+00:00\",\"dateModified\":\"2025-01-08T21:02:51+00:00\",\"mainEntityOfPage\":{\"@id\":\"https:\\\/\\\/aconteceunovale.com.br\\\/portal\\\/?p=194834\"},\"wordCount\":250,\"commentCount\":0,\"image\":{\"@id\":\"https:\\\/\\\/aconteceunovale.com.br\\\/portal\\\/?p=194834#primaryimage\"},\"thumbnailUrl\":\"https:\\\/\\\/aconteceunovale.com.br\\\/portal\\\/wp-content\\\/uploads\\\/2025\\\/01\\\/acidente_fransico_sa_1.png\",\"keywords\":[\"Acidente com \u00f4nibus da RT Turismo\",\"acidente com \u00f4nibus que seguia da bahia para s\u00e3o paulo\",\"acidente em francisco s\u00e1\",\"Acidente entre \u00f4nibus e carreta complica tr\u00e2nsito na BR-251\",\"Acidente na BR-251\",\"Acidente na BR-251 em Francisco S\u00e1\",\"BR-251\",\"destaque\",\"francisco s\u00e1\"],\"articleSection\":[\"Norte de Minas\"],\"inLanguage\":\"pt-BR\",\"potentialAction\":[{\"@type\":\"CommentAction\",\"name\":\"Comment\",\"target\":[\"https:\\\/\\\/aconteceunovale.com.br\\\/portal\\\/?p=194834#respond\"]}]},{\"@type\":\"WebPage\",\"@id\":\"https:\\\/\\\/aconteceunovale.com.br\\\/portal\\\/?p=194834\",\"url\":\"https:\\\/\\\/aconteceunovale.com.br\\\/portal\\\/?p=194834\",\"name\":\"Acidente entre \u00f4nibus e carreta complica tr\u00e2nsito na BR-251, em Francisco S\u00e1 - Aconteceu no Vale\",\"isPartOf\":{\"@id\":\"https:\\\/\\\/aconteceunovale.com.br\\\/portal\\\/#website\"},\"primaryImageOfPage\":{\"@id\":\"https:\\\/\\\/aconteceunovale.com.br\\\/portal\\\/?p=194834#primaryimage\"},\"image\":{\"@id\":\"https:\\\/\\\/aconteceunovale.com.br\\\/portal\\\/?p=194834#primaryimage\"},\"thumbnailUrl\":\"https:\\\/\\\/aconteceunovale.com.br\\\/portal\\\/wp-content\\\/uploads\\\/2025\\\/01\\\/acidente_fransico_sa_1.png\",\"datePublished\":\"2025-01-08T10:49:00+00:00\",\"dateModified\":\"2025-01-08T21:02:51+00:00\",\"author\":{\"@id\":\"https:\\\/\\\/aconteceunovale.com.br\\\/portal\\\/#\\\/schema\\\/person\\\/7d2f26d1483f8a63de73da1ee0754d35\"},\"breadcrumb\":{\"@id\":\"https:\\\/\\\/aconteceunovale.com.br\\\/portal\\\/?p=194834#breadcrumb\"},\"inLanguage\":\"pt-BR\",\"potentialAction\":[{\"@type\":\"ReadAction\",\"target\":[\"https:\\\/\\\/aconteceunovale.com.br\\\/portal\\\/?p=194834\"]}]},{\"@type\":\"ImageObject\",\"inLanguage\":\"pt-BR\",\"@id\":\"https:\\\/\\\/aconteceunovale.com.br\\\/portal\\\/?p=194834#primaryimage\",\"url\":\"https:\\\/\\\/aconteceunovale.com.br\\\/portal\\\/wp-content\\\/uploads\\\/2025\\\/01\\\/acidente_fransico_sa_1.png\",\"contentUrl\":\"https:\\\/\\\/aconteceunovale.com.br\\\/portal\\\/wp-content\\\/uploads\\\/2025\\\/01\\\/acidente_fransico_sa_1.png\",\"width\":678,\"height\":424,\"caption\":\"Foto: Divulga\u00e7\u00e3o \\\/ Corpo de Bombeiros\"},{\"@type\":\"BreadcrumbList\",\"@id\":\"https:\\\/\\\/aconteceunovale.com.br\\\/portal\\\/?p=194834#breadcrumb\",\"itemListElement\":[{\"@type\":\"ListItem\",\"position\":1,\"name\":\"In\u00edcio\",\"item\":\"https:\\\/\\\/aconteceunovale.com.br\\\/portal\\\/\"},{\"@type\":\"ListItem\",\"position\":2,\"name\":\"Acidente entre \u00f4nibus e carreta complica tr\u00e2nsito na BR-251, em Francisco S\u00e1\"}]},{\"@type\":\"WebSite\",\"@id\":\"https:\\\/\\\/aconteceunovale.com.br\\\/portal\\\/#website\",\"url\":\"https:\\\/\\\/aconteceunovale.com.br\\\/portal\\\/\",\"name\":\"Aconteceu no Vale\",\"description\":\"Portal de Not\u00edcias\",\"potentialAction\":[{\"@type\":\"SearchAction\",\"target\":{\"@type\":\"EntryPoint\",\"urlTemplate\":\"https:\\\/\\\/aconteceunovale.com.br\\\/portal\\\/?s={search_term_string}\"},\"query-input\":{\"@type\":\"PropertyValueSpecification\",\"valueRequired\":true,\"valueName\":\"search_term_string\"}}],\"inLanguage\":\"pt-BR\"},{\"@type\":\"Person\",\"@id\":\"https:\\\/\\\/aconteceunovale.com.br\\\/portal\\\/#\\\/schema\\\/person\\\/7d2f26d1483f8a63de73da1ee0754d35\",\"name\":\"Reda\u00e7\u00e3o Aconteceu no Vale\",\"description\":\"Equipe de reportagem do Aconteceu no Vale, portal de not\u00edcias do Vale do Jequitinhonha, em Minas Gerais. Cobrimos as 51 cidades do Vale desde 2013. Sugest\u00f5es de pauta e pedidos de corre\u00e7\u00e3o: contato@aconteceunovale.com.br\",\"url\":\"https:\\\/\\\/aconteceunovale.com.br\\\/portal\\\/?author=4\"}]}<\/script>\n<!-- \/ Yoast SEO plugin. -->","yoast_head_json":{"title":"Acidente entre \u00f4nibus e carreta complica tr\u00e2nsito na BR-251, em Francisco S\u00e1 - Aconteceu no Vale","robots":{"index":"index","follow":"follow","max-snippet":"max-snippet:-1","max-image-preview":"max-image-preview:large","max-video-preview":"max-video-preview:-1"},"canonical":"https:\/\/aconteceunovale.com.br\/portal\/?p=194834","og_locale":"pt_BR","og_type":"article","og_title":"Acidente entre \u00f4nibus e carreta complica tr\u00e2nsito na BR-251, em Francisco S\u00e1 - Aconteceu no Vale","og_description":"Um acidente envolvendo um \u00f4nibus e uma carreta interditou completamente o tr\u00e2nsito na BR-251, no trecho de Serra, em Francisco S\u00e1, no Norte de Minas. O incidente ocorreu no km 474 e \u00e9 o sexto acidente com \u00f4nibus registrado em menos de um m\u00eas nas rodovias que cortam o estado. De acordo com informa\u00e7\u00f5es da [&hellip;]","og_url":"https:\/\/aconteceunovale.com.br\/portal\/?p=194834","og_site_name":"Aconteceu no Vale","article_publisher":"https:\/\/www.facebook.com\/aconteceunovale\/","article_published_time":"2025-01-08T10:49:00+00:00","article_modified_time":"2025-01-08T21:02:51+00:00","og_image":[{"width":678,"height":424,"url":"https:\/\/aconteceunovale.com.br\/portal\/wp-content\/uploads\/2025\/01\/acidente_fransico_sa_1.png","type":"image\/png"}],"author":"Reda\u00e7\u00e3o Aconteceu no Vale","twitter_card":"summary_large_image","twitter_creator":"@noticiadosvales","twitter_site":"@noticiadosvales","twitter_misc":{"Escrito por":"Reda\u00e7\u00e3o Aconteceu no Vale","Est. tempo de leitura":"1 minuto"},"schema":{"@context":"https:\/\/schema.org","@graph":[{"@type":"Article","@id":"https:\/\/aconteceunovale.com.br\/portal\/?p=194834#article","isPartOf":{"@id":"https:\/\/aconteceunovale.com.br\/portal\/?p=194834"},"author":{"name":"Reda\u00e7\u00e3o Aconteceu no Vale","@id":"https:\/\/aconteceunovale.com.br\/portal\/#\/schema\/person\/7d2f26d1483f8a63de73da1ee0754d35"},"headline":"Acidente entre \u00f4nibus e carreta complica tr\u00e2nsito na BR-251, em Francisco S\u00e1","datePublished":"2025-01-08T10:49:00+00:00","dateModified":"2025-01-08T21:02:51+00:00","mainEntityOfPage":{"@id":"https:\/\/aconteceunovale.com.br\/portal\/?p=194834"},"wordCount":250,"commentCount":0,"image":{"@id":"https:\/\/aconteceunovale.com.br\/portal\/?p=194834#primaryimage"},"thumbnailUrl":"https:\/\/aconteceunovale.com.br\/portal\/wp-content\/uploads\/2025\/01\/acidente_fransico_sa_1.png","keywords":["Acidente com \u00f4nibus da RT Turismo","acidente com \u00f4nibus que seguia da bahia para s\u00e3o paulo","acidente em francisco s\u00e1","Acidente entre \u00f4nibus e carreta complica tr\u00e2nsito na BR-251","Acidente na BR-251","Acidente na BR-251 em Francisco S\u00e1","BR-251","destaque","francisco s\u00e1"],"articleSection":["Norte de Minas"],"inLanguage":"pt-BR","potentialAction":[{"@type":"CommentAction","name":"Comment","target":["https:\/\/aconteceunovale.com.br\/portal\/?p=194834#respond"]}]},{"@type":"WebPage","@id":"https:\/\/aconteceunovale.com.br\/portal\/?p=194834","url":"https:\/\/aconteceunovale.com.br\/portal\/?p=194834","name":"Acidente entre \u00f4nibus e carreta complica tr\u00e2nsito na BR-251, em Francisco S\u00e1 - Aconteceu no Vale","isPartOf":{"@id":"https:\/\/aconteceunovale.com.br\/portal\/#website"},"primaryImageOfPage":{"@id":"https:\/\/aconteceunovale.com.br\/portal\/?p=194834#primaryimage"},"image":{"@id":"https:\/\/aconteceunovale.com.br\/portal\/?p=194834#primaryimage"},"thumbnailUrl":"https:\/\/aconteceunovale.com.br\/portal\/wp-content\/uploads\/2025\/01\/acidente_fransico_sa_1.png","datePublished":"2025-01-08T10:49:00+00:00","dateModified":"2025-01-08T21:02:51+00:00","author":{"@id":"https:\/\/aconteceunovale.com.br\/portal\/#\/schema\/person\/7d2f26d1483f8a63de73da1ee0754d35"},"breadcrumb":{"@id":"https:\/\/aconteceunovale.com.br\/portal\/?p=194834#breadcrumb"},"inLanguage":"pt-BR","potentialAction":[{"@type":"ReadAction","target":["https:\/\/aconteceunovale.com.br\/portal\/?p=194834"]}]},{"@type":"ImageObject","inLanguage":"pt-BR","@id":"https:\/\/aconteceunovale.com.br\/portal\/?p=194834#primaryimage","url":"https:\/\/aconteceunovale.com.br\/portal\/wp-content\/uploads\/2025\/01\/acidente_fransico_sa_1.png","contentUrl":"https:\/\/aconteceunovale.com.br\/portal\/wp-content\/uploads\/2025\/01\/acidente_fransico_sa_1.png","width":678,"height":424,"caption":"Foto: Divulga\u00e7\u00e3o \/ Corpo de Bombeiros"},{"@type":"BreadcrumbList","@id":"https:\/\/aconteceunovale.com.br\/portal\/?p=194834#breadcrumb","itemListElement":[{"@type":"ListItem","position":1,"name":"In\u00edcio","item":"https:\/\/aconteceunovale.com.br\/portal\/"},{"@type":"ListItem","position":2,"name":"Acidente entre \u00f4nibus e carreta complica tr\u00e2nsito na BR-251, em Francisco S\u00e1"}]},{"@type":"WebSite","@id":"https:\/\/aconteceunovale.com.br\/portal\/#website","url":"https:\/\/aconteceunovale.com.br\/portal\/","name":"Aconteceu no Vale","description":"Portal de Not\u00edcias","potentialAction":[{"@type":"SearchAction","target":{"@type":"EntryPoint","urlTemplate":"https:\/\/aconteceunovale.com.br\/portal\/?s={search_term_string}"},"query-input":{"@type":"PropertyValueSpecification","valueRequired":true,"valueName":"search_term_string"}}],"inLanguage":"pt-BR"},{"@type":"Person","@id":"https:\/\/aconteceunovale.com.br\/portal\/#\/schema\/person\/7d2f26d1483f8a63de73da1ee0754d35","name":"Reda\u00e7\u00e3o Aconteceu no Vale","description":"Equipe de reportagem do Aconteceu no Vale, portal de not\u00edcias do Vale do Jequitinhonha, em Minas Gerais. Cobrimos as 51 cidades do Vale desde 2013. Sugest\u00f5es de pauta e pedidos de corre\u00e7\u00e3o: contato@aconteceunovale.com.br","url":"https:\/\/aconteceunovale.com.br\/portal\/?author=4"}]}},"_links":{"self":[{"href":"https:\/\/aconteceunovale.com.br\/portal\/index.php?rest_route=\/wp\/v2\/posts\/194834","targetHints":{"allow":["GET"]}}],"collection":[{"href":"https:\/\/aconteceunovale.com.br\/portal\/index.php?rest_route=\/wp\/v2\/posts"}],"about":[{"href":"https:\/\/aconteceunovale.com.br\/portal\/index.php?rest_route=\/wp\/v2\/types\/post"}],"author":[{"embeddable":true,"href":"https:\/\/aconteceunovale.com.br\/portal\/index.php?rest_route=\/wp\/v2\/users\/4"}],"replies":[{"embeddable":true,"href":"https:\/\/aconteceunovale.com.br\/portal\/index.php?rest_route=%2Fwp%2Fv2%2Fcomments&post=194834"}],"version-history":[{"count":1,"href":"https:\/\/aconteceunovale.com.br\/portal\/index.php?rest_route=\/wp\/v2\/posts\/194834\/revisions"}],"predecessor-version":[{"id":194837,"href":"https:\/\/aconteceunovale.com.br\/portal\/index.php?rest_route=\/wp\/v2\/posts\/194834\/revisions\/194837"}],"wp:featuredmedia":[{"embeddable":true,"href":"https:\/\/aconteceunovale.com.br\/portal\/index.php?rest_route=\/wp\/v2\/media\/194835"}],"wp:attachment":[{"href":"https:\/\/aconteceunovale.com.br\/portal\/index.php?rest_route=%2Fwp%2Fv2%2Fmedia&parent=194834"}],"wp:term":[{"taxonomy":"category","embeddable":true,"href":"https:\/\/aconteceunovale.com.br\/portal\/index.php?rest_route=%2Fwp%2Fv2%2Fcategories&post=194834"},{"taxonomy":"post_tag","embeddable":true,"href":"https:\/\/aconteceunovale.com.br\/portal\/index.php?rest_route=%2Fwp%2Fv2%2Ftags&post=194834"}],"curies":[{"name":"wp","href":"https:\/\/api.w.org\/{rel}","templated":true}]}}