{"id":194820,"date":"2025-01-08T16:42:05","date_gmt":"2025-01-08T19:42:05","guid":{"rendered":"https:\/\/aconteceunovale.com.br\/portal\/?p=194820"},"modified":"2025-01-08T16:43:07","modified_gmt":"2025-01-08T19:43:07","slug":"thiago-maia-e-nomeado-secretario-executivo-do-cimams-para-o-bienio-2025-2026","status":"publish","type":"post","link":"https:\/\/aconteceunovale.com.br\/portal\/?p=194820","title":{"rendered":"Thiago Maia \u00e9 nomeado secret\u00e1rio executivo do CIMAMS para o bi\u00eanio 2025\/2026"},"content":{"rendered":"\n<p class=\"wp-block-paragraph\">O Cons\u00f3rcio Intermunicipal Multifinalit\u00e1rio da \u00c1rea Mineira da Sudene (CIMAMS) anunciou, na \u00faltima segunda-feira (6), a nomea\u00e7\u00e3o de Thiago Maia Lacerda como secret\u00e1rio executivo da entidade regional para o bi\u00eanio 2025\/2026. A decis\u00e3o foi comunicada pelo novo presidente do cons\u00f3rcio, Adaildo Rocha, prefeito de Curral de Dentro, durante a elei\u00e7\u00e3o do Conselho Diretor e do Conselho Fiscal.<\/p>\n\n\n\n<figure class=\"wp-block-gallery has-nested-images columns-default is-cropped wp-block-gallery-1 is-layout-flex wp-block-gallery-is-layout-flex\">\n<figure class=\"wp-block-image size-large\"><img loading=\"lazy\" decoding=\"async\" width=\"645\" height=\"450\" data-id=\"194821\" src=\"https:\/\/aconteceunovale.com.br\/portal\/wp-content\/uploads\/2025\/01\/thiago_maia_1.jpeg\" alt=\"\" class=\"wp-image-194821\" srcset=\"https:\/\/aconteceunovale.com.br\/portal\/wp-content\/uploads\/2025\/01\/thiago_maia_1.jpeg 645w, https:\/\/aconteceunovale.com.br\/portal\/wp-content\/uploads\/2025\/01\/thiago_maia_1-300x209.jpeg 300w, https:\/\/aconteceunovale.com.br\/portal\/wp-content\/uploads\/2025\/01\/thiago_maia_1-100x70.jpeg 100w, https:\/\/aconteceunovale.com.br\/portal\/wp-content\/uploads\/2025\/01\/thiago_maia_1-602x420.jpeg 602w\" sizes=\"auto, (max-width: 645px) 100vw, 645px\" \/><figcaption class=\"wp-element-caption\"><em>Foto: Divulga\u00e7\u00e3o \/ CIMAMS<\/em><\/figcaption><\/figure>\n<\/figure>\n\n\n\n<p class=\"wp-block-paragraph\">Ao apresentar Thiago Maia, Adaildo Rocha destacou o compromisso e a experi\u00eancia do novo secret\u00e1rio com o municipalismo. \u201c\u00c9 um grande prazer apresentar Thiago Maia a este cargo, onde tem mostrado ao longo dos \u00faltimos anos o seu comprometimento com o municipalismo, ajudando na interlocu\u00e7\u00e3o pol\u00edtica em todas as esferas. N\u00f3s precisamos de Thiago para continuar fortalecendo a entidade, principalmente para que ela possibilite pol\u00edticas p\u00fablicas regionais que favore\u00e7am os nossos munic\u00edpios consorciados, no atendimento \u00e0s suas demandas\u201d, afirmou o presidente.<\/p>\n\n\n\n<h3 class=\"wp-block-heading\">Continuidade e Compromisso<\/h3>\n\n\n\n<p class=\"wp-block-paragraph\">Empossado oficialmente, Thiago Maia agradeceu ao ex-presidente do CIMAMS, Valmir Morais, pela oportunidade de ter atuado em sua gest\u00e3o, onde adquiriu grande aprendizado. Ele tamb\u00e9m reafirmou seu compromisso com o novo presidente e com a continuidade dos trabalhos j\u00e1 iniciados pela entidade.<\/p>\n\n\n\n<p class=\"wp-block-paragraph\">\u201cSabemos da import\u00e2ncia que o CIMAMS tem para a regi\u00e3o, atrav\u00e9s dos servi\u00e7os ofertados, buscando sempre baratear os produtos utilizados pelas prefeituras por meio das licita\u00e7\u00f5es e dos outros departamentos que o cons\u00f3rcio tem para oferecer\u201d, destacou o secret\u00e1rio executivo.<\/p>\n\n\n\n<h3 class=\"wp-block-heading\">Trajet\u00f3ria de Thiago Maia<\/h3>\n\n\n\n<p class=\"wp-block-paragraph\">Natural de Montes Claros, Thiago Maia Lacerda \u00e9 formado em Zootecnia pela Universidade Estadual de Montes Claros (Unimontes). Ele tem uma ampla experi\u00eancia no setor p\u00fablico e privado, tendo atuado na Companhia Energ\u00e9tica de Minas Gerais (Cemig) e ocupado cargos administrativos em diferentes prefeituras.<\/p>\n\n\n\n<p class=\"wp-block-paragraph\">Entre 2013 e 2016, foi gerente de administra\u00e7\u00e3o da Prefeitura de Mirabela, na gest\u00e3o do ex-prefeito Carl\u00facio Mendes Leite. Posteriormente, ocupou o cargo de chefe de gabinete da Prefeitura de Patis entre 2017 e 2023. Em 2023, foi convidado pelo ent\u00e3o presidente do CIMAMS, Valmir Morais de S\u00e1, para assumir a secretaria executiva, onde desempenhou um papel importante na gest\u00e3o 2023\/2024.<\/p>\n\n\n\n<h3 class=\"wp-block-heading\">Sobre o CIMAMS<\/h3>\n\n\n\n<p class=\"wp-block-paragraph\">O CIMAMS \u00e9 uma entidade regional que re\u00fane munic\u00edpios da \u00e1rea mineira da Sudene, com o objetivo de promover pol\u00edticas p\u00fablicas integradas, fortalecer a gest\u00e3o municipal e oferecer servi\u00e7os que atendam \u00e0s demandas das prefeituras consorciadas. Entre suas principais atividades est\u00e3o a realiza\u00e7\u00e3o de licita\u00e7\u00f5es conjuntas e a busca por solu\u00e7\u00f5es que reduzam custos para os munic\u00edpios, promovendo o desenvolvimento regional.<\/p>\n\n\n\n<p class=\"wp-block-paragraph\">A nomea\u00e7\u00e3o de Thiago Maia refor\u00e7a o compromisso do cons\u00f3rcio com a continuidade de uma gest\u00e3o eficiente e voltada para o fortalecimento das cidades da regi\u00e3o.<\/p>\n","protected":false},"excerpt":{"rendered":"<p>O Cons\u00f3rcio Intermunicipal Multifinalit\u00e1rio da \u00c1rea Mineira da Sudene (CIMAMS) anunciou, na \u00faltima segunda-feira (6), a nomea\u00e7\u00e3o de Thiago Maia Lacerda como secret\u00e1rio executivo da entidade regional para o bi\u00eanio 2025\/2026. A decis\u00e3o foi comunicada pelo novo presidente do cons\u00f3rcio, Adaildo Rocha, prefeito de Curral de Dentro, durante a elei\u00e7\u00e3o do Conselho Diretor e do [&hellip;]<\/p>\n","protected":false},"author":4,"featured_media":194821,"comment_status":"open","ping_status":"closed","sticky":false,"template":"","format":"standard","meta":{"amp_status":"","footnotes":""},"categories":[1236,40240],"tags":[269089,165019,165020,269087,269088,269090,269086,269085,269091],"class_list":["post-194820","post","type-post","status-publish","format-standard","has-post-thumbnail","hentry","category-norte_de_minas","category-politica","tag-adaildo-rocha","tag-cimams","tag-consorcio-intermunicipal-multifinalitario-da-area-mineira-da-sudene","tag-eleicao-cimams","tag-nova-direcao-cimams","tag-prefeito-de-curral-de-dentro","tag-thiago-maia-cimams","tag-thiago-maia-e-nomeado-secretario-executivo-do-cimams-para-o-bienio-2025-2026","tag-valmir-morais"],"yoast_head":"<!-- This site is optimized with the Yoast SEO plugin v28.3 - https:\/\/yoast.com\/product\/yoast-seo-wordpress\/ -->\n<title>Thiago Maia \u00e9 nomeado secret\u00e1rio executivo do CIMAMS para o bi\u00eanio 2025\/2026 - Aconteceu no Vale<\/title>\n<meta name=\"robots\" content=\"index, follow, max-snippet:-1, max-image-preview:large, max-video-preview:-1\" \/>\n<link rel=\"canonical\" href=\"https:\/\/aconteceunovale.com.br\/portal\/?p=194820\" \/>\n<meta property=\"og:locale\" content=\"pt_BR\" \/>\n<meta property=\"og:type\" content=\"article\" \/>\n<meta property=\"og:title\" content=\"Thiago Maia \u00e9 nomeado secret\u00e1rio executivo do CIMAMS para o bi\u00eanio 2025\/2026 - Aconteceu no Vale\" \/>\n<meta property=\"og:description\" content=\"O Cons\u00f3rcio Intermunicipal Multifinalit\u00e1rio da \u00c1rea Mineira da Sudene (CIMAMS) anunciou, na \u00faltima segunda-feira (6), a nomea\u00e7\u00e3o de Thiago Maia Lacerda como secret\u00e1rio executivo da entidade regional para o bi\u00eanio 2025\/2026. A decis\u00e3o foi comunicada pelo novo presidente do cons\u00f3rcio, Adaildo Rocha, prefeito de Curral de Dentro, durante a elei\u00e7\u00e3o do Conselho Diretor e do [&hellip;]\" \/>\n<meta property=\"og:url\" content=\"https:\/\/aconteceunovale.com.br\/portal\/?p=194820\" \/>\n<meta property=\"og:site_name\" content=\"Aconteceu no Vale\" \/>\n<meta property=\"article:publisher\" content=\"https:\/\/www.facebook.com\/aconteceunovale\/\" \/>\n<meta property=\"article:published_time\" content=\"2025-01-08T19:42:05+00:00\" \/>\n<meta property=\"article:modified_time\" content=\"2025-01-08T19:43:07+00:00\" \/>\n<meta property=\"og:image\" content=\"https:\/\/aconteceunovale.com.br\/portal\/wp-content\/uploads\/2025\/01\/thiago_maia_1.jpeg\" \/>\n\t<meta property=\"og:image:width\" content=\"645\" \/>\n\t<meta property=\"og:image:height\" content=\"450\" \/>\n\t<meta property=\"og:image:type\" content=\"image\/jpeg\" \/>\n<meta name=\"author\" content=\"Reda\u00e7\u00e3o Aconteceu no Vale\" \/>\n<meta name=\"twitter:card\" content=\"summary_large_image\" \/>\n<meta name=\"twitter:creator\" content=\"@noticiadosvales\" \/>\n<meta name=\"twitter:site\" content=\"@noticiadosvales\" \/>\n<meta name=\"twitter:label1\" content=\"Escrito por\" \/>\n\t<meta name=\"twitter:data1\" content=\"Reda\u00e7\u00e3o Aconteceu no Vale\" \/>\n\t<meta name=\"twitter:label2\" content=\"Est. tempo de leitura\" \/>\n\t<meta name=\"twitter:data2\" content=\"2 minutos\" \/>\n<script type=\"application\/ld+json\" class=\"yoast-schema-graph\">{\"@context\":\"https:\\\/\\\/schema.org\",\"@graph\":[{\"@type\":\"Article\",\"@id\":\"https:\\\/\\\/aconteceunovale.com.br\\\/portal\\\/?p=194820#article\",\"isPartOf\":{\"@id\":\"https:\\\/\\\/aconteceunovale.com.br\\\/portal\\\/?p=194820\"},\"author\":{\"name\":\"Reda\u00e7\u00e3o Aconteceu no Vale\",\"@id\":\"https:\\\/\\\/aconteceunovale.com.br\\\/portal\\\/#\\\/schema\\\/person\\\/7d2f26d1483f8a63de73da1ee0754d35\"},\"headline\":\"Thiago Maia \u00e9 nomeado secret\u00e1rio executivo do CIMAMS para o bi\u00eanio 2025\\\/2026\",\"datePublished\":\"2025-01-08T19:42:05+00:00\",\"dateModified\":\"2025-01-08T19:43:07+00:00\",\"mainEntityOfPage\":{\"@id\":\"https:\\\/\\\/aconteceunovale.com.br\\\/portal\\\/?p=194820\"},\"wordCount\":478,\"commentCount\":0,\"image\":{\"@id\":\"https:\\\/\\\/aconteceunovale.com.br\\\/portal\\\/?p=194820#primaryimage\"},\"thumbnailUrl\":\"https:\\\/\\\/aconteceunovale.com.br\\\/portal\\\/wp-content\\\/uploads\\\/2025\\\/01\\\/thiago_maia_1.jpeg\",\"keywords\":[\"Adaildo Rocha\",\"Cimams\",\"Cons\u00f3rcio Intermunicipal Multifinalit\u00e1rio da \u00c1rea Mineira da Sudene\",\"Elei\u00e7\u00e3o CIMAMS\",\"Nova dire\u00e7\u00e3o CIMAMS\",\"Prefeito de Curral de Dentro\",\"Thiago Maia CIMAMS\",\"Thiago Maia \u00e9 nomeado secret\u00e1rio executivo do CIMAMS para o bi\u00eanio 2025\\\/2026\",\"Valmir Morais\"],\"articleSection\":[\"Norte de Minas\",\"Pol\u00edtica\"],\"inLanguage\":\"pt-BR\",\"potentialAction\":[{\"@type\":\"CommentAction\",\"name\":\"Comment\",\"target\":[\"https:\\\/\\\/aconteceunovale.com.br\\\/portal\\\/?p=194820#respond\"]}]},{\"@type\":\"WebPage\",\"@id\":\"https:\\\/\\\/aconteceunovale.com.br\\\/portal\\\/?p=194820\",\"url\":\"https:\\\/\\\/aconteceunovale.com.br\\\/portal\\\/?p=194820\",\"name\":\"Thiago Maia \u00e9 nomeado secret\u00e1rio executivo do CIMAMS para o bi\u00eanio 2025\\\/2026 - Aconteceu no Vale\",\"isPartOf\":{\"@id\":\"https:\\\/\\\/aconteceunovale.com.br\\\/portal\\\/#website\"},\"primaryImageOfPage\":{\"@id\":\"https:\\\/\\\/aconteceunovale.com.br\\\/portal\\\/?p=194820#primaryimage\"},\"image\":{\"@id\":\"https:\\\/\\\/aconteceunovale.com.br\\\/portal\\\/?p=194820#primaryimage\"},\"thumbnailUrl\":\"https:\\\/\\\/aconteceunovale.com.br\\\/portal\\\/wp-content\\\/uploads\\\/2025\\\/01\\\/thiago_maia_1.jpeg\",\"datePublished\":\"2025-01-08T19:42:05+00:00\",\"dateModified\":\"2025-01-08T19:43:07+00:00\",\"author\":{\"@id\":\"https:\\\/\\\/aconteceunovale.com.br\\\/portal\\\/#\\\/schema\\\/person\\\/7d2f26d1483f8a63de73da1ee0754d35\"},\"breadcrumb\":{\"@id\":\"https:\\\/\\\/aconteceunovale.com.br\\\/portal\\\/?p=194820#breadcrumb\"},\"inLanguage\":\"pt-BR\",\"potentialAction\":[{\"@type\":\"ReadAction\",\"target\":[\"https:\\\/\\\/aconteceunovale.com.br\\\/portal\\\/?p=194820\"]}]},{\"@type\":\"ImageObject\",\"inLanguage\":\"pt-BR\",\"@id\":\"https:\\\/\\\/aconteceunovale.com.br\\\/portal\\\/?p=194820#primaryimage\",\"url\":\"https:\\\/\\\/aconteceunovale.com.br\\\/portal\\\/wp-content\\\/uploads\\\/2025\\\/01\\\/thiago_maia_1.jpeg\",\"contentUrl\":\"https:\\\/\\\/aconteceunovale.com.br\\\/portal\\\/wp-content\\\/uploads\\\/2025\\\/01\\\/thiago_maia_1.jpeg\",\"width\":645,\"height\":450,\"caption\":\"Foto: Divulga\u00e7\u00e3o \\\/ CIMAMS\"},{\"@type\":\"BreadcrumbList\",\"@id\":\"https:\\\/\\\/aconteceunovale.com.br\\\/portal\\\/?p=194820#breadcrumb\",\"itemListElement\":[{\"@type\":\"ListItem\",\"position\":1,\"name\":\"In\u00edcio\",\"item\":\"https:\\\/\\\/aconteceunovale.com.br\\\/portal\\\/\"},{\"@type\":\"ListItem\",\"position\":2,\"name\":\"Thiago Maia \u00e9 nomeado secret\u00e1rio executivo do CIMAMS para o bi\u00eanio 2025\\\/2026\"}]},{\"@type\":\"WebSite\",\"@id\":\"https:\\\/\\\/aconteceunovale.com.br\\\/portal\\\/#website\",\"url\":\"https:\\\/\\\/aconteceunovale.com.br\\\/portal\\\/\",\"name\":\"Aconteceu no Vale\",\"description\":\"Portal de Not\u00edcias\",\"potentialAction\":[{\"@type\":\"SearchAction\",\"target\":{\"@type\":\"EntryPoint\",\"urlTemplate\":\"https:\\\/\\\/aconteceunovale.com.br\\\/portal\\\/?s={search_term_string}\"},\"query-input\":{\"@type\":\"PropertyValueSpecification\",\"valueRequired\":true,\"valueName\":\"search_term_string\"}}],\"inLanguage\":\"pt-BR\"},{\"@type\":\"Person\",\"@id\":\"https:\\\/\\\/aconteceunovale.com.br\\\/portal\\\/#\\\/schema\\\/person\\\/7d2f26d1483f8a63de73da1ee0754d35\",\"name\":\"Reda\u00e7\u00e3o Aconteceu no Vale\",\"description\":\"Equipe de reportagem do Aconteceu no Vale, portal de not\u00edcias do Vale do Jequitinhonha, em Minas Gerais. Cobrimos as 51 cidades do Vale desde 2013. Sugest\u00f5es de pauta e pedidos de corre\u00e7\u00e3o: contato@aconteceunovale.com.br\",\"url\":\"https:\\\/\\\/aconteceunovale.com.br\\\/portal\\\/?author=4\"}]}<\/script>\n<!-- \/ Yoast SEO plugin. -->","yoast_head_json":{"title":"Thiago Maia \u00e9 nomeado secret\u00e1rio executivo do CIMAMS para o bi\u00eanio 2025\/2026 - Aconteceu no Vale","robots":{"index":"index","follow":"follow","max-snippet":"max-snippet:-1","max-image-preview":"max-image-preview:large","max-video-preview":"max-video-preview:-1"},"canonical":"https:\/\/aconteceunovale.com.br\/portal\/?p=194820","og_locale":"pt_BR","og_type":"article","og_title":"Thiago Maia \u00e9 nomeado secret\u00e1rio executivo do CIMAMS para o bi\u00eanio 2025\/2026 - Aconteceu no Vale","og_description":"O Cons\u00f3rcio Intermunicipal Multifinalit\u00e1rio da \u00c1rea Mineira da Sudene (CIMAMS) anunciou, na \u00faltima segunda-feira (6), a nomea\u00e7\u00e3o de Thiago Maia Lacerda como secret\u00e1rio executivo da entidade regional para o bi\u00eanio 2025\/2026. A decis\u00e3o foi comunicada pelo novo presidente do cons\u00f3rcio, Adaildo Rocha, prefeito de Curral de Dentro, durante a elei\u00e7\u00e3o do Conselho Diretor e do [&hellip;]","og_url":"https:\/\/aconteceunovale.com.br\/portal\/?p=194820","og_site_name":"Aconteceu no Vale","article_publisher":"https:\/\/www.facebook.com\/aconteceunovale\/","article_published_time":"2025-01-08T19:42:05+00:00","article_modified_time":"2025-01-08T19:43:07+00:00","og_image":[{"width":645,"height":450,"url":"https:\/\/aconteceunovale.com.br\/portal\/wp-content\/uploads\/2025\/01\/thiago_maia_1.jpeg","type":"image\/jpeg"}],"author":"Reda\u00e7\u00e3o Aconteceu no Vale","twitter_card":"summary_large_image","twitter_creator":"@noticiadosvales","twitter_site":"@noticiadosvales","twitter_misc":{"Escrito por":"Reda\u00e7\u00e3o Aconteceu no Vale","Est. tempo de leitura":"2 minutos"},"schema":{"@context":"https:\/\/schema.org","@graph":[{"@type":"Article","@id":"https:\/\/aconteceunovale.com.br\/portal\/?p=194820#article","isPartOf":{"@id":"https:\/\/aconteceunovale.com.br\/portal\/?p=194820"},"author":{"name":"Reda\u00e7\u00e3o Aconteceu no Vale","@id":"https:\/\/aconteceunovale.com.br\/portal\/#\/schema\/person\/7d2f26d1483f8a63de73da1ee0754d35"},"headline":"Thiago Maia \u00e9 nomeado secret\u00e1rio executivo do CIMAMS para o bi\u00eanio 2025\/2026","datePublished":"2025-01-08T19:42:05+00:00","dateModified":"2025-01-08T19:43:07+00:00","mainEntityOfPage":{"@id":"https:\/\/aconteceunovale.com.br\/portal\/?p=194820"},"wordCount":478,"commentCount":0,"image":{"@id":"https:\/\/aconteceunovale.com.br\/portal\/?p=194820#primaryimage"},"thumbnailUrl":"https:\/\/aconteceunovale.com.br\/portal\/wp-content\/uploads\/2025\/01\/thiago_maia_1.jpeg","keywords":["Adaildo Rocha","Cimams","Cons\u00f3rcio Intermunicipal Multifinalit\u00e1rio da \u00c1rea Mineira da Sudene","Elei\u00e7\u00e3o CIMAMS","Nova dire\u00e7\u00e3o CIMAMS","Prefeito de Curral de Dentro","Thiago Maia CIMAMS","Thiago Maia \u00e9 nomeado secret\u00e1rio executivo do CIMAMS para o bi\u00eanio 2025\/2026","Valmir Morais"],"articleSection":["Norte de Minas","Pol\u00edtica"],"inLanguage":"pt-BR","potentialAction":[{"@type":"CommentAction","name":"Comment","target":["https:\/\/aconteceunovale.com.br\/portal\/?p=194820#respond"]}]},{"@type":"WebPage","@id":"https:\/\/aconteceunovale.com.br\/portal\/?p=194820","url":"https:\/\/aconteceunovale.com.br\/portal\/?p=194820","name":"Thiago Maia \u00e9 nomeado secret\u00e1rio executivo do CIMAMS para o bi\u00eanio 2025\/2026 - Aconteceu no Vale","isPartOf":{"@id":"https:\/\/aconteceunovale.com.br\/portal\/#website"},"primaryImageOfPage":{"@id":"https:\/\/aconteceunovale.com.br\/portal\/?p=194820#primaryimage"},"image":{"@id":"https:\/\/aconteceunovale.com.br\/portal\/?p=194820#primaryimage"},"thumbnailUrl":"https:\/\/aconteceunovale.com.br\/portal\/wp-content\/uploads\/2025\/01\/thiago_maia_1.jpeg","datePublished":"2025-01-08T19:42:05+00:00","dateModified":"2025-01-08T19:43:07+00:00","author":{"@id":"https:\/\/aconteceunovale.com.br\/portal\/#\/schema\/person\/7d2f26d1483f8a63de73da1ee0754d35"},"breadcrumb":{"@id":"https:\/\/aconteceunovale.com.br\/portal\/?p=194820#breadcrumb"},"inLanguage":"pt-BR","potentialAction":[{"@type":"ReadAction","target":["https:\/\/aconteceunovale.com.br\/portal\/?p=194820"]}]},{"@type":"ImageObject","inLanguage":"pt-BR","@id":"https:\/\/aconteceunovale.com.br\/portal\/?p=194820#primaryimage","url":"https:\/\/aconteceunovale.com.br\/portal\/wp-content\/uploads\/2025\/01\/thiago_maia_1.jpeg","contentUrl":"https:\/\/aconteceunovale.com.br\/portal\/wp-content\/uploads\/2025\/01\/thiago_maia_1.jpeg","width":645,"height":450,"caption":"Foto: Divulga\u00e7\u00e3o \/ CIMAMS"},{"@type":"BreadcrumbList","@id":"https:\/\/aconteceunovale.com.br\/portal\/?p=194820#breadcrumb","itemListElement":[{"@type":"ListItem","position":1,"name":"In\u00edcio","item":"https:\/\/aconteceunovale.com.br\/portal\/"},{"@type":"ListItem","position":2,"name":"Thiago Maia \u00e9 nomeado secret\u00e1rio executivo do CIMAMS para o bi\u00eanio 2025\/2026"}]},{"@type":"WebSite","@id":"https:\/\/aconteceunovale.com.br\/portal\/#website","url":"https:\/\/aconteceunovale.com.br\/portal\/","name":"Aconteceu no Vale","description":"Portal de Not\u00edcias","potentialAction":[{"@type":"SearchAction","target":{"@type":"EntryPoint","urlTemplate":"https:\/\/aconteceunovale.com.br\/portal\/?s={search_term_string}"},"query-input":{"@type":"PropertyValueSpecification","valueRequired":true,"valueName":"search_term_string"}}],"inLanguage":"pt-BR"},{"@type":"Person","@id":"https:\/\/aconteceunovale.com.br\/portal\/#\/schema\/person\/7d2f26d1483f8a63de73da1ee0754d35","name":"Reda\u00e7\u00e3o Aconteceu no Vale","description":"Equipe de reportagem do Aconteceu no Vale, portal de not\u00edcias do Vale do Jequitinhonha, em Minas Gerais. Cobrimos as 51 cidades do Vale desde 2013. Sugest\u00f5es de pauta e pedidos de corre\u00e7\u00e3o: contato@aconteceunovale.com.br","url":"https:\/\/aconteceunovale.com.br\/portal\/?author=4"}]}},"_links":{"self":[{"href":"https:\/\/aconteceunovale.com.br\/portal\/index.php?rest_route=\/wp\/v2\/posts\/194820","targetHints":{"allow":["GET"]}}],"collection":[{"href":"https:\/\/aconteceunovale.com.br\/portal\/index.php?rest_route=\/wp\/v2\/posts"}],"about":[{"href":"https:\/\/aconteceunovale.com.br\/portal\/index.php?rest_route=\/wp\/v2\/types\/post"}],"author":[{"embeddable":true,"href":"https:\/\/aconteceunovale.com.br\/portal\/index.php?rest_route=\/wp\/v2\/users\/4"}],"replies":[{"embeddable":true,"href":"https:\/\/aconteceunovale.com.br\/portal\/index.php?rest_route=%2Fwp%2Fv2%2Fcomments&post=194820"}],"version-history":[{"count":1,"href":"https:\/\/aconteceunovale.com.br\/portal\/index.php?rest_route=\/wp\/v2\/posts\/194820\/revisions"}],"predecessor-version":[{"id":194822,"href":"https:\/\/aconteceunovale.com.br\/portal\/index.php?rest_route=\/wp\/v2\/posts\/194820\/revisions\/194822"}],"wp:featuredmedia":[{"embeddable":true,"href":"https:\/\/aconteceunovale.com.br\/portal\/index.php?rest_route=\/wp\/v2\/media\/194821"}],"wp:attachment":[{"href":"https:\/\/aconteceunovale.com.br\/portal\/index.php?rest_route=%2Fwp%2Fv2%2Fmedia&parent=194820"}],"wp:term":[{"taxonomy":"category","embeddable":true,"href":"https:\/\/aconteceunovale.com.br\/portal\/index.php?rest_route=%2Fwp%2Fv2%2Fcategories&post=194820"},{"taxonomy":"post_tag","embeddable":true,"href":"https:\/\/aconteceunovale.com.br\/portal\/index.php?rest_route=%2Fwp%2Fv2%2Ftags&post=194820"}],"curies":[{"name":"wp","href":"https:\/\/api.w.org\/{rel}","templated":true}]}}