{"id":194812,"date":"2025-01-08T14:16:23","date_gmt":"2025-01-08T17:16:23","guid":{"rendered":"https:\/\/aconteceunovale.com.br\/portal\/?p=194812"},"modified":"2025-01-08T14:17:03","modified_gmt":"2025-01-08T17:17:03","slug":"incendio-destroi-onibus-na-br-116-no-municipio-de-teofilo-otoni","status":"publish","type":"post","link":"https:\/\/aconteceunovale.com.br\/portal\/?p=194812","title":{"rendered":"Inc\u00eandio destr\u00f3i \u00f4nibus na BR-116, no munic\u00edpio de Te\u00f3filo Otoni"},"content":{"rendered":"\n<p class=\"wp-block-paragraph\">Na madrugada desta quarta-feira (8), por volta das 3h, um \u00f4nibus da Via\u00e7\u00e3o Itapemirim foi completamente destru\u00eddo por um inc\u00eandio enquanto transitava pela BR-116, no distrito de Mucuri, munic\u00edpio de Te\u00f3filo Otoni (MG), no Vale do Mucuri. O ve\u00edculo fazia o trajeto entre Salvador (BA) e Rio de Janeiro (RJ).<\/p>\n\n\n\n<p class=\"wp-block-paragraph\">Felizmente, todos os passageiros e a tripula\u00e7\u00e3o conseguiram deixar o \u00f4nibus a tempo, e n\u00e3o houve registro de feridos. Apenas danos materiais foram contabilizados.<\/p>\n\n\n\n<p class=\"wp-block-paragraph\">Equipes do Corpo de Bombeiros e da Pol\u00edcia Rodovi\u00e1ria Federal (PRF) foram acionadas e estiveram no local para controlar as chamas e garantir a seguran\u00e7a da \u00e1rea.<\/p>\n\n\n\n<p class=\"wp-block-paragraph\">As causas do inc\u00eandio ainda s\u00e3o desconhecidas e ser\u00e3o apuradas. A Via\u00e7\u00e3o Itapemirim n\u00e3o divulgou, at\u00e9 o momento, um posicionamento oficial sobre o incidente.<\/p>\n\n\n\n<figure class=\"wp-block-gallery has-nested-images columns-1 is-cropped wp-block-gallery-1 is-layout-flex wp-block-gallery-is-layout-flex\">\n<figure class=\"wp-block-image size-large\"><img loading=\"lazy\" decoding=\"async\" width=\"678\" height=\"373\" data-id=\"194813\" src=\"https:\/\/aconteceunovale.com.br\/portal\/wp-content\/uploads\/2025\/01\/incendio_mucuri_2.png\" alt=\"\" class=\"wp-image-194813\" srcset=\"https:\/\/aconteceunovale.com.br\/portal\/wp-content\/uploads\/2025\/01\/incendio_mucuri_2.png 678w, https:\/\/aconteceunovale.com.br\/portal\/wp-content\/uploads\/2025\/01\/incendio_mucuri_2-300x165.png 300w\" sizes=\"auto, (max-width: 678px) 100vw, 678px\" \/><figcaption class=\"wp-element-caption\"><em>Imagem: Cassandro Dias \/ Reprodu\u00e7\u00e3o Facebook<\/em><\/figcaption><\/figure>\n\n\n\n<figure class=\"wp-block-image size-large\"><img loading=\"lazy\" decoding=\"async\" width=\"678\" height=\"331\" data-id=\"194814\" src=\"https:\/\/aconteceunovale.com.br\/portal\/wp-content\/uploads\/2025\/01\/incendio_mucuri_1.png\" alt=\"\" class=\"wp-image-194814\" srcset=\"https:\/\/aconteceunovale.com.br\/portal\/wp-content\/uploads\/2025\/01\/incendio_mucuri_1.png 678w, https:\/\/aconteceunovale.com.br\/portal\/wp-content\/uploads\/2025\/01\/incendio_mucuri_1-300x146.png 300w, https:\/\/aconteceunovale.com.br\/portal\/wp-content\/uploads\/2025\/01\/incendio_mucuri_1-533x261.png 533w\" sizes=\"auto, (max-width: 678px) 100vw, 678px\" \/><figcaption class=\"wp-element-caption\"><em>Imagem: Cassandro Dias \/ Reprodu\u00e7\u00e3o Facebook<\/em><\/figcaption><\/figure>\n<\/figure>\n","protected":false},"excerpt":{"rendered":"<p>Na madrugada desta quarta-feira (8), por volta das 3h, um \u00f4nibus da Via\u00e7\u00e3o Itapemirim foi completamente destru\u00eddo por um inc\u00eandio enquanto transitava pela BR-116, no distrito de Mucuri, munic\u00edpio de Te\u00f3filo Otoni (MG), no Vale do Mucuri. O ve\u00edculo fazia o trajeto entre Salvador (BA) e Rio de Janeiro (RJ). Felizmente, todos os passageiros e [&hellip;]<\/p>\n","protected":false},"author":4,"featured_media":194813,"comment_status":"open","ping_status":"closed","sticky":false,"template":"","format":"standard","meta":{"amp_status":"","footnotes":""},"categories":[122],"tags":[1018,130694,269079,269077,269076,269078,164],"class_list":["post-194812","post","type-post","status-publish","format-standard","has-post-thumbnail","hentry","category-mucuri","tag-destaque","tag-incendio-destroi-onibus-na-br-116","tag-incendio-em-onibus-da-itapemirim-em-teofilo-otoni","tag-incendio-em-onibus-em-teofilo-otoni","tag-onibus-queimado-em-teofilo-otoni","tag-onibus-teofilo-otoni","tag-teofilo-otoni"],"yoast_head":"<!-- This site is optimized with the Yoast SEO plugin v28.3 - https:\/\/yoast.com\/product\/yoast-seo-wordpress\/ -->\n<title>Inc\u00eandio destr\u00f3i \u00f4nibus na BR-116, no munic\u00edpio de Te\u00f3filo Otoni - Aconteceu no Vale<\/title>\n<meta name=\"robots\" content=\"index, follow, max-snippet:-1, max-image-preview:large, max-video-preview:-1\" \/>\n<link rel=\"canonical\" href=\"https:\/\/aconteceunovale.com.br\/portal\/?p=194812\" \/>\n<meta property=\"og:locale\" content=\"pt_BR\" \/>\n<meta property=\"og:type\" content=\"article\" \/>\n<meta property=\"og:title\" content=\"Inc\u00eandio destr\u00f3i \u00f4nibus na BR-116, no munic\u00edpio de Te\u00f3filo Otoni - Aconteceu no Vale\" \/>\n<meta property=\"og:description\" content=\"Na madrugada desta quarta-feira (8), por volta das 3h, um \u00f4nibus da Via\u00e7\u00e3o Itapemirim foi completamente destru\u00eddo por um inc\u00eandio enquanto transitava pela BR-116, no distrito de Mucuri, munic\u00edpio de Te\u00f3filo Otoni (MG), no Vale do Mucuri. O ve\u00edculo fazia o trajeto entre Salvador (BA) e Rio de Janeiro (RJ). Felizmente, todos os passageiros e [&hellip;]\" \/>\n<meta property=\"og:url\" content=\"https:\/\/aconteceunovale.com.br\/portal\/?p=194812\" \/>\n<meta property=\"og:site_name\" content=\"Aconteceu no Vale\" \/>\n<meta property=\"article:publisher\" content=\"https:\/\/www.facebook.com\/aconteceunovale\/\" \/>\n<meta property=\"article:published_time\" content=\"2025-01-08T17:16:23+00:00\" \/>\n<meta property=\"article:modified_time\" content=\"2025-01-08T17:17:03+00:00\" \/>\n<meta property=\"og:image\" content=\"https:\/\/aconteceunovale.com.br\/portal\/wp-content\/uploads\/2025\/01\/incendio_mucuri_2.png\" \/>\n\t<meta property=\"og:image:width\" content=\"678\" \/>\n\t<meta property=\"og:image:height\" content=\"373\" \/>\n\t<meta property=\"og:image:type\" content=\"image\/png\" \/>\n<meta name=\"author\" content=\"Reda\u00e7\u00e3o Aconteceu no Vale\" \/>\n<meta name=\"twitter:card\" content=\"summary_large_image\" \/>\n<meta name=\"twitter:creator\" content=\"@noticiadosvales\" \/>\n<meta name=\"twitter:site\" content=\"@noticiadosvales\" \/>\n<meta name=\"twitter:label1\" content=\"Escrito por\" \/>\n\t<meta name=\"twitter:data1\" content=\"Reda\u00e7\u00e3o Aconteceu no Vale\" \/>\n\t<meta name=\"twitter:label2\" content=\"Est. tempo de leitura\" \/>\n\t<meta name=\"twitter:data2\" content=\"1 minuto\" \/>\n<script type=\"application\/ld+json\" class=\"yoast-schema-graph\">{\"@context\":\"https:\\\/\\\/schema.org\",\"@graph\":[{\"@type\":\"Article\",\"@id\":\"https:\\\/\\\/aconteceunovale.com.br\\\/portal\\\/?p=194812#article\",\"isPartOf\":{\"@id\":\"https:\\\/\\\/aconteceunovale.com.br\\\/portal\\\/?p=194812\"},\"author\":{\"name\":\"Reda\u00e7\u00e3o Aconteceu no Vale\",\"@id\":\"https:\\\/\\\/aconteceunovale.com.br\\\/portal\\\/#\\\/schema\\\/person\\\/7d2f26d1483f8a63de73da1ee0754d35\"},\"headline\":\"Inc\u00eandio destr\u00f3i \u00f4nibus na BR-116, no munic\u00edpio de Te\u00f3filo Otoni\",\"datePublished\":\"2025-01-08T17:16:23+00:00\",\"dateModified\":\"2025-01-08T17:17:03+00:00\",\"mainEntityOfPage\":{\"@id\":\"https:\\\/\\\/aconteceunovale.com.br\\\/portal\\\/?p=194812\"},\"wordCount\":166,\"commentCount\":0,\"image\":{\"@id\":\"https:\\\/\\\/aconteceunovale.com.br\\\/portal\\\/?p=194812#primaryimage\"},\"thumbnailUrl\":\"https:\\\/\\\/aconteceunovale.com.br\\\/portal\\\/wp-content\\\/uploads\\\/2025\\\/01\\\/incendio_mucuri_2.png\",\"keywords\":[\"destaque\",\"Inc\u00eandio destr\u00f3i \u00f4nibus na BR-116\",\"Inc\u00eandio em \u00f4nibus da Itapemirim em Te\u00f3filo Otoni\",\"Inc\u00eandio em \u00f4nibus em Te\u00f3filo Otoni\",\"\u00d4nibus queimado em Te\u00f3filo Otoni\",\"\u00d4nibus Te\u00f3filo Otoni\",\"Te\u00f3filo Otoni\"],\"articleSection\":[\"Vale do Mucuri\"],\"inLanguage\":\"pt-BR\",\"potentialAction\":[{\"@type\":\"CommentAction\",\"name\":\"Comment\",\"target\":[\"https:\\\/\\\/aconteceunovale.com.br\\\/portal\\\/?p=194812#respond\"]}]},{\"@type\":\"WebPage\",\"@id\":\"https:\\\/\\\/aconteceunovale.com.br\\\/portal\\\/?p=194812\",\"url\":\"https:\\\/\\\/aconteceunovale.com.br\\\/portal\\\/?p=194812\",\"name\":\"Inc\u00eandio destr\u00f3i \u00f4nibus na BR-116, no munic\u00edpio de Te\u00f3filo Otoni - Aconteceu no Vale\",\"isPartOf\":{\"@id\":\"https:\\\/\\\/aconteceunovale.com.br\\\/portal\\\/#website\"},\"primaryImageOfPage\":{\"@id\":\"https:\\\/\\\/aconteceunovale.com.br\\\/portal\\\/?p=194812#primaryimage\"},\"image\":{\"@id\":\"https:\\\/\\\/aconteceunovale.com.br\\\/portal\\\/?p=194812#primaryimage\"},\"thumbnailUrl\":\"https:\\\/\\\/aconteceunovale.com.br\\\/portal\\\/wp-content\\\/uploads\\\/2025\\\/01\\\/incendio_mucuri_2.png\",\"datePublished\":\"2025-01-08T17:16:23+00:00\",\"dateModified\":\"2025-01-08T17:17:03+00:00\",\"author\":{\"@id\":\"https:\\\/\\\/aconteceunovale.com.br\\\/portal\\\/#\\\/schema\\\/person\\\/7d2f26d1483f8a63de73da1ee0754d35\"},\"breadcrumb\":{\"@id\":\"https:\\\/\\\/aconteceunovale.com.br\\\/portal\\\/?p=194812#breadcrumb\"},\"inLanguage\":\"pt-BR\",\"potentialAction\":[{\"@type\":\"ReadAction\",\"target\":[\"https:\\\/\\\/aconteceunovale.com.br\\\/portal\\\/?p=194812\"]}]},{\"@type\":\"ImageObject\",\"inLanguage\":\"pt-BR\",\"@id\":\"https:\\\/\\\/aconteceunovale.com.br\\\/portal\\\/?p=194812#primaryimage\",\"url\":\"https:\\\/\\\/aconteceunovale.com.br\\\/portal\\\/wp-content\\\/uploads\\\/2025\\\/01\\\/incendio_mucuri_2.png\",\"contentUrl\":\"https:\\\/\\\/aconteceunovale.com.br\\\/portal\\\/wp-content\\\/uploads\\\/2025\\\/01\\\/incendio_mucuri_2.png\",\"width\":678,\"height\":373,\"caption\":\"Imagem: Cassandro Dias \\\/ Reprodu\u00e7\u00e3o Facebook\"},{\"@type\":\"BreadcrumbList\",\"@id\":\"https:\\\/\\\/aconteceunovale.com.br\\\/portal\\\/?p=194812#breadcrumb\",\"itemListElement\":[{\"@type\":\"ListItem\",\"position\":1,\"name\":\"In\u00edcio\",\"item\":\"https:\\\/\\\/aconteceunovale.com.br\\\/portal\\\/\"},{\"@type\":\"ListItem\",\"position\":2,\"name\":\"Inc\u00eandio destr\u00f3i \u00f4nibus na BR-116, no munic\u00edpio de Te\u00f3filo Otoni\"}]},{\"@type\":\"WebSite\",\"@id\":\"https:\\\/\\\/aconteceunovale.com.br\\\/portal\\\/#website\",\"url\":\"https:\\\/\\\/aconteceunovale.com.br\\\/portal\\\/\",\"name\":\"Aconteceu no Vale\",\"description\":\"Portal de Not\u00edcias\",\"potentialAction\":[{\"@type\":\"SearchAction\",\"target\":{\"@type\":\"EntryPoint\",\"urlTemplate\":\"https:\\\/\\\/aconteceunovale.com.br\\\/portal\\\/?s={search_term_string}\"},\"query-input\":{\"@type\":\"PropertyValueSpecification\",\"valueRequired\":true,\"valueName\":\"search_term_string\"}}],\"inLanguage\":\"pt-BR\"},{\"@type\":\"Person\",\"@id\":\"https:\\\/\\\/aconteceunovale.com.br\\\/portal\\\/#\\\/schema\\\/person\\\/7d2f26d1483f8a63de73da1ee0754d35\",\"name\":\"Reda\u00e7\u00e3o Aconteceu no Vale\",\"description\":\"Equipe de reportagem do Aconteceu no Vale, portal de not\u00edcias do Vale do Jequitinhonha, em Minas Gerais. Cobrimos as 51 cidades do Vale desde 2013. Sugest\u00f5es de pauta e pedidos de corre\u00e7\u00e3o: contato@aconteceunovale.com.br\",\"url\":\"https:\\\/\\\/aconteceunovale.com.br\\\/portal\\\/?author=4\"}]}<\/script>\n<!-- \/ Yoast SEO plugin. -->","yoast_head_json":{"title":"Inc\u00eandio destr\u00f3i \u00f4nibus na BR-116, no munic\u00edpio de Te\u00f3filo Otoni - Aconteceu no Vale","robots":{"index":"index","follow":"follow","max-snippet":"max-snippet:-1","max-image-preview":"max-image-preview:large","max-video-preview":"max-video-preview:-1"},"canonical":"https:\/\/aconteceunovale.com.br\/portal\/?p=194812","og_locale":"pt_BR","og_type":"article","og_title":"Inc\u00eandio destr\u00f3i \u00f4nibus na BR-116, no munic\u00edpio de Te\u00f3filo Otoni - Aconteceu no Vale","og_description":"Na madrugada desta quarta-feira (8), por volta das 3h, um \u00f4nibus da Via\u00e7\u00e3o Itapemirim foi completamente destru\u00eddo por um inc\u00eandio enquanto transitava pela BR-116, no distrito de Mucuri, munic\u00edpio de Te\u00f3filo Otoni (MG), no Vale do Mucuri. O ve\u00edculo fazia o trajeto entre Salvador (BA) e Rio de Janeiro (RJ). Felizmente, todos os passageiros e [&hellip;]","og_url":"https:\/\/aconteceunovale.com.br\/portal\/?p=194812","og_site_name":"Aconteceu no Vale","article_publisher":"https:\/\/www.facebook.com\/aconteceunovale\/","article_published_time":"2025-01-08T17:16:23+00:00","article_modified_time":"2025-01-08T17:17:03+00:00","og_image":[{"width":678,"height":373,"url":"https:\/\/aconteceunovale.com.br\/portal\/wp-content\/uploads\/2025\/01\/incendio_mucuri_2.png","type":"image\/png"}],"author":"Reda\u00e7\u00e3o Aconteceu no Vale","twitter_card":"summary_large_image","twitter_creator":"@noticiadosvales","twitter_site":"@noticiadosvales","twitter_misc":{"Escrito por":"Reda\u00e7\u00e3o Aconteceu no Vale","Est. tempo de leitura":"1 minuto"},"schema":{"@context":"https:\/\/schema.org","@graph":[{"@type":"Article","@id":"https:\/\/aconteceunovale.com.br\/portal\/?p=194812#article","isPartOf":{"@id":"https:\/\/aconteceunovale.com.br\/portal\/?p=194812"},"author":{"name":"Reda\u00e7\u00e3o Aconteceu no Vale","@id":"https:\/\/aconteceunovale.com.br\/portal\/#\/schema\/person\/7d2f26d1483f8a63de73da1ee0754d35"},"headline":"Inc\u00eandio destr\u00f3i \u00f4nibus na BR-116, no munic\u00edpio de Te\u00f3filo Otoni","datePublished":"2025-01-08T17:16:23+00:00","dateModified":"2025-01-08T17:17:03+00:00","mainEntityOfPage":{"@id":"https:\/\/aconteceunovale.com.br\/portal\/?p=194812"},"wordCount":166,"commentCount":0,"image":{"@id":"https:\/\/aconteceunovale.com.br\/portal\/?p=194812#primaryimage"},"thumbnailUrl":"https:\/\/aconteceunovale.com.br\/portal\/wp-content\/uploads\/2025\/01\/incendio_mucuri_2.png","keywords":["destaque","Inc\u00eandio destr\u00f3i \u00f4nibus na BR-116","Inc\u00eandio em \u00f4nibus da Itapemirim em Te\u00f3filo Otoni","Inc\u00eandio em \u00f4nibus em Te\u00f3filo Otoni","\u00d4nibus queimado em Te\u00f3filo Otoni","\u00d4nibus Te\u00f3filo Otoni","Te\u00f3filo Otoni"],"articleSection":["Vale do Mucuri"],"inLanguage":"pt-BR","potentialAction":[{"@type":"CommentAction","name":"Comment","target":["https:\/\/aconteceunovale.com.br\/portal\/?p=194812#respond"]}]},{"@type":"WebPage","@id":"https:\/\/aconteceunovale.com.br\/portal\/?p=194812","url":"https:\/\/aconteceunovale.com.br\/portal\/?p=194812","name":"Inc\u00eandio destr\u00f3i \u00f4nibus na BR-116, no munic\u00edpio de Te\u00f3filo Otoni - Aconteceu no Vale","isPartOf":{"@id":"https:\/\/aconteceunovale.com.br\/portal\/#website"},"primaryImageOfPage":{"@id":"https:\/\/aconteceunovale.com.br\/portal\/?p=194812#primaryimage"},"image":{"@id":"https:\/\/aconteceunovale.com.br\/portal\/?p=194812#primaryimage"},"thumbnailUrl":"https:\/\/aconteceunovale.com.br\/portal\/wp-content\/uploads\/2025\/01\/incendio_mucuri_2.png","datePublished":"2025-01-08T17:16:23+00:00","dateModified":"2025-01-08T17:17:03+00:00","author":{"@id":"https:\/\/aconteceunovale.com.br\/portal\/#\/schema\/person\/7d2f26d1483f8a63de73da1ee0754d35"},"breadcrumb":{"@id":"https:\/\/aconteceunovale.com.br\/portal\/?p=194812#breadcrumb"},"inLanguage":"pt-BR","potentialAction":[{"@type":"ReadAction","target":["https:\/\/aconteceunovale.com.br\/portal\/?p=194812"]}]},{"@type":"ImageObject","inLanguage":"pt-BR","@id":"https:\/\/aconteceunovale.com.br\/portal\/?p=194812#primaryimage","url":"https:\/\/aconteceunovale.com.br\/portal\/wp-content\/uploads\/2025\/01\/incendio_mucuri_2.png","contentUrl":"https:\/\/aconteceunovale.com.br\/portal\/wp-content\/uploads\/2025\/01\/incendio_mucuri_2.png","width":678,"height":373,"caption":"Imagem: Cassandro Dias \/ Reprodu\u00e7\u00e3o Facebook"},{"@type":"BreadcrumbList","@id":"https:\/\/aconteceunovale.com.br\/portal\/?p=194812#breadcrumb","itemListElement":[{"@type":"ListItem","position":1,"name":"In\u00edcio","item":"https:\/\/aconteceunovale.com.br\/portal\/"},{"@type":"ListItem","position":2,"name":"Inc\u00eandio destr\u00f3i \u00f4nibus na BR-116, no munic\u00edpio de Te\u00f3filo Otoni"}]},{"@type":"WebSite","@id":"https:\/\/aconteceunovale.com.br\/portal\/#website","url":"https:\/\/aconteceunovale.com.br\/portal\/","name":"Aconteceu no Vale","description":"Portal de Not\u00edcias","potentialAction":[{"@type":"SearchAction","target":{"@type":"EntryPoint","urlTemplate":"https:\/\/aconteceunovale.com.br\/portal\/?s={search_term_string}"},"query-input":{"@type":"PropertyValueSpecification","valueRequired":true,"valueName":"search_term_string"}}],"inLanguage":"pt-BR"},{"@type":"Person","@id":"https:\/\/aconteceunovale.com.br\/portal\/#\/schema\/person\/7d2f26d1483f8a63de73da1ee0754d35","name":"Reda\u00e7\u00e3o Aconteceu no Vale","description":"Equipe de reportagem do Aconteceu no Vale, portal de not\u00edcias do Vale do Jequitinhonha, em Minas Gerais. Cobrimos as 51 cidades do Vale desde 2013. Sugest\u00f5es de pauta e pedidos de corre\u00e7\u00e3o: contato@aconteceunovale.com.br","url":"https:\/\/aconteceunovale.com.br\/portal\/?author=4"}]}},"_links":{"self":[{"href":"https:\/\/aconteceunovale.com.br\/portal\/index.php?rest_route=\/wp\/v2\/posts\/194812","targetHints":{"allow":["GET"]}}],"collection":[{"href":"https:\/\/aconteceunovale.com.br\/portal\/index.php?rest_route=\/wp\/v2\/posts"}],"about":[{"href":"https:\/\/aconteceunovale.com.br\/portal\/index.php?rest_route=\/wp\/v2\/types\/post"}],"author":[{"embeddable":true,"href":"https:\/\/aconteceunovale.com.br\/portal\/index.php?rest_route=\/wp\/v2\/users\/4"}],"replies":[{"embeddable":true,"href":"https:\/\/aconteceunovale.com.br\/portal\/index.php?rest_route=%2Fwp%2Fv2%2Fcomments&post=194812"}],"version-history":[{"count":1,"href":"https:\/\/aconteceunovale.com.br\/portal\/index.php?rest_route=\/wp\/v2\/posts\/194812\/revisions"}],"predecessor-version":[{"id":194815,"href":"https:\/\/aconteceunovale.com.br\/portal\/index.php?rest_route=\/wp\/v2\/posts\/194812\/revisions\/194815"}],"wp:featuredmedia":[{"embeddable":true,"href":"https:\/\/aconteceunovale.com.br\/portal\/index.php?rest_route=\/wp\/v2\/media\/194813"}],"wp:attachment":[{"href":"https:\/\/aconteceunovale.com.br\/portal\/index.php?rest_route=%2Fwp%2Fv2%2Fmedia&parent=194812"}],"wp:term":[{"taxonomy":"category","embeddable":true,"href":"https:\/\/aconteceunovale.com.br\/portal\/index.php?rest_route=%2Fwp%2Fv2%2Fcategories&post=194812"},{"taxonomy":"post_tag","embeddable":true,"href":"https:\/\/aconteceunovale.com.br\/portal\/index.php?rest_route=%2Fwp%2Fv2%2Ftags&post=194812"}],"curies":[{"name":"wp","href":"https:\/\/api.w.org\/{rel}","templated":true}]}}