{"id":194785,"date":"2025-01-08T12:44:18","date_gmt":"2025-01-08T15:44:18","guid":{"rendered":"https:\/\/aconteceunovale.com.br\/portal\/?p=194785"},"modified":"2025-01-08T12:44:59","modified_gmt":"2025-01-08T15:44:59","slug":"fundacao-dr-moises-magalhaes-freire-realiza-posse-de-novos-conselheiros-e-reforca-compromisso-com-a-saude-publica","status":"publish","type":"post","link":"https:\/\/aconteceunovale.com.br\/portal\/?p=194785","title":{"rendered":"Funda\u00e7\u00e3o Dr. Mois\u00e9s Magalh\u00e3es Freire realiza posse de novos conselheiros e refor\u00e7a compromisso com a sa\u00fade p\u00fablica"},"content":{"rendered":"\n<p class=\"wp-block-paragraph\">No dia 3 de janeiro de 2025, a Funda\u00e7\u00e3o Hospitalar Dr. Mois\u00e9s Magalh\u00e3es Freire realizou a cerim\u00f4nia de posse dos membros dos Conselhos Curador, Diretor e Fiscal, marcando o in\u00edcio de um novo ciclo de gest\u00e3o. O evento, realizado no audit\u00f3rio do Sest\/Senat, em Pirapora-MG, reafirmou o compromisso da institui\u00e7\u00e3o com a transpar\u00eancia, a participa\u00e7\u00e3o e a melhoria cont\u00ednua dos servi\u00e7os de sa\u00fade p\u00fablica oferecidos \u00e0 comunidade.<\/p>\n\n\n\n<figure class=\"wp-block-gallery has-nested-images columns-default is-cropped wp-block-gallery-1 is-layout-flex wp-block-gallery-is-layout-flex\">\n<figure class=\"wp-block-image size-large\"><img loading=\"lazy\" decoding=\"async\" width=\"675\" height=\"450\" data-id=\"194786\" src=\"https:\/\/aconteceunovale.com.br\/portal\/wp-content\/uploads\/2025\/01\/posse_fundacao_pirapora_11.jpg\" alt=\"\" class=\"wp-image-194786\" srcset=\"https:\/\/aconteceunovale.com.br\/portal\/wp-content\/uploads\/2025\/01\/posse_fundacao_pirapora_11.jpg 675w, https:\/\/aconteceunovale.com.br\/portal\/wp-content\/uploads\/2025\/01\/posse_fundacao_pirapora_11-300x200.jpg 300w, https:\/\/aconteceunovale.com.br\/portal\/wp-content\/uploads\/2025\/01\/posse_fundacao_pirapora_11-630x420.jpg 630w\" sizes=\"auto, (max-width: 675px) 100vw, 675px\" \/><figcaption class=\"wp-element-caption\"><em>Foto: Divulga\u00e7\u00e3o<\/em><\/figcaption><\/figure>\n<\/figure>\n\n\n\n<h3 class=\"wp-block-heading\">Recondu\u00e7\u00e3o do Diretor-Presidente<\/h3>\n\n\n\n<p class=\"wp-block-paragraph\">Durante a solenidade, foi confirmada a recondu\u00e7\u00e3o de Paulo Rog\u00e9rio Souza da Silveira ao cargo de Diretor-Presidente. Em seu discurso, Paulo Rog\u00e9rio destacou os desafios e as oportunidades da nova gest\u00e3o, refor\u00e7ando a import\u00e2ncia da uni\u00e3o e do compromisso com a sa\u00fade p\u00fablica.<\/p>\n\n\n\n<p class=\"wp-block-paragraph\">\u201cA Funda\u00e7\u00e3o atravessa um momento crucial de sua trajet\u00f3ria, enfrentando grandes desafios, mas tamb\u00e9m oportunidades valiosas para fazer a diferen\u00e7a na vida das pessoas. Conto com o empenho de cada colaborador, parceiro e membro da nossa equipe para que, juntos, possamos seguir em frente. Nosso compromisso \u00e9 fortalecer a Funda\u00e7\u00e3o, tornando-a mais acolhedora e eficiente, sempre dedicada \u00e0 vida, \u00e0 sa\u00fade e \u00e0 dignidade de cada paciente\u201d, afirmou.<\/p>\n\n\n\n<h3 class=\"wp-block-heading\">Presen\u00e7as ilustres<\/h3>\n\n\n\n<p class=\"wp-block-paragraph\">A cerim\u00f4nia reuniu colaboradores, lideran\u00e7as comunit\u00e1rias e diversas autoridades regionais, como o prefeito de Pirapora, Alex Cesar; o vice-prefeito, Jo\u00e3o Maur\u00edcio (Maurisim); a Superintendente Executiva da Funda\u00e7\u00e3o, Lucimar Mota de S\u00e1; o Diretor-Presidente do Hospital Dilson Godinho, Helder Leone Alves de Carvalho; a Gerente Regional de Sa\u00fade, Tariana Diniz; o Secret\u00e1rio de Sa\u00fade, Rafael Lana; e o Presidente da C\u00e2mara Municipal, Itamar Alves Mota (Itamar do Cordeiro).<\/p>\n\n\n\n<h3 class=\"wp-block-heading\">Composi\u00e7\u00e3o dos Conselhos<\/h3>\n\n\n\n<p class=\"wp-block-paragraph\">Os novos membros dos conselhos foram apresentados durante a cerim\u00f4nia, refor\u00e7ando os pilares da governan\u00e7a \u00e9tica e eficiente:<\/p>\n\n\n\n<ul class=\"wp-block-list\">\n<li><strong>Conselho Curador<\/strong>: Paulo Rog\u00e9rio Souza da Silveira, Alexandro Costa C\u00e9sar, Geraldo Mariano da Silva, Rodrigo Nascimento Santana, Daniel Roque Remigio, Fabiane Aparecida Alves de Almeida e Jo\u00e3o Alves Cris\u00f3stomo.<\/li>\n\n\n\n<li><strong>Conselho Diretor<\/strong>: Flavia Tatiane Ribeiro de Oliveira (Vice-Presidente) e Jana\u00edna Coelho Nascimento Dur\u00e3es (Diretora Financeira).<\/li>\n\n\n\n<li><strong>Conselho Fiscal<\/strong>: Davide Caccavone, Sebasti\u00e3o Pereira de Souza e Mario Cristiano Joaquim da Cunha (titulares); Alan Mendes da Silva, Sofia Cristiane Oliveira Santiago e Dayse Soleane da Cruz Sousa (suplentes).<\/li>\n<\/ul>\n\n\n\n<p class=\"wp-block-paragraph\">Os conselhos desempenham papel essencial na supervis\u00e3o administrativa e no alinhamento das pr\u00e1ticas da Funda\u00e7\u00e3o \u00e0s necessidades da popula\u00e7\u00e3o.<\/p>\n\n\n\n<h3 class=\"wp-block-heading\">Sobre a Funda\u00e7\u00e3o<\/h3>\n\n\n\n<p class=\"wp-block-paragraph\">Fundada em 2009, a Funda\u00e7\u00e3o Hospitalar Dr. Mois\u00e9s Magalh\u00e3es Freire \u00e9 uma institui\u00e7\u00e3o filantr\u00f3pica localizada em Pirapora-MG. Sua miss\u00e3o \u00e9 promover sa\u00fade de qualidade para a popula\u00e7\u00e3o local e dos munic\u00edpios pactuados da microrregi\u00e3o de sa\u00fade. Desde sua cria\u00e7\u00e3o, a Funda\u00e7\u00e3o consolidou-se como refer\u00eancia no atendimento hospitalar e ambulatorial.<\/p>\n\n\n\n<p class=\"wp-block-paragraph\">Em 2009, o Pronto-Socorro da Funda\u00e7\u00e3o atendia cerca de 100 pacientes por dia, totalizando aproximadamente 36 mil atendimentos anuais. Em 2024, esse n\u00famero triplicou, atingindo cerca de 72 mil atendimentos anuais, evidenciando o crescimento e a import\u00e2ncia da institui\u00e7\u00e3o para a regi\u00e3o.<\/p>\n\n\n\n<h3 class=\"wp-block-heading\">Compromisso com o futuro<\/h3>\n\n\n\n<p class=\"wp-block-paragraph\">Com a nova composi\u00e7\u00e3o dos conselhos e a continuidade da lideran\u00e7a de Paulo Rog\u00e9rio Souza da Silveira, a Funda\u00e7\u00e3o reafirma seu compromisso com a excel\u00eancia na gest\u00e3o, a transpar\u00eancia e a dedica\u00e7\u00e3o \u00e0 sa\u00fade p\u00fablica, buscando superar desafios e continuar promovendo melhorias para a comunidade.<\/p>\n\n\n\n<h3 class=\"wp-block-heading\">Fotos do evento<\/h3>\n\n\n\n<figure class=\"wp-block-gallery has-nested-images columns-2 is-cropped wp-block-gallery-2 is-layout-flex wp-block-gallery-is-layout-flex\">\n<figure class=\"wp-block-image size-large\"><img loading=\"lazy\" decoding=\"async\" width=\"678\" height=\"381\" data-id=\"194798\" src=\"https:\/\/aconteceunovale.com.br\/portal\/wp-content\/uploads\/2025\/01\/posse_fundacao_pirapora_1.jpg\" alt=\"\" class=\"wp-image-194798\" srcset=\"https:\/\/aconteceunovale.com.br\/portal\/wp-content\/uploads\/2025\/01\/posse_fundacao_pirapora_1.jpg 678w, https:\/\/aconteceunovale.com.br\/portal\/wp-content\/uploads\/2025\/01\/posse_fundacao_pirapora_1-300x169.jpg 300w\" sizes=\"auto, (max-width: 678px) 100vw, 678px\" \/><\/figure>\n\n\n\n<figure class=\"wp-block-image size-large\"><img loading=\"lazy\" decoding=\"async\" width=\"600\" height=\"450\" data-id=\"194795\" src=\"https:\/\/aconteceunovale.com.br\/portal\/wp-content\/uploads\/2025\/01\/posse_fundacao_pirapora_4.jpg\" alt=\"\" class=\"wp-image-194795\" srcset=\"https:\/\/aconteceunovale.com.br\/portal\/wp-content\/uploads\/2025\/01\/posse_fundacao_pirapora_4.jpg 600w, https:\/\/aconteceunovale.com.br\/portal\/wp-content\/uploads\/2025\/01\/posse_fundacao_pirapora_4-300x225.jpg 300w, https:\/\/aconteceunovale.com.br\/portal\/wp-content\/uploads\/2025\/01\/posse_fundacao_pirapora_4-80x60.jpg 80w, https:\/\/aconteceunovale.com.br\/portal\/wp-content\/uploads\/2025\/01\/posse_fundacao_pirapora_4-265x198.jpg 265w, https:\/\/aconteceunovale.com.br\/portal\/wp-content\/uploads\/2025\/01\/posse_fundacao_pirapora_4-560x420.jpg 560w\" sizes=\"auto, (max-width: 600px) 100vw, 600px\" \/><\/figure>\n\n\n\n<figure class=\"wp-block-image size-large\"><img loading=\"lazy\" decoding=\"async\" width=\"675\" height=\"450\" data-id=\"194788\" src=\"https:\/\/aconteceunovale.com.br\/portal\/wp-content\/uploads\/2025\/01\/posse_fundacao_pirapora_12.jpg\" alt=\"\" class=\"wp-image-194788\" srcset=\"https:\/\/aconteceunovale.com.br\/portal\/wp-content\/uploads\/2025\/01\/posse_fundacao_pirapora_12.jpg 675w, https:\/\/aconteceunovale.com.br\/portal\/wp-content\/uploads\/2025\/01\/posse_fundacao_pirapora_12-300x200.jpg 300w, https:\/\/aconteceunovale.com.br\/portal\/wp-content\/uploads\/2025\/01\/posse_fundacao_pirapora_12-630x420.jpg 630w\" sizes=\"auto, (max-width: 675px) 100vw, 675px\" \/><\/figure>\n\n\n\n<figure class=\"wp-block-image size-large\"><img loading=\"lazy\" decoding=\"async\" width=\"675\" height=\"450\" data-id=\"194789\" src=\"https:\/\/aconteceunovale.com.br\/portal\/wp-content\/uploads\/2025\/01\/posse_fundacao_pirapora_8.jpg\" alt=\"\" class=\"wp-image-194789\" srcset=\"https:\/\/aconteceunovale.com.br\/portal\/wp-content\/uploads\/2025\/01\/posse_fundacao_pirapora_8.jpg 675w, https:\/\/aconteceunovale.com.br\/portal\/wp-content\/uploads\/2025\/01\/posse_fundacao_pirapora_8-300x200.jpg 300w, https:\/\/aconteceunovale.com.br\/portal\/wp-content\/uploads\/2025\/01\/posse_fundacao_pirapora_8-630x420.jpg 630w\" sizes=\"auto, (max-width: 675px) 100vw, 675px\" \/><\/figure>\n\n\n\n<figure class=\"wp-block-image size-large\"><img loading=\"lazy\" decoding=\"async\" width=\"675\" height=\"450\" data-id=\"194797\" src=\"https:\/\/aconteceunovale.com.br\/portal\/wp-content\/uploads\/2025\/01\/posse_fundacao_pirapora_2.jpg\" alt=\"\" class=\"wp-image-194797\" srcset=\"https:\/\/aconteceunovale.com.br\/portal\/wp-content\/uploads\/2025\/01\/posse_fundacao_pirapora_2.jpg 675w, https:\/\/aconteceunovale.com.br\/portal\/wp-content\/uploads\/2025\/01\/posse_fundacao_pirapora_2-300x200.jpg 300w, https:\/\/aconteceunovale.com.br\/portal\/wp-content\/uploads\/2025\/01\/posse_fundacao_pirapora_2-630x420.jpg 630w\" sizes=\"auto, (max-width: 675px) 100vw, 675px\" \/><\/figure>\n\n\n\n<figure class=\"wp-block-image size-large\"><img loading=\"lazy\" decoding=\"async\" width=\"675\" height=\"450\" data-id=\"194796\" src=\"https:\/\/aconteceunovale.com.br\/portal\/wp-content\/uploads\/2025\/01\/posse_fundacao_pirapora_3.jpg\" alt=\"\" class=\"wp-image-194796\" srcset=\"https:\/\/aconteceunovale.com.br\/portal\/wp-content\/uploads\/2025\/01\/posse_fundacao_pirapora_3.jpg 675w, https:\/\/aconteceunovale.com.br\/portal\/wp-content\/uploads\/2025\/01\/posse_fundacao_pirapora_3-300x200.jpg 300w, https:\/\/aconteceunovale.com.br\/portal\/wp-content\/uploads\/2025\/01\/posse_fundacao_pirapora_3-630x420.jpg 630w\" sizes=\"auto, (max-width: 675px) 100vw, 675px\" \/><\/figure>\n\n\n\n<figure class=\"wp-block-image size-large\"><img loading=\"lazy\" decoding=\"async\" width=\"675\" height=\"450\" data-id=\"194790\" src=\"https:\/\/aconteceunovale.com.br\/portal\/wp-content\/uploads\/2025\/01\/posse_fundacao_pirapora_6.jpg\" alt=\"\" class=\"wp-image-194790\" srcset=\"https:\/\/aconteceunovale.com.br\/portal\/wp-content\/uploads\/2025\/01\/posse_fundacao_pirapora_6.jpg 675w, https:\/\/aconteceunovale.com.br\/portal\/wp-content\/uploads\/2025\/01\/posse_fundacao_pirapora_6-300x200.jpg 300w, https:\/\/aconteceunovale.com.br\/portal\/wp-content\/uploads\/2025\/01\/posse_fundacao_pirapora_6-630x420.jpg 630w\" sizes=\"auto, (max-width: 675px) 100vw, 675px\" \/><\/figure>\n\n\n\n<figure class=\"wp-block-image size-large\"><img loading=\"lazy\" decoding=\"async\" width=\"675\" height=\"450\" data-id=\"194791\" src=\"https:\/\/aconteceunovale.com.br\/portal\/wp-content\/uploads\/2025\/01\/posse_fundacao_pirapora_5.jpg\" alt=\"\" class=\"wp-image-194791\" srcset=\"https:\/\/aconteceunovale.com.br\/portal\/wp-content\/uploads\/2025\/01\/posse_fundacao_pirapora_5.jpg 675w, https:\/\/aconteceunovale.com.br\/portal\/wp-content\/uploads\/2025\/01\/posse_fundacao_pirapora_5-300x200.jpg 300w, https:\/\/aconteceunovale.com.br\/portal\/wp-content\/uploads\/2025\/01\/posse_fundacao_pirapora_5-630x420.jpg 630w\" sizes=\"auto, (max-width: 675px) 100vw, 675px\" \/><\/figure>\n\n\n\n<figure class=\"wp-block-image size-large\"><img loading=\"lazy\" decoding=\"async\" width=\"675\" height=\"450\" data-id=\"194792\" src=\"https:\/\/aconteceunovale.com.br\/portal\/wp-content\/uploads\/2025\/01\/posse_fundacao_pirapora_10.jpg\" alt=\"\" class=\"wp-image-194792\" srcset=\"https:\/\/aconteceunovale.com.br\/portal\/wp-content\/uploads\/2025\/01\/posse_fundacao_pirapora_10.jpg 675w, https:\/\/aconteceunovale.com.br\/portal\/wp-content\/uploads\/2025\/01\/posse_fundacao_pirapora_10-300x200.jpg 300w, https:\/\/aconteceunovale.com.br\/portal\/wp-content\/uploads\/2025\/01\/posse_fundacao_pirapora_10-630x420.jpg 630w\" sizes=\"auto, (max-width: 675px) 100vw, 675px\" \/><\/figure>\n\n\n\n<figure class=\"wp-block-image size-large\"><img loading=\"lazy\" decoding=\"async\" width=\"675\" height=\"450\" data-id=\"194793\" src=\"https:\/\/aconteceunovale.com.br\/portal\/wp-content\/uploads\/2025\/01\/posse_fundacao_pirapora_9.jpg\" alt=\"\" class=\"wp-image-194793\" srcset=\"https:\/\/aconteceunovale.com.br\/portal\/wp-content\/uploads\/2025\/01\/posse_fundacao_pirapora_9.jpg 675w, https:\/\/aconteceunovale.com.br\/portal\/wp-content\/uploads\/2025\/01\/posse_fundacao_pirapora_9-300x200.jpg 300w, https:\/\/aconteceunovale.com.br\/portal\/wp-content\/uploads\/2025\/01\/posse_fundacao_pirapora_9-630x420.jpg 630w\" sizes=\"auto, (max-width: 675px) 100vw, 675px\" \/><\/figure>\n\n\n\n<figure class=\"wp-block-image size-large\"><img loading=\"lazy\" decoding=\"async\" width=\"675\" height=\"450\" data-id=\"194794\" src=\"https:\/\/aconteceunovale.com.br\/portal\/wp-content\/uploads\/2025\/01\/posse_fundacao_pirapora_7.jpg\" alt=\"\" class=\"wp-image-194794\" srcset=\"https:\/\/aconteceunovale.com.br\/portal\/wp-content\/uploads\/2025\/01\/posse_fundacao_pirapora_7.jpg 675w, https:\/\/aconteceunovale.com.br\/portal\/wp-content\/uploads\/2025\/01\/posse_fundacao_pirapora_7-300x200.jpg 300w, https:\/\/aconteceunovale.com.br\/portal\/wp-content\/uploads\/2025\/01\/posse_fundacao_pirapora_7-630x420.jpg 630w\" sizes=\"auto, (max-width: 675px) 100vw, 675px\" \/><\/figure>\n\n\n\n<figure class=\"wp-block-image size-large\"><img loading=\"lazy\" decoding=\"async\" width=\"675\" height=\"450\" data-id=\"194787\" src=\"https:\/\/aconteceunovale.com.br\/portal\/wp-content\/uploads\/2025\/01\/posse_fundacao_pirapora_11-1.jpg\" alt=\"\" class=\"wp-image-194787\" srcset=\"https:\/\/aconteceunovale.com.br\/portal\/wp-content\/uploads\/2025\/01\/posse_fundacao_pirapora_11-1.jpg 675w, https:\/\/aconteceunovale.com.br\/portal\/wp-content\/uploads\/2025\/01\/posse_fundacao_pirapora_11-1-300x200.jpg 300w, https:\/\/aconteceunovale.com.br\/portal\/wp-content\/uploads\/2025\/01\/posse_fundacao_pirapora_11-1-630x420.jpg 630w\" sizes=\"auto, (max-width: 675px) 100vw, 675px\" \/><\/figure>\n<\/figure>\n","protected":false},"excerpt":{"rendered":"<p>No dia 3 de janeiro de 2025, a Funda\u00e7\u00e3o Hospitalar Dr. Mois\u00e9s Magalh\u00e3es Freire realizou a cerim\u00f4nia de posse dos membros dos Conselhos Curador, Diretor e Fiscal, marcando o in\u00edcio de um novo ciclo de gest\u00e3o. O evento, realizado no audit\u00f3rio do Sest\/Senat, em Pirapora-MG, reafirmou o compromisso da institui\u00e7\u00e3o com a transpar\u00eancia, a participa\u00e7\u00e3o [&hellip;]<\/p>\n","protected":false},"author":4,"featured_media":194786,"comment_status":"open","ping_status":"closed","sticky":false,"template":"","format":"standard","meta":{"amp_status":"","footnotes":""},"categories":[125,1236],"tags":[269058,269055,269056,269054,269059,269057,269060,254],"class_list":["post-194785","post","type-post","status-publish","format-standard","has-post-thumbnail","hentry","category-noticias","category-norte_de_minas","tag-diretoria-da-fundacao-dr-moises-magalhaes-freire","tag-fundacao-dr-moises-magalhaes-freire","tag-fundacao-dr-moises-magalhaes-freire-pirapora","tag-fundacao-dr-moises-magalhaes-freire-realiza-posse-de-novos-conselheiros-e-reforca-compromisso-com-a-saude-publica","tag-hospital-de-pirapora","tag-nova-diretoria-da-fundacao-dr-moises-magalhaes-freire","tag-paulo-rogerio-souza-da-silveira","tag-pirapora"],"yoast_head":"<!-- This site is optimized with the Yoast SEO plugin v28.3 - https:\/\/yoast.com\/product\/yoast-seo-wordpress\/ -->\n<title>Funda\u00e7\u00e3o Dr. Mois\u00e9s Magalh\u00e3es Freire realiza posse de novos conselheiros e refor\u00e7a compromisso com a sa\u00fade p\u00fablica - Aconteceu no Vale<\/title>\n<meta name=\"robots\" content=\"index, follow, max-snippet:-1, max-image-preview:large, max-video-preview:-1\" \/>\n<link rel=\"canonical\" href=\"https:\/\/aconteceunovale.com.br\/portal\/?p=194785\" \/>\n<meta property=\"og:locale\" content=\"pt_BR\" \/>\n<meta property=\"og:type\" content=\"article\" \/>\n<meta property=\"og:title\" content=\"Funda\u00e7\u00e3o Dr. Mois\u00e9s Magalh\u00e3es Freire realiza posse de novos conselheiros e refor\u00e7a compromisso com a sa\u00fade p\u00fablica - Aconteceu no Vale\" \/>\n<meta property=\"og:description\" content=\"No dia 3 de janeiro de 2025, a Funda\u00e7\u00e3o Hospitalar Dr. Mois\u00e9s Magalh\u00e3es Freire realizou a cerim\u00f4nia de posse dos membros dos Conselhos Curador, Diretor e Fiscal, marcando o in\u00edcio de um novo ciclo de gest\u00e3o. O evento, realizado no audit\u00f3rio do Sest\/Senat, em Pirapora-MG, reafirmou o compromisso da institui\u00e7\u00e3o com a transpar\u00eancia, a participa\u00e7\u00e3o [&hellip;]\" \/>\n<meta property=\"og:url\" content=\"https:\/\/aconteceunovale.com.br\/portal\/?p=194785\" \/>\n<meta property=\"og:site_name\" content=\"Aconteceu no Vale\" \/>\n<meta property=\"article:publisher\" content=\"https:\/\/www.facebook.com\/aconteceunovale\/\" \/>\n<meta property=\"article:published_time\" content=\"2025-01-08T15:44:18+00:00\" \/>\n<meta property=\"article:modified_time\" content=\"2025-01-08T15:44:59+00:00\" \/>\n<meta property=\"og:image\" content=\"https:\/\/aconteceunovale.com.br\/portal\/wp-content\/uploads\/2025\/01\/posse_fundacao_pirapora_11.jpg\" \/>\n\t<meta property=\"og:image:width\" content=\"675\" \/>\n\t<meta property=\"og:image:height\" content=\"450\" \/>\n\t<meta property=\"og:image:type\" content=\"image\/jpeg\" \/>\n<meta name=\"author\" content=\"Reda\u00e7\u00e3o Aconteceu no Vale\" \/>\n<meta name=\"twitter:card\" content=\"summary_large_image\" \/>\n<meta name=\"twitter:creator\" content=\"@noticiadosvales\" \/>\n<meta name=\"twitter:site\" content=\"@noticiadosvales\" \/>\n<meta name=\"twitter:label1\" content=\"Escrito por\" \/>\n\t<meta name=\"twitter:data1\" content=\"Reda\u00e7\u00e3o Aconteceu no Vale\" \/>\n\t<meta name=\"twitter:label2\" content=\"Est. tempo de leitura\" \/>\n\t<meta name=\"twitter:data2\" content=\"3 minutos\" \/>\n<script type=\"application\/ld+json\" class=\"yoast-schema-graph\">{\"@context\":\"https:\\\/\\\/schema.org\",\"@graph\":[{\"@type\":\"Article\",\"@id\":\"https:\\\/\\\/aconteceunovale.com.br\\\/portal\\\/?p=194785#article\",\"isPartOf\":{\"@id\":\"https:\\\/\\\/aconteceunovale.com.br\\\/portal\\\/?p=194785\"},\"author\":{\"name\":\"Reda\u00e7\u00e3o Aconteceu no Vale\",\"@id\":\"https:\\\/\\\/aconteceunovale.com.br\\\/portal\\\/#\\\/schema\\\/person\\\/7d2f26d1483f8a63de73da1ee0754d35\"},\"headline\":\"Funda\u00e7\u00e3o Dr. Mois\u00e9s Magalh\u00e3es Freire realiza posse de novos conselheiros e refor\u00e7a compromisso com a sa\u00fade p\u00fablica\",\"datePublished\":\"2025-01-08T15:44:18+00:00\",\"dateModified\":\"2025-01-08T15:44:59+00:00\",\"mainEntityOfPage\":{\"@id\":\"https:\\\/\\\/aconteceunovale.com.br\\\/portal\\\/?p=194785\"},\"wordCount\":607,\"commentCount\":0,\"image\":{\"@id\":\"https:\\\/\\\/aconteceunovale.com.br\\\/portal\\\/?p=194785#primaryimage\"},\"thumbnailUrl\":\"https:\\\/\\\/aconteceunovale.com.br\\\/portal\\\/wp-content\\\/uploads\\\/2025\\\/01\\\/posse_fundacao_pirapora_11.jpg\",\"keywords\":[\"Diretoria da Funda\u00e7\u00e3o Dr. Mois\u00e9s Magalh\u00e3es Freire\",\"Funda\u00e7\u00e3o Dr. Mois\u00e9s Magalh\u00e3es Freire\",\"Funda\u00e7\u00e3o Dr. Mois\u00e9s Magalh\u00e3es Freire Pirapora\",\"Funda\u00e7\u00e3o Dr. Mois\u00e9s Magalh\u00e3es Freire realiza posse de novos conselheiros e refor\u00e7a compromisso com a sa\u00fade p\u00fablica\",\"Hospital de Pirapora\",\"Nova diretoria da Funda\u00e7\u00e3o Dr. Mois\u00e9s Magalh\u00e3es Freire\",\"Paulo Rog\u00e9rio Souza da Silveira\",\"Pirapora\"],\"articleSection\":[\"Eventos\",\"Norte de Minas\"],\"inLanguage\":\"pt-BR\",\"potentialAction\":[{\"@type\":\"CommentAction\",\"name\":\"Comment\",\"target\":[\"https:\\\/\\\/aconteceunovale.com.br\\\/portal\\\/?p=194785#respond\"]}]},{\"@type\":\"WebPage\",\"@id\":\"https:\\\/\\\/aconteceunovale.com.br\\\/portal\\\/?p=194785\",\"url\":\"https:\\\/\\\/aconteceunovale.com.br\\\/portal\\\/?p=194785\",\"name\":\"Funda\u00e7\u00e3o Dr. Mois\u00e9s Magalh\u00e3es Freire realiza posse de novos conselheiros e refor\u00e7a compromisso com a sa\u00fade p\u00fablica - Aconteceu no Vale\",\"isPartOf\":{\"@id\":\"https:\\\/\\\/aconteceunovale.com.br\\\/portal\\\/#website\"},\"primaryImageOfPage\":{\"@id\":\"https:\\\/\\\/aconteceunovale.com.br\\\/portal\\\/?p=194785#primaryimage\"},\"image\":{\"@id\":\"https:\\\/\\\/aconteceunovale.com.br\\\/portal\\\/?p=194785#primaryimage\"},\"thumbnailUrl\":\"https:\\\/\\\/aconteceunovale.com.br\\\/portal\\\/wp-content\\\/uploads\\\/2025\\\/01\\\/posse_fundacao_pirapora_11.jpg\",\"datePublished\":\"2025-01-08T15:44:18+00:00\",\"dateModified\":\"2025-01-08T15:44:59+00:00\",\"author\":{\"@id\":\"https:\\\/\\\/aconteceunovale.com.br\\\/portal\\\/#\\\/schema\\\/person\\\/7d2f26d1483f8a63de73da1ee0754d35\"},\"breadcrumb\":{\"@id\":\"https:\\\/\\\/aconteceunovale.com.br\\\/portal\\\/?p=194785#breadcrumb\"},\"inLanguage\":\"pt-BR\",\"potentialAction\":[{\"@type\":\"ReadAction\",\"target\":[\"https:\\\/\\\/aconteceunovale.com.br\\\/portal\\\/?p=194785\"]}]},{\"@type\":\"ImageObject\",\"inLanguage\":\"pt-BR\",\"@id\":\"https:\\\/\\\/aconteceunovale.com.br\\\/portal\\\/?p=194785#primaryimage\",\"url\":\"https:\\\/\\\/aconteceunovale.com.br\\\/portal\\\/wp-content\\\/uploads\\\/2025\\\/01\\\/posse_fundacao_pirapora_11.jpg\",\"contentUrl\":\"https:\\\/\\\/aconteceunovale.com.br\\\/portal\\\/wp-content\\\/uploads\\\/2025\\\/01\\\/posse_fundacao_pirapora_11.jpg\",\"width\":675,\"height\":450,\"caption\":\"Foto: Divulga\u00e7\u00e3o\"},{\"@type\":\"BreadcrumbList\",\"@id\":\"https:\\\/\\\/aconteceunovale.com.br\\\/portal\\\/?p=194785#breadcrumb\",\"itemListElement\":[{\"@type\":\"ListItem\",\"position\":1,\"name\":\"In\u00edcio\",\"item\":\"https:\\\/\\\/aconteceunovale.com.br\\\/portal\\\/\"},{\"@type\":\"ListItem\",\"position\":2,\"name\":\"Funda\u00e7\u00e3o Dr. Mois\u00e9s Magalh\u00e3es Freire realiza posse de novos conselheiros e refor\u00e7a compromisso com a sa\u00fade p\u00fablica\"}]},{\"@type\":\"WebSite\",\"@id\":\"https:\\\/\\\/aconteceunovale.com.br\\\/portal\\\/#website\",\"url\":\"https:\\\/\\\/aconteceunovale.com.br\\\/portal\\\/\",\"name\":\"Aconteceu no Vale\",\"description\":\"Portal de Not\u00edcias\",\"potentialAction\":[{\"@type\":\"SearchAction\",\"target\":{\"@type\":\"EntryPoint\",\"urlTemplate\":\"https:\\\/\\\/aconteceunovale.com.br\\\/portal\\\/?s={search_term_string}\"},\"query-input\":{\"@type\":\"PropertyValueSpecification\",\"valueRequired\":true,\"valueName\":\"search_term_string\"}}],\"inLanguage\":\"pt-BR\"},{\"@type\":\"Person\",\"@id\":\"https:\\\/\\\/aconteceunovale.com.br\\\/portal\\\/#\\\/schema\\\/person\\\/7d2f26d1483f8a63de73da1ee0754d35\",\"name\":\"Reda\u00e7\u00e3o Aconteceu no Vale\",\"description\":\"Equipe de reportagem do Aconteceu no Vale, portal de not\u00edcias do Vale do Jequitinhonha, em Minas Gerais. Cobrimos as 51 cidades do Vale desde 2013. Sugest\u00f5es de pauta e pedidos de corre\u00e7\u00e3o: contato@aconteceunovale.com.br\",\"url\":\"https:\\\/\\\/aconteceunovale.com.br\\\/portal\\\/?author=4\"}]}<\/script>\n<!-- \/ Yoast SEO plugin. -->","yoast_head_json":{"title":"Funda\u00e7\u00e3o Dr. Mois\u00e9s Magalh\u00e3es Freire realiza posse de novos conselheiros e refor\u00e7a compromisso com a sa\u00fade p\u00fablica - Aconteceu no Vale","robots":{"index":"index","follow":"follow","max-snippet":"max-snippet:-1","max-image-preview":"max-image-preview:large","max-video-preview":"max-video-preview:-1"},"canonical":"https:\/\/aconteceunovale.com.br\/portal\/?p=194785","og_locale":"pt_BR","og_type":"article","og_title":"Funda\u00e7\u00e3o Dr. Mois\u00e9s Magalh\u00e3es Freire realiza posse de novos conselheiros e refor\u00e7a compromisso com a sa\u00fade p\u00fablica - Aconteceu no Vale","og_description":"No dia 3 de janeiro de 2025, a Funda\u00e7\u00e3o Hospitalar Dr. Mois\u00e9s Magalh\u00e3es Freire realizou a cerim\u00f4nia de posse dos membros dos Conselhos Curador, Diretor e Fiscal, marcando o in\u00edcio de um novo ciclo de gest\u00e3o. O evento, realizado no audit\u00f3rio do Sest\/Senat, em Pirapora-MG, reafirmou o compromisso da institui\u00e7\u00e3o com a transpar\u00eancia, a participa\u00e7\u00e3o [&hellip;]","og_url":"https:\/\/aconteceunovale.com.br\/portal\/?p=194785","og_site_name":"Aconteceu no Vale","article_publisher":"https:\/\/www.facebook.com\/aconteceunovale\/","article_published_time":"2025-01-08T15:44:18+00:00","article_modified_time":"2025-01-08T15:44:59+00:00","og_image":[{"width":675,"height":450,"url":"https:\/\/aconteceunovale.com.br\/portal\/wp-content\/uploads\/2025\/01\/posse_fundacao_pirapora_11.jpg","type":"image\/jpeg"}],"author":"Reda\u00e7\u00e3o Aconteceu no Vale","twitter_card":"summary_large_image","twitter_creator":"@noticiadosvales","twitter_site":"@noticiadosvales","twitter_misc":{"Escrito por":"Reda\u00e7\u00e3o Aconteceu no Vale","Est. tempo de leitura":"3 minutos"},"schema":{"@context":"https:\/\/schema.org","@graph":[{"@type":"Article","@id":"https:\/\/aconteceunovale.com.br\/portal\/?p=194785#article","isPartOf":{"@id":"https:\/\/aconteceunovale.com.br\/portal\/?p=194785"},"author":{"name":"Reda\u00e7\u00e3o Aconteceu no Vale","@id":"https:\/\/aconteceunovale.com.br\/portal\/#\/schema\/person\/7d2f26d1483f8a63de73da1ee0754d35"},"headline":"Funda\u00e7\u00e3o Dr. Mois\u00e9s Magalh\u00e3es Freire realiza posse de novos conselheiros e refor\u00e7a compromisso com a sa\u00fade p\u00fablica","datePublished":"2025-01-08T15:44:18+00:00","dateModified":"2025-01-08T15:44:59+00:00","mainEntityOfPage":{"@id":"https:\/\/aconteceunovale.com.br\/portal\/?p=194785"},"wordCount":607,"commentCount":0,"image":{"@id":"https:\/\/aconteceunovale.com.br\/portal\/?p=194785#primaryimage"},"thumbnailUrl":"https:\/\/aconteceunovale.com.br\/portal\/wp-content\/uploads\/2025\/01\/posse_fundacao_pirapora_11.jpg","keywords":["Diretoria da Funda\u00e7\u00e3o Dr. Mois\u00e9s Magalh\u00e3es Freire","Funda\u00e7\u00e3o Dr. Mois\u00e9s Magalh\u00e3es Freire","Funda\u00e7\u00e3o Dr. Mois\u00e9s Magalh\u00e3es Freire Pirapora","Funda\u00e7\u00e3o Dr. Mois\u00e9s Magalh\u00e3es Freire realiza posse de novos conselheiros e refor\u00e7a compromisso com a sa\u00fade p\u00fablica","Hospital de Pirapora","Nova diretoria da Funda\u00e7\u00e3o Dr. Mois\u00e9s Magalh\u00e3es Freire","Paulo Rog\u00e9rio Souza da Silveira","Pirapora"],"articleSection":["Eventos","Norte de Minas"],"inLanguage":"pt-BR","potentialAction":[{"@type":"CommentAction","name":"Comment","target":["https:\/\/aconteceunovale.com.br\/portal\/?p=194785#respond"]}]},{"@type":"WebPage","@id":"https:\/\/aconteceunovale.com.br\/portal\/?p=194785","url":"https:\/\/aconteceunovale.com.br\/portal\/?p=194785","name":"Funda\u00e7\u00e3o Dr. Mois\u00e9s Magalh\u00e3es Freire realiza posse de novos conselheiros e refor\u00e7a compromisso com a sa\u00fade p\u00fablica - Aconteceu no Vale","isPartOf":{"@id":"https:\/\/aconteceunovale.com.br\/portal\/#website"},"primaryImageOfPage":{"@id":"https:\/\/aconteceunovale.com.br\/portal\/?p=194785#primaryimage"},"image":{"@id":"https:\/\/aconteceunovale.com.br\/portal\/?p=194785#primaryimage"},"thumbnailUrl":"https:\/\/aconteceunovale.com.br\/portal\/wp-content\/uploads\/2025\/01\/posse_fundacao_pirapora_11.jpg","datePublished":"2025-01-08T15:44:18+00:00","dateModified":"2025-01-08T15:44:59+00:00","author":{"@id":"https:\/\/aconteceunovale.com.br\/portal\/#\/schema\/person\/7d2f26d1483f8a63de73da1ee0754d35"},"breadcrumb":{"@id":"https:\/\/aconteceunovale.com.br\/portal\/?p=194785#breadcrumb"},"inLanguage":"pt-BR","potentialAction":[{"@type":"ReadAction","target":["https:\/\/aconteceunovale.com.br\/portal\/?p=194785"]}]},{"@type":"ImageObject","inLanguage":"pt-BR","@id":"https:\/\/aconteceunovale.com.br\/portal\/?p=194785#primaryimage","url":"https:\/\/aconteceunovale.com.br\/portal\/wp-content\/uploads\/2025\/01\/posse_fundacao_pirapora_11.jpg","contentUrl":"https:\/\/aconteceunovale.com.br\/portal\/wp-content\/uploads\/2025\/01\/posse_fundacao_pirapora_11.jpg","width":675,"height":450,"caption":"Foto: Divulga\u00e7\u00e3o"},{"@type":"BreadcrumbList","@id":"https:\/\/aconteceunovale.com.br\/portal\/?p=194785#breadcrumb","itemListElement":[{"@type":"ListItem","position":1,"name":"In\u00edcio","item":"https:\/\/aconteceunovale.com.br\/portal\/"},{"@type":"ListItem","position":2,"name":"Funda\u00e7\u00e3o Dr. Mois\u00e9s Magalh\u00e3es Freire realiza posse de novos conselheiros e refor\u00e7a compromisso com a sa\u00fade p\u00fablica"}]},{"@type":"WebSite","@id":"https:\/\/aconteceunovale.com.br\/portal\/#website","url":"https:\/\/aconteceunovale.com.br\/portal\/","name":"Aconteceu no Vale","description":"Portal de Not\u00edcias","potentialAction":[{"@type":"SearchAction","target":{"@type":"EntryPoint","urlTemplate":"https:\/\/aconteceunovale.com.br\/portal\/?s={search_term_string}"},"query-input":{"@type":"PropertyValueSpecification","valueRequired":true,"valueName":"search_term_string"}}],"inLanguage":"pt-BR"},{"@type":"Person","@id":"https:\/\/aconteceunovale.com.br\/portal\/#\/schema\/person\/7d2f26d1483f8a63de73da1ee0754d35","name":"Reda\u00e7\u00e3o Aconteceu no Vale","description":"Equipe de reportagem do Aconteceu no Vale, portal de not\u00edcias do Vale do Jequitinhonha, em Minas Gerais. Cobrimos as 51 cidades do Vale desde 2013. Sugest\u00f5es de pauta e pedidos de corre\u00e7\u00e3o: contato@aconteceunovale.com.br","url":"https:\/\/aconteceunovale.com.br\/portal\/?author=4"}]}},"_links":{"self":[{"href":"https:\/\/aconteceunovale.com.br\/portal\/index.php?rest_route=\/wp\/v2\/posts\/194785","targetHints":{"allow":["GET"]}}],"collection":[{"href":"https:\/\/aconteceunovale.com.br\/portal\/index.php?rest_route=\/wp\/v2\/posts"}],"about":[{"href":"https:\/\/aconteceunovale.com.br\/portal\/index.php?rest_route=\/wp\/v2\/types\/post"}],"author":[{"embeddable":true,"href":"https:\/\/aconteceunovale.com.br\/portal\/index.php?rest_route=\/wp\/v2\/users\/4"}],"replies":[{"embeddable":true,"href":"https:\/\/aconteceunovale.com.br\/portal\/index.php?rest_route=%2Fwp%2Fv2%2Fcomments&post=194785"}],"version-history":[{"count":1,"href":"https:\/\/aconteceunovale.com.br\/portal\/index.php?rest_route=\/wp\/v2\/posts\/194785\/revisions"}],"predecessor-version":[{"id":194799,"href":"https:\/\/aconteceunovale.com.br\/portal\/index.php?rest_route=\/wp\/v2\/posts\/194785\/revisions\/194799"}],"wp:featuredmedia":[{"embeddable":true,"href":"https:\/\/aconteceunovale.com.br\/portal\/index.php?rest_route=\/wp\/v2\/media\/194786"}],"wp:attachment":[{"href":"https:\/\/aconteceunovale.com.br\/portal\/index.php?rest_route=%2Fwp%2Fv2%2Fmedia&parent=194785"}],"wp:term":[{"taxonomy":"category","embeddable":true,"href":"https:\/\/aconteceunovale.com.br\/portal\/index.php?rest_route=%2Fwp%2Fv2%2Fcategories&post=194785"},{"taxonomy":"post_tag","embeddable":true,"href":"https:\/\/aconteceunovale.com.br\/portal\/index.php?rest_route=%2Fwp%2Fv2%2Ftags&post=194785"}],"curies":[{"name":"wp","href":"https:\/\/api.w.org\/{rel}","templated":true}]}}