{"id":194778,"date":"2025-01-07T19:46:14","date_gmt":"2025-01-07T22:46:14","guid":{"rendered":"https:\/\/aconteceunovale.com.br\/portal\/?p=194778"},"modified":"2026-09-02T12:47:00","modified_gmt":"2026-09-02T15:47:00","slug":"diamantina-situacao-do-abastecimento","status":"publish","type":"post","link":"https:\/\/aconteceunovale.com.br\/portal\/?p=194778","title":{"rendered":"Diamantina &#8211; situa\u00e7\u00e3o do abastecimento\u00a0"},"content":{"rendered":"\n<p class=\"wp-block-paragraph\">A Copasa informa que, devido \u00e0 necessidade de manuten\u00e7\u00e3o emergencial, o abastecimento de \u00e1gua nos bairros<strong>&nbsp;Bom Jesus, Arraial dos Forros, Bela Vista, Bicame, Casas Populares, Dos Garimpeiros, Largo Dom Jo\u00e3o, Pedra Grande, Presidente, Sagrado Cora\u00e7\u00e3o, Vila Oper\u00e1ria, Vila Santa Izabel<\/strong>, da cidade de&nbsp;<strong>Diamantina<\/strong>,&nbsp;poder\u00e1 apresentar intermit\u00eancias nesta ter\u00e7a-feira (07\/01).<\/p>\n\n\n\n<p class=\"wp-block-paragraph\">A previs\u00e3o \u00e9 que o fornecimento de \u00e1gua seja normalizado, de forma gradativa, no decorrer da noite de quarta-feira (08\/01).<\/p>\n\n\n\n<p class=\"wp-block-paragraph\"><strong>A Companhia destaca que, nesses casos, os im\u00f3veis que possuem caixas d&#8217;\u00e1gua podem n\u00e3o sofrer impactos.<\/strong><\/p>\n","protected":false},"excerpt":{"rendered":"<p>A Copasa informa que, devido \u00e0 necessidade de manuten\u00e7\u00e3o emergencial, o abastecimento de \u00e1gua nos bairros&nbsp;Bom Jesus, Arraial dos Forros, Bela Vista, Bicame, Casas Populares, Dos Garimpeiros, Largo Dom Jo\u00e3o, Pedra Grande, Presidente, Sagrado Cora\u00e7\u00e3o, Vila Oper\u00e1ria, Vila Santa Izabel, da cidade de&nbsp;Diamantina,&nbsp;poder\u00e1 apresentar intermit\u00eancias nesta ter\u00e7a-feira (07\/01). A previs\u00e3o \u00e9 que o fornecimento de [&hellip;]<\/p>\n","protected":false},"author":4,"featured_media":194779,"comment_status":"open","ping_status":"closed","sticky":false,"template":"","format":"standard","meta":{"amp_status":"","footnotes":""},"categories":[272543,155260,120],"tags":[209365,209367,198,269051,269050],"class_list":["post-194778","post","type-post","status-publish","format-standard","has-post-thumbnail","hentry","category-diamantina","category-editais","category-jequi","tag-abastecimento-de-agua-em-diamantina","tag-copasa-diamantina","tag-diamantina","tag-fornecimento-de-agua-em-diamantina","tag-situacao-do-abastecimento-de-agua-em-diamantina"],"yoast_head":"<!-- This site is optimized with the Yoast SEO plugin v28.3 - https:\/\/yoast.com\/product\/yoast-seo-wordpress\/ -->\n<title>Diamantina - situa\u00e7\u00e3o do abastecimento\u00a0 - Aconteceu no Vale<\/title>\n<meta name=\"robots\" content=\"index, follow, max-snippet:-1, max-image-preview:large, max-video-preview:-1\" \/>\n<link rel=\"canonical\" href=\"https:\/\/aconteceunovale.com.br\/portal\/?p=194778\" \/>\n<meta property=\"og:locale\" content=\"pt_BR\" \/>\n<meta property=\"og:type\" content=\"article\" \/>\n<meta property=\"og:title\" content=\"Diamantina - situa\u00e7\u00e3o do abastecimento\u00a0 - Aconteceu no Vale\" \/>\n<meta property=\"og:description\" content=\"A Copasa informa que, devido \u00e0 necessidade de manuten\u00e7\u00e3o emergencial, o abastecimento de \u00e1gua nos bairros&nbsp;Bom Jesus, Arraial dos Forros, Bela Vista, Bicame, Casas Populares, Dos Garimpeiros, Largo Dom Jo\u00e3o, Pedra Grande, Presidente, Sagrado Cora\u00e7\u00e3o, Vila Oper\u00e1ria, Vila Santa Izabel, da cidade de&nbsp;Diamantina,&nbsp;poder\u00e1 apresentar intermit\u00eancias nesta ter\u00e7a-feira (07\/01). A previs\u00e3o \u00e9 que o fornecimento de [&hellip;]\" \/>\n<meta property=\"og:url\" content=\"https:\/\/aconteceunovale.com.br\/portal\/?p=194778\" \/>\n<meta property=\"og:site_name\" content=\"Aconteceu no Vale\" \/>\n<meta property=\"article:publisher\" content=\"https:\/\/www.facebook.com\/aconteceunovale\/\" \/>\n<meta property=\"article:published_time\" content=\"2025-01-07T22:46:14+00:00\" \/>\n<meta property=\"article:modified_time\" content=\"2026-09-02T15:47:00+00:00\" \/>\n<meta property=\"og:image\" content=\"https:\/\/aconteceunovale.com.br\/portal\/wp-content\/uploads\/2025\/01\/copasa.png\" \/>\n\t<meta property=\"og:image:width\" content=\"678\" \/>\n\t<meta property=\"og:image:height\" content=\"349\" \/>\n\t<meta property=\"og:image:type\" content=\"image\/png\" \/>\n<meta name=\"author\" content=\"Reda\u00e7\u00e3o Aconteceu no Vale\" \/>\n<meta name=\"twitter:card\" content=\"summary_large_image\" \/>\n<meta name=\"twitter:creator\" content=\"@noticiadosvales\" \/>\n<meta name=\"twitter:site\" content=\"@noticiadosvales\" \/>\n<meta name=\"twitter:label1\" content=\"Escrito por\" \/>\n\t<meta name=\"twitter:data1\" content=\"Reda\u00e7\u00e3o Aconteceu no Vale\" \/>\n<script type=\"application\/ld+json\" class=\"yoast-schema-graph\">{\"@context\":\"https:\\\/\\\/schema.org\",\"@graph\":[{\"@type\":\"Article\",\"@id\":\"https:\\\/\\\/aconteceunovale.com.br\\\/portal\\\/?p=194778#article\",\"isPartOf\":{\"@id\":\"https:\\\/\\\/aconteceunovale.com.br\\\/portal\\\/?p=194778\"},\"author\":{\"name\":\"Reda\u00e7\u00e3o Aconteceu no Vale\",\"@id\":\"https:\\\/\\\/aconteceunovale.com.br\\\/portal\\\/#\\\/schema\\\/person\\\/7d2f26d1483f8a63de73da1ee0754d35\"},\"headline\":\"Diamantina &#8211; situa\u00e7\u00e3o do abastecimento\u00a0\",\"datePublished\":\"2025-01-07T22:46:14+00:00\",\"dateModified\":\"2026-09-02T15:47:00+00:00\",\"mainEntityOfPage\":{\"@id\":\"https:\\\/\\\/aconteceunovale.com.br\\\/portal\\\/?p=194778\"},\"wordCount\":102,\"commentCount\":0,\"image\":{\"@id\":\"https:\\\/\\\/aconteceunovale.com.br\\\/portal\\\/?p=194778#primaryimage\"},\"thumbnailUrl\":\"https:\\\/\\\/aconteceunovale.com.br\\\/portal\\\/wp-content\\\/uploads\\\/2025\\\/01\\\/copasa.png\",\"keywords\":[\"Abastecimento de \u00e1gua em Diamantina\",\"Copasa Diamantina\",\"Diamantina\",\"Fornecimento de \u00e1gua em Diamantina\",\"Situa\u00e7\u00e3o do Abastecimento de \u00e1gua em Diamantina\"],\"articleSection\":[\"Diamantina\",\"Editais\",\"Vale do Jequitinhonha\"],\"inLanguage\":\"pt-BR\",\"potentialAction\":[{\"@type\":\"CommentAction\",\"name\":\"Comment\",\"target\":[\"https:\\\/\\\/aconteceunovale.com.br\\\/portal\\\/?p=194778#respond\"]}]},{\"@type\":\"WebPage\",\"@id\":\"https:\\\/\\\/aconteceunovale.com.br\\\/portal\\\/?p=194778\",\"url\":\"https:\\\/\\\/aconteceunovale.com.br\\\/portal\\\/?p=194778\",\"name\":\"Diamantina - situa\u00e7\u00e3o do abastecimento\u00a0 - Aconteceu no Vale\",\"isPartOf\":{\"@id\":\"https:\\\/\\\/aconteceunovale.com.br\\\/portal\\\/#website\"},\"primaryImageOfPage\":{\"@id\":\"https:\\\/\\\/aconteceunovale.com.br\\\/portal\\\/?p=194778#primaryimage\"},\"image\":{\"@id\":\"https:\\\/\\\/aconteceunovale.com.br\\\/portal\\\/?p=194778#primaryimage\"},\"thumbnailUrl\":\"https:\\\/\\\/aconteceunovale.com.br\\\/portal\\\/wp-content\\\/uploads\\\/2025\\\/01\\\/copasa.png\",\"datePublished\":\"2025-01-07T22:46:14+00:00\",\"dateModified\":\"2026-09-02T15:47:00+00:00\",\"author\":{\"@id\":\"https:\\\/\\\/aconteceunovale.com.br\\\/portal\\\/#\\\/schema\\\/person\\\/7d2f26d1483f8a63de73da1ee0754d35\"},\"breadcrumb\":{\"@id\":\"https:\\\/\\\/aconteceunovale.com.br\\\/portal\\\/?p=194778#breadcrumb\"},\"inLanguage\":\"pt-BR\",\"potentialAction\":[{\"@type\":\"ReadAction\",\"target\":[\"https:\\\/\\\/aconteceunovale.com.br\\\/portal\\\/?p=194778\"]}]},{\"@type\":\"ImageObject\",\"inLanguage\":\"pt-BR\",\"@id\":\"https:\\\/\\\/aconteceunovale.com.br\\\/portal\\\/?p=194778#primaryimage\",\"url\":\"https:\\\/\\\/aconteceunovale.com.br\\\/portal\\\/wp-content\\\/uploads\\\/2025\\\/01\\\/copasa.png\",\"contentUrl\":\"https:\\\/\\\/aconteceunovale.com.br\\\/portal\\\/wp-content\\\/uploads\\\/2025\\\/01\\\/copasa.png\",\"width\":678,\"height\":349},{\"@type\":\"BreadcrumbList\",\"@id\":\"https:\\\/\\\/aconteceunovale.com.br\\\/portal\\\/?p=194778#breadcrumb\",\"itemListElement\":[{\"@type\":\"ListItem\",\"position\":1,\"name\":\"In\u00edcio\",\"item\":\"https:\\\/\\\/aconteceunovale.com.br\\\/portal\\\/\"},{\"@type\":\"ListItem\",\"position\":2,\"name\":\"Diamantina &#8211; situa\u00e7\u00e3o do abastecimento\u00a0\"}]},{\"@type\":\"WebSite\",\"@id\":\"https:\\\/\\\/aconteceunovale.com.br\\\/portal\\\/#website\",\"url\":\"https:\\\/\\\/aconteceunovale.com.br\\\/portal\\\/\",\"name\":\"Aconteceu no Vale\",\"description\":\"Portal de Not\u00edcias\",\"potentialAction\":[{\"@type\":\"SearchAction\",\"target\":{\"@type\":\"EntryPoint\",\"urlTemplate\":\"https:\\\/\\\/aconteceunovale.com.br\\\/portal\\\/?s={search_term_string}\"},\"query-input\":{\"@type\":\"PropertyValueSpecification\",\"valueRequired\":true,\"valueName\":\"search_term_string\"}}],\"inLanguage\":\"pt-BR\"},{\"@type\":\"Person\",\"@id\":\"https:\\\/\\\/aconteceunovale.com.br\\\/portal\\\/#\\\/schema\\\/person\\\/7d2f26d1483f8a63de73da1ee0754d35\",\"name\":\"Reda\u00e7\u00e3o Aconteceu no Vale\",\"description\":\"Equipe de reportagem do Aconteceu no Vale, portal de not\u00edcias do Vale do Jequitinhonha, em Minas Gerais. Cobrimos as 51 cidades do Vale desde 2013. Sugest\u00f5es de pauta e pedidos de corre\u00e7\u00e3o: contato@aconteceunovale.com.br\",\"url\":\"https:\\\/\\\/aconteceunovale.com.br\\\/portal\\\/?author=4\"}]}<\/script>\n<!-- \/ Yoast SEO plugin. -->","yoast_head_json":{"title":"Diamantina - situa\u00e7\u00e3o do abastecimento\u00a0 - Aconteceu no Vale","robots":{"index":"index","follow":"follow","max-snippet":"max-snippet:-1","max-image-preview":"max-image-preview:large","max-video-preview":"max-video-preview:-1"},"canonical":"https:\/\/aconteceunovale.com.br\/portal\/?p=194778","og_locale":"pt_BR","og_type":"article","og_title":"Diamantina - situa\u00e7\u00e3o do abastecimento\u00a0 - Aconteceu no Vale","og_description":"A Copasa informa que, devido \u00e0 necessidade de manuten\u00e7\u00e3o emergencial, o abastecimento de \u00e1gua nos bairros&nbsp;Bom Jesus, Arraial dos Forros, Bela Vista, Bicame, Casas Populares, Dos Garimpeiros, Largo Dom Jo\u00e3o, Pedra Grande, Presidente, Sagrado Cora\u00e7\u00e3o, Vila Oper\u00e1ria, Vila Santa Izabel, da cidade de&nbsp;Diamantina,&nbsp;poder\u00e1 apresentar intermit\u00eancias nesta ter\u00e7a-feira (07\/01). A previs\u00e3o \u00e9 que o fornecimento de [&hellip;]","og_url":"https:\/\/aconteceunovale.com.br\/portal\/?p=194778","og_site_name":"Aconteceu no Vale","article_publisher":"https:\/\/www.facebook.com\/aconteceunovale\/","article_published_time":"2025-01-07T22:46:14+00:00","article_modified_time":"2026-09-02T15:47:00+00:00","og_image":[{"width":678,"height":349,"url":"https:\/\/aconteceunovale.com.br\/portal\/wp-content\/uploads\/2025\/01\/copasa.png","type":"image\/png"}],"author":"Reda\u00e7\u00e3o Aconteceu no Vale","twitter_card":"summary_large_image","twitter_creator":"@noticiadosvales","twitter_site":"@noticiadosvales","twitter_misc":{"Escrito por":"Reda\u00e7\u00e3o Aconteceu no Vale"},"schema":{"@context":"https:\/\/schema.org","@graph":[{"@type":"Article","@id":"https:\/\/aconteceunovale.com.br\/portal\/?p=194778#article","isPartOf":{"@id":"https:\/\/aconteceunovale.com.br\/portal\/?p=194778"},"author":{"name":"Reda\u00e7\u00e3o Aconteceu no Vale","@id":"https:\/\/aconteceunovale.com.br\/portal\/#\/schema\/person\/7d2f26d1483f8a63de73da1ee0754d35"},"headline":"Diamantina &#8211; situa\u00e7\u00e3o do abastecimento\u00a0","datePublished":"2025-01-07T22:46:14+00:00","dateModified":"2026-09-02T15:47:00+00:00","mainEntityOfPage":{"@id":"https:\/\/aconteceunovale.com.br\/portal\/?p=194778"},"wordCount":102,"commentCount":0,"image":{"@id":"https:\/\/aconteceunovale.com.br\/portal\/?p=194778#primaryimage"},"thumbnailUrl":"https:\/\/aconteceunovale.com.br\/portal\/wp-content\/uploads\/2025\/01\/copasa.png","keywords":["Abastecimento de \u00e1gua em Diamantina","Copasa Diamantina","Diamantina","Fornecimento de \u00e1gua em Diamantina","Situa\u00e7\u00e3o do Abastecimento de \u00e1gua em Diamantina"],"articleSection":["Diamantina","Editais","Vale do Jequitinhonha"],"inLanguage":"pt-BR","potentialAction":[{"@type":"CommentAction","name":"Comment","target":["https:\/\/aconteceunovale.com.br\/portal\/?p=194778#respond"]}]},{"@type":"WebPage","@id":"https:\/\/aconteceunovale.com.br\/portal\/?p=194778","url":"https:\/\/aconteceunovale.com.br\/portal\/?p=194778","name":"Diamantina - situa\u00e7\u00e3o do abastecimento\u00a0 - Aconteceu no Vale","isPartOf":{"@id":"https:\/\/aconteceunovale.com.br\/portal\/#website"},"primaryImageOfPage":{"@id":"https:\/\/aconteceunovale.com.br\/portal\/?p=194778#primaryimage"},"image":{"@id":"https:\/\/aconteceunovale.com.br\/portal\/?p=194778#primaryimage"},"thumbnailUrl":"https:\/\/aconteceunovale.com.br\/portal\/wp-content\/uploads\/2025\/01\/copasa.png","datePublished":"2025-01-07T22:46:14+00:00","dateModified":"2026-09-02T15:47:00+00:00","author":{"@id":"https:\/\/aconteceunovale.com.br\/portal\/#\/schema\/person\/7d2f26d1483f8a63de73da1ee0754d35"},"breadcrumb":{"@id":"https:\/\/aconteceunovale.com.br\/portal\/?p=194778#breadcrumb"},"inLanguage":"pt-BR","potentialAction":[{"@type":"ReadAction","target":["https:\/\/aconteceunovale.com.br\/portal\/?p=194778"]}]},{"@type":"ImageObject","inLanguage":"pt-BR","@id":"https:\/\/aconteceunovale.com.br\/portal\/?p=194778#primaryimage","url":"https:\/\/aconteceunovale.com.br\/portal\/wp-content\/uploads\/2025\/01\/copasa.png","contentUrl":"https:\/\/aconteceunovale.com.br\/portal\/wp-content\/uploads\/2025\/01\/copasa.png","width":678,"height":349},{"@type":"BreadcrumbList","@id":"https:\/\/aconteceunovale.com.br\/portal\/?p=194778#breadcrumb","itemListElement":[{"@type":"ListItem","position":1,"name":"In\u00edcio","item":"https:\/\/aconteceunovale.com.br\/portal\/"},{"@type":"ListItem","position":2,"name":"Diamantina &#8211; situa\u00e7\u00e3o do abastecimento\u00a0"}]},{"@type":"WebSite","@id":"https:\/\/aconteceunovale.com.br\/portal\/#website","url":"https:\/\/aconteceunovale.com.br\/portal\/","name":"Aconteceu no Vale","description":"Portal de Not\u00edcias","potentialAction":[{"@type":"SearchAction","target":{"@type":"EntryPoint","urlTemplate":"https:\/\/aconteceunovale.com.br\/portal\/?s={search_term_string}"},"query-input":{"@type":"PropertyValueSpecification","valueRequired":true,"valueName":"search_term_string"}}],"inLanguage":"pt-BR"},{"@type":"Person","@id":"https:\/\/aconteceunovale.com.br\/portal\/#\/schema\/person\/7d2f26d1483f8a63de73da1ee0754d35","name":"Reda\u00e7\u00e3o Aconteceu no Vale","description":"Equipe de reportagem do Aconteceu no Vale, portal de not\u00edcias do Vale do Jequitinhonha, em Minas Gerais. Cobrimos as 51 cidades do Vale desde 2013. Sugest\u00f5es de pauta e pedidos de corre\u00e7\u00e3o: contato@aconteceunovale.com.br","url":"https:\/\/aconteceunovale.com.br\/portal\/?author=4"}]}},"_links":{"self":[{"href":"https:\/\/aconteceunovale.com.br\/portal\/index.php?rest_route=\/wp\/v2\/posts\/194778","targetHints":{"allow":["GET"]}}],"collection":[{"href":"https:\/\/aconteceunovale.com.br\/portal\/index.php?rest_route=\/wp\/v2\/posts"}],"about":[{"href":"https:\/\/aconteceunovale.com.br\/portal\/index.php?rest_route=\/wp\/v2\/types\/post"}],"author":[{"embeddable":true,"href":"https:\/\/aconteceunovale.com.br\/portal\/index.php?rest_route=\/wp\/v2\/users\/4"}],"replies":[{"embeddable":true,"href":"https:\/\/aconteceunovale.com.br\/portal\/index.php?rest_route=%2Fwp%2Fv2%2Fcomments&post=194778"}],"version-history":[{"count":1,"href":"https:\/\/aconteceunovale.com.br\/portal\/index.php?rest_route=\/wp\/v2\/posts\/194778\/revisions"}],"predecessor-version":[{"id":194780,"href":"https:\/\/aconteceunovale.com.br\/portal\/index.php?rest_route=\/wp\/v2\/posts\/194778\/revisions\/194780"}],"wp:featuredmedia":[{"embeddable":true,"href":"https:\/\/aconteceunovale.com.br\/portal\/index.php?rest_route=\/wp\/v2\/media\/194779"}],"wp:attachment":[{"href":"https:\/\/aconteceunovale.com.br\/portal\/index.php?rest_route=%2Fwp%2Fv2%2Fmedia&parent=194778"}],"wp:term":[{"taxonomy":"category","embeddable":true,"href":"https:\/\/aconteceunovale.com.br\/portal\/index.php?rest_route=%2Fwp%2Fv2%2Fcategories&post=194778"},{"taxonomy":"post_tag","embeddable":true,"href":"https:\/\/aconteceunovale.com.br\/portal\/index.php?rest_route=%2Fwp%2Fv2%2Ftags&post=194778"}],"curies":[{"name":"wp","href":"https:\/\/api.w.org\/{rel}","templated":true}]}}