{"id":194770,"date":"2025-01-08T11:48:34","date_gmt":"2025-01-08T14:48:34","guid":{"rendered":"https:\/\/aconteceunovale.com.br\/portal\/?p=194770"},"modified":"2025-01-08T12:37:25","modified_gmt":"2025-01-08T15:37:25","slug":"prazo-para-confirmacao-de-matriculas-na-rede-estadual-de-ensino-termina-nesta-sexta","status":"publish","type":"post","link":"https:\/\/aconteceunovale.com.br\/portal\/?p=194770","title":{"rendered":"Prazo para confirma\u00e7\u00e3o de matr\u00edculas na rede estadual de ensino termina nesta sexta"},"content":{"rendered":"\n<p class=\"wp-block-paragraph\">O prazo para confirma\u00e7\u00e3o das matr\u00edculas do Cadastro Escolar 2025 est\u00e1 chegando ao fim. Os inscritos no Sistema \u00danico de Cadastro e Encaminhamento para Matr\u00edcula (Sucem) devem comparecer \u00e0 institui\u00e7\u00e3o designada da rede estadual de ensino at\u00e9 a pr\u00f3xima sexta-feira, 10 de janeiro, para garantir a vaga.<\/p>\n\n\n\n<figure class=\"wp-block-gallery has-nested-images columns-default is-cropped wp-block-gallery-1 is-layout-flex wp-block-gallery-is-layout-flex\">\n<figure class=\"wp-block-image size-large\"><img loading=\"lazy\" decoding=\"async\" width=\"678\" height=\"381\" data-id=\"194771\" src=\"https:\/\/aconteceunovale.com.br\/portal\/wp-content\/uploads\/2025\/01\/cadastro_escolar.png\" alt=\"\" class=\"wp-image-194771\" srcset=\"https:\/\/aconteceunovale.com.br\/portal\/wp-content\/uploads\/2025\/01\/cadastro_escolar.png 678w, https:\/\/aconteceunovale.com.br\/portal\/wp-content\/uploads\/2025\/01\/cadastro_escolar-300x169.png 300w\" sizes=\"auto, (max-width: 678px) 100vw, 678px\" \/><\/figure>\n<\/figure>\n\n\n\n<p class=\"wp-block-paragraph\">O resultado da aloca\u00e7\u00e3o de vagas foi divulgado em 4 de dezembro de 2024. Os interessados podem consultar a escola de encaminhamento por meio do <a href=\"https:\/\/cadastroescolar.educacao.mg.gov.br\/\" target=\"_blank\" rel=\"noreferrer noopener\">site oficial do Cadastro Escolar<\/a>. A subsecret\u00e1ria de Articula\u00e7\u00e3o Educacional, Cl\u00e1udia Lara, enfatizou a import\u00e2ncia do cumprimento do prazo. \u201c\u00c9 fundamental que todos os pais ou estudantes acessem o site do Cadastro Escolar para confirmar a escola \u00e0 qual foram encaminhados antes de realizar a matr\u00edcula. Caso um estudante n\u00e3o cumpra esse prazo, perder\u00e1 a oportunidade de garantir uma vaga pr\u00f3xima de sua resid\u00eancia, que foi destinada a ele\u201d, alertou.<\/p>\n\n\n\n<h3 class=\"wp-block-heading\">Documenta\u00e7\u00e3o necess\u00e1ria<\/h3>\n\n\n\n<p class=\"wp-block-paragraph\">Para confirmar a matr\u00edcula, \u00e9 necess\u00e1rio apresentar os seguintes documentos, conforme a Resolu\u00e7\u00e3o SEE N\u00ba 5.058\/2024:<\/p>\n\n\n\n<ul class=\"wp-block-list\">\n<li>Documento de identidade ou equivalente (Certid\u00e3o de Nascimento\/Casamento) \u2013 original e c\u00f3pia;<\/li>\n\n\n\n<li>CPF \u2013 original e c\u00f3pia;<\/li>\n\n\n\n<li>Comprovante de resid\u00eancia em nome do respons\u00e1vel ou do estudante, se maior de idade;<\/li>\n\n\n\n<li>Hist\u00f3rico escolar ou declara\u00e7\u00e3o de transfer\u00eancia, para candidatos a partir do 2\u00ba ano do Ensino Fundamental, indicando o ano de escolaridade a ser cursado em 2025;<\/li>\n\n\n\n<li>Hist\u00f3rico escolar ou declara\u00e7\u00e3o de conclus\u00e3o do Ensino M\u00e9dio, para candidatos ao curso t\u00e9cnico subsequente;<\/li>\n\n\n\n<li>Hist\u00f3rico escolar ou declara\u00e7\u00e3o de escolaridade, comprovando matr\u00edcula no Ensino M\u00e9dio, para candidatos ao curso t\u00e9cnico concomitante;<\/li>\n\n\n\n<li>Cart\u00e3o da Crian\u00e7a atualizado ou caderneta de sa\u00fade atualizada (para estudantes de at\u00e9 10 anos) \u2013 original e c\u00f3pia.<\/li>\n<\/ul>\n\n\n\n<p class=\"wp-block-paragraph\">As secretarias das escolas estaduais est\u00e3o abertas para atendimento de segunda a sexta-feira, das 8h \u00e0s 17h. No caso de estudantes alocados em escolas municipais, \u00e9 necess\u00e1rio observar os prazos e orienta\u00e7\u00f5es da Secretaria Municipal de Educa\u00e7\u00e3o de cada cidade.<\/p>\n\n\n\n<h3 class=\"wp-block-heading\">Vagas remanescentes<\/h3>\n\n\n\n<p class=\"wp-block-paragraph\">Os estudantes que perderam o prazo de inscri\u00e7\u00e3o inicial, realizado entre outubro e novembro de 2024, poder\u00e3o tentar uma vaga entre os dias 21 e 31 de janeiro de 2025, diretamente no site do Cadastro Escolar. O encaminhamento depender\u00e1 da disponibilidade de vagas nas escolas pr\u00f3ximas ao endere\u00e7o informado.<\/p>\n\n\n\n<h3 class=\"wp-block-heading\">In\u00edcio do ano letivo<\/h3>\n\n\n\n<p class=\"wp-block-paragraph\">De acordo com a Resolu\u00e7\u00e3o SEE N\u00ba 5.056\/2024, publicada em outubro, o ano letivo de 2025 na rede estadual de ensino ter\u00e1 in\u00edcio no dia 10 de fevereiro. As atividades escolares ocorrer\u00e3o em mais de 3.400 escolas estaduais de Minas Gerais.<\/p>\n\n\n\n<p class=\"wp-block-paragraph\">Para mais informa\u00e7\u00f5es, os interessados devem acessar o site do Cadastro Escolar ou procurar a secretaria da escola designada.<\/p>\n","protected":false},"excerpt":{"rendered":"<p>O prazo para confirma\u00e7\u00e3o das matr\u00edculas do Cadastro Escolar 2025 est\u00e1 chegando ao fim. Os inscritos no Sistema \u00danico de Cadastro e Encaminhamento para Matr\u00edcula (Sucem) devem comparecer \u00e0 institui\u00e7\u00e3o designada da rede estadual de ensino at\u00e9 a pr\u00f3xima sexta-feira, 10 de janeiro, para garantir a vaga. O resultado da aloca\u00e7\u00e3o de vagas foi divulgado [&hellip;]<\/p>\n","protected":false},"author":4,"featured_media":194771,"comment_status":"open","ping_status":"closed","sticky":false,"template":"","format":"standard","meta":{"amp_status":"","footnotes":""},"categories":[40238,123],"tags":[269044,269042,1018,84362,269043,269041],"class_list":["post-194770","post","type-post","status-publish","format-standard","has-post-thumbnail","hentry","category-educacao-2","category-gerais","tag-cadastro-escolar-minas-gerais","tag-confirmacao-de-matricula","tag-destaque","tag-educacao-minas-gerais","tag-matricula-em-escolas-de-minas-gerais","tag-prazo-para-confirmacao-de-matriculas-na-rede-estadual-de-ensino-termina-nesta-sexta"],"yoast_head":"<!-- This site is optimized with the Yoast SEO plugin v28.3 - https:\/\/yoast.com\/product\/yoast-seo-wordpress\/ -->\n<title>Prazo para confirma\u00e7\u00e3o de matr\u00edculas na rede estadual de ensino termina nesta sexta - Aconteceu no Vale<\/title>\n<meta name=\"robots\" content=\"index, follow, max-snippet:-1, max-image-preview:large, max-video-preview:-1\" \/>\n<link rel=\"canonical\" href=\"https:\/\/aconteceunovale.com.br\/portal\/?p=194770\" \/>\n<meta property=\"og:locale\" content=\"pt_BR\" \/>\n<meta property=\"og:type\" content=\"article\" \/>\n<meta property=\"og:title\" content=\"Prazo para confirma\u00e7\u00e3o de matr\u00edculas na rede estadual de ensino termina nesta sexta - Aconteceu no Vale\" \/>\n<meta property=\"og:description\" content=\"O prazo para confirma\u00e7\u00e3o das matr\u00edculas do Cadastro Escolar 2025 est\u00e1 chegando ao fim. Os inscritos no Sistema \u00danico de Cadastro e Encaminhamento para Matr\u00edcula (Sucem) devem comparecer \u00e0 institui\u00e7\u00e3o designada da rede estadual de ensino at\u00e9 a pr\u00f3xima sexta-feira, 10 de janeiro, para garantir a vaga. O resultado da aloca\u00e7\u00e3o de vagas foi divulgado [&hellip;]\" \/>\n<meta property=\"og:url\" content=\"https:\/\/aconteceunovale.com.br\/portal\/?p=194770\" \/>\n<meta property=\"og:site_name\" content=\"Aconteceu no Vale\" \/>\n<meta property=\"article:publisher\" content=\"https:\/\/www.facebook.com\/aconteceunovale\/\" \/>\n<meta property=\"article:published_time\" content=\"2025-01-08T14:48:34+00:00\" \/>\n<meta property=\"article:modified_time\" content=\"2025-01-08T15:37:25+00:00\" \/>\n<meta property=\"og:image\" content=\"https:\/\/aconteceunovale.com.br\/portal\/wp-content\/uploads\/2025\/01\/cadastro_escolar.png\" \/>\n\t<meta property=\"og:image:width\" content=\"678\" \/>\n\t<meta property=\"og:image:height\" content=\"381\" \/>\n\t<meta property=\"og:image:type\" content=\"image\/png\" \/>\n<meta name=\"author\" content=\"Reda\u00e7\u00e3o Aconteceu no Vale\" \/>\n<meta name=\"twitter:card\" content=\"summary_large_image\" \/>\n<meta name=\"twitter:creator\" content=\"@noticiadosvales\" \/>\n<meta name=\"twitter:site\" content=\"@noticiadosvales\" \/>\n<meta name=\"twitter:label1\" content=\"Escrito por\" \/>\n\t<meta name=\"twitter:data1\" content=\"Reda\u00e7\u00e3o Aconteceu no Vale\" \/>\n\t<meta name=\"twitter:label2\" content=\"Est. tempo de leitura\" \/>\n\t<meta name=\"twitter:data2\" content=\"2 minutos\" \/>\n<script type=\"application\/ld+json\" class=\"yoast-schema-graph\">{\"@context\":\"https:\\\/\\\/schema.org\",\"@graph\":[{\"@type\":\"Article\",\"@id\":\"https:\\\/\\\/aconteceunovale.com.br\\\/portal\\\/?p=194770#article\",\"isPartOf\":{\"@id\":\"https:\\\/\\\/aconteceunovale.com.br\\\/portal\\\/?p=194770\"},\"author\":{\"name\":\"Reda\u00e7\u00e3o Aconteceu no Vale\",\"@id\":\"https:\\\/\\\/aconteceunovale.com.br\\\/portal\\\/#\\\/schema\\\/person\\\/7d2f26d1483f8a63de73da1ee0754d35\"},\"headline\":\"Prazo para confirma\u00e7\u00e3o de matr\u00edculas na rede estadual de ensino termina nesta sexta\",\"datePublished\":\"2025-01-08T14:48:34+00:00\",\"dateModified\":\"2025-01-08T15:37:25+00:00\",\"mainEntityOfPage\":{\"@id\":\"https:\\\/\\\/aconteceunovale.com.br\\\/portal\\\/?p=194770\"},\"wordCount\":469,\"commentCount\":0,\"image\":{\"@id\":\"https:\\\/\\\/aconteceunovale.com.br\\\/portal\\\/?p=194770#primaryimage\"},\"thumbnailUrl\":\"https:\\\/\\\/aconteceunovale.com.br\\\/portal\\\/wp-content\\\/uploads\\\/2025\\\/01\\\/cadastro_escolar.png\",\"keywords\":[\"Cadastro escolar Minas Gerais\",\"Confirma\u00e7\u00e3o de matr\u00edcula\",\"destaque\",\"educa\u00e7\u00e3o minas gerais\",\"Matr\u00edcula em escolas de Minas Gerais\",\"Prazo para confirma\u00e7\u00e3o de matr\u00edculas na rede estadual de ensino termina nesta sexta\"],\"articleSection\":[\"Educa\u00e7\u00e3o\",\"Minas Gerais\"],\"inLanguage\":\"pt-BR\",\"potentialAction\":[{\"@type\":\"CommentAction\",\"name\":\"Comment\",\"target\":[\"https:\\\/\\\/aconteceunovale.com.br\\\/portal\\\/?p=194770#respond\"]}]},{\"@type\":\"WebPage\",\"@id\":\"https:\\\/\\\/aconteceunovale.com.br\\\/portal\\\/?p=194770\",\"url\":\"https:\\\/\\\/aconteceunovale.com.br\\\/portal\\\/?p=194770\",\"name\":\"Prazo para confirma\u00e7\u00e3o de matr\u00edculas na rede estadual de ensino termina nesta sexta - Aconteceu no Vale\",\"isPartOf\":{\"@id\":\"https:\\\/\\\/aconteceunovale.com.br\\\/portal\\\/#website\"},\"primaryImageOfPage\":{\"@id\":\"https:\\\/\\\/aconteceunovale.com.br\\\/portal\\\/?p=194770#primaryimage\"},\"image\":{\"@id\":\"https:\\\/\\\/aconteceunovale.com.br\\\/portal\\\/?p=194770#primaryimage\"},\"thumbnailUrl\":\"https:\\\/\\\/aconteceunovale.com.br\\\/portal\\\/wp-content\\\/uploads\\\/2025\\\/01\\\/cadastro_escolar.png\",\"datePublished\":\"2025-01-08T14:48:34+00:00\",\"dateModified\":\"2025-01-08T15:37:25+00:00\",\"author\":{\"@id\":\"https:\\\/\\\/aconteceunovale.com.br\\\/portal\\\/#\\\/schema\\\/person\\\/7d2f26d1483f8a63de73da1ee0754d35\"},\"breadcrumb\":{\"@id\":\"https:\\\/\\\/aconteceunovale.com.br\\\/portal\\\/?p=194770#breadcrumb\"},\"inLanguage\":\"pt-BR\",\"potentialAction\":[{\"@type\":\"ReadAction\",\"target\":[\"https:\\\/\\\/aconteceunovale.com.br\\\/portal\\\/?p=194770\"]}]},{\"@type\":\"ImageObject\",\"inLanguage\":\"pt-BR\",\"@id\":\"https:\\\/\\\/aconteceunovale.com.br\\\/portal\\\/?p=194770#primaryimage\",\"url\":\"https:\\\/\\\/aconteceunovale.com.br\\\/portal\\\/wp-content\\\/uploads\\\/2025\\\/01\\\/cadastro_escolar.png\",\"contentUrl\":\"https:\\\/\\\/aconteceunovale.com.br\\\/portal\\\/wp-content\\\/uploads\\\/2025\\\/01\\\/cadastro_escolar.png\",\"width\":678,\"height\":381},{\"@type\":\"BreadcrumbList\",\"@id\":\"https:\\\/\\\/aconteceunovale.com.br\\\/portal\\\/?p=194770#breadcrumb\",\"itemListElement\":[{\"@type\":\"ListItem\",\"position\":1,\"name\":\"In\u00edcio\",\"item\":\"https:\\\/\\\/aconteceunovale.com.br\\\/portal\\\/\"},{\"@type\":\"ListItem\",\"position\":2,\"name\":\"Prazo para confirma\u00e7\u00e3o de matr\u00edculas na rede estadual de ensino termina nesta sexta\"}]},{\"@type\":\"WebSite\",\"@id\":\"https:\\\/\\\/aconteceunovale.com.br\\\/portal\\\/#website\",\"url\":\"https:\\\/\\\/aconteceunovale.com.br\\\/portal\\\/\",\"name\":\"Aconteceu no Vale\",\"description\":\"Portal de Not\u00edcias\",\"potentialAction\":[{\"@type\":\"SearchAction\",\"target\":{\"@type\":\"EntryPoint\",\"urlTemplate\":\"https:\\\/\\\/aconteceunovale.com.br\\\/portal\\\/?s={search_term_string}\"},\"query-input\":{\"@type\":\"PropertyValueSpecification\",\"valueRequired\":true,\"valueName\":\"search_term_string\"}}],\"inLanguage\":\"pt-BR\"},{\"@type\":\"Person\",\"@id\":\"https:\\\/\\\/aconteceunovale.com.br\\\/portal\\\/#\\\/schema\\\/person\\\/7d2f26d1483f8a63de73da1ee0754d35\",\"name\":\"Reda\u00e7\u00e3o Aconteceu no Vale\",\"description\":\"Equipe de reportagem do Aconteceu no Vale, portal de not\u00edcias do Vale do Jequitinhonha, em Minas Gerais. Cobrimos as 51 cidades do Vale desde 2013. Sugest\u00f5es de pauta e pedidos de corre\u00e7\u00e3o: contato@aconteceunovale.com.br\",\"url\":\"https:\\\/\\\/aconteceunovale.com.br\\\/portal\\\/?author=4\"}]}<\/script>\n<!-- \/ Yoast SEO plugin. -->","yoast_head_json":{"title":"Prazo para confirma\u00e7\u00e3o de matr\u00edculas na rede estadual de ensino termina nesta sexta - Aconteceu no Vale","robots":{"index":"index","follow":"follow","max-snippet":"max-snippet:-1","max-image-preview":"max-image-preview:large","max-video-preview":"max-video-preview:-1"},"canonical":"https:\/\/aconteceunovale.com.br\/portal\/?p=194770","og_locale":"pt_BR","og_type":"article","og_title":"Prazo para confirma\u00e7\u00e3o de matr\u00edculas na rede estadual de ensino termina nesta sexta - Aconteceu no Vale","og_description":"O prazo para confirma\u00e7\u00e3o das matr\u00edculas do Cadastro Escolar 2025 est\u00e1 chegando ao fim. Os inscritos no Sistema \u00danico de Cadastro e Encaminhamento para Matr\u00edcula (Sucem) devem comparecer \u00e0 institui\u00e7\u00e3o designada da rede estadual de ensino at\u00e9 a pr\u00f3xima sexta-feira, 10 de janeiro, para garantir a vaga. O resultado da aloca\u00e7\u00e3o de vagas foi divulgado [&hellip;]","og_url":"https:\/\/aconteceunovale.com.br\/portal\/?p=194770","og_site_name":"Aconteceu no Vale","article_publisher":"https:\/\/www.facebook.com\/aconteceunovale\/","article_published_time":"2025-01-08T14:48:34+00:00","article_modified_time":"2025-01-08T15:37:25+00:00","og_image":[{"width":678,"height":381,"url":"https:\/\/aconteceunovale.com.br\/portal\/wp-content\/uploads\/2025\/01\/cadastro_escolar.png","type":"image\/png"}],"author":"Reda\u00e7\u00e3o Aconteceu no Vale","twitter_card":"summary_large_image","twitter_creator":"@noticiadosvales","twitter_site":"@noticiadosvales","twitter_misc":{"Escrito por":"Reda\u00e7\u00e3o Aconteceu no Vale","Est. tempo de leitura":"2 minutos"},"schema":{"@context":"https:\/\/schema.org","@graph":[{"@type":"Article","@id":"https:\/\/aconteceunovale.com.br\/portal\/?p=194770#article","isPartOf":{"@id":"https:\/\/aconteceunovale.com.br\/portal\/?p=194770"},"author":{"name":"Reda\u00e7\u00e3o Aconteceu no Vale","@id":"https:\/\/aconteceunovale.com.br\/portal\/#\/schema\/person\/7d2f26d1483f8a63de73da1ee0754d35"},"headline":"Prazo para confirma\u00e7\u00e3o de matr\u00edculas na rede estadual de ensino termina nesta sexta","datePublished":"2025-01-08T14:48:34+00:00","dateModified":"2025-01-08T15:37:25+00:00","mainEntityOfPage":{"@id":"https:\/\/aconteceunovale.com.br\/portal\/?p=194770"},"wordCount":469,"commentCount":0,"image":{"@id":"https:\/\/aconteceunovale.com.br\/portal\/?p=194770#primaryimage"},"thumbnailUrl":"https:\/\/aconteceunovale.com.br\/portal\/wp-content\/uploads\/2025\/01\/cadastro_escolar.png","keywords":["Cadastro escolar Minas Gerais","Confirma\u00e7\u00e3o de matr\u00edcula","destaque","educa\u00e7\u00e3o minas gerais","Matr\u00edcula em escolas de Minas Gerais","Prazo para confirma\u00e7\u00e3o de matr\u00edculas na rede estadual de ensino termina nesta sexta"],"articleSection":["Educa\u00e7\u00e3o","Minas Gerais"],"inLanguage":"pt-BR","potentialAction":[{"@type":"CommentAction","name":"Comment","target":["https:\/\/aconteceunovale.com.br\/portal\/?p=194770#respond"]}]},{"@type":"WebPage","@id":"https:\/\/aconteceunovale.com.br\/portal\/?p=194770","url":"https:\/\/aconteceunovale.com.br\/portal\/?p=194770","name":"Prazo para confirma\u00e7\u00e3o de matr\u00edculas na rede estadual de ensino termina nesta sexta - Aconteceu no Vale","isPartOf":{"@id":"https:\/\/aconteceunovale.com.br\/portal\/#website"},"primaryImageOfPage":{"@id":"https:\/\/aconteceunovale.com.br\/portal\/?p=194770#primaryimage"},"image":{"@id":"https:\/\/aconteceunovale.com.br\/portal\/?p=194770#primaryimage"},"thumbnailUrl":"https:\/\/aconteceunovale.com.br\/portal\/wp-content\/uploads\/2025\/01\/cadastro_escolar.png","datePublished":"2025-01-08T14:48:34+00:00","dateModified":"2025-01-08T15:37:25+00:00","author":{"@id":"https:\/\/aconteceunovale.com.br\/portal\/#\/schema\/person\/7d2f26d1483f8a63de73da1ee0754d35"},"breadcrumb":{"@id":"https:\/\/aconteceunovale.com.br\/portal\/?p=194770#breadcrumb"},"inLanguage":"pt-BR","potentialAction":[{"@type":"ReadAction","target":["https:\/\/aconteceunovale.com.br\/portal\/?p=194770"]}]},{"@type":"ImageObject","inLanguage":"pt-BR","@id":"https:\/\/aconteceunovale.com.br\/portal\/?p=194770#primaryimage","url":"https:\/\/aconteceunovale.com.br\/portal\/wp-content\/uploads\/2025\/01\/cadastro_escolar.png","contentUrl":"https:\/\/aconteceunovale.com.br\/portal\/wp-content\/uploads\/2025\/01\/cadastro_escolar.png","width":678,"height":381},{"@type":"BreadcrumbList","@id":"https:\/\/aconteceunovale.com.br\/portal\/?p=194770#breadcrumb","itemListElement":[{"@type":"ListItem","position":1,"name":"In\u00edcio","item":"https:\/\/aconteceunovale.com.br\/portal\/"},{"@type":"ListItem","position":2,"name":"Prazo para confirma\u00e7\u00e3o de matr\u00edculas na rede estadual de ensino termina nesta sexta"}]},{"@type":"WebSite","@id":"https:\/\/aconteceunovale.com.br\/portal\/#website","url":"https:\/\/aconteceunovale.com.br\/portal\/","name":"Aconteceu no Vale","description":"Portal de Not\u00edcias","potentialAction":[{"@type":"SearchAction","target":{"@type":"EntryPoint","urlTemplate":"https:\/\/aconteceunovale.com.br\/portal\/?s={search_term_string}"},"query-input":{"@type":"PropertyValueSpecification","valueRequired":true,"valueName":"search_term_string"}}],"inLanguage":"pt-BR"},{"@type":"Person","@id":"https:\/\/aconteceunovale.com.br\/portal\/#\/schema\/person\/7d2f26d1483f8a63de73da1ee0754d35","name":"Reda\u00e7\u00e3o Aconteceu no Vale","description":"Equipe de reportagem do Aconteceu no Vale, portal de not\u00edcias do Vale do Jequitinhonha, em Minas Gerais. Cobrimos as 51 cidades do Vale desde 2013. Sugest\u00f5es de pauta e pedidos de corre\u00e7\u00e3o: contato@aconteceunovale.com.br","url":"https:\/\/aconteceunovale.com.br\/portal\/?author=4"}]}},"_links":{"self":[{"href":"https:\/\/aconteceunovale.com.br\/portal\/index.php?rest_route=\/wp\/v2\/posts\/194770","targetHints":{"allow":["GET"]}}],"collection":[{"href":"https:\/\/aconteceunovale.com.br\/portal\/index.php?rest_route=\/wp\/v2\/posts"}],"about":[{"href":"https:\/\/aconteceunovale.com.br\/portal\/index.php?rest_route=\/wp\/v2\/types\/post"}],"author":[{"embeddable":true,"href":"https:\/\/aconteceunovale.com.br\/portal\/index.php?rest_route=\/wp\/v2\/users\/4"}],"replies":[{"embeddable":true,"href":"https:\/\/aconteceunovale.com.br\/portal\/index.php?rest_route=%2Fwp%2Fv2%2Fcomments&post=194770"}],"version-history":[{"count":2,"href":"https:\/\/aconteceunovale.com.br\/portal\/index.php?rest_route=\/wp\/v2\/posts\/194770\/revisions"}],"predecessor-version":[{"id":194773,"href":"https:\/\/aconteceunovale.com.br\/portal\/index.php?rest_route=\/wp\/v2\/posts\/194770\/revisions\/194773"}],"wp:featuredmedia":[{"embeddable":true,"href":"https:\/\/aconteceunovale.com.br\/portal\/index.php?rest_route=\/wp\/v2\/media\/194771"}],"wp:attachment":[{"href":"https:\/\/aconteceunovale.com.br\/portal\/index.php?rest_route=%2Fwp%2Fv2%2Fmedia&parent=194770"}],"wp:term":[{"taxonomy":"category","embeddable":true,"href":"https:\/\/aconteceunovale.com.br\/portal\/index.php?rest_route=%2Fwp%2Fv2%2Fcategories&post=194770"},{"taxonomy":"post_tag","embeddable":true,"href":"https:\/\/aconteceunovale.com.br\/portal\/index.php?rest_route=%2Fwp%2Fv2%2Ftags&post=194770"}],"curies":[{"name":"wp","href":"https:\/\/api.w.org\/{rel}","templated":true}]}}