{"id":194767,"date":"2025-01-07T21:55:05","date_gmt":"2025-01-08T00:55:05","guid":{"rendered":"https:\/\/aconteceunovale.com.br\/portal\/?p=194767"},"modified":"2025-01-07T21:55:37","modified_gmt":"2025-01-08T00:55:37","slug":"homem-e-preso-por-cultivar-maconha-no-quintal-de-casa-em-varzea-da-palma-no-norte-de-minas","status":"publish","type":"post","link":"https:\/\/aconteceunovale.com.br\/portal\/?p=194767","title":{"rendered":"Homem \u00e9 preso por cultivar maconha no quintal de casa em V\u00e1rzea da Palma, no Norte de Minas"},"content":{"rendered":"\n<p class=\"wp-block-paragraph\">Um homem foi preso em flagrante nesta ter\u00e7a-feira (7\/1\/2025), em V\u00e1rzea da Palma, no Norte de Minas, ap\u00f3s a Pol\u00edcia Militar encontrar 40 p\u00e9s de maconha no quintal de sua resid\u00eancia, localizada no bairro Pilar.<\/p>\n\n\n\n<figure class=\"wp-block-gallery has-nested-images columns-default is-cropped wp-block-gallery-1 is-layout-flex wp-block-gallery-is-layout-flex\">\n<figure class=\"wp-block-image size-large\"><img loading=\"lazy\" decoding=\"async\" width=\"678\" height=\"432\" data-id=\"194768\" src=\"https:\/\/aconteceunovale.com.br\/portal\/wp-content\/uploads\/2025\/01\/maconha_varzea_1.png\" alt=\"\" class=\"wp-image-194768\" srcset=\"https:\/\/aconteceunovale.com.br\/portal\/wp-content\/uploads\/2025\/01\/maconha_varzea_1.png 678w, https:\/\/aconteceunovale.com.br\/portal\/wp-content\/uploads\/2025\/01\/maconha_varzea_1-300x191.png 300w, https:\/\/aconteceunovale.com.br\/portal\/wp-content\/uploads\/2025\/01\/maconha_varzea_1-659x420.png 659w\" sizes=\"auto, (max-width: 678px) 100vw, 678px\" \/><figcaption class=\"wp-element-caption\"><em>Foto: Divulga\u00e7\u00e3o \/ Pol\u00edcia Militar<\/em><\/figcaption><\/figure>\n<\/figure>\n\n\n\n<p class=\"wp-block-paragraph\">De acordo com a PM, a a\u00e7\u00e3o ocorreu ap\u00f3s den\u00fancias de que o morador estaria cultivando a planta no local. Ao chegarem \u00e0 casa, os policiais foram atendidos pelo suspeito, que afirmou morar sozinho e permitiu a entrada da equipe.<\/p>\n\n\n\n<p class=\"wp-block-paragraph\">Nos fundos do im\u00f3vel, em uma \u00e1rea cercada, foram encontrados p\u00e9s de maconha de tamanhos variados. O homem admitiu ser o respons\u00e1vel pelo cultivo, explicando que as plantas maiores haviam sido plantadas h\u00e1 dois meses e que ele mesmo fazia as mudas. Ele tamb\u00e9m detalhou o processo de cultivo, incluindo t\u00e9cnicas de aduba\u00e7\u00e3o.<\/p>\n\n\n\n<p class=\"wp-block-paragraph\">O suspeito foi preso em flagrante por tr\u00e1fico de drogas e encaminhado \u00e0 delegacia da Pol\u00edcia Civil, onde permanecer\u00e1 \u00e0 disposi\u00e7\u00e3o da Justi\u00e7a. As plantas foram apreendidas e transportadas para a mesma unidade policial.<\/p>\n","protected":false},"excerpt":{"rendered":"<p>Um homem foi preso em flagrante nesta ter\u00e7a-feira (7\/1\/2025), em V\u00e1rzea da Palma, no Norte de Minas, ap\u00f3s a Pol\u00edcia Militar encontrar 40 p\u00e9s de maconha no quintal de sua resid\u00eancia, localizada no bairro Pilar. De acordo com a PM, a a\u00e7\u00e3o ocorreu ap\u00f3s den\u00fancias de que o morador estaria cultivando a planta no local. [&hellip;]<\/p>\n","protected":false},"author":4,"featured_media":194768,"comment_status":"open","ping_status":"closed","sticky":false,"template":"","format":"standard","meta":{"amp_status":"","footnotes":""},"categories":[1236],"tags":[269039,269038,1018,269037,269040,72855,1340],"class_list":["post-194767","post","type-post","status-publish","format-standard","has-post-thumbnail","hentry","category-norte_de_minas","tag-apreensao-de-pes-de-maconha-em-varzea-da-palma","tag-cultivo-de-maconha-em-varzea-da-palma","tag-destaque","tag-homem-e-preso-por-cultivar-maconha-no-quintal-de-casa-em-varzea-da-palma","tag-plantacao-de-maconha-varzea-da-palma","tag-preso-em-varzea-da-palma","tag-varzea-da-palma"],"yoast_head":"<!-- This site is optimized with the Yoast SEO plugin v28.3 - https:\/\/yoast.com\/product\/yoast-seo-wordpress\/ -->\n<title>Homem \u00e9 preso por cultivar maconha no quintal de casa em V\u00e1rzea da Palma, no Norte de Minas - Aconteceu no Vale<\/title>\n<meta name=\"robots\" content=\"index, follow, max-snippet:-1, max-image-preview:large, max-video-preview:-1\" \/>\n<link rel=\"canonical\" href=\"https:\/\/aconteceunovale.com.br\/portal\/?p=194767\" \/>\n<meta property=\"og:locale\" content=\"pt_BR\" \/>\n<meta property=\"og:type\" content=\"article\" \/>\n<meta property=\"og:title\" content=\"Homem \u00e9 preso por cultivar maconha no quintal de casa em V\u00e1rzea da Palma, no Norte de Minas - Aconteceu no Vale\" \/>\n<meta property=\"og:description\" content=\"Um homem foi preso em flagrante nesta ter\u00e7a-feira (7\/1\/2025), em V\u00e1rzea da Palma, no Norte de Minas, ap\u00f3s a Pol\u00edcia Militar encontrar 40 p\u00e9s de maconha no quintal de sua resid\u00eancia, localizada no bairro Pilar. De acordo com a PM, a a\u00e7\u00e3o ocorreu ap\u00f3s den\u00fancias de que o morador estaria cultivando a planta no local. [&hellip;]\" \/>\n<meta property=\"og:url\" content=\"https:\/\/aconteceunovale.com.br\/portal\/?p=194767\" \/>\n<meta property=\"og:site_name\" content=\"Aconteceu no Vale\" \/>\n<meta property=\"article:publisher\" content=\"https:\/\/www.facebook.com\/aconteceunovale\/\" \/>\n<meta property=\"article:published_time\" content=\"2025-01-08T00:55:05+00:00\" \/>\n<meta property=\"article:modified_time\" content=\"2025-01-08T00:55:37+00:00\" \/>\n<meta property=\"og:image\" content=\"https:\/\/aconteceunovale.com.br\/portal\/wp-content\/uploads\/2025\/01\/maconha_varzea_1.png\" \/>\n\t<meta property=\"og:image:width\" content=\"678\" \/>\n\t<meta property=\"og:image:height\" content=\"432\" \/>\n\t<meta property=\"og:image:type\" content=\"image\/png\" \/>\n<meta name=\"author\" content=\"Reda\u00e7\u00e3o Aconteceu no Vale\" \/>\n<meta name=\"twitter:card\" content=\"summary_large_image\" \/>\n<meta name=\"twitter:creator\" content=\"@noticiadosvales\" \/>\n<meta name=\"twitter:site\" content=\"@noticiadosvales\" \/>\n<meta name=\"twitter:label1\" content=\"Escrito por\" \/>\n\t<meta name=\"twitter:data1\" content=\"Reda\u00e7\u00e3o Aconteceu no Vale\" \/>\n\t<meta name=\"twitter:label2\" content=\"Est. tempo de leitura\" \/>\n\t<meta name=\"twitter:data2\" content=\"1 minuto\" \/>\n<script type=\"application\/ld+json\" class=\"yoast-schema-graph\">{\"@context\":\"https:\\\/\\\/schema.org\",\"@graph\":[{\"@type\":\"Article\",\"@id\":\"https:\\\/\\\/aconteceunovale.com.br\\\/portal\\\/?p=194767#article\",\"isPartOf\":{\"@id\":\"https:\\\/\\\/aconteceunovale.com.br\\\/portal\\\/?p=194767\"},\"author\":{\"name\":\"Reda\u00e7\u00e3o Aconteceu no Vale\",\"@id\":\"https:\\\/\\\/aconteceunovale.com.br\\\/portal\\\/#\\\/schema\\\/person\\\/7d2f26d1483f8a63de73da1ee0754d35\"},\"headline\":\"Homem \u00e9 preso por cultivar maconha no quintal de casa em V\u00e1rzea da Palma, no Norte de Minas\",\"datePublished\":\"2025-01-08T00:55:05+00:00\",\"dateModified\":\"2025-01-08T00:55:37+00:00\",\"mainEntityOfPage\":{\"@id\":\"https:\\\/\\\/aconteceunovale.com.br\\\/portal\\\/?p=194767\"},\"wordCount\":200,\"commentCount\":0,\"image\":{\"@id\":\"https:\\\/\\\/aconteceunovale.com.br\\\/portal\\\/?p=194767#primaryimage\"},\"thumbnailUrl\":\"https:\\\/\\\/aconteceunovale.com.br\\\/portal\\\/wp-content\\\/uploads\\\/2025\\\/01\\\/maconha_varzea_1.png\",\"keywords\":[\"Apreens\u00e3o de p\u00e9s de maconha em V\u00e1rzea da Palma\",\"Cultivo de maconha em V\u00e1rzea da Palma\",\"destaque\",\"Homem \u00e9 preso por cultivar maconha no quintal de casa em V\u00e1rzea da Palma\",\"Planta\u00e7\u00e3o de maconha V\u00e1rzea da Palma\",\"Preso em V\u00e1rzea da Palma\",\"v\u00e1rzea da palma\"],\"articleSection\":[\"Norte de Minas\"],\"inLanguage\":\"pt-BR\",\"potentialAction\":[{\"@type\":\"CommentAction\",\"name\":\"Comment\",\"target\":[\"https:\\\/\\\/aconteceunovale.com.br\\\/portal\\\/?p=194767#respond\"]}]},{\"@type\":\"WebPage\",\"@id\":\"https:\\\/\\\/aconteceunovale.com.br\\\/portal\\\/?p=194767\",\"url\":\"https:\\\/\\\/aconteceunovale.com.br\\\/portal\\\/?p=194767\",\"name\":\"Homem \u00e9 preso por cultivar maconha no quintal de casa em V\u00e1rzea da Palma, no Norte de Minas - Aconteceu no Vale\",\"isPartOf\":{\"@id\":\"https:\\\/\\\/aconteceunovale.com.br\\\/portal\\\/#website\"},\"primaryImageOfPage\":{\"@id\":\"https:\\\/\\\/aconteceunovale.com.br\\\/portal\\\/?p=194767#primaryimage\"},\"image\":{\"@id\":\"https:\\\/\\\/aconteceunovale.com.br\\\/portal\\\/?p=194767#primaryimage\"},\"thumbnailUrl\":\"https:\\\/\\\/aconteceunovale.com.br\\\/portal\\\/wp-content\\\/uploads\\\/2025\\\/01\\\/maconha_varzea_1.png\",\"datePublished\":\"2025-01-08T00:55:05+00:00\",\"dateModified\":\"2025-01-08T00:55:37+00:00\",\"author\":{\"@id\":\"https:\\\/\\\/aconteceunovale.com.br\\\/portal\\\/#\\\/schema\\\/person\\\/7d2f26d1483f8a63de73da1ee0754d35\"},\"breadcrumb\":{\"@id\":\"https:\\\/\\\/aconteceunovale.com.br\\\/portal\\\/?p=194767#breadcrumb\"},\"inLanguage\":\"pt-BR\",\"potentialAction\":[{\"@type\":\"ReadAction\",\"target\":[\"https:\\\/\\\/aconteceunovale.com.br\\\/portal\\\/?p=194767\"]}]},{\"@type\":\"ImageObject\",\"inLanguage\":\"pt-BR\",\"@id\":\"https:\\\/\\\/aconteceunovale.com.br\\\/portal\\\/?p=194767#primaryimage\",\"url\":\"https:\\\/\\\/aconteceunovale.com.br\\\/portal\\\/wp-content\\\/uploads\\\/2025\\\/01\\\/maconha_varzea_1.png\",\"contentUrl\":\"https:\\\/\\\/aconteceunovale.com.br\\\/portal\\\/wp-content\\\/uploads\\\/2025\\\/01\\\/maconha_varzea_1.png\",\"width\":678,\"height\":432,\"caption\":\"Foto: Divulga\u00e7\u00e3o \\\/ Pol\u00edcia Militar\"},{\"@type\":\"BreadcrumbList\",\"@id\":\"https:\\\/\\\/aconteceunovale.com.br\\\/portal\\\/?p=194767#breadcrumb\",\"itemListElement\":[{\"@type\":\"ListItem\",\"position\":1,\"name\":\"In\u00edcio\",\"item\":\"https:\\\/\\\/aconteceunovale.com.br\\\/portal\\\/\"},{\"@type\":\"ListItem\",\"position\":2,\"name\":\"Homem \u00e9 preso por cultivar maconha no quintal de casa em V\u00e1rzea da Palma, no Norte de Minas\"}]},{\"@type\":\"WebSite\",\"@id\":\"https:\\\/\\\/aconteceunovale.com.br\\\/portal\\\/#website\",\"url\":\"https:\\\/\\\/aconteceunovale.com.br\\\/portal\\\/\",\"name\":\"Aconteceu no Vale\",\"description\":\"Portal de Not\u00edcias\",\"potentialAction\":[{\"@type\":\"SearchAction\",\"target\":{\"@type\":\"EntryPoint\",\"urlTemplate\":\"https:\\\/\\\/aconteceunovale.com.br\\\/portal\\\/?s={search_term_string}\"},\"query-input\":{\"@type\":\"PropertyValueSpecification\",\"valueRequired\":true,\"valueName\":\"search_term_string\"}}],\"inLanguage\":\"pt-BR\"},{\"@type\":\"Person\",\"@id\":\"https:\\\/\\\/aconteceunovale.com.br\\\/portal\\\/#\\\/schema\\\/person\\\/7d2f26d1483f8a63de73da1ee0754d35\",\"name\":\"Reda\u00e7\u00e3o Aconteceu no Vale\",\"description\":\"Equipe de reportagem do Aconteceu no Vale, portal de not\u00edcias do Vale do Jequitinhonha, em Minas Gerais. Cobrimos as 51 cidades do Vale desde 2013. Sugest\u00f5es de pauta e pedidos de corre\u00e7\u00e3o: contato@aconteceunovale.com.br\",\"url\":\"https:\\\/\\\/aconteceunovale.com.br\\\/portal\\\/?author=4\"}]}<\/script>\n<!-- \/ Yoast SEO plugin. -->","yoast_head_json":{"title":"Homem \u00e9 preso por cultivar maconha no quintal de casa em V\u00e1rzea da Palma, no Norte de Minas - Aconteceu no Vale","robots":{"index":"index","follow":"follow","max-snippet":"max-snippet:-1","max-image-preview":"max-image-preview:large","max-video-preview":"max-video-preview:-1"},"canonical":"https:\/\/aconteceunovale.com.br\/portal\/?p=194767","og_locale":"pt_BR","og_type":"article","og_title":"Homem \u00e9 preso por cultivar maconha no quintal de casa em V\u00e1rzea da Palma, no Norte de Minas - Aconteceu no Vale","og_description":"Um homem foi preso em flagrante nesta ter\u00e7a-feira (7\/1\/2025), em V\u00e1rzea da Palma, no Norte de Minas, ap\u00f3s a Pol\u00edcia Militar encontrar 40 p\u00e9s de maconha no quintal de sua resid\u00eancia, localizada no bairro Pilar. De acordo com a PM, a a\u00e7\u00e3o ocorreu ap\u00f3s den\u00fancias de que o morador estaria cultivando a planta no local. [&hellip;]","og_url":"https:\/\/aconteceunovale.com.br\/portal\/?p=194767","og_site_name":"Aconteceu no Vale","article_publisher":"https:\/\/www.facebook.com\/aconteceunovale\/","article_published_time":"2025-01-08T00:55:05+00:00","article_modified_time":"2025-01-08T00:55:37+00:00","og_image":[{"width":678,"height":432,"url":"https:\/\/aconteceunovale.com.br\/portal\/wp-content\/uploads\/2025\/01\/maconha_varzea_1.png","type":"image\/png"}],"author":"Reda\u00e7\u00e3o Aconteceu no Vale","twitter_card":"summary_large_image","twitter_creator":"@noticiadosvales","twitter_site":"@noticiadosvales","twitter_misc":{"Escrito por":"Reda\u00e7\u00e3o Aconteceu no Vale","Est. tempo de leitura":"1 minuto"},"schema":{"@context":"https:\/\/schema.org","@graph":[{"@type":"Article","@id":"https:\/\/aconteceunovale.com.br\/portal\/?p=194767#article","isPartOf":{"@id":"https:\/\/aconteceunovale.com.br\/portal\/?p=194767"},"author":{"name":"Reda\u00e7\u00e3o Aconteceu no Vale","@id":"https:\/\/aconteceunovale.com.br\/portal\/#\/schema\/person\/7d2f26d1483f8a63de73da1ee0754d35"},"headline":"Homem \u00e9 preso por cultivar maconha no quintal de casa em V\u00e1rzea da Palma, no Norte de Minas","datePublished":"2025-01-08T00:55:05+00:00","dateModified":"2025-01-08T00:55:37+00:00","mainEntityOfPage":{"@id":"https:\/\/aconteceunovale.com.br\/portal\/?p=194767"},"wordCount":200,"commentCount":0,"image":{"@id":"https:\/\/aconteceunovale.com.br\/portal\/?p=194767#primaryimage"},"thumbnailUrl":"https:\/\/aconteceunovale.com.br\/portal\/wp-content\/uploads\/2025\/01\/maconha_varzea_1.png","keywords":["Apreens\u00e3o de p\u00e9s de maconha em V\u00e1rzea da Palma","Cultivo de maconha em V\u00e1rzea da Palma","destaque","Homem \u00e9 preso por cultivar maconha no quintal de casa em V\u00e1rzea da Palma","Planta\u00e7\u00e3o de maconha V\u00e1rzea da Palma","Preso em V\u00e1rzea da Palma","v\u00e1rzea da palma"],"articleSection":["Norte de Minas"],"inLanguage":"pt-BR","potentialAction":[{"@type":"CommentAction","name":"Comment","target":["https:\/\/aconteceunovale.com.br\/portal\/?p=194767#respond"]}]},{"@type":"WebPage","@id":"https:\/\/aconteceunovale.com.br\/portal\/?p=194767","url":"https:\/\/aconteceunovale.com.br\/portal\/?p=194767","name":"Homem \u00e9 preso por cultivar maconha no quintal de casa em V\u00e1rzea da Palma, no Norte de Minas - Aconteceu no Vale","isPartOf":{"@id":"https:\/\/aconteceunovale.com.br\/portal\/#website"},"primaryImageOfPage":{"@id":"https:\/\/aconteceunovale.com.br\/portal\/?p=194767#primaryimage"},"image":{"@id":"https:\/\/aconteceunovale.com.br\/portal\/?p=194767#primaryimage"},"thumbnailUrl":"https:\/\/aconteceunovale.com.br\/portal\/wp-content\/uploads\/2025\/01\/maconha_varzea_1.png","datePublished":"2025-01-08T00:55:05+00:00","dateModified":"2025-01-08T00:55:37+00:00","author":{"@id":"https:\/\/aconteceunovale.com.br\/portal\/#\/schema\/person\/7d2f26d1483f8a63de73da1ee0754d35"},"breadcrumb":{"@id":"https:\/\/aconteceunovale.com.br\/portal\/?p=194767#breadcrumb"},"inLanguage":"pt-BR","potentialAction":[{"@type":"ReadAction","target":["https:\/\/aconteceunovale.com.br\/portal\/?p=194767"]}]},{"@type":"ImageObject","inLanguage":"pt-BR","@id":"https:\/\/aconteceunovale.com.br\/portal\/?p=194767#primaryimage","url":"https:\/\/aconteceunovale.com.br\/portal\/wp-content\/uploads\/2025\/01\/maconha_varzea_1.png","contentUrl":"https:\/\/aconteceunovale.com.br\/portal\/wp-content\/uploads\/2025\/01\/maconha_varzea_1.png","width":678,"height":432,"caption":"Foto: Divulga\u00e7\u00e3o \/ Pol\u00edcia Militar"},{"@type":"BreadcrumbList","@id":"https:\/\/aconteceunovale.com.br\/portal\/?p=194767#breadcrumb","itemListElement":[{"@type":"ListItem","position":1,"name":"In\u00edcio","item":"https:\/\/aconteceunovale.com.br\/portal\/"},{"@type":"ListItem","position":2,"name":"Homem \u00e9 preso por cultivar maconha no quintal de casa em V\u00e1rzea da Palma, no Norte de Minas"}]},{"@type":"WebSite","@id":"https:\/\/aconteceunovale.com.br\/portal\/#website","url":"https:\/\/aconteceunovale.com.br\/portal\/","name":"Aconteceu no Vale","description":"Portal de Not\u00edcias","potentialAction":[{"@type":"SearchAction","target":{"@type":"EntryPoint","urlTemplate":"https:\/\/aconteceunovale.com.br\/portal\/?s={search_term_string}"},"query-input":{"@type":"PropertyValueSpecification","valueRequired":true,"valueName":"search_term_string"}}],"inLanguage":"pt-BR"},{"@type":"Person","@id":"https:\/\/aconteceunovale.com.br\/portal\/#\/schema\/person\/7d2f26d1483f8a63de73da1ee0754d35","name":"Reda\u00e7\u00e3o Aconteceu no Vale","description":"Equipe de reportagem do Aconteceu no Vale, portal de not\u00edcias do Vale do Jequitinhonha, em Minas Gerais. Cobrimos as 51 cidades do Vale desde 2013. Sugest\u00f5es de pauta e pedidos de corre\u00e7\u00e3o: contato@aconteceunovale.com.br","url":"https:\/\/aconteceunovale.com.br\/portal\/?author=4"}]}},"_links":{"self":[{"href":"https:\/\/aconteceunovale.com.br\/portal\/index.php?rest_route=\/wp\/v2\/posts\/194767","targetHints":{"allow":["GET"]}}],"collection":[{"href":"https:\/\/aconteceunovale.com.br\/portal\/index.php?rest_route=\/wp\/v2\/posts"}],"about":[{"href":"https:\/\/aconteceunovale.com.br\/portal\/index.php?rest_route=\/wp\/v2\/types\/post"}],"author":[{"embeddable":true,"href":"https:\/\/aconteceunovale.com.br\/portal\/index.php?rest_route=\/wp\/v2\/users\/4"}],"replies":[{"embeddable":true,"href":"https:\/\/aconteceunovale.com.br\/portal\/index.php?rest_route=%2Fwp%2Fv2%2Fcomments&post=194767"}],"version-history":[{"count":1,"href":"https:\/\/aconteceunovale.com.br\/portal\/index.php?rest_route=\/wp\/v2\/posts\/194767\/revisions"}],"predecessor-version":[{"id":194769,"href":"https:\/\/aconteceunovale.com.br\/portal\/index.php?rest_route=\/wp\/v2\/posts\/194767\/revisions\/194769"}],"wp:featuredmedia":[{"embeddable":true,"href":"https:\/\/aconteceunovale.com.br\/portal\/index.php?rest_route=\/wp\/v2\/media\/194768"}],"wp:attachment":[{"href":"https:\/\/aconteceunovale.com.br\/portal\/index.php?rest_route=%2Fwp%2Fv2%2Fmedia&parent=194767"}],"wp:term":[{"taxonomy":"category","embeddable":true,"href":"https:\/\/aconteceunovale.com.br\/portal\/index.php?rest_route=%2Fwp%2Fv2%2Fcategories&post=194767"},{"taxonomy":"post_tag","embeddable":true,"href":"https:\/\/aconteceunovale.com.br\/portal\/index.php?rest_route=%2Fwp%2Fv2%2Ftags&post=194767"}],"curies":[{"name":"wp","href":"https:\/\/api.w.org\/{rel}","templated":true}]}}