{"id":194764,"date":"2025-01-07T19:07:36","date_gmt":"2025-01-07T22:07:36","guid":{"rendered":"https:\/\/aconteceunovale.com.br\/portal\/?p=194764"},"modified":"2025-01-07T19:08:44","modified_gmt":"2025-01-07T22:08:44","slug":"policia-civil-conclui-inquerito-sobre-estupro-em-monte-de-oracao","status":"publish","type":"post","link":"https:\/\/aconteceunovale.com.br\/portal\/?p=194764","title":{"rendered":"Pol\u00edcia Civil conclui inqu\u00e9rito sobre estupro em monte de ora\u00e7\u00e3o"},"content":{"rendered":"\n<p class=\"wp-block-paragraph\">A Pol\u00edcia Civil de Minas Gerais (PCMG) concluiu, nesta ter\u00e7a-feira (7\/1), o inqu\u00e9rito que investigou um caso de estupro ocorrido em um monte de ora\u00e7\u00e3o no bairro Buritis, regi\u00e3o Oeste de Belo Horizonte, em dezembro de 2024. O suspeito, um homem de 29 anos, foi preso em flagrante e teve a pris\u00e3o convertida em preventiva.<\/p>\n\n\n\n<figure class=\"wp-block-gallery has-nested-images columns-default is-cropped wp-block-gallery-1 is-layout-flex wp-block-gallery-is-layout-flex\">\n<figure class=\"wp-block-image size-large\"><img loading=\"lazy\" decoding=\"async\" width=\"678\" height=\"423\" data-id=\"194765\" src=\"https:\/\/aconteceunovale.com.br\/portal\/wp-content\/uploads\/2025\/01\/coletiva_pcmg.png\" alt=\"\" class=\"wp-image-194765\" srcset=\"https:\/\/aconteceunovale.com.br\/portal\/wp-content\/uploads\/2025\/01\/coletiva_pcmg.png 678w, https:\/\/aconteceunovale.com.br\/portal\/wp-content\/uploads\/2025\/01\/coletiva_pcmg-300x187.png 300w, https:\/\/aconteceunovale.com.br\/portal\/wp-content\/uploads\/2025\/01\/coletiva_pcmg-673x420.png 673w\" sizes=\"auto, (max-width: 678px) 100vw, 678px\" \/><figcaption class=\"wp-element-caption\"><em>Foto: Divulga\u00e7\u00e3o\/PCMG<\/em><\/figcaption><\/figure>\n<\/figure>\n\n\n\n<h3 class=\"wp-block-heading\">O caso<\/h3>\n\n\n\n<p class=\"wp-block-paragraph\">De acordo com a delegada Larissa Carvalhaes, titular da Delegacia Especializada de Combate \u00e0 Viol\u00eancia Sexual, a v\u00edtima, uma mulher de 52 anos, frequentava regularmente o monte de ora\u00e7\u00e3o. Durante suas ora\u00e7\u00f5es, foi surpreendida pelo agressor, que a abordou de forma violenta, utilizando for\u00e7a f\u00edsica e amea\u00e7as de morte para consumar o estupro.<\/p>\n\n\n\n<p class=\"wp-block-paragraph\">A den\u00fancia foi feita por uma amiga da v\u00edtima, que estava em liga\u00e7\u00e3o telef\u00f4nica com ela no momento do crime e ouviu a agress\u00e3o. A r\u00e1pida a\u00e7\u00e3o da pol\u00edcia resultou na pris\u00e3o do suspeito, encontrado escondido em uma \u00e1rea de mata pr\u00f3xima ao local do crime.<\/p>\n\n\n\n<h3 class=\"wp-block-heading\">Investiga\u00e7\u00e3o<\/h3>\n\n\n\n<p class=\"wp-block-paragraph\">A investiga\u00e7\u00e3o reuniu provas materiais, depoimentos e an\u00e1lises periciais. Vest\u00edgios biol\u00f3gicos encontrados nas roupas da v\u00edtima foram submetidos a exames gen\u00e9ticos, confirmando a autoria do crime.<\/p>\n\n\n\n<p class=\"wp-block-paragraph\">O suspeito, que possui hist\u00f3rico criminal por tr\u00e1fico de drogas, roubo e corrup\u00e7\u00e3o de menores, estava em regime semiaberto no momento do crime. Ele optou por permanecer em sil\u00eancio durante o interrogat\u00f3rio e segue preso.<\/p>\n\n\n\n<h3 class=\"wp-block-heading\">Preven\u00e7\u00e3o e orienta\u00e7\u00f5es<\/h3>\n\n\n\n<p class=\"wp-block-paragraph\">A delegada Renata Ribeiro Fagundes, do Departamento Estadual de Investiga\u00e7\u00e3o, Orienta\u00e7\u00e3o e Prote\u00e7\u00e3o \u00e0 Fam\u00edlia (Defam), refor\u00e7ou a import\u00e2ncia de as v\u00edtimas de viol\u00eancia sexual buscarem atendimento m\u00e9dico imediato, preferencialmente nas primeiras 72 horas ap\u00f3s o crime. Ela tamb\u00e9m destacou a necessidade de preservar roupas e objetos utilizados durante o ocorrido para facilitar a coleta de provas.<\/p>\n\n\n\n<p class=\"wp-block-paragraph\">\u201cTemos uma <strong><a href=\"https:\/\/gerais.defensoria.mg.def.br\/file\/service\/download\/UPLOAD\/4925969c-824b-4cfe-a433-433c851616f2\/publico\" target=\"_blank\" rel=\"noreferrer noopener\">cartilha (clique aqui)<\/a><\/strong> sobre viol\u00eancia sexual com orienta\u00e7\u00f5es importantes para as v\u00edtimas. O trabalho integrado das delegacias especializadas e o suporte m\u00e9dico s\u00e3o fundamentais para garantir justi\u00e7a e acolhimento\u201d, afirmou a delegada.<\/p>\n\n\n\n<h3 class=\"wp-block-heading\">Infraestrutura refor\u00e7ada<\/h3>\n\n\n\n<p class=\"wp-block-paragraph\">Durante a coletiva, foi apresentado o novo pr\u00e9dio do Defam, que agora centraliza as delegacias especializadas da Divis\u00e3o Especializada em Atendimento \u00e0 Mulher, ao Idoso, \u00e0 Pessoa com Defici\u00eancia e V\u00edtimas de Intoler\u00e2ncia (Demid). Localizado na Rua Rio Grande do Sul, 661, no Barro Preto, o espa\u00e7o busca oferecer atendimento mais integrado e humanizado.<\/p>\n\n\n\n<p class=\"wp-block-paragraph\">Outras unidades, como a Delegacia Especializada de Prote\u00e7\u00e3o \u00e0 Crian\u00e7a e ao Adolescente (Depca) e a Casa da Mulher Mineira, continuam funcionando em endere\u00e7os distintos, mas seguem oferecendo suporte especializado \u00e0s v\u00edtimas de viol\u00eancia.<\/p>\n","protected":false},"excerpt":{"rendered":"<p>A Pol\u00edcia Civil de Minas Gerais (PCMG) concluiu, nesta ter\u00e7a-feira (7\/1), o inqu\u00e9rito que investigou um caso de estupro ocorrido em um monte de ora\u00e7\u00e3o no bairro Buritis, regi\u00e3o Oeste de Belo Horizonte, em dezembro de 2024. O suspeito, um homem de 29 anos, foi preso em flagrante e teve a pris\u00e3o convertida em preventiva. [&hellip;]<\/p>\n","protected":false},"author":4,"featured_media":194765,"comment_status":"open","ping_status":"closed","sticky":false,"template":"","format":"standard","meta":{"amp_status":"","footnotes":""},"categories":[123],"tags":[194,1017,269034,269033,269035,604,269032,188716,188715,269036],"class_list":["post-194764","post","type-post","status-publish","format-standard","has-post-thumbnail","hentry","category-gerais","tag-belo-horizonte","tag-bh","tag-estupro-em-monte-de-oracao-em-belo-horizonte","tag-investigacao-de-estupro-em-monte-de-oracao-em-belo-horizonte","tag-larissa-carvalhaes","tag-pcmg","tag-policia-civil-conclui-inquerito-sobre-estupro-em-monte-de-oracao","tag-preso-por-estupro-em-belo-horizonte","tag-preso-por-estupro-em-bh","tag-renata-ribeiro-fagundes"],"yoast_head":"<!-- This site is optimized with the Yoast SEO plugin v28.3 - https:\/\/yoast.com\/product\/yoast-seo-wordpress\/ -->\n<title>Pol\u00edcia Civil conclui inqu\u00e9rito sobre estupro em monte de ora\u00e7\u00e3o - Aconteceu no Vale<\/title>\n<meta name=\"robots\" content=\"index, follow, max-snippet:-1, max-image-preview:large, max-video-preview:-1\" \/>\n<link rel=\"canonical\" href=\"https:\/\/aconteceunovale.com.br\/portal\/?p=194764\" \/>\n<meta property=\"og:locale\" content=\"pt_BR\" \/>\n<meta property=\"og:type\" content=\"article\" \/>\n<meta property=\"og:title\" content=\"Pol\u00edcia Civil conclui inqu\u00e9rito sobre estupro em monte de ora\u00e7\u00e3o - Aconteceu no Vale\" \/>\n<meta property=\"og:description\" content=\"A Pol\u00edcia Civil de Minas Gerais (PCMG) concluiu, nesta ter\u00e7a-feira (7\/1), o inqu\u00e9rito que investigou um caso de estupro ocorrido em um monte de ora\u00e7\u00e3o no bairro Buritis, regi\u00e3o Oeste de Belo Horizonte, em dezembro de 2024. O suspeito, um homem de 29 anos, foi preso em flagrante e teve a pris\u00e3o convertida em preventiva. [&hellip;]\" \/>\n<meta property=\"og:url\" content=\"https:\/\/aconteceunovale.com.br\/portal\/?p=194764\" \/>\n<meta property=\"og:site_name\" content=\"Aconteceu no Vale\" \/>\n<meta property=\"article:publisher\" content=\"https:\/\/www.facebook.com\/aconteceunovale\/\" \/>\n<meta property=\"article:published_time\" content=\"2025-01-07T22:07:36+00:00\" \/>\n<meta property=\"article:modified_time\" content=\"2025-01-07T22:08:44+00:00\" \/>\n<meta property=\"og:image\" content=\"https:\/\/aconteceunovale.com.br\/portal\/wp-content\/uploads\/2025\/01\/coletiva_pcmg.png\" \/>\n\t<meta property=\"og:image:width\" content=\"678\" \/>\n\t<meta property=\"og:image:height\" content=\"423\" \/>\n\t<meta property=\"og:image:type\" content=\"image\/png\" \/>\n<meta name=\"author\" content=\"Reda\u00e7\u00e3o Aconteceu no Vale\" \/>\n<meta name=\"twitter:card\" content=\"summary_large_image\" \/>\n<meta name=\"twitter:creator\" content=\"@noticiadosvales\" \/>\n<meta name=\"twitter:site\" content=\"@noticiadosvales\" \/>\n<meta name=\"twitter:label1\" content=\"Escrito por\" \/>\n\t<meta name=\"twitter:data1\" content=\"Reda\u00e7\u00e3o Aconteceu no Vale\" \/>\n\t<meta name=\"twitter:label2\" content=\"Est. tempo de leitura\" \/>\n\t<meta name=\"twitter:data2\" content=\"2 minutos\" \/>\n<script type=\"application\/ld+json\" class=\"yoast-schema-graph\">{\"@context\":\"https:\\\/\\\/schema.org\",\"@graph\":[{\"@type\":\"Article\",\"@id\":\"https:\\\/\\\/aconteceunovale.com.br\\\/portal\\\/?p=194764#article\",\"isPartOf\":{\"@id\":\"https:\\\/\\\/aconteceunovale.com.br\\\/portal\\\/?p=194764\"},\"author\":{\"name\":\"Reda\u00e7\u00e3o Aconteceu no Vale\",\"@id\":\"https:\\\/\\\/aconteceunovale.com.br\\\/portal\\\/#\\\/schema\\\/person\\\/7d2f26d1483f8a63de73da1ee0754d35\"},\"headline\":\"Pol\u00edcia Civil conclui inqu\u00e9rito sobre estupro em monte de ora\u00e7\u00e3o\",\"datePublished\":\"2025-01-07T22:07:36+00:00\",\"dateModified\":\"2025-01-07T22:08:44+00:00\",\"mainEntityOfPage\":{\"@id\":\"https:\\\/\\\/aconteceunovale.com.br\\\/portal\\\/?p=194764\"},\"wordCount\":474,\"commentCount\":0,\"image\":{\"@id\":\"https:\\\/\\\/aconteceunovale.com.br\\\/portal\\\/?p=194764#primaryimage\"},\"thumbnailUrl\":\"https:\\\/\\\/aconteceunovale.com.br\\\/portal\\\/wp-content\\\/uploads\\\/2025\\\/01\\\/coletiva_pcmg.png\",\"keywords\":[\"Belo Horizonte\",\"bh\",\"Estupro em monte de ora\u00e7\u00e3o em Belo Horizonte\",\"Investiga\u00e7\u00e3o de estupro em monte de ora\u00e7\u00e3o em Belo Horizonte\",\"Larissa Carvalhaes\",\"PCMG\",\"Pol\u00edcia Civil conclui inqu\u00e9rito sobre estupro em monte de ora\u00e7\u00e3o\",\"Preso por estupro em Belo Horizonte\",\"Preso por estupro em BH\",\"Renata Ribeiro Fagundes\"],\"articleSection\":[\"Minas Gerais\"],\"inLanguage\":\"pt-BR\",\"potentialAction\":[{\"@type\":\"CommentAction\",\"name\":\"Comment\",\"target\":[\"https:\\\/\\\/aconteceunovale.com.br\\\/portal\\\/?p=194764#respond\"]}]},{\"@type\":\"WebPage\",\"@id\":\"https:\\\/\\\/aconteceunovale.com.br\\\/portal\\\/?p=194764\",\"url\":\"https:\\\/\\\/aconteceunovale.com.br\\\/portal\\\/?p=194764\",\"name\":\"Pol\u00edcia Civil conclui inqu\u00e9rito sobre estupro em monte de ora\u00e7\u00e3o - Aconteceu no Vale\",\"isPartOf\":{\"@id\":\"https:\\\/\\\/aconteceunovale.com.br\\\/portal\\\/#website\"},\"primaryImageOfPage\":{\"@id\":\"https:\\\/\\\/aconteceunovale.com.br\\\/portal\\\/?p=194764#primaryimage\"},\"image\":{\"@id\":\"https:\\\/\\\/aconteceunovale.com.br\\\/portal\\\/?p=194764#primaryimage\"},\"thumbnailUrl\":\"https:\\\/\\\/aconteceunovale.com.br\\\/portal\\\/wp-content\\\/uploads\\\/2025\\\/01\\\/coletiva_pcmg.png\",\"datePublished\":\"2025-01-07T22:07:36+00:00\",\"dateModified\":\"2025-01-07T22:08:44+00:00\",\"author\":{\"@id\":\"https:\\\/\\\/aconteceunovale.com.br\\\/portal\\\/#\\\/schema\\\/person\\\/7d2f26d1483f8a63de73da1ee0754d35\"},\"breadcrumb\":{\"@id\":\"https:\\\/\\\/aconteceunovale.com.br\\\/portal\\\/?p=194764#breadcrumb\"},\"inLanguage\":\"pt-BR\",\"potentialAction\":[{\"@type\":\"ReadAction\",\"target\":[\"https:\\\/\\\/aconteceunovale.com.br\\\/portal\\\/?p=194764\"]}]},{\"@type\":\"ImageObject\",\"inLanguage\":\"pt-BR\",\"@id\":\"https:\\\/\\\/aconteceunovale.com.br\\\/portal\\\/?p=194764#primaryimage\",\"url\":\"https:\\\/\\\/aconteceunovale.com.br\\\/portal\\\/wp-content\\\/uploads\\\/2025\\\/01\\\/coletiva_pcmg.png\",\"contentUrl\":\"https:\\\/\\\/aconteceunovale.com.br\\\/portal\\\/wp-content\\\/uploads\\\/2025\\\/01\\\/coletiva_pcmg.png\",\"width\":678,\"height\":423,\"caption\":\"Foto: Divulga\u00e7\u00e3o\\\/PCMG\"},{\"@type\":\"BreadcrumbList\",\"@id\":\"https:\\\/\\\/aconteceunovale.com.br\\\/portal\\\/?p=194764#breadcrumb\",\"itemListElement\":[{\"@type\":\"ListItem\",\"position\":1,\"name\":\"In\u00edcio\",\"item\":\"https:\\\/\\\/aconteceunovale.com.br\\\/portal\\\/\"},{\"@type\":\"ListItem\",\"position\":2,\"name\":\"Pol\u00edcia Civil conclui inqu\u00e9rito sobre estupro em monte de ora\u00e7\u00e3o\"}]},{\"@type\":\"WebSite\",\"@id\":\"https:\\\/\\\/aconteceunovale.com.br\\\/portal\\\/#website\",\"url\":\"https:\\\/\\\/aconteceunovale.com.br\\\/portal\\\/\",\"name\":\"Aconteceu no Vale\",\"description\":\"Portal de Not\u00edcias\",\"potentialAction\":[{\"@type\":\"SearchAction\",\"target\":{\"@type\":\"EntryPoint\",\"urlTemplate\":\"https:\\\/\\\/aconteceunovale.com.br\\\/portal\\\/?s={search_term_string}\"},\"query-input\":{\"@type\":\"PropertyValueSpecification\",\"valueRequired\":true,\"valueName\":\"search_term_string\"}}],\"inLanguage\":\"pt-BR\"},{\"@type\":\"Person\",\"@id\":\"https:\\\/\\\/aconteceunovale.com.br\\\/portal\\\/#\\\/schema\\\/person\\\/7d2f26d1483f8a63de73da1ee0754d35\",\"name\":\"Reda\u00e7\u00e3o Aconteceu no Vale\",\"description\":\"Equipe de reportagem do Aconteceu no Vale, portal de not\u00edcias do Vale do Jequitinhonha, em Minas Gerais. Cobrimos as 51 cidades do Vale desde 2013. Sugest\u00f5es de pauta e pedidos de corre\u00e7\u00e3o: contato@aconteceunovale.com.br\",\"url\":\"https:\\\/\\\/aconteceunovale.com.br\\\/portal\\\/?author=4\"}]}<\/script>\n<!-- \/ Yoast SEO plugin. -->","yoast_head_json":{"title":"Pol\u00edcia Civil conclui inqu\u00e9rito sobre estupro em monte de ora\u00e7\u00e3o - Aconteceu no Vale","robots":{"index":"index","follow":"follow","max-snippet":"max-snippet:-1","max-image-preview":"max-image-preview:large","max-video-preview":"max-video-preview:-1"},"canonical":"https:\/\/aconteceunovale.com.br\/portal\/?p=194764","og_locale":"pt_BR","og_type":"article","og_title":"Pol\u00edcia Civil conclui inqu\u00e9rito sobre estupro em monte de ora\u00e7\u00e3o - Aconteceu no Vale","og_description":"A Pol\u00edcia Civil de Minas Gerais (PCMG) concluiu, nesta ter\u00e7a-feira (7\/1), o inqu\u00e9rito que investigou um caso de estupro ocorrido em um monte de ora\u00e7\u00e3o no bairro Buritis, regi\u00e3o Oeste de Belo Horizonte, em dezembro de 2024. O suspeito, um homem de 29 anos, foi preso em flagrante e teve a pris\u00e3o convertida em preventiva. [&hellip;]","og_url":"https:\/\/aconteceunovale.com.br\/portal\/?p=194764","og_site_name":"Aconteceu no Vale","article_publisher":"https:\/\/www.facebook.com\/aconteceunovale\/","article_published_time":"2025-01-07T22:07:36+00:00","article_modified_time":"2025-01-07T22:08:44+00:00","og_image":[{"width":678,"height":423,"url":"https:\/\/aconteceunovale.com.br\/portal\/wp-content\/uploads\/2025\/01\/coletiva_pcmg.png","type":"image\/png"}],"author":"Reda\u00e7\u00e3o Aconteceu no Vale","twitter_card":"summary_large_image","twitter_creator":"@noticiadosvales","twitter_site":"@noticiadosvales","twitter_misc":{"Escrito por":"Reda\u00e7\u00e3o Aconteceu no Vale","Est. tempo de leitura":"2 minutos"},"schema":{"@context":"https:\/\/schema.org","@graph":[{"@type":"Article","@id":"https:\/\/aconteceunovale.com.br\/portal\/?p=194764#article","isPartOf":{"@id":"https:\/\/aconteceunovale.com.br\/portal\/?p=194764"},"author":{"name":"Reda\u00e7\u00e3o Aconteceu no Vale","@id":"https:\/\/aconteceunovale.com.br\/portal\/#\/schema\/person\/7d2f26d1483f8a63de73da1ee0754d35"},"headline":"Pol\u00edcia Civil conclui inqu\u00e9rito sobre estupro em monte de ora\u00e7\u00e3o","datePublished":"2025-01-07T22:07:36+00:00","dateModified":"2025-01-07T22:08:44+00:00","mainEntityOfPage":{"@id":"https:\/\/aconteceunovale.com.br\/portal\/?p=194764"},"wordCount":474,"commentCount":0,"image":{"@id":"https:\/\/aconteceunovale.com.br\/portal\/?p=194764#primaryimage"},"thumbnailUrl":"https:\/\/aconteceunovale.com.br\/portal\/wp-content\/uploads\/2025\/01\/coletiva_pcmg.png","keywords":["Belo Horizonte","bh","Estupro em monte de ora\u00e7\u00e3o em Belo Horizonte","Investiga\u00e7\u00e3o de estupro em monte de ora\u00e7\u00e3o em Belo Horizonte","Larissa Carvalhaes","PCMG","Pol\u00edcia Civil conclui inqu\u00e9rito sobre estupro em monte de ora\u00e7\u00e3o","Preso por estupro em Belo Horizonte","Preso por estupro em BH","Renata Ribeiro Fagundes"],"articleSection":["Minas Gerais"],"inLanguage":"pt-BR","potentialAction":[{"@type":"CommentAction","name":"Comment","target":["https:\/\/aconteceunovale.com.br\/portal\/?p=194764#respond"]}]},{"@type":"WebPage","@id":"https:\/\/aconteceunovale.com.br\/portal\/?p=194764","url":"https:\/\/aconteceunovale.com.br\/portal\/?p=194764","name":"Pol\u00edcia Civil conclui inqu\u00e9rito sobre estupro em monte de ora\u00e7\u00e3o - Aconteceu no Vale","isPartOf":{"@id":"https:\/\/aconteceunovale.com.br\/portal\/#website"},"primaryImageOfPage":{"@id":"https:\/\/aconteceunovale.com.br\/portal\/?p=194764#primaryimage"},"image":{"@id":"https:\/\/aconteceunovale.com.br\/portal\/?p=194764#primaryimage"},"thumbnailUrl":"https:\/\/aconteceunovale.com.br\/portal\/wp-content\/uploads\/2025\/01\/coletiva_pcmg.png","datePublished":"2025-01-07T22:07:36+00:00","dateModified":"2025-01-07T22:08:44+00:00","author":{"@id":"https:\/\/aconteceunovale.com.br\/portal\/#\/schema\/person\/7d2f26d1483f8a63de73da1ee0754d35"},"breadcrumb":{"@id":"https:\/\/aconteceunovale.com.br\/portal\/?p=194764#breadcrumb"},"inLanguage":"pt-BR","potentialAction":[{"@type":"ReadAction","target":["https:\/\/aconteceunovale.com.br\/portal\/?p=194764"]}]},{"@type":"ImageObject","inLanguage":"pt-BR","@id":"https:\/\/aconteceunovale.com.br\/portal\/?p=194764#primaryimage","url":"https:\/\/aconteceunovale.com.br\/portal\/wp-content\/uploads\/2025\/01\/coletiva_pcmg.png","contentUrl":"https:\/\/aconteceunovale.com.br\/portal\/wp-content\/uploads\/2025\/01\/coletiva_pcmg.png","width":678,"height":423,"caption":"Foto: Divulga\u00e7\u00e3o\/PCMG"},{"@type":"BreadcrumbList","@id":"https:\/\/aconteceunovale.com.br\/portal\/?p=194764#breadcrumb","itemListElement":[{"@type":"ListItem","position":1,"name":"In\u00edcio","item":"https:\/\/aconteceunovale.com.br\/portal\/"},{"@type":"ListItem","position":2,"name":"Pol\u00edcia Civil conclui inqu\u00e9rito sobre estupro em monte de ora\u00e7\u00e3o"}]},{"@type":"WebSite","@id":"https:\/\/aconteceunovale.com.br\/portal\/#website","url":"https:\/\/aconteceunovale.com.br\/portal\/","name":"Aconteceu no Vale","description":"Portal de Not\u00edcias","potentialAction":[{"@type":"SearchAction","target":{"@type":"EntryPoint","urlTemplate":"https:\/\/aconteceunovale.com.br\/portal\/?s={search_term_string}"},"query-input":{"@type":"PropertyValueSpecification","valueRequired":true,"valueName":"search_term_string"}}],"inLanguage":"pt-BR"},{"@type":"Person","@id":"https:\/\/aconteceunovale.com.br\/portal\/#\/schema\/person\/7d2f26d1483f8a63de73da1ee0754d35","name":"Reda\u00e7\u00e3o Aconteceu no Vale","description":"Equipe de reportagem do Aconteceu no Vale, portal de not\u00edcias do Vale do Jequitinhonha, em Minas Gerais. Cobrimos as 51 cidades do Vale desde 2013. Sugest\u00f5es de pauta e pedidos de corre\u00e7\u00e3o: contato@aconteceunovale.com.br","url":"https:\/\/aconteceunovale.com.br\/portal\/?author=4"}]}},"_links":{"self":[{"href":"https:\/\/aconteceunovale.com.br\/portal\/index.php?rest_route=\/wp\/v2\/posts\/194764","targetHints":{"allow":["GET"]}}],"collection":[{"href":"https:\/\/aconteceunovale.com.br\/portal\/index.php?rest_route=\/wp\/v2\/posts"}],"about":[{"href":"https:\/\/aconteceunovale.com.br\/portal\/index.php?rest_route=\/wp\/v2\/types\/post"}],"author":[{"embeddable":true,"href":"https:\/\/aconteceunovale.com.br\/portal\/index.php?rest_route=\/wp\/v2\/users\/4"}],"replies":[{"embeddable":true,"href":"https:\/\/aconteceunovale.com.br\/portal\/index.php?rest_route=%2Fwp%2Fv2%2Fcomments&post=194764"}],"version-history":[{"count":1,"href":"https:\/\/aconteceunovale.com.br\/portal\/index.php?rest_route=\/wp\/v2\/posts\/194764\/revisions"}],"predecessor-version":[{"id":194766,"href":"https:\/\/aconteceunovale.com.br\/portal\/index.php?rest_route=\/wp\/v2\/posts\/194764\/revisions\/194766"}],"wp:featuredmedia":[{"embeddable":true,"href":"https:\/\/aconteceunovale.com.br\/portal\/index.php?rest_route=\/wp\/v2\/media\/194765"}],"wp:attachment":[{"href":"https:\/\/aconteceunovale.com.br\/portal\/index.php?rest_route=%2Fwp%2Fv2%2Fmedia&parent=194764"}],"wp:term":[{"taxonomy":"category","embeddable":true,"href":"https:\/\/aconteceunovale.com.br\/portal\/index.php?rest_route=%2Fwp%2Fv2%2Fcategories&post=194764"},{"taxonomy":"post_tag","embeddable":true,"href":"https:\/\/aconteceunovale.com.br\/portal\/index.php?rest_route=%2Fwp%2Fv2%2Ftags&post=194764"}],"curies":[{"name":"wp","href":"https:\/\/api.w.org\/{rel}","templated":true}]}}