{"id":194752,"date":"2025-01-07T15:56:15","date_gmt":"2025-01-07T18:56:15","guid":{"rendered":"https:\/\/aconteceunovale.com.br\/portal\/?p=194752"},"modified":"2025-01-07T15:57:03","modified_gmt":"2025-01-07T18:57:03","slug":"projeto-que-estimula-producao-de-frutos-do-cerrado-e-sancionado","status":"publish","type":"post","link":"https:\/\/aconteceunovale.com.br\/portal\/?p=194752","title":{"rendered":"Projeto que estimula produ\u00e7\u00e3o de frutos do Cerrado \u00e9 sancionado"},"content":{"rendered":"\n<p class=\"wp-block-paragraph\">O presidente Luiz In\u00e1cio Lula da Silva sancionou um projeto de lei que estimula produ\u00e7\u00e3o e uso de frutos do Cerrado, em especial o pequi, al\u00e9m de dar mais efici\u00eancia ao combate ao desmatamento deste bioma.<\/p>\n\n\n\n<figure class=\"wp-block-gallery has-nested-images columns-default is-cropped wp-block-gallery-1 is-layout-flex wp-block-gallery-is-layout-flex\">\n<figure class=\"wp-block-image size-large\"><img loading=\"lazy\" decoding=\"async\" width=\"678\" height=\"406\" data-id=\"194753\" src=\"https:\/\/aconteceunovale.com.br\/portal\/wp-content\/uploads\/2025\/01\/pequi.png\" alt=\"\" class=\"wp-image-194753\" srcset=\"https:\/\/aconteceunovale.com.br\/portal\/wp-content\/uploads\/2025\/01\/pequi.png 678w, https:\/\/aconteceunovale.com.br\/portal\/wp-content\/uploads\/2025\/01\/pequi-300x180.png 300w\" sizes=\"auto, (max-width: 678px) 100vw, 678px\" \/><figcaption class=\"wp-element-caption\"><em>Foto: centraldocerrado.org\/Reprodu\u00e7\u00e3o Ag\u00eancia Brasil<\/em><\/figcaption><\/figure>\n<\/figure>\n\n\n\n<p class=\"wp-block-paragraph\">O an\u00fancio foi feito\u00a0nas redes sociais do presidente\u00a0e, tamb\u00e9m, do autor do projeto, o deputado Rog\u00e9rio Correia (PT-MG).<\/p>\n\n\n\n<p class=\"wp-block-paragraph\">\u201cSancionei o Projeto de Lei 1970\/2019, que vai organizar e estimular a produ\u00e7\u00e3o do pequi e demais frutos do Cerrado. A lei tamb\u00e9m pro\u00edbe a derrubada predat\u00f3ria e estimula a planta\u00e7\u00e3o de mudas desse bioma.\u201d<\/p>\n\n\n\n<p class=\"wp-block-paragraph\">Segundo ele, n\u00e3o se trata de um projeto que beneficiar\u00e1 apenas quem gosta de comer pequi. Al\u00e9m de ajudar a preservar o meio ambiente, ajudar\u00e1 principalmente quem tem esses frutos como fonte de renda e modo de vida.<\/p>\n\n\n\n<p class=\"wp-block-paragraph\">\u201cMuita gente n\u00e3o conhece o pequi e pode se perguntar &#8216;por que o Lula tem que se preocupar com o pequi?&#8217;. Eu respondo: \u00e0s vezes o que n\u00e3o \u00e9 importante para quem mora na Paulista ou na Avenida Atl\u00e2ntica pode ser a coisa mais importante para quem vive no Cerrado brasileiro\u201d, disse o presidente.<\/p>\n\n\n\n<p class=\"wp-block-paragraph\">Aprovado em dezembro no Senado, o\u00a0projeto pro\u00edbe\u00a0a derrubada e o uso predat\u00f3rio de pequizeiros, mas cria exce\u00e7\u00f5es a serem observadas por \u00f3rg\u00e3o competente.<\/p>\n\n\n\n<p class=\"wp-block-paragraph\">Ele estabelece pol\u00edticas de manejo para a fruta com o objetivo de incentivar a preserva\u00e7\u00e3o de \u00e1reas com presen\u00e7a de pequizeiro e de outros produtos nativos do Cerrado. Al\u00e9m disso, cria mecanismos para a identifica\u00e7\u00e3o de comunidades tradicionais de produtores.<\/p>\n\n\n\n<p class=\"wp-block-paragraph\">A legisla\u00e7\u00e3o tamb\u00e9m prev\u00ea formas de viabilizar eventos culturais que estimulem o turismo e o com\u00e9rcio desses produtos. Por fim, desenvolve selos de qualidade e de proced\u00eancia dos frutos do Cerrado.<\/p>\n\n\n\n<p class=\"wp-block-paragraph\">Autor do projeto, Correia\u00a0usou as redes sociais\u00a0para comemorar a san\u00e7\u00e3o presidencial. Ele destacou que a pol\u00edtica nacional institu\u00edda pela nova lei visa viabilizar o manejo sustent\u00e1vel, plantio, extra\u00e7\u00e3o, consumo, comercializa\u00e7\u00e3o e transforma\u00e7\u00e3o n\u00e3o s\u00f3 do Pequi, mas tamb\u00e9m de v\u00e1rios outros frutos e produtos nativos do Cerrado.<\/p>\n\n\n\n<p class=\"wp-block-paragraph\">\u201cAo investir na produ\u00e7\u00e3o de base sustent\u00e1vel dos frutos do Cerrado, n\u00f3s tamb\u00e9m investimos no sustento dos agricultores-agroextrativistas e na profissionaliza\u00e7\u00e3o de uma cadeia produtiva importante para o pa\u00eds. \u00c9 mais dignidade\u201d, postou o deputado.<\/p>\n","protected":false},"excerpt":{"rendered":"<p>O presidente Luiz In\u00e1cio Lula da Silva sancionou um projeto de lei que estimula produ\u00e7\u00e3o e uso de frutos do Cerrado, em especial o pequi, al\u00e9m de dar mais efici\u00eancia ao combate ao desmatamento deste bioma. O an\u00fancio foi feito\u00a0nas redes sociais do presidente\u00a0e, tamb\u00e9m, do autor do projeto, o deputado Rog\u00e9rio Correia (PT-MG). \u201cSancionei [&hellip;]<\/p>\n","protected":false},"author":4,"featured_media":194753,"comment_status":"open","ping_status":"closed","sticky":false,"template":"","format":"standard","meta":{"amp_status":"","footnotes":""},"categories":[6,40240],"tags":[378,1018,111121,7147,1653,160182,269020,760,269021],"class_list":["post-194752","post","type-post","status-publish","format-standard","has-post-thumbnail","hentry","category-br","category-politica","tag-cerrado","tag-destaque","tag-frutos-do-cerrado","tag-lula","tag-pequi","tag-producao-de-frutos-do-cerrado","tag-projeto-que-estimula-producao-de-frutos-do-cerrado-e-sancionado","tag-rogerio-correia","tag-uso-de-frutos-do-cerrado"],"yoast_head":"<!-- This site is optimized with the Yoast SEO plugin v28.3 - https:\/\/yoast.com\/product\/yoast-seo-wordpress\/ -->\n<title>Projeto que estimula produ\u00e7\u00e3o de frutos do Cerrado \u00e9 sancionado - Aconteceu no Vale<\/title>\n<meta name=\"robots\" content=\"index, follow, max-snippet:-1, max-image-preview:large, max-video-preview:-1\" \/>\n<link rel=\"canonical\" href=\"https:\/\/aconteceunovale.com.br\/portal\/?p=194752\" \/>\n<meta property=\"og:locale\" content=\"pt_BR\" \/>\n<meta property=\"og:type\" content=\"article\" \/>\n<meta property=\"og:title\" content=\"Projeto que estimula produ\u00e7\u00e3o de frutos do Cerrado \u00e9 sancionado - Aconteceu no Vale\" \/>\n<meta property=\"og:description\" content=\"O presidente Luiz In\u00e1cio Lula da Silva sancionou um projeto de lei que estimula produ\u00e7\u00e3o e uso de frutos do Cerrado, em especial o pequi, al\u00e9m de dar mais efici\u00eancia ao combate ao desmatamento deste bioma. O an\u00fancio foi feito\u00a0nas redes sociais do presidente\u00a0e, tamb\u00e9m, do autor do projeto, o deputado Rog\u00e9rio Correia (PT-MG). \u201cSancionei [&hellip;]\" \/>\n<meta property=\"og:url\" content=\"https:\/\/aconteceunovale.com.br\/portal\/?p=194752\" \/>\n<meta property=\"og:site_name\" content=\"Aconteceu no Vale\" \/>\n<meta property=\"article:publisher\" content=\"https:\/\/www.facebook.com\/aconteceunovale\/\" \/>\n<meta property=\"article:published_time\" content=\"2025-01-07T18:56:15+00:00\" \/>\n<meta property=\"article:modified_time\" content=\"2025-01-07T18:57:03+00:00\" \/>\n<meta property=\"og:image\" content=\"https:\/\/aconteceunovale.com.br\/portal\/wp-content\/uploads\/2025\/01\/pequi.png\" \/>\n\t<meta property=\"og:image:width\" content=\"678\" \/>\n\t<meta property=\"og:image:height\" content=\"406\" \/>\n\t<meta property=\"og:image:type\" content=\"image\/png\" \/>\n<meta name=\"author\" content=\"Reda\u00e7\u00e3o Aconteceu no Vale\" \/>\n<meta name=\"twitter:card\" content=\"summary_large_image\" \/>\n<meta name=\"twitter:creator\" content=\"@noticiadosvales\" \/>\n<meta name=\"twitter:site\" content=\"@noticiadosvales\" \/>\n<meta name=\"twitter:label1\" content=\"Escrito por\" \/>\n\t<meta name=\"twitter:data1\" content=\"Reda\u00e7\u00e3o Aconteceu no Vale\" \/>\n\t<meta name=\"twitter:label2\" content=\"Est. tempo de leitura\" \/>\n\t<meta name=\"twitter:data2\" content=\"2 minutos\" \/>\n<script type=\"application\/ld+json\" class=\"yoast-schema-graph\">{\"@context\":\"https:\\\/\\\/schema.org\",\"@graph\":[{\"@type\":\"Article\",\"@id\":\"https:\\\/\\\/aconteceunovale.com.br\\\/portal\\\/?p=194752#article\",\"isPartOf\":{\"@id\":\"https:\\\/\\\/aconteceunovale.com.br\\\/portal\\\/?p=194752\"},\"author\":{\"name\":\"Reda\u00e7\u00e3o Aconteceu no Vale\",\"@id\":\"https:\\\/\\\/aconteceunovale.com.br\\\/portal\\\/#\\\/schema\\\/person\\\/7d2f26d1483f8a63de73da1ee0754d35\"},\"headline\":\"Projeto que estimula produ\u00e7\u00e3o de frutos do Cerrado \u00e9 sancionado\",\"datePublished\":\"2025-01-07T18:56:15+00:00\",\"dateModified\":\"2025-01-07T18:57:03+00:00\",\"mainEntityOfPage\":{\"@id\":\"https:\\\/\\\/aconteceunovale.com.br\\\/portal\\\/?p=194752\"},\"wordCount\":425,\"commentCount\":0,\"image\":{\"@id\":\"https:\\\/\\\/aconteceunovale.com.br\\\/portal\\\/?p=194752#primaryimage\"},\"thumbnailUrl\":\"https:\\\/\\\/aconteceunovale.com.br\\\/portal\\\/wp-content\\\/uploads\\\/2025\\\/01\\\/pequi.png\",\"keywords\":[\"Cerrado\",\"destaque\",\"frutos do Cerrado\",\"Lula\",\"Pequi\",\"Produ\u00e7\u00e3o de frutos do cerrado\",\"Projeto que estimula produ\u00e7\u00e3o de frutos do Cerrado \u00e9 sancionado\",\"Rog\u00e9rio Correia\",\"Uso de frutos do cerrado\"],\"articleSection\":[\"Brasil\",\"Pol\u00edtica\"],\"inLanguage\":\"pt-BR\",\"potentialAction\":[{\"@type\":\"CommentAction\",\"name\":\"Comment\",\"target\":[\"https:\\\/\\\/aconteceunovale.com.br\\\/portal\\\/?p=194752#respond\"]}]},{\"@type\":\"WebPage\",\"@id\":\"https:\\\/\\\/aconteceunovale.com.br\\\/portal\\\/?p=194752\",\"url\":\"https:\\\/\\\/aconteceunovale.com.br\\\/portal\\\/?p=194752\",\"name\":\"Projeto que estimula produ\u00e7\u00e3o de frutos do Cerrado \u00e9 sancionado - Aconteceu no Vale\",\"isPartOf\":{\"@id\":\"https:\\\/\\\/aconteceunovale.com.br\\\/portal\\\/#website\"},\"primaryImageOfPage\":{\"@id\":\"https:\\\/\\\/aconteceunovale.com.br\\\/portal\\\/?p=194752#primaryimage\"},\"image\":{\"@id\":\"https:\\\/\\\/aconteceunovale.com.br\\\/portal\\\/?p=194752#primaryimage\"},\"thumbnailUrl\":\"https:\\\/\\\/aconteceunovale.com.br\\\/portal\\\/wp-content\\\/uploads\\\/2025\\\/01\\\/pequi.png\",\"datePublished\":\"2025-01-07T18:56:15+00:00\",\"dateModified\":\"2025-01-07T18:57:03+00:00\",\"author\":{\"@id\":\"https:\\\/\\\/aconteceunovale.com.br\\\/portal\\\/#\\\/schema\\\/person\\\/7d2f26d1483f8a63de73da1ee0754d35\"},\"breadcrumb\":{\"@id\":\"https:\\\/\\\/aconteceunovale.com.br\\\/portal\\\/?p=194752#breadcrumb\"},\"inLanguage\":\"pt-BR\",\"potentialAction\":[{\"@type\":\"ReadAction\",\"target\":[\"https:\\\/\\\/aconteceunovale.com.br\\\/portal\\\/?p=194752\"]}]},{\"@type\":\"ImageObject\",\"inLanguage\":\"pt-BR\",\"@id\":\"https:\\\/\\\/aconteceunovale.com.br\\\/portal\\\/?p=194752#primaryimage\",\"url\":\"https:\\\/\\\/aconteceunovale.com.br\\\/portal\\\/wp-content\\\/uploads\\\/2025\\\/01\\\/pequi.png\",\"contentUrl\":\"https:\\\/\\\/aconteceunovale.com.br\\\/portal\\\/wp-content\\\/uploads\\\/2025\\\/01\\\/pequi.png\",\"width\":678,\"height\":406,\"caption\":\"Foto: centraldocerrado.org\\\/Reprodu\u00e7\u00e3o Ag\u00eancia Brasil\"},{\"@type\":\"BreadcrumbList\",\"@id\":\"https:\\\/\\\/aconteceunovale.com.br\\\/portal\\\/?p=194752#breadcrumb\",\"itemListElement\":[{\"@type\":\"ListItem\",\"position\":1,\"name\":\"In\u00edcio\",\"item\":\"https:\\\/\\\/aconteceunovale.com.br\\\/portal\\\/\"},{\"@type\":\"ListItem\",\"position\":2,\"name\":\"Projeto que estimula produ\u00e7\u00e3o de frutos do Cerrado \u00e9 sancionado\"}]},{\"@type\":\"WebSite\",\"@id\":\"https:\\\/\\\/aconteceunovale.com.br\\\/portal\\\/#website\",\"url\":\"https:\\\/\\\/aconteceunovale.com.br\\\/portal\\\/\",\"name\":\"Aconteceu no Vale\",\"description\":\"Portal de Not\u00edcias\",\"potentialAction\":[{\"@type\":\"SearchAction\",\"target\":{\"@type\":\"EntryPoint\",\"urlTemplate\":\"https:\\\/\\\/aconteceunovale.com.br\\\/portal\\\/?s={search_term_string}\"},\"query-input\":{\"@type\":\"PropertyValueSpecification\",\"valueRequired\":true,\"valueName\":\"search_term_string\"}}],\"inLanguage\":\"pt-BR\"},{\"@type\":\"Person\",\"@id\":\"https:\\\/\\\/aconteceunovale.com.br\\\/portal\\\/#\\\/schema\\\/person\\\/7d2f26d1483f8a63de73da1ee0754d35\",\"name\":\"Reda\u00e7\u00e3o Aconteceu no Vale\",\"description\":\"Equipe de reportagem do Aconteceu no Vale, portal de not\u00edcias do Vale do Jequitinhonha, em Minas Gerais. Cobrimos as 51 cidades do Vale desde 2013. Sugest\u00f5es de pauta e pedidos de corre\u00e7\u00e3o: contato@aconteceunovale.com.br\",\"url\":\"https:\\\/\\\/aconteceunovale.com.br\\\/portal\\\/?author=4\"}]}<\/script>\n<!-- \/ Yoast SEO plugin. -->","yoast_head_json":{"title":"Projeto que estimula produ\u00e7\u00e3o de frutos do Cerrado \u00e9 sancionado - Aconteceu no Vale","robots":{"index":"index","follow":"follow","max-snippet":"max-snippet:-1","max-image-preview":"max-image-preview:large","max-video-preview":"max-video-preview:-1"},"canonical":"https:\/\/aconteceunovale.com.br\/portal\/?p=194752","og_locale":"pt_BR","og_type":"article","og_title":"Projeto que estimula produ\u00e7\u00e3o de frutos do Cerrado \u00e9 sancionado - Aconteceu no Vale","og_description":"O presidente Luiz In\u00e1cio Lula da Silva sancionou um projeto de lei que estimula produ\u00e7\u00e3o e uso de frutos do Cerrado, em especial o pequi, al\u00e9m de dar mais efici\u00eancia ao combate ao desmatamento deste bioma. O an\u00fancio foi feito\u00a0nas redes sociais do presidente\u00a0e, tamb\u00e9m, do autor do projeto, o deputado Rog\u00e9rio Correia (PT-MG). \u201cSancionei [&hellip;]","og_url":"https:\/\/aconteceunovale.com.br\/portal\/?p=194752","og_site_name":"Aconteceu no Vale","article_publisher":"https:\/\/www.facebook.com\/aconteceunovale\/","article_published_time":"2025-01-07T18:56:15+00:00","article_modified_time":"2025-01-07T18:57:03+00:00","og_image":[{"width":678,"height":406,"url":"https:\/\/aconteceunovale.com.br\/portal\/wp-content\/uploads\/2025\/01\/pequi.png","type":"image\/png"}],"author":"Reda\u00e7\u00e3o Aconteceu no Vale","twitter_card":"summary_large_image","twitter_creator":"@noticiadosvales","twitter_site":"@noticiadosvales","twitter_misc":{"Escrito por":"Reda\u00e7\u00e3o Aconteceu no Vale","Est. tempo de leitura":"2 minutos"},"schema":{"@context":"https:\/\/schema.org","@graph":[{"@type":"Article","@id":"https:\/\/aconteceunovale.com.br\/portal\/?p=194752#article","isPartOf":{"@id":"https:\/\/aconteceunovale.com.br\/portal\/?p=194752"},"author":{"name":"Reda\u00e7\u00e3o Aconteceu no Vale","@id":"https:\/\/aconteceunovale.com.br\/portal\/#\/schema\/person\/7d2f26d1483f8a63de73da1ee0754d35"},"headline":"Projeto que estimula produ\u00e7\u00e3o de frutos do Cerrado \u00e9 sancionado","datePublished":"2025-01-07T18:56:15+00:00","dateModified":"2025-01-07T18:57:03+00:00","mainEntityOfPage":{"@id":"https:\/\/aconteceunovale.com.br\/portal\/?p=194752"},"wordCount":425,"commentCount":0,"image":{"@id":"https:\/\/aconteceunovale.com.br\/portal\/?p=194752#primaryimage"},"thumbnailUrl":"https:\/\/aconteceunovale.com.br\/portal\/wp-content\/uploads\/2025\/01\/pequi.png","keywords":["Cerrado","destaque","frutos do Cerrado","Lula","Pequi","Produ\u00e7\u00e3o de frutos do cerrado","Projeto que estimula produ\u00e7\u00e3o de frutos do Cerrado \u00e9 sancionado","Rog\u00e9rio Correia","Uso de frutos do cerrado"],"articleSection":["Brasil","Pol\u00edtica"],"inLanguage":"pt-BR","potentialAction":[{"@type":"CommentAction","name":"Comment","target":["https:\/\/aconteceunovale.com.br\/portal\/?p=194752#respond"]}]},{"@type":"WebPage","@id":"https:\/\/aconteceunovale.com.br\/portal\/?p=194752","url":"https:\/\/aconteceunovale.com.br\/portal\/?p=194752","name":"Projeto que estimula produ\u00e7\u00e3o de frutos do Cerrado \u00e9 sancionado - Aconteceu no Vale","isPartOf":{"@id":"https:\/\/aconteceunovale.com.br\/portal\/#website"},"primaryImageOfPage":{"@id":"https:\/\/aconteceunovale.com.br\/portal\/?p=194752#primaryimage"},"image":{"@id":"https:\/\/aconteceunovale.com.br\/portal\/?p=194752#primaryimage"},"thumbnailUrl":"https:\/\/aconteceunovale.com.br\/portal\/wp-content\/uploads\/2025\/01\/pequi.png","datePublished":"2025-01-07T18:56:15+00:00","dateModified":"2025-01-07T18:57:03+00:00","author":{"@id":"https:\/\/aconteceunovale.com.br\/portal\/#\/schema\/person\/7d2f26d1483f8a63de73da1ee0754d35"},"breadcrumb":{"@id":"https:\/\/aconteceunovale.com.br\/portal\/?p=194752#breadcrumb"},"inLanguage":"pt-BR","potentialAction":[{"@type":"ReadAction","target":["https:\/\/aconteceunovale.com.br\/portal\/?p=194752"]}]},{"@type":"ImageObject","inLanguage":"pt-BR","@id":"https:\/\/aconteceunovale.com.br\/portal\/?p=194752#primaryimage","url":"https:\/\/aconteceunovale.com.br\/portal\/wp-content\/uploads\/2025\/01\/pequi.png","contentUrl":"https:\/\/aconteceunovale.com.br\/portal\/wp-content\/uploads\/2025\/01\/pequi.png","width":678,"height":406,"caption":"Foto: centraldocerrado.org\/Reprodu\u00e7\u00e3o Ag\u00eancia Brasil"},{"@type":"BreadcrumbList","@id":"https:\/\/aconteceunovale.com.br\/portal\/?p=194752#breadcrumb","itemListElement":[{"@type":"ListItem","position":1,"name":"In\u00edcio","item":"https:\/\/aconteceunovale.com.br\/portal\/"},{"@type":"ListItem","position":2,"name":"Projeto que estimula produ\u00e7\u00e3o de frutos do Cerrado \u00e9 sancionado"}]},{"@type":"WebSite","@id":"https:\/\/aconteceunovale.com.br\/portal\/#website","url":"https:\/\/aconteceunovale.com.br\/portal\/","name":"Aconteceu no Vale","description":"Portal de Not\u00edcias","potentialAction":[{"@type":"SearchAction","target":{"@type":"EntryPoint","urlTemplate":"https:\/\/aconteceunovale.com.br\/portal\/?s={search_term_string}"},"query-input":{"@type":"PropertyValueSpecification","valueRequired":true,"valueName":"search_term_string"}}],"inLanguage":"pt-BR"},{"@type":"Person","@id":"https:\/\/aconteceunovale.com.br\/portal\/#\/schema\/person\/7d2f26d1483f8a63de73da1ee0754d35","name":"Reda\u00e7\u00e3o Aconteceu no Vale","description":"Equipe de reportagem do Aconteceu no Vale, portal de not\u00edcias do Vale do Jequitinhonha, em Minas Gerais. Cobrimos as 51 cidades do Vale desde 2013. Sugest\u00f5es de pauta e pedidos de corre\u00e7\u00e3o: contato@aconteceunovale.com.br","url":"https:\/\/aconteceunovale.com.br\/portal\/?author=4"}]}},"_links":{"self":[{"href":"https:\/\/aconteceunovale.com.br\/portal\/index.php?rest_route=\/wp\/v2\/posts\/194752","targetHints":{"allow":["GET"]}}],"collection":[{"href":"https:\/\/aconteceunovale.com.br\/portal\/index.php?rest_route=\/wp\/v2\/posts"}],"about":[{"href":"https:\/\/aconteceunovale.com.br\/portal\/index.php?rest_route=\/wp\/v2\/types\/post"}],"author":[{"embeddable":true,"href":"https:\/\/aconteceunovale.com.br\/portal\/index.php?rest_route=\/wp\/v2\/users\/4"}],"replies":[{"embeddable":true,"href":"https:\/\/aconteceunovale.com.br\/portal\/index.php?rest_route=%2Fwp%2Fv2%2Fcomments&post=194752"}],"version-history":[{"count":1,"href":"https:\/\/aconteceunovale.com.br\/portal\/index.php?rest_route=\/wp\/v2\/posts\/194752\/revisions"}],"predecessor-version":[{"id":194754,"href":"https:\/\/aconteceunovale.com.br\/portal\/index.php?rest_route=\/wp\/v2\/posts\/194752\/revisions\/194754"}],"wp:featuredmedia":[{"embeddable":true,"href":"https:\/\/aconteceunovale.com.br\/portal\/index.php?rest_route=\/wp\/v2\/media\/194753"}],"wp:attachment":[{"href":"https:\/\/aconteceunovale.com.br\/portal\/index.php?rest_route=%2Fwp%2Fv2%2Fmedia&parent=194752"}],"wp:term":[{"taxonomy":"category","embeddable":true,"href":"https:\/\/aconteceunovale.com.br\/portal\/index.php?rest_route=%2Fwp%2Fv2%2Fcategories&post=194752"},{"taxonomy":"post_tag","embeddable":true,"href":"https:\/\/aconteceunovale.com.br\/portal\/index.php?rest_route=%2Fwp%2Fv2%2Ftags&post=194752"}],"curies":[{"name":"wp","href":"https:\/\/api.w.org\/{rel}","templated":true}]}}