{"id":194746,"date":"2025-01-07T15:38:59","date_gmt":"2025-01-07T18:38:59","guid":{"rendered":"https:\/\/aconteceunovale.com.br\/portal\/?p=194746"},"modified":"2025-01-07T15:39:14","modified_gmt":"2025-01-07T18:39:14","slug":"caminhao-carregado-de-meloes-pega-fogo-e-e-destruido-na-br-251-no-norte-de-minas","status":"publish","type":"post","link":"https:\/\/aconteceunovale.com.br\/portal\/?p=194746","title":{"rendered":"Caminh\u00e3o carregado de mel\u00f5es pega fogo e \u00e9 destru\u00eddo na BR-251, no Norte de Minas"},"content":{"rendered":"\n<p class=\"wp-block-paragraph\">Um caminh\u00e3o carregado de mel\u00f5es ficou completamente destru\u00eddo ap\u00f3s pegar fogo nesta ter\u00e7a-feira (7), na BR-251, em Salinas, no Norte de Minas. Apesar do incidente, o motorista do ve\u00edculo n\u00e3o sofreu ferimentos.<\/p>\n\n\n\n<figure class=\"wp-block-gallery has-nested-images columns-default is-cropped wp-block-gallery-1 is-layout-flex wp-block-gallery-is-layout-flex\">\n<figure class=\"wp-block-image size-large\"><img loading=\"lazy\" decoding=\"async\" width=\"671\" height=\"450\" data-id=\"194747\" src=\"https:\/\/aconteceunovale.com.br\/portal\/wp-content\/uploads\/2025\/01\/incendio_salinas.png\" alt=\"\" class=\"wp-image-194747\" srcset=\"https:\/\/aconteceunovale.com.br\/portal\/wp-content\/uploads\/2025\/01\/incendio_salinas.png 671w, https:\/\/aconteceunovale.com.br\/portal\/wp-content\/uploads\/2025\/01\/incendio_salinas-300x201.png 300w, https:\/\/aconteceunovale.com.br\/portal\/wp-content\/uploads\/2025\/01\/incendio_salinas-626x420.png 626w\" sizes=\"auto, (max-width: 671px) 100vw, 671px\" \/><figcaption class=\"wp-element-caption\"><em>Foto: Divulga\u00e7\u00e3o \/ PRF<\/em><\/figcaption><\/figure>\n<\/figure>\n\n\n\n<p class=\"wp-block-paragraph\">De acordo com a Pol\u00edcia Rodovi\u00e1ria Federal (PRF), o caminh\u00e3o, com placa de Santa Catarina, fazia o trajeto de Apodi (RN) para S\u00e3o Paulo (SP). O condutor relatou que o inc\u00eandio teve in\u00edcio na carga, que continha uma grande quantidade de palha, material que pode ter contribu\u00eddo para a propaga\u00e7\u00e3o das chamas.<\/p>\n\n\n\n<p class=\"wp-block-paragraph\">O Corpo de Bombeiros foi acionado para controlar o fogo. Durante o atendimento \u00e0 ocorr\u00eancia, o tr\u00e2nsito na rodovia ficou totalmente interditado por cerca de uma hora.<\/p>\n\n\n\n<p class=\"wp-block-paragraph\">As causas do inc\u00eandio ainda ser\u00e3o apuradas pelas autoridades competentes.<\/p>\n","protected":false},"excerpt":{"rendered":"<p>Um caminh\u00e3o carregado de mel\u00f5es ficou completamente destru\u00eddo ap\u00f3s pegar fogo nesta ter\u00e7a-feira (7), na BR-251, em Salinas, no Norte de Minas. Apesar do incidente, o motorista do ve\u00edculo n\u00e3o sofreu ferimentos. De acordo com a Pol\u00edcia Rodovi\u00e1ria Federal (PRF), o caminh\u00e3o, com placa de Santa Catarina, fazia o trajeto de Apodi (RN) para S\u00e3o [&hellip;]<\/p>\n","protected":false},"author":4,"featured_media":194747,"comment_status":"open","ping_status":"closed","sticky":false,"template":"","format":"standard","meta":{"amp_status":"","footnotes":""},"categories":[1236],"tags":[269014,206349,269013,269012,1018,204867,184295,190,15363,2382,40916],"class_list":["post-194746","post","type-post","status-publish","format-standard","has-post-thumbnail","hentry","category-norte_de_minas","tag-apodi","tag-br-251-2","tag-caminhao-carregado-de-meloes-pega-fogo-e-e-destruido-em-salinas","tag-caminhao-carregado-de-meloes-pega-fogo-e-e-destruido-na-br-251","tag-destaque","tag-incendio-em-salinas","tag-rn","tag-salinas","tag-santa-catarina","tag-sao-paulo","tag-sp"],"yoast_head":"<!-- This site is optimized with the Yoast SEO plugin v28.3 - https:\/\/yoast.com\/product\/yoast-seo-wordpress\/ -->\n<title>Caminh\u00e3o carregado de mel\u00f5es pega fogo e \u00e9 destru\u00eddo na BR-251, no Norte de Minas - Aconteceu no Vale<\/title>\n<meta name=\"robots\" content=\"index, follow, max-snippet:-1, max-image-preview:large, max-video-preview:-1\" \/>\n<link rel=\"canonical\" href=\"https:\/\/aconteceunovale.com.br\/portal\/?p=194746\" \/>\n<meta property=\"og:locale\" content=\"pt_BR\" \/>\n<meta property=\"og:type\" content=\"article\" \/>\n<meta property=\"og:title\" content=\"Caminh\u00e3o carregado de mel\u00f5es pega fogo e \u00e9 destru\u00eddo na BR-251, no Norte de Minas - Aconteceu no Vale\" \/>\n<meta property=\"og:description\" content=\"Um caminh\u00e3o carregado de mel\u00f5es ficou completamente destru\u00eddo ap\u00f3s pegar fogo nesta ter\u00e7a-feira (7), na BR-251, em Salinas, no Norte de Minas. Apesar do incidente, o motorista do ve\u00edculo n\u00e3o sofreu ferimentos. De acordo com a Pol\u00edcia Rodovi\u00e1ria Federal (PRF), o caminh\u00e3o, com placa de Santa Catarina, fazia o trajeto de Apodi (RN) para S\u00e3o [&hellip;]\" \/>\n<meta property=\"og:url\" content=\"https:\/\/aconteceunovale.com.br\/portal\/?p=194746\" \/>\n<meta property=\"og:site_name\" content=\"Aconteceu no Vale\" \/>\n<meta property=\"article:publisher\" content=\"https:\/\/www.facebook.com\/aconteceunovale\/\" \/>\n<meta property=\"article:published_time\" content=\"2025-01-07T18:38:59+00:00\" \/>\n<meta property=\"article:modified_time\" content=\"2025-01-07T18:39:14+00:00\" \/>\n<meta property=\"og:image\" content=\"https:\/\/aconteceunovale.com.br\/portal\/wp-content\/uploads\/2025\/01\/incendio_salinas.png\" \/>\n\t<meta property=\"og:image:width\" content=\"671\" \/>\n\t<meta property=\"og:image:height\" content=\"450\" \/>\n\t<meta property=\"og:image:type\" content=\"image\/png\" \/>\n<meta name=\"author\" content=\"Reda\u00e7\u00e3o Aconteceu no Vale\" \/>\n<meta name=\"twitter:card\" content=\"summary_large_image\" \/>\n<meta name=\"twitter:creator\" content=\"@noticiadosvales\" \/>\n<meta name=\"twitter:site\" content=\"@noticiadosvales\" \/>\n<meta name=\"twitter:label1\" content=\"Escrito por\" \/>\n\t<meta name=\"twitter:data1\" content=\"Reda\u00e7\u00e3o Aconteceu no Vale\" \/>\n\t<meta name=\"twitter:label2\" content=\"Est. tempo de leitura\" \/>\n\t<meta name=\"twitter:data2\" content=\"1 minuto\" \/>\n<script type=\"application\/ld+json\" class=\"yoast-schema-graph\">{\"@context\":\"https:\\\/\\\/schema.org\",\"@graph\":[{\"@type\":\"Article\",\"@id\":\"https:\\\/\\\/aconteceunovale.com.br\\\/portal\\\/?p=194746#article\",\"isPartOf\":{\"@id\":\"https:\\\/\\\/aconteceunovale.com.br\\\/portal\\\/?p=194746\"},\"author\":{\"name\":\"Reda\u00e7\u00e3o Aconteceu no Vale\",\"@id\":\"https:\\\/\\\/aconteceunovale.com.br\\\/portal\\\/#\\\/schema\\\/person\\\/7d2f26d1483f8a63de73da1ee0754d35\"},\"headline\":\"Caminh\u00e3o carregado de mel\u00f5es pega fogo e \u00e9 destru\u00eddo na BR-251, no Norte de Minas\",\"datePublished\":\"2025-01-07T18:38:59+00:00\",\"dateModified\":\"2025-01-07T18:39:14+00:00\",\"mainEntityOfPage\":{\"@id\":\"https:\\\/\\\/aconteceunovale.com.br\\\/portal\\\/?p=194746\"},\"wordCount\":159,\"commentCount\":0,\"image\":{\"@id\":\"https:\\\/\\\/aconteceunovale.com.br\\\/portal\\\/?p=194746#primaryimage\"},\"thumbnailUrl\":\"https:\\\/\\\/aconteceunovale.com.br\\\/portal\\\/wp-content\\\/uploads\\\/2025\\\/01\\\/incendio_salinas.png\",\"keywords\":[\"Apodi\",\"BR-251\",\"Caminh\u00e3o carregado de mel\u00f5es pega fogo e \u00e9 destru\u00eddo em Salinas\",\"Caminh\u00e3o carregado de mel\u00f5es pega fogo e \u00e9 destru\u00eddo na BR-251\",\"destaque\",\"Inc\u00eandio em Salinas\",\"RN\",\"Salinas\",\"Santa Catarina\",\"S\u00e3o Paulo\",\"SP\"],\"articleSection\":[\"Norte de Minas\"],\"inLanguage\":\"pt-BR\",\"potentialAction\":[{\"@type\":\"CommentAction\",\"name\":\"Comment\",\"target\":[\"https:\\\/\\\/aconteceunovale.com.br\\\/portal\\\/?p=194746#respond\"]}]},{\"@type\":\"WebPage\",\"@id\":\"https:\\\/\\\/aconteceunovale.com.br\\\/portal\\\/?p=194746\",\"url\":\"https:\\\/\\\/aconteceunovale.com.br\\\/portal\\\/?p=194746\",\"name\":\"Caminh\u00e3o carregado de mel\u00f5es pega fogo e \u00e9 destru\u00eddo na BR-251, no Norte de Minas - Aconteceu no Vale\",\"isPartOf\":{\"@id\":\"https:\\\/\\\/aconteceunovale.com.br\\\/portal\\\/#website\"},\"primaryImageOfPage\":{\"@id\":\"https:\\\/\\\/aconteceunovale.com.br\\\/portal\\\/?p=194746#primaryimage\"},\"image\":{\"@id\":\"https:\\\/\\\/aconteceunovale.com.br\\\/portal\\\/?p=194746#primaryimage\"},\"thumbnailUrl\":\"https:\\\/\\\/aconteceunovale.com.br\\\/portal\\\/wp-content\\\/uploads\\\/2025\\\/01\\\/incendio_salinas.png\",\"datePublished\":\"2025-01-07T18:38:59+00:00\",\"dateModified\":\"2025-01-07T18:39:14+00:00\",\"author\":{\"@id\":\"https:\\\/\\\/aconteceunovale.com.br\\\/portal\\\/#\\\/schema\\\/person\\\/7d2f26d1483f8a63de73da1ee0754d35\"},\"breadcrumb\":{\"@id\":\"https:\\\/\\\/aconteceunovale.com.br\\\/portal\\\/?p=194746#breadcrumb\"},\"inLanguage\":\"pt-BR\",\"potentialAction\":[{\"@type\":\"ReadAction\",\"target\":[\"https:\\\/\\\/aconteceunovale.com.br\\\/portal\\\/?p=194746\"]}]},{\"@type\":\"ImageObject\",\"inLanguage\":\"pt-BR\",\"@id\":\"https:\\\/\\\/aconteceunovale.com.br\\\/portal\\\/?p=194746#primaryimage\",\"url\":\"https:\\\/\\\/aconteceunovale.com.br\\\/portal\\\/wp-content\\\/uploads\\\/2025\\\/01\\\/incendio_salinas.png\",\"contentUrl\":\"https:\\\/\\\/aconteceunovale.com.br\\\/portal\\\/wp-content\\\/uploads\\\/2025\\\/01\\\/incendio_salinas.png\",\"width\":671,\"height\":450,\"caption\":\"Foto: Divulga\u00e7\u00e3o \\\/ PRF\"},{\"@type\":\"BreadcrumbList\",\"@id\":\"https:\\\/\\\/aconteceunovale.com.br\\\/portal\\\/?p=194746#breadcrumb\",\"itemListElement\":[{\"@type\":\"ListItem\",\"position\":1,\"name\":\"In\u00edcio\",\"item\":\"https:\\\/\\\/aconteceunovale.com.br\\\/portal\\\/\"},{\"@type\":\"ListItem\",\"position\":2,\"name\":\"Caminh\u00e3o carregado de mel\u00f5es pega fogo e \u00e9 destru\u00eddo na BR-251, no Norte de Minas\"}]},{\"@type\":\"WebSite\",\"@id\":\"https:\\\/\\\/aconteceunovale.com.br\\\/portal\\\/#website\",\"url\":\"https:\\\/\\\/aconteceunovale.com.br\\\/portal\\\/\",\"name\":\"Aconteceu no Vale\",\"description\":\"Portal de Not\u00edcias\",\"potentialAction\":[{\"@type\":\"SearchAction\",\"target\":{\"@type\":\"EntryPoint\",\"urlTemplate\":\"https:\\\/\\\/aconteceunovale.com.br\\\/portal\\\/?s={search_term_string}\"},\"query-input\":{\"@type\":\"PropertyValueSpecification\",\"valueRequired\":true,\"valueName\":\"search_term_string\"}}],\"inLanguage\":\"pt-BR\"},{\"@type\":\"Person\",\"@id\":\"https:\\\/\\\/aconteceunovale.com.br\\\/portal\\\/#\\\/schema\\\/person\\\/7d2f26d1483f8a63de73da1ee0754d35\",\"name\":\"Reda\u00e7\u00e3o Aconteceu no Vale\",\"description\":\"Equipe de reportagem do Aconteceu no Vale, portal de not\u00edcias do Vale do Jequitinhonha, em Minas Gerais. Cobrimos as 51 cidades do Vale desde 2013. Sugest\u00f5es de pauta e pedidos de corre\u00e7\u00e3o: contato@aconteceunovale.com.br\",\"url\":\"https:\\\/\\\/aconteceunovale.com.br\\\/portal\\\/?author=4\"}]}<\/script>\n<!-- \/ Yoast SEO plugin. -->","yoast_head_json":{"title":"Caminh\u00e3o carregado de mel\u00f5es pega fogo e \u00e9 destru\u00eddo na BR-251, no Norte de Minas - Aconteceu no Vale","robots":{"index":"index","follow":"follow","max-snippet":"max-snippet:-1","max-image-preview":"max-image-preview:large","max-video-preview":"max-video-preview:-1"},"canonical":"https:\/\/aconteceunovale.com.br\/portal\/?p=194746","og_locale":"pt_BR","og_type":"article","og_title":"Caminh\u00e3o carregado de mel\u00f5es pega fogo e \u00e9 destru\u00eddo na BR-251, no Norte de Minas - Aconteceu no Vale","og_description":"Um caminh\u00e3o carregado de mel\u00f5es ficou completamente destru\u00eddo ap\u00f3s pegar fogo nesta ter\u00e7a-feira (7), na BR-251, em Salinas, no Norte de Minas. Apesar do incidente, o motorista do ve\u00edculo n\u00e3o sofreu ferimentos. De acordo com a Pol\u00edcia Rodovi\u00e1ria Federal (PRF), o caminh\u00e3o, com placa de Santa Catarina, fazia o trajeto de Apodi (RN) para S\u00e3o [&hellip;]","og_url":"https:\/\/aconteceunovale.com.br\/portal\/?p=194746","og_site_name":"Aconteceu no Vale","article_publisher":"https:\/\/www.facebook.com\/aconteceunovale\/","article_published_time":"2025-01-07T18:38:59+00:00","article_modified_time":"2025-01-07T18:39:14+00:00","og_image":[{"width":671,"height":450,"url":"https:\/\/aconteceunovale.com.br\/portal\/wp-content\/uploads\/2025\/01\/incendio_salinas.png","type":"image\/png"}],"author":"Reda\u00e7\u00e3o Aconteceu no Vale","twitter_card":"summary_large_image","twitter_creator":"@noticiadosvales","twitter_site":"@noticiadosvales","twitter_misc":{"Escrito por":"Reda\u00e7\u00e3o Aconteceu no Vale","Est. tempo de leitura":"1 minuto"},"schema":{"@context":"https:\/\/schema.org","@graph":[{"@type":"Article","@id":"https:\/\/aconteceunovale.com.br\/portal\/?p=194746#article","isPartOf":{"@id":"https:\/\/aconteceunovale.com.br\/portal\/?p=194746"},"author":{"name":"Reda\u00e7\u00e3o Aconteceu no Vale","@id":"https:\/\/aconteceunovale.com.br\/portal\/#\/schema\/person\/7d2f26d1483f8a63de73da1ee0754d35"},"headline":"Caminh\u00e3o carregado de mel\u00f5es pega fogo e \u00e9 destru\u00eddo na BR-251, no Norte de Minas","datePublished":"2025-01-07T18:38:59+00:00","dateModified":"2025-01-07T18:39:14+00:00","mainEntityOfPage":{"@id":"https:\/\/aconteceunovale.com.br\/portal\/?p=194746"},"wordCount":159,"commentCount":0,"image":{"@id":"https:\/\/aconteceunovale.com.br\/portal\/?p=194746#primaryimage"},"thumbnailUrl":"https:\/\/aconteceunovale.com.br\/portal\/wp-content\/uploads\/2025\/01\/incendio_salinas.png","keywords":["Apodi","BR-251","Caminh\u00e3o carregado de mel\u00f5es pega fogo e \u00e9 destru\u00eddo em Salinas","Caminh\u00e3o carregado de mel\u00f5es pega fogo e \u00e9 destru\u00eddo na BR-251","destaque","Inc\u00eandio em Salinas","RN","Salinas","Santa Catarina","S\u00e3o Paulo","SP"],"articleSection":["Norte de Minas"],"inLanguage":"pt-BR","potentialAction":[{"@type":"CommentAction","name":"Comment","target":["https:\/\/aconteceunovale.com.br\/portal\/?p=194746#respond"]}]},{"@type":"WebPage","@id":"https:\/\/aconteceunovale.com.br\/portal\/?p=194746","url":"https:\/\/aconteceunovale.com.br\/portal\/?p=194746","name":"Caminh\u00e3o carregado de mel\u00f5es pega fogo e \u00e9 destru\u00eddo na BR-251, no Norte de Minas - Aconteceu no Vale","isPartOf":{"@id":"https:\/\/aconteceunovale.com.br\/portal\/#website"},"primaryImageOfPage":{"@id":"https:\/\/aconteceunovale.com.br\/portal\/?p=194746#primaryimage"},"image":{"@id":"https:\/\/aconteceunovale.com.br\/portal\/?p=194746#primaryimage"},"thumbnailUrl":"https:\/\/aconteceunovale.com.br\/portal\/wp-content\/uploads\/2025\/01\/incendio_salinas.png","datePublished":"2025-01-07T18:38:59+00:00","dateModified":"2025-01-07T18:39:14+00:00","author":{"@id":"https:\/\/aconteceunovale.com.br\/portal\/#\/schema\/person\/7d2f26d1483f8a63de73da1ee0754d35"},"breadcrumb":{"@id":"https:\/\/aconteceunovale.com.br\/portal\/?p=194746#breadcrumb"},"inLanguage":"pt-BR","potentialAction":[{"@type":"ReadAction","target":["https:\/\/aconteceunovale.com.br\/portal\/?p=194746"]}]},{"@type":"ImageObject","inLanguage":"pt-BR","@id":"https:\/\/aconteceunovale.com.br\/portal\/?p=194746#primaryimage","url":"https:\/\/aconteceunovale.com.br\/portal\/wp-content\/uploads\/2025\/01\/incendio_salinas.png","contentUrl":"https:\/\/aconteceunovale.com.br\/portal\/wp-content\/uploads\/2025\/01\/incendio_salinas.png","width":671,"height":450,"caption":"Foto: Divulga\u00e7\u00e3o \/ PRF"},{"@type":"BreadcrumbList","@id":"https:\/\/aconteceunovale.com.br\/portal\/?p=194746#breadcrumb","itemListElement":[{"@type":"ListItem","position":1,"name":"In\u00edcio","item":"https:\/\/aconteceunovale.com.br\/portal\/"},{"@type":"ListItem","position":2,"name":"Caminh\u00e3o carregado de mel\u00f5es pega fogo e \u00e9 destru\u00eddo na BR-251, no Norte de Minas"}]},{"@type":"WebSite","@id":"https:\/\/aconteceunovale.com.br\/portal\/#website","url":"https:\/\/aconteceunovale.com.br\/portal\/","name":"Aconteceu no Vale","description":"Portal de Not\u00edcias","potentialAction":[{"@type":"SearchAction","target":{"@type":"EntryPoint","urlTemplate":"https:\/\/aconteceunovale.com.br\/portal\/?s={search_term_string}"},"query-input":{"@type":"PropertyValueSpecification","valueRequired":true,"valueName":"search_term_string"}}],"inLanguage":"pt-BR"},{"@type":"Person","@id":"https:\/\/aconteceunovale.com.br\/portal\/#\/schema\/person\/7d2f26d1483f8a63de73da1ee0754d35","name":"Reda\u00e7\u00e3o Aconteceu no Vale","description":"Equipe de reportagem do Aconteceu no Vale, portal de not\u00edcias do Vale do Jequitinhonha, em Minas Gerais. Cobrimos as 51 cidades do Vale desde 2013. Sugest\u00f5es de pauta e pedidos de corre\u00e7\u00e3o: contato@aconteceunovale.com.br","url":"https:\/\/aconteceunovale.com.br\/portal\/?author=4"}]}},"_links":{"self":[{"href":"https:\/\/aconteceunovale.com.br\/portal\/index.php?rest_route=\/wp\/v2\/posts\/194746","targetHints":{"allow":["GET"]}}],"collection":[{"href":"https:\/\/aconteceunovale.com.br\/portal\/index.php?rest_route=\/wp\/v2\/posts"}],"about":[{"href":"https:\/\/aconteceunovale.com.br\/portal\/index.php?rest_route=\/wp\/v2\/types\/post"}],"author":[{"embeddable":true,"href":"https:\/\/aconteceunovale.com.br\/portal\/index.php?rest_route=\/wp\/v2\/users\/4"}],"replies":[{"embeddable":true,"href":"https:\/\/aconteceunovale.com.br\/portal\/index.php?rest_route=%2Fwp%2Fv2%2Fcomments&post=194746"}],"version-history":[{"count":1,"href":"https:\/\/aconteceunovale.com.br\/portal\/index.php?rest_route=\/wp\/v2\/posts\/194746\/revisions"}],"predecessor-version":[{"id":194748,"href":"https:\/\/aconteceunovale.com.br\/portal\/index.php?rest_route=\/wp\/v2\/posts\/194746\/revisions\/194748"}],"wp:featuredmedia":[{"embeddable":true,"href":"https:\/\/aconteceunovale.com.br\/portal\/index.php?rest_route=\/wp\/v2\/media\/194747"}],"wp:attachment":[{"href":"https:\/\/aconteceunovale.com.br\/portal\/index.php?rest_route=%2Fwp%2Fv2%2Fmedia&parent=194746"}],"wp:term":[{"taxonomy":"category","embeddable":true,"href":"https:\/\/aconteceunovale.com.br\/portal\/index.php?rest_route=%2Fwp%2Fv2%2Fcategories&post=194746"},{"taxonomy":"post_tag","embeddable":true,"href":"https:\/\/aconteceunovale.com.br\/portal\/index.php?rest_route=%2Fwp%2Fv2%2Ftags&post=194746"}],"curies":[{"name":"wp","href":"https:\/\/api.w.org\/{rel}","templated":true}]}}