{"id":194740,"date":"2025-01-07T12:18:49","date_gmt":"2025-01-07T15:18:49","guid":{"rendered":"https:\/\/aconteceunovale.com.br\/portal\/?p=194740"},"modified":"2025-01-07T12:20:59","modified_gmt":"2025-01-07T15:20:59","slug":"policia-federal-deflagra-operacao-progenie-em-minas-gerais","status":"publish","type":"post","link":"https:\/\/aconteceunovale.com.br\/portal\/?p=194740","title":{"rendered":"Pol\u00edcia Federal deflagra Opera\u00e7\u00e3o Prog\u00eanie em Minas Gerais"},"content":{"rendered":"\n<p class=\"wp-block-paragraph\">Na manh\u00e3 desta ter\u00e7a-feira (7), a Pol\u00edcia Federal em Minas Gerais, em conjunto com a Coordena\u00e7\u00e3o-Geral de Intelig\u00eancia da Previd\u00eancia Social (CGINP), do Minist\u00e9rio da Previd\u00eancia Social, deflagrou a Opera\u00e7\u00e3o Prog\u00eanie. A a\u00e7\u00e3o teve como objetivo desarticular uma associa\u00e7\u00e3o criminosa especializada em fraudes contra os cofres da Uni\u00e3o.<\/p>\n\n\n\n<figure class=\"wp-block-gallery has-nested-images columns-default is-cropped wp-block-gallery-1 is-layout-flex wp-block-gallery-is-layout-flex\">\n<figure class=\"wp-block-image size-large\"><img loading=\"lazy\" decoding=\"async\" width=\"622\" height=\"358\" data-id=\"194741\" src=\"https:\/\/aconteceunovale.com.br\/portal\/wp-content\/uploads\/2025\/01\/operacao_mg.png\" alt=\"\" class=\"wp-image-194741\" srcset=\"https:\/\/aconteceunovale.com.br\/portal\/wp-content\/uploads\/2025\/01\/operacao_mg.png 622w, https:\/\/aconteceunovale.com.br\/portal\/wp-content\/uploads\/2025\/01\/operacao_mg-300x173.png 300w\" sizes=\"auto, (max-width: 622px) 100vw, 622px\" \/><figcaption class=\"wp-element-caption\"><em>Foto: Divulga\u00e7\u00e3o \/ Pol\u00edcia Federal<\/em><\/figcaption><\/figure>\n<\/figure>\n\n\n\n<p class=\"wp-block-paragraph\">A investiga\u00e7\u00e3o, conduzida pela For\u00e7a-Tarefa Previdenci\u00e1ria de Minas Gerais, resultou no cumprimento de dois mandados de pris\u00e3o preventiva e sete mandados de busca e apreens\u00e3o. As ordens foram expedidas pela Justi\u00e7a Federal de Ponte Nova\/MG e executadas nos munic\u00edpios de Ouro Preto, Mariana e Vi\u00e7osa.<\/p>\n\n\n\n<p class=\"wp-block-paragraph\"><strong>Esquema de Fraude<\/strong><\/p>\n\n\n\n<p class=\"wp-block-paragraph\">O grupo criminoso utilizava um esquema sofisticado para fraudar o Instituto Nacional do Seguro Social (INSS). O &#8220;modus operandi&#8221; envolvia a cria\u00e7\u00e3o de pessoas fict\u00edcias por meio da falsifica\u00e7\u00e3o de certid\u00f5es de nascimento, documentos de identidade e comprovantes de resid\u00eancia. Esses documentos eram utilizados para obter indevidamente benef\u00edcios previdenci\u00e1rios, principalmente o amparo ao idoso de baixa renda.<\/p>\n\n\n\n<p class=\"wp-block-paragraph\"><strong>Resultados da Investiga\u00e7\u00e3o<\/strong><\/p>\n\n\n\n<p class=\"wp-block-paragraph\">A investiga\u00e7\u00e3o revelou a exist\u00eancia de pelo menos 43 benef\u00edcios previdenci\u00e1rios fraudados. O trabalho minucioso permitiu a identifica\u00e7\u00e3o dos integrantes do grupo, que ser\u00e3o autuados pelos crimes de estelionato qualificado e associa\u00e7\u00e3o criminosa.<\/p>\n\n\n\n<p class=\"wp-block-paragraph\">O caso segue em apura\u00e7\u00e3o para identificar poss\u00edveis outros envolvidos no esquema criminoso.<\/p>\n","protected":false},"excerpt":{"rendered":"<p>Na manh\u00e3 desta ter\u00e7a-feira (7), a Pol\u00edcia Federal em Minas Gerais, em conjunto com a Coordena\u00e7\u00e3o-Geral de Intelig\u00eancia da Previd\u00eancia Social (CGINP), do Minist\u00e9rio da Previd\u00eancia Social, deflagrou a Opera\u00e7\u00e3o Prog\u00eanie. A a\u00e7\u00e3o teve como objetivo desarticular uma associa\u00e7\u00e3o criminosa especializada em fraudes contra os cofres da Uni\u00e3o. A investiga\u00e7\u00e3o, conduzida pela For\u00e7a-Tarefa Previdenci\u00e1ria de [&hellip;]<\/p>\n","protected":false},"author":4,"featured_media":194741,"comment_status":"open","ping_status":"closed","sticky":false,"template":"","format":"standard","meta":{"amp_status":"","footnotes":""},"categories":[123],"tags":[1018,6528,7363,42770,269009,269008,211,20966,772,269007,217,18771],"class_list":["post-194740","post","type-post","status-publish","format-standard","has-post-thumbnail","hentry","category-gerais","tag-destaque","tag-inss","tag-mariana","tag-ministerio-da-previdencia-social","tag-operacao-contra-fraudes-no-inss-em-minas-gerais","tag-operacao-progenie-em-minas-gerais","tag-ouro-preto","tag-pf","tag-policia-federal","tag-policia-federal-deflagra-operacao-progenie-em-minas-gerais","tag-ponte-nova","tag-vicosa"],"yoast_head":"<!-- This site is optimized with the Yoast SEO plugin v28.3 - https:\/\/yoast.com\/product\/yoast-seo-wordpress\/ -->\n<title>Pol\u00edcia Federal deflagra Opera\u00e7\u00e3o Prog\u00eanie em Minas Gerais - Aconteceu no Vale<\/title>\n<meta name=\"robots\" content=\"index, follow, max-snippet:-1, max-image-preview:large, max-video-preview:-1\" \/>\n<link rel=\"canonical\" href=\"https:\/\/aconteceunovale.com.br\/portal\/?p=194740\" \/>\n<meta property=\"og:locale\" content=\"pt_BR\" \/>\n<meta property=\"og:type\" content=\"article\" \/>\n<meta property=\"og:title\" content=\"Pol\u00edcia Federal deflagra Opera\u00e7\u00e3o Prog\u00eanie em Minas Gerais - Aconteceu no Vale\" \/>\n<meta property=\"og:description\" content=\"Na manh\u00e3 desta ter\u00e7a-feira (7), a Pol\u00edcia Federal em Minas Gerais, em conjunto com a Coordena\u00e7\u00e3o-Geral de Intelig\u00eancia da Previd\u00eancia Social (CGINP), do Minist\u00e9rio da Previd\u00eancia Social, deflagrou a Opera\u00e7\u00e3o Prog\u00eanie. A a\u00e7\u00e3o teve como objetivo desarticular uma associa\u00e7\u00e3o criminosa especializada em fraudes contra os cofres da Uni\u00e3o. A investiga\u00e7\u00e3o, conduzida pela For\u00e7a-Tarefa Previdenci\u00e1ria de [&hellip;]\" \/>\n<meta property=\"og:url\" content=\"https:\/\/aconteceunovale.com.br\/portal\/?p=194740\" \/>\n<meta property=\"og:site_name\" content=\"Aconteceu no Vale\" \/>\n<meta property=\"article:publisher\" content=\"https:\/\/www.facebook.com\/aconteceunovale\/\" \/>\n<meta property=\"article:published_time\" content=\"2025-01-07T15:18:49+00:00\" \/>\n<meta property=\"article:modified_time\" content=\"2025-01-07T15:20:59+00:00\" \/>\n<meta property=\"og:image\" content=\"https:\/\/aconteceunovale.com.br\/portal\/wp-content\/uploads\/2025\/01\/operacao_mg.png\" \/>\n\t<meta property=\"og:image:width\" content=\"622\" \/>\n\t<meta property=\"og:image:height\" content=\"358\" \/>\n\t<meta property=\"og:image:type\" content=\"image\/png\" \/>\n<meta name=\"author\" content=\"Reda\u00e7\u00e3o Aconteceu no Vale\" \/>\n<meta name=\"twitter:card\" content=\"summary_large_image\" \/>\n<meta name=\"twitter:creator\" content=\"@noticiadosvales\" \/>\n<meta name=\"twitter:site\" content=\"@noticiadosvales\" \/>\n<meta name=\"twitter:label1\" content=\"Escrito por\" \/>\n\t<meta name=\"twitter:data1\" content=\"Reda\u00e7\u00e3o Aconteceu no Vale\" \/>\n\t<meta name=\"twitter:label2\" content=\"Est. tempo de leitura\" \/>\n\t<meta name=\"twitter:data2\" content=\"1 minuto\" \/>\n<script type=\"application\/ld+json\" class=\"yoast-schema-graph\">{\"@context\":\"https:\\\/\\\/schema.org\",\"@graph\":[{\"@type\":\"Article\",\"@id\":\"https:\\\/\\\/aconteceunovale.com.br\\\/portal\\\/?p=194740#article\",\"isPartOf\":{\"@id\":\"https:\\\/\\\/aconteceunovale.com.br\\\/portal\\\/?p=194740\"},\"author\":{\"name\":\"Reda\u00e7\u00e3o Aconteceu no Vale\",\"@id\":\"https:\\\/\\\/aconteceunovale.com.br\\\/portal\\\/#\\\/schema\\\/person\\\/7d2f26d1483f8a63de73da1ee0754d35\"},\"headline\":\"Pol\u00edcia Federal deflagra Opera\u00e7\u00e3o Prog\u00eanie em Minas Gerais\",\"datePublished\":\"2025-01-07T15:18:49+00:00\",\"dateModified\":\"2025-01-07T15:20:59+00:00\",\"mainEntityOfPage\":{\"@id\":\"https:\\\/\\\/aconteceunovale.com.br\\\/portal\\\/?p=194740\"},\"wordCount\":255,\"commentCount\":0,\"image\":{\"@id\":\"https:\\\/\\\/aconteceunovale.com.br\\\/portal\\\/?p=194740#primaryimage\"},\"thumbnailUrl\":\"https:\\\/\\\/aconteceunovale.com.br\\\/portal\\\/wp-content\\\/uploads\\\/2025\\\/01\\\/operacao_mg.png\",\"keywords\":[\"destaque\",\"INSS\",\"Mariana\",\"Minist\u00e9rio da Previd\u00eancia Social\",\"Opera\u00e7\u00e3o contra fraudes no INSS em Minas Gerais\",\"Opera\u00e7\u00e3o Prog\u00eanie em Minas Gerais\",\"Ouro Preto\",\"PF\",\"pol\u00edcia federal\",\"Pol\u00edcia Federal deflagra Opera\u00e7\u00e3o Prog\u00eanie em Minas Gerais\",\"Ponte Nova\",\"Vi\u00e7osa\"],\"articleSection\":[\"Minas Gerais\"],\"inLanguage\":\"pt-BR\",\"potentialAction\":[{\"@type\":\"CommentAction\",\"name\":\"Comment\",\"target\":[\"https:\\\/\\\/aconteceunovale.com.br\\\/portal\\\/?p=194740#respond\"]}]},{\"@type\":\"WebPage\",\"@id\":\"https:\\\/\\\/aconteceunovale.com.br\\\/portal\\\/?p=194740\",\"url\":\"https:\\\/\\\/aconteceunovale.com.br\\\/portal\\\/?p=194740\",\"name\":\"Pol\u00edcia Federal deflagra Opera\u00e7\u00e3o Prog\u00eanie em Minas Gerais - Aconteceu no Vale\",\"isPartOf\":{\"@id\":\"https:\\\/\\\/aconteceunovale.com.br\\\/portal\\\/#website\"},\"primaryImageOfPage\":{\"@id\":\"https:\\\/\\\/aconteceunovale.com.br\\\/portal\\\/?p=194740#primaryimage\"},\"image\":{\"@id\":\"https:\\\/\\\/aconteceunovale.com.br\\\/portal\\\/?p=194740#primaryimage\"},\"thumbnailUrl\":\"https:\\\/\\\/aconteceunovale.com.br\\\/portal\\\/wp-content\\\/uploads\\\/2025\\\/01\\\/operacao_mg.png\",\"datePublished\":\"2025-01-07T15:18:49+00:00\",\"dateModified\":\"2025-01-07T15:20:59+00:00\",\"author\":{\"@id\":\"https:\\\/\\\/aconteceunovale.com.br\\\/portal\\\/#\\\/schema\\\/person\\\/7d2f26d1483f8a63de73da1ee0754d35\"},\"breadcrumb\":{\"@id\":\"https:\\\/\\\/aconteceunovale.com.br\\\/portal\\\/?p=194740#breadcrumb\"},\"inLanguage\":\"pt-BR\",\"potentialAction\":[{\"@type\":\"ReadAction\",\"target\":[\"https:\\\/\\\/aconteceunovale.com.br\\\/portal\\\/?p=194740\"]}]},{\"@type\":\"ImageObject\",\"inLanguage\":\"pt-BR\",\"@id\":\"https:\\\/\\\/aconteceunovale.com.br\\\/portal\\\/?p=194740#primaryimage\",\"url\":\"https:\\\/\\\/aconteceunovale.com.br\\\/portal\\\/wp-content\\\/uploads\\\/2025\\\/01\\\/operacao_mg.png\",\"contentUrl\":\"https:\\\/\\\/aconteceunovale.com.br\\\/portal\\\/wp-content\\\/uploads\\\/2025\\\/01\\\/operacao_mg.png\",\"width\":622,\"height\":358,\"caption\":\"Foto: Divulga\u00e7\u00e3o \\\/ Pol\u00edcia Federal\"},{\"@type\":\"BreadcrumbList\",\"@id\":\"https:\\\/\\\/aconteceunovale.com.br\\\/portal\\\/?p=194740#breadcrumb\",\"itemListElement\":[{\"@type\":\"ListItem\",\"position\":1,\"name\":\"In\u00edcio\",\"item\":\"https:\\\/\\\/aconteceunovale.com.br\\\/portal\\\/\"},{\"@type\":\"ListItem\",\"position\":2,\"name\":\"Pol\u00edcia Federal deflagra Opera\u00e7\u00e3o Prog\u00eanie em Minas Gerais\"}]},{\"@type\":\"WebSite\",\"@id\":\"https:\\\/\\\/aconteceunovale.com.br\\\/portal\\\/#website\",\"url\":\"https:\\\/\\\/aconteceunovale.com.br\\\/portal\\\/\",\"name\":\"Aconteceu no Vale\",\"description\":\"Portal de Not\u00edcias\",\"potentialAction\":[{\"@type\":\"SearchAction\",\"target\":{\"@type\":\"EntryPoint\",\"urlTemplate\":\"https:\\\/\\\/aconteceunovale.com.br\\\/portal\\\/?s={search_term_string}\"},\"query-input\":{\"@type\":\"PropertyValueSpecification\",\"valueRequired\":true,\"valueName\":\"search_term_string\"}}],\"inLanguage\":\"pt-BR\"},{\"@type\":\"Person\",\"@id\":\"https:\\\/\\\/aconteceunovale.com.br\\\/portal\\\/#\\\/schema\\\/person\\\/7d2f26d1483f8a63de73da1ee0754d35\",\"name\":\"Reda\u00e7\u00e3o Aconteceu no Vale\",\"description\":\"Equipe de reportagem do Aconteceu no Vale, portal de not\u00edcias do Vale do Jequitinhonha, em Minas Gerais. Cobrimos as 51 cidades do Vale desde 2013. Sugest\u00f5es de pauta e pedidos de corre\u00e7\u00e3o: contato@aconteceunovale.com.br\",\"url\":\"https:\\\/\\\/aconteceunovale.com.br\\\/portal\\\/?author=4\"}]}<\/script>\n<!-- \/ Yoast SEO plugin. -->","yoast_head_json":{"title":"Pol\u00edcia Federal deflagra Opera\u00e7\u00e3o Prog\u00eanie em Minas Gerais - Aconteceu no Vale","robots":{"index":"index","follow":"follow","max-snippet":"max-snippet:-1","max-image-preview":"max-image-preview:large","max-video-preview":"max-video-preview:-1"},"canonical":"https:\/\/aconteceunovale.com.br\/portal\/?p=194740","og_locale":"pt_BR","og_type":"article","og_title":"Pol\u00edcia Federal deflagra Opera\u00e7\u00e3o Prog\u00eanie em Minas Gerais - Aconteceu no Vale","og_description":"Na manh\u00e3 desta ter\u00e7a-feira (7), a Pol\u00edcia Federal em Minas Gerais, em conjunto com a Coordena\u00e7\u00e3o-Geral de Intelig\u00eancia da Previd\u00eancia Social (CGINP), do Minist\u00e9rio da Previd\u00eancia Social, deflagrou a Opera\u00e7\u00e3o Prog\u00eanie. A a\u00e7\u00e3o teve como objetivo desarticular uma associa\u00e7\u00e3o criminosa especializada em fraudes contra os cofres da Uni\u00e3o. A investiga\u00e7\u00e3o, conduzida pela For\u00e7a-Tarefa Previdenci\u00e1ria de [&hellip;]","og_url":"https:\/\/aconteceunovale.com.br\/portal\/?p=194740","og_site_name":"Aconteceu no Vale","article_publisher":"https:\/\/www.facebook.com\/aconteceunovale\/","article_published_time":"2025-01-07T15:18:49+00:00","article_modified_time":"2025-01-07T15:20:59+00:00","og_image":[{"width":622,"height":358,"url":"https:\/\/aconteceunovale.com.br\/portal\/wp-content\/uploads\/2025\/01\/operacao_mg.png","type":"image\/png"}],"author":"Reda\u00e7\u00e3o Aconteceu no Vale","twitter_card":"summary_large_image","twitter_creator":"@noticiadosvales","twitter_site":"@noticiadosvales","twitter_misc":{"Escrito por":"Reda\u00e7\u00e3o Aconteceu no Vale","Est. tempo de leitura":"1 minuto"},"schema":{"@context":"https:\/\/schema.org","@graph":[{"@type":"Article","@id":"https:\/\/aconteceunovale.com.br\/portal\/?p=194740#article","isPartOf":{"@id":"https:\/\/aconteceunovale.com.br\/portal\/?p=194740"},"author":{"name":"Reda\u00e7\u00e3o Aconteceu no Vale","@id":"https:\/\/aconteceunovale.com.br\/portal\/#\/schema\/person\/7d2f26d1483f8a63de73da1ee0754d35"},"headline":"Pol\u00edcia Federal deflagra Opera\u00e7\u00e3o Prog\u00eanie em Minas Gerais","datePublished":"2025-01-07T15:18:49+00:00","dateModified":"2025-01-07T15:20:59+00:00","mainEntityOfPage":{"@id":"https:\/\/aconteceunovale.com.br\/portal\/?p=194740"},"wordCount":255,"commentCount":0,"image":{"@id":"https:\/\/aconteceunovale.com.br\/portal\/?p=194740#primaryimage"},"thumbnailUrl":"https:\/\/aconteceunovale.com.br\/portal\/wp-content\/uploads\/2025\/01\/operacao_mg.png","keywords":["destaque","INSS","Mariana","Minist\u00e9rio da Previd\u00eancia Social","Opera\u00e7\u00e3o contra fraudes no INSS em Minas Gerais","Opera\u00e7\u00e3o Prog\u00eanie em Minas Gerais","Ouro Preto","PF","pol\u00edcia federal","Pol\u00edcia Federal deflagra Opera\u00e7\u00e3o Prog\u00eanie em Minas Gerais","Ponte Nova","Vi\u00e7osa"],"articleSection":["Minas Gerais"],"inLanguage":"pt-BR","potentialAction":[{"@type":"CommentAction","name":"Comment","target":["https:\/\/aconteceunovale.com.br\/portal\/?p=194740#respond"]}]},{"@type":"WebPage","@id":"https:\/\/aconteceunovale.com.br\/portal\/?p=194740","url":"https:\/\/aconteceunovale.com.br\/portal\/?p=194740","name":"Pol\u00edcia Federal deflagra Opera\u00e7\u00e3o Prog\u00eanie em Minas Gerais - Aconteceu no Vale","isPartOf":{"@id":"https:\/\/aconteceunovale.com.br\/portal\/#website"},"primaryImageOfPage":{"@id":"https:\/\/aconteceunovale.com.br\/portal\/?p=194740#primaryimage"},"image":{"@id":"https:\/\/aconteceunovale.com.br\/portal\/?p=194740#primaryimage"},"thumbnailUrl":"https:\/\/aconteceunovale.com.br\/portal\/wp-content\/uploads\/2025\/01\/operacao_mg.png","datePublished":"2025-01-07T15:18:49+00:00","dateModified":"2025-01-07T15:20:59+00:00","author":{"@id":"https:\/\/aconteceunovale.com.br\/portal\/#\/schema\/person\/7d2f26d1483f8a63de73da1ee0754d35"},"breadcrumb":{"@id":"https:\/\/aconteceunovale.com.br\/portal\/?p=194740#breadcrumb"},"inLanguage":"pt-BR","potentialAction":[{"@type":"ReadAction","target":["https:\/\/aconteceunovale.com.br\/portal\/?p=194740"]}]},{"@type":"ImageObject","inLanguage":"pt-BR","@id":"https:\/\/aconteceunovale.com.br\/portal\/?p=194740#primaryimage","url":"https:\/\/aconteceunovale.com.br\/portal\/wp-content\/uploads\/2025\/01\/operacao_mg.png","contentUrl":"https:\/\/aconteceunovale.com.br\/portal\/wp-content\/uploads\/2025\/01\/operacao_mg.png","width":622,"height":358,"caption":"Foto: Divulga\u00e7\u00e3o \/ Pol\u00edcia Federal"},{"@type":"BreadcrumbList","@id":"https:\/\/aconteceunovale.com.br\/portal\/?p=194740#breadcrumb","itemListElement":[{"@type":"ListItem","position":1,"name":"In\u00edcio","item":"https:\/\/aconteceunovale.com.br\/portal\/"},{"@type":"ListItem","position":2,"name":"Pol\u00edcia Federal deflagra Opera\u00e7\u00e3o Prog\u00eanie em Minas Gerais"}]},{"@type":"WebSite","@id":"https:\/\/aconteceunovale.com.br\/portal\/#website","url":"https:\/\/aconteceunovale.com.br\/portal\/","name":"Aconteceu no Vale","description":"Portal de Not\u00edcias","potentialAction":[{"@type":"SearchAction","target":{"@type":"EntryPoint","urlTemplate":"https:\/\/aconteceunovale.com.br\/portal\/?s={search_term_string}"},"query-input":{"@type":"PropertyValueSpecification","valueRequired":true,"valueName":"search_term_string"}}],"inLanguage":"pt-BR"},{"@type":"Person","@id":"https:\/\/aconteceunovale.com.br\/portal\/#\/schema\/person\/7d2f26d1483f8a63de73da1ee0754d35","name":"Reda\u00e7\u00e3o Aconteceu no Vale","description":"Equipe de reportagem do Aconteceu no Vale, portal de not\u00edcias do Vale do Jequitinhonha, em Minas Gerais. Cobrimos as 51 cidades do Vale desde 2013. Sugest\u00f5es de pauta e pedidos de corre\u00e7\u00e3o: contato@aconteceunovale.com.br","url":"https:\/\/aconteceunovale.com.br\/portal\/?author=4"}]}},"_links":{"self":[{"href":"https:\/\/aconteceunovale.com.br\/portal\/index.php?rest_route=\/wp\/v2\/posts\/194740","targetHints":{"allow":["GET"]}}],"collection":[{"href":"https:\/\/aconteceunovale.com.br\/portal\/index.php?rest_route=\/wp\/v2\/posts"}],"about":[{"href":"https:\/\/aconteceunovale.com.br\/portal\/index.php?rest_route=\/wp\/v2\/types\/post"}],"author":[{"embeddable":true,"href":"https:\/\/aconteceunovale.com.br\/portal\/index.php?rest_route=\/wp\/v2\/users\/4"}],"replies":[{"embeddable":true,"href":"https:\/\/aconteceunovale.com.br\/portal\/index.php?rest_route=%2Fwp%2Fv2%2Fcomments&post=194740"}],"version-history":[{"count":1,"href":"https:\/\/aconteceunovale.com.br\/portal\/index.php?rest_route=\/wp\/v2\/posts\/194740\/revisions"}],"predecessor-version":[{"id":194742,"href":"https:\/\/aconteceunovale.com.br\/portal\/index.php?rest_route=\/wp\/v2\/posts\/194740\/revisions\/194742"}],"wp:featuredmedia":[{"embeddable":true,"href":"https:\/\/aconteceunovale.com.br\/portal\/index.php?rest_route=\/wp\/v2\/media\/194741"}],"wp:attachment":[{"href":"https:\/\/aconteceunovale.com.br\/portal\/index.php?rest_route=%2Fwp%2Fv2%2Fmedia&parent=194740"}],"wp:term":[{"taxonomy":"category","embeddable":true,"href":"https:\/\/aconteceunovale.com.br\/portal\/index.php?rest_route=%2Fwp%2Fv2%2Fcategories&post=194740"},{"taxonomy":"post_tag","embeddable":true,"href":"https:\/\/aconteceunovale.com.br\/portal\/index.php?rest_route=%2Fwp%2Fv2%2Ftags&post=194740"}],"curies":[{"name":"wp","href":"https:\/\/api.w.org\/{rel}","templated":true}]}}