{"id":194574,"date":"2025-01-03T20:12:37","date_gmt":"2025-01-03T23:12:37","guid":{"rendered":"https:\/\/aconteceunovale.com.br\/portal\/?p=194574"},"modified":"2025-01-03T20:13:19","modified_gmt":"2025-01-03T23:13:19","slug":"prefeito-de-belo-horizonte-e-internado-com-insuficiencia-respiratoria-aguda","status":"publish","type":"post","link":"https:\/\/aconteceunovale.com.br\/portal\/?p=194574","title":{"rendered":"Prefeito de Belo Horizonte \u00e9 internado com insufici\u00eancia respirat\u00f3ria aguda"},"content":{"rendered":"\n<p class=\"wp-block-paragraph\">O prefeito de Belo Horizonte, Fuad Noman, voltou a ser internado nesta sexta-feira (3). De acordo com comunicado divulgado pelo Hospital Mater Dei, ele deu entrada na Unidade de Terapia Intensiva (UTI) com insufici\u00eancia respirat\u00f3ria aguda. Ele est\u00e1 fazendo uso de assist\u00eancia ventilat\u00f3ria e ser\u00e1 submetido a exames para avalia\u00e7\u00e3o do quadro.<\/p>\n\n\n\n<figure class=\"wp-block-gallery has-nested-images columns-default is-cropped wp-block-gallery-1 is-layout-flex wp-block-gallery-is-layout-flex\">\n<figure class=\"wp-block-image size-large\"><img loading=\"lazy\" decoding=\"async\" width=\"678\" height=\"406\" data-id=\"194575\" src=\"https:\/\/aconteceunovale.com.br\/portal\/wp-content\/uploads\/2025\/01\/fuad_bh.png\" alt=\"\" class=\"wp-image-194575\" srcset=\"https:\/\/aconteceunovale.com.br\/portal\/wp-content\/uploads\/2025\/01\/fuad_bh.png 678w, https:\/\/aconteceunovale.com.br\/portal\/wp-content\/uploads\/2025\/01\/fuad_bh-300x180.png 300w\" sizes=\"auto, (max-width: 678px) 100vw, 678px\" \/><figcaption class=\"wp-element-caption\"><em>Imagem: Reprodu\u00e7\u00e3o \/ Facebook Fuad Noman<\/em><\/figcaption><\/figure>\n<\/figure>\n\n\n\n<p class=\"wp-block-paragraph\">Fuad Noman foi vice-prefeito eleito em 2020 e assumiu a gest\u00e3o da capital mineira em mar\u00e7o de 2022 ap\u00f3s a ren\u00fancia do ent\u00e3o prefeito Alexandre Kalil, que decidiu na ocasi\u00e3o concorrer ao governo estadual. No ano passado, Fuad foi reeleito ap\u00f3s vencer no segundo turno o deputado estadual e candidato Bruno Engler (PL). Ele obteve 53,73% dos votos v\u00e1lidos.<\/p>\n\n\n\n<p class=\"wp-block-paragraph\">Problemas de sa\u00fade v\u00eam acompanhando Fuad Noman desde meados do ano passado. Em julho, ele revelou que havia sido diagnosticado com um linfoma n\u00e3o Hodgkin (LNH), um tipo de c\u00e2ncer que tem origem nas c\u00e9lulas do sistema linf\u00e1tico. Mesmo se submetendo ao tratamento para combater a doen\u00e7a, ele afirmou desde o primeiro momento que manteria sua candidatura \u00e0 reelei\u00e7\u00e3o.<\/p>\n\n\n\n<p class=\"wp-block-paragraph\">Em outubro, Fuad afirmou ter conclu\u00eddo o tratamento e que houve remiss\u00e3o total do c\u00e2ncer. A nova interna\u00e7\u00e3o, no entanto, j\u00e1 \u00e9 a quarta registrada desde novembro. As tr\u00eas anteriores foram motivadas, respectivamente, por dores nas pernas, por pneumonia e por diarreia e desidrata\u00e7\u00e3o.<\/p>\n\n\n\n<p class=\"wp-block-paragraph\">Sua posse como prefeito reeleito ocorreu de forma virtual na quarta-feira (1\u00ba), devido \u00e0 recomenda\u00e7\u00e3o m\u00e9dica. Em sua apari\u00e7\u00e3o por v\u00eddeo, ele discursou com dificuldade.<\/p>\n\n\n\n<p class=\"wp-block-paragraph\">Pouco antes do comunicado sobre a nova interna\u00e7\u00e3o ser divulgado pelo hospital, as redes sociais do prefeito publicaram uma postagem anunciando o rateio de verbas do Fundo de Manuten\u00e7\u00e3o e Desenvolvimento da Educa\u00e7\u00e3o B\u00e1sica e de Valoriza\u00e7\u00e3o dos Profissionais da Educa\u00e7\u00e3o (Fundeb).<\/p>\n","protected":false},"excerpt":{"rendered":"<p>O prefeito de Belo Horizonte, Fuad Noman, voltou a ser internado nesta sexta-feira (3). De acordo com comunicado divulgado pelo Hospital Mater Dei, ele deu entrada na Unidade de Terapia Intensiva (UTI) com insufici\u00eancia respirat\u00f3ria aguda. Ele est\u00e1 fazendo uso de assist\u00eancia ventilat\u00f3ria e ser\u00e1 submetido a exames para avalia\u00e7\u00e3o do quadro. Fuad Noman foi [&hellip;]<\/p>\n","protected":false},"author":4,"featured_media":194575,"comment_status":"open","ping_status":"closed","sticky":false,"template":"","format":"standard","meta":{"amp_status":"","footnotes":""},"categories":[123,40240],"tags":[194,1017,1018,268808,268807,82787,268806,149272,268809],"class_list":["post-194574","post","type-post","status-publish","format-standard","has-post-thumbnail","hentry","category-gerais","category-politica","tag-belo-horizonte","tag-bh","tag-destaque","tag-estado-de-saude-de-fuad-noman","tag-fuad-nonan","tag-prefeito-de-belo-horizonte","tag-prefeito-de-belo-horizonte-e-internado-com-insuficiencia-respiratoria-aguda","tag-prefeito-de-bh","tag-saude-de-fuad-noman"],"yoast_head":"<!-- This site is optimized with the Yoast SEO plugin v28.3 - https:\/\/yoast.com\/product\/yoast-seo-wordpress\/ -->\n<title>Prefeito de Belo Horizonte \u00e9 internado com insufici\u00eancia respirat\u00f3ria aguda - Aconteceu no Vale<\/title>\n<meta name=\"robots\" content=\"index, follow, max-snippet:-1, max-image-preview:large, max-video-preview:-1\" \/>\n<link rel=\"canonical\" href=\"https:\/\/aconteceunovale.com.br\/portal\/?p=194574\" \/>\n<meta property=\"og:locale\" content=\"pt_BR\" \/>\n<meta property=\"og:type\" content=\"article\" \/>\n<meta property=\"og:title\" content=\"Prefeito de Belo Horizonte \u00e9 internado com insufici\u00eancia respirat\u00f3ria aguda - Aconteceu no Vale\" \/>\n<meta property=\"og:description\" content=\"O prefeito de Belo Horizonte, Fuad Noman, voltou a ser internado nesta sexta-feira (3). De acordo com comunicado divulgado pelo Hospital Mater Dei, ele deu entrada na Unidade de Terapia Intensiva (UTI) com insufici\u00eancia respirat\u00f3ria aguda. Ele est\u00e1 fazendo uso de assist\u00eancia ventilat\u00f3ria e ser\u00e1 submetido a exames para avalia\u00e7\u00e3o do quadro. Fuad Noman foi [&hellip;]\" \/>\n<meta property=\"og:url\" content=\"https:\/\/aconteceunovale.com.br\/portal\/?p=194574\" \/>\n<meta property=\"og:site_name\" content=\"Aconteceu no Vale\" \/>\n<meta property=\"article:publisher\" content=\"https:\/\/www.facebook.com\/aconteceunovale\/\" \/>\n<meta property=\"article:published_time\" content=\"2025-01-03T23:12:37+00:00\" \/>\n<meta property=\"article:modified_time\" content=\"2025-01-03T23:13:19+00:00\" \/>\n<meta property=\"og:image\" content=\"https:\/\/aconteceunovale.com.br\/portal\/wp-content\/uploads\/2025\/01\/fuad_bh.png\" \/>\n\t<meta property=\"og:image:width\" content=\"678\" \/>\n\t<meta property=\"og:image:height\" content=\"406\" \/>\n\t<meta property=\"og:image:type\" content=\"image\/png\" \/>\n<meta name=\"author\" content=\"Reda\u00e7\u00e3o Aconteceu no Vale\" \/>\n<meta name=\"twitter:card\" content=\"summary_large_image\" \/>\n<meta name=\"twitter:creator\" content=\"@noticiadosvales\" \/>\n<meta name=\"twitter:site\" content=\"@noticiadosvales\" \/>\n<meta name=\"twitter:label1\" content=\"Escrito por\" \/>\n\t<meta name=\"twitter:data1\" content=\"Reda\u00e7\u00e3o Aconteceu no Vale\" \/>\n\t<meta name=\"twitter:label2\" content=\"Est. tempo de leitura\" \/>\n\t<meta name=\"twitter:data2\" content=\"2 minutos\" \/>\n<script type=\"application\/ld+json\" class=\"yoast-schema-graph\">{\"@context\":\"https:\\\/\\\/schema.org\",\"@graph\":[{\"@type\":\"Article\",\"@id\":\"https:\\\/\\\/aconteceunovale.com.br\\\/portal\\\/?p=194574#article\",\"isPartOf\":{\"@id\":\"https:\\\/\\\/aconteceunovale.com.br\\\/portal\\\/?p=194574\"},\"author\":{\"name\":\"Reda\u00e7\u00e3o Aconteceu no Vale\",\"@id\":\"https:\\\/\\\/aconteceunovale.com.br\\\/portal\\\/#\\\/schema\\\/person\\\/7d2f26d1483f8a63de73da1ee0754d35\"},\"headline\":\"Prefeito de Belo Horizonte \u00e9 internado com insufici\u00eancia respirat\u00f3ria aguda\",\"datePublished\":\"2025-01-03T23:12:37+00:00\",\"dateModified\":\"2025-01-03T23:13:19+00:00\",\"mainEntityOfPage\":{\"@id\":\"https:\\\/\\\/aconteceunovale.com.br\\\/portal\\\/?p=194574\"},\"wordCount\":327,\"commentCount\":0,\"image\":{\"@id\":\"https:\\\/\\\/aconteceunovale.com.br\\\/portal\\\/?p=194574#primaryimage\"},\"thumbnailUrl\":\"https:\\\/\\\/aconteceunovale.com.br\\\/portal\\\/wp-content\\\/uploads\\\/2025\\\/01\\\/fuad_bh.png\",\"keywords\":[\"Belo Horizonte\",\"bh\",\"destaque\",\"Estado de sa\u00fade de Fuad Noman\",\"Fuad Nonan\",\"prefeito de Belo Horizonte\",\"Prefeito de Belo Horizonte \u00e9 internado com insufici\u00eancia respirat\u00f3ria aguda\",\"Prefeito de Bh\",\"Sa\u00fade de Fuad Noman\"],\"articleSection\":[\"Minas Gerais\",\"Pol\u00edtica\"],\"inLanguage\":\"pt-BR\",\"potentialAction\":[{\"@type\":\"CommentAction\",\"name\":\"Comment\",\"target\":[\"https:\\\/\\\/aconteceunovale.com.br\\\/portal\\\/?p=194574#respond\"]}]},{\"@type\":\"WebPage\",\"@id\":\"https:\\\/\\\/aconteceunovale.com.br\\\/portal\\\/?p=194574\",\"url\":\"https:\\\/\\\/aconteceunovale.com.br\\\/portal\\\/?p=194574\",\"name\":\"Prefeito de Belo Horizonte \u00e9 internado com insufici\u00eancia respirat\u00f3ria aguda - Aconteceu no Vale\",\"isPartOf\":{\"@id\":\"https:\\\/\\\/aconteceunovale.com.br\\\/portal\\\/#website\"},\"primaryImageOfPage\":{\"@id\":\"https:\\\/\\\/aconteceunovale.com.br\\\/portal\\\/?p=194574#primaryimage\"},\"image\":{\"@id\":\"https:\\\/\\\/aconteceunovale.com.br\\\/portal\\\/?p=194574#primaryimage\"},\"thumbnailUrl\":\"https:\\\/\\\/aconteceunovale.com.br\\\/portal\\\/wp-content\\\/uploads\\\/2025\\\/01\\\/fuad_bh.png\",\"datePublished\":\"2025-01-03T23:12:37+00:00\",\"dateModified\":\"2025-01-03T23:13:19+00:00\",\"author\":{\"@id\":\"https:\\\/\\\/aconteceunovale.com.br\\\/portal\\\/#\\\/schema\\\/person\\\/7d2f26d1483f8a63de73da1ee0754d35\"},\"breadcrumb\":{\"@id\":\"https:\\\/\\\/aconteceunovale.com.br\\\/portal\\\/?p=194574#breadcrumb\"},\"inLanguage\":\"pt-BR\",\"potentialAction\":[{\"@type\":\"ReadAction\",\"target\":[\"https:\\\/\\\/aconteceunovale.com.br\\\/portal\\\/?p=194574\"]}]},{\"@type\":\"ImageObject\",\"inLanguage\":\"pt-BR\",\"@id\":\"https:\\\/\\\/aconteceunovale.com.br\\\/portal\\\/?p=194574#primaryimage\",\"url\":\"https:\\\/\\\/aconteceunovale.com.br\\\/portal\\\/wp-content\\\/uploads\\\/2025\\\/01\\\/fuad_bh.png\",\"contentUrl\":\"https:\\\/\\\/aconteceunovale.com.br\\\/portal\\\/wp-content\\\/uploads\\\/2025\\\/01\\\/fuad_bh.png\",\"width\":678,\"height\":406,\"caption\":\"Imagem: Reprodu\u00e7\u00e3o \\\/ Facebook Fuad Noman\"},{\"@type\":\"BreadcrumbList\",\"@id\":\"https:\\\/\\\/aconteceunovale.com.br\\\/portal\\\/?p=194574#breadcrumb\",\"itemListElement\":[{\"@type\":\"ListItem\",\"position\":1,\"name\":\"In\u00edcio\",\"item\":\"https:\\\/\\\/aconteceunovale.com.br\\\/portal\\\/\"},{\"@type\":\"ListItem\",\"position\":2,\"name\":\"Prefeito de Belo Horizonte \u00e9 internado com insufici\u00eancia respirat\u00f3ria aguda\"}]},{\"@type\":\"WebSite\",\"@id\":\"https:\\\/\\\/aconteceunovale.com.br\\\/portal\\\/#website\",\"url\":\"https:\\\/\\\/aconteceunovale.com.br\\\/portal\\\/\",\"name\":\"Aconteceu no Vale\",\"description\":\"Portal de Not\u00edcias\",\"potentialAction\":[{\"@type\":\"SearchAction\",\"target\":{\"@type\":\"EntryPoint\",\"urlTemplate\":\"https:\\\/\\\/aconteceunovale.com.br\\\/portal\\\/?s={search_term_string}\"},\"query-input\":{\"@type\":\"PropertyValueSpecification\",\"valueRequired\":true,\"valueName\":\"search_term_string\"}}],\"inLanguage\":\"pt-BR\"},{\"@type\":\"Person\",\"@id\":\"https:\\\/\\\/aconteceunovale.com.br\\\/portal\\\/#\\\/schema\\\/person\\\/7d2f26d1483f8a63de73da1ee0754d35\",\"name\":\"Reda\u00e7\u00e3o Aconteceu no Vale\",\"description\":\"Equipe de reportagem do Aconteceu no Vale, portal de not\u00edcias do Vale do Jequitinhonha, em Minas Gerais. Cobrimos as 51 cidades do Vale desde 2013. Sugest\u00f5es de pauta e pedidos de corre\u00e7\u00e3o: contato@aconteceunovale.com.br\",\"url\":\"https:\\\/\\\/aconteceunovale.com.br\\\/portal\\\/?author=4\"}]}<\/script>\n<!-- \/ Yoast SEO plugin. -->","yoast_head_json":{"title":"Prefeito de Belo Horizonte \u00e9 internado com insufici\u00eancia respirat\u00f3ria aguda - Aconteceu no Vale","robots":{"index":"index","follow":"follow","max-snippet":"max-snippet:-1","max-image-preview":"max-image-preview:large","max-video-preview":"max-video-preview:-1"},"canonical":"https:\/\/aconteceunovale.com.br\/portal\/?p=194574","og_locale":"pt_BR","og_type":"article","og_title":"Prefeito de Belo Horizonte \u00e9 internado com insufici\u00eancia respirat\u00f3ria aguda - Aconteceu no Vale","og_description":"O prefeito de Belo Horizonte, Fuad Noman, voltou a ser internado nesta sexta-feira (3). De acordo com comunicado divulgado pelo Hospital Mater Dei, ele deu entrada na Unidade de Terapia Intensiva (UTI) com insufici\u00eancia respirat\u00f3ria aguda. Ele est\u00e1 fazendo uso de assist\u00eancia ventilat\u00f3ria e ser\u00e1 submetido a exames para avalia\u00e7\u00e3o do quadro. Fuad Noman foi [&hellip;]","og_url":"https:\/\/aconteceunovale.com.br\/portal\/?p=194574","og_site_name":"Aconteceu no Vale","article_publisher":"https:\/\/www.facebook.com\/aconteceunovale\/","article_published_time":"2025-01-03T23:12:37+00:00","article_modified_time":"2025-01-03T23:13:19+00:00","og_image":[{"width":678,"height":406,"url":"https:\/\/aconteceunovale.com.br\/portal\/wp-content\/uploads\/2025\/01\/fuad_bh.png","type":"image\/png"}],"author":"Reda\u00e7\u00e3o Aconteceu no Vale","twitter_card":"summary_large_image","twitter_creator":"@noticiadosvales","twitter_site":"@noticiadosvales","twitter_misc":{"Escrito por":"Reda\u00e7\u00e3o Aconteceu no Vale","Est. tempo de leitura":"2 minutos"},"schema":{"@context":"https:\/\/schema.org","@graph":[{"@type":"Article","@id":"https:\/\/aconteceunovale.com.br\/portal\/?p=194574#article","isPartOf":{"@id":"https:\/\/aconteceunovale.com.br\/portal\/?p=194574"},"author":{"name":"Reda\u00e7\u00e3o Aconteceu no Vale","@id":"https:\/\/aconteceunovale.com.br\/portal\/#\/schema\/person\/7d2f26d1483f8a63de73da1ee0754d35"},"headline":"Prefeito de Belo Horizonte \u00e9 internado com insufici\u00eancia respirat\u00f3ria aguda","datePublished":"2025-01-03T23:12:37+00:00","dateModified":"2025-01-03T23:13:19+00:00","mainEntityOfPage":{"@id":"https:\/\/aconteceunovale.com.br\/portal\/?p=194574"},"wordCount":327,"commentCount":0,"image":{"@id":"https:\/\/aconteceunovale.com.br\/portal\/?p=194574#primaryimage"},"thumbnailUrl":"https:\/\/aconteceunovale.com.br\/portal\/wp-content\/uploads\/2025\/01\/fuad_bh.png","keywords":["Belo Horizonte","bh","destaque","Estado de sa\u00fade de Fuad Noman","Fuad Nonan","prefeito de Belo Horizonte","Prefeito de Belo Horizonte \u00e9 internado com insufici\u00eancia respirat\u00f3ria aguda","Prefeito de Bh","Sa\u00fade de Fuad Noman"],"articleSection":["Minas Gerais","Pol\u00edtica"],"inLanguage":"pt-BR","potentialAction":[{"@type":"CommentAction","name":"Comment","target":["https:\/\/aconteceunovale.com.br\/portal\/?p=194574#respond"]}]},{"@type":"WebPage","@id":"https:\/\/aconteceunovale.com.br\/portal\/?p=194574","url":"https:\/\/aconteceunovale.com.br\/portal\/?p=194574","name":"Prefeito de Belo Horizonte \u00e9 internado com insufici\u00eancia respirat\u00f3ria aguda - Aconteceu no Vale","isPartOf":{"@id":"https:\/\/aconteceunovale.com.br\/portal\/#website"},"primaryImageOfPage":{"@id":"https:\/\/aconteceunovale.com.br\/portal\/?p=194574#primaryimage"},"image":{"@id":"https:\/\/aconteceunovale.com.br\/portal\/?p=194574#primaryimage"},"thumbnailUrl":"https:\/\/aconteceunovale.com.br\/portal\/wp-content\/uploads\/2025\/01\/fuad_bh.png","datePublished":"2025-01-03T23:12:37+00:00","dateModified":"2025-01-03T23:13:19+00:00","author":{"@id":"https:\/\/aconteceunovale.com.br\/portal\/#\/schema\/person\/7d2f26d1483f8a63de73da1ee0754d35"},"breadcrumb":{"@id":"https:\/\/aconteceunovale.com.br\/portal\/?p=194574#breadcrumb"},"inLanguage":"pt-BR","potentialAction":[{"@type":"ReadAction","target":["https:\/\/aconteceunovale.com.br\/portal\/?p=194574"]}]},{"@type":"ImageObject","inLanguage":"pt-BR","@id":"https:\/\/aconteceunovale.com.br\/portal\/?p=194574#primaryimage","url":"https:\/\/aconteceunovale.com.br\/portal\/wp-content\/uploads\/2025\/01\/fuad_bh.png","contentUrl":"https:\/\/aconteceunovale.com.br\/portal\/wp-content\/uploads\/2025\/01\/fuad_bh.png","width":678,"height":406,"caption":"Imagem: Reprodu\u00e7\u00e3o \/ Facebook Fuad Noman"},{"@type":"BreadcrumbList","@id":"https:\/\/aconteceunovale.com.br\/portal\/?p=194574#breadcrumb","itemListElement":[{"@type":"ListItem","position":1,"name":"In\u00edcio","item":"https:\/\/aconteceunovale.com.br\/portal\/"},{"@type":"ListItem","position":2,"name":"Prefeito de Belo Horizonte \u00e9 internado com insufici\u00eancia respirat\u00f3ria aguda"}]},{"@type":"WebSite","@id":"https:\/\/aconteceunovale.com.br\/portal\/#website","url":"https:\/\/aconteceunovale.com.br\/portal\/","name":"Aconteceu no Vale","description":"Portal de Not\u00edcias","potentialAction":[{"@type":"SearchAction","target":{"@type":"EntryPoint","urlTemplate":"https:\/\/aconteceunovale.com.br\/portal\/?s={search_term_string}"},"query-input":{"@type":"PropertyValueSpecification","valueRequired":true,"valueName":"search_term_string"}}],"inLanguage":"pt-BR"},{"@type":"Person","@id":"https:\/\/aconteceunovale.com.br\/portal\/#\/schema\/person\/7d2f26d1483f8a63de73da1ee0754d35","name":"Reda\u00e7\u00e3o Aconteceu no Vale","description":"Equipe de reportagem do Aconteceu no Vale, portal de not\u00edcias do Vale do Jequitinhonha, em Minas Gerais. Cobrimos as 51 cidades do Vale desde 2013. Sugest\u00f5es de pauta e pedidos de corre\u00e7\u00e3o: contato@aconteceunovale.com.br","url":"https:\/\/aconteceunovale.com.br\/portal\/?author=4"}]}},"_links":{"self":[{"href":"https:\/\/aconteceunovale.com.br\/portal\/index.php?rest_route=\/wp\/v2\/posts\/194574","targetHints":{"allow":["GET"]}}],"collection":[{"href":"https:\/\/aconteceunovale.com.br\/portal\/index.php?rest_route=\/wp\/v2\/posts"}],"about":[{"href":"https:\/\/aconteceunovale.com.br\/portal\/index.php?rest_route=\/wp\/v2\/types\/post"}],"author":[{"embeddable":true,"href":"https:\/\/aconteceunovale.com.br\/portal\/index.php?rest_route=\/wp\/v2\/users\/4"}],"replies":[{"embeddable":true,"href":"https:\/\/aconteceunovale.com.br\/portal\/index.php?rest_route=%2Fwp%2Fv2%2Fcomments&post=194574"}],"version-history":[{"count":1,"href":"https:\/\/aconteceunovale.com.br\/portal\/index.php?rest_route=\/wp\/v2\/posts\/194574\/revisions"}],"predecessor-version":[{"id":194576,"href":"https:\/\/aconteceunovale.com.br\/portal\/index.php?rest_route=\/wp\/v2\/posts\/194574\/revisions\/194576"}],"wp:featuredmedia":[{"embeddable":true,"href":"https:\/\/aconteceunovale.com.br\/portal\/index.php?rest_route=\/wp\/v2\/media\/194575"}],"wp:attachment":[{"href":"https:\/\/aconteceunovale.com.br\/portal\/index.php?rest_route=%2Fwp%2Fv2%2Fmedia&parent=194574"}],"wp:term":[{"taxonomy":"category","embeddable":true,"href":"https:\/\/aconteceunovale.com.br\/portal\/index.php?rest_route=%2Fwp%2Fv2%2Fcategories&post=194574"},{"taxonomy":"post_tag","embeddable":true,"href":"https:\/\/aconteceunovale.com.br\/portal\/index.php?rest_route=%2Fwp%2Fv2%2Ftags&post=194574"}],"curies":[{"name":"wp","href":"https:\/\/api.w.org\/{rel}","templated":true}]}}