{"id":194568,"date":"2025-01-03T16:30:46","date_gmt":"2025-01-03T19:30:46","guid":{"rendered":"https:\/\/aconteceunovale.com.br\/portal\/?p=194568"},"modified":"2025-01-03T16:31:25","modified_gmt":"2025-01-03T19:31:25","slug":"homem-com-historico-de-violencia-domestica-e-preso-em-ipatinga","status":"publish","type":"post","link":"https:\/\/aconteceunovale.com.br\/portal\/?p=194568","title":{"rendered":"Homem com hist\u00f3rico de viol\u00eancia dom\u00e9stica \u00e9 preso em Ipatinga"},"content":{"rendered":"\n<p class=\"wp-block-paragraph\">Um homem de 36 anos foi preso preventivamente em Ipatinga no dia 27 de dezembro, ap\u00f3s decis\u00e3o do Tribunal de Justi\u00e7a de Minas Gerais (TJMG). Ele possui um hist\u00f3rico de viol\u00eancia contra sua companheira, de 35 anos, e sua fam\u00edlia, com oito registros policiais relacionados a agress\u00f5es contra a v\u00edtima.<\/p>\n\n\n\n<p class=\"wp-block-paragraph\">A pris\u00e3o preventiva foi decretada ap\u00f3s o Minist\u00e9rio P\u00fablico de Minas Gerais (MPMG) ajuizar uma a\u00e7\u00e3o cautelar inominada e interpor um Recurso em Sentido Estrito para garantir a seguran\u00e7a da v\u00edtima, suas filhas e testemunhas, incluindo vizinhos.<\/p>\n\n\n\n<p class=\"wp-block-paragraph\">O agressor havia sido preso em flagrante no dia 22 de dezembro, mas foi liberado ap\u00f3s o juiz respons\u00e1vel n\u00e3o considerar presentes os pressupostos para a pris\u00e3o preventiva. Na ocasi\u00e3o, foi arbitrada uma fian\u00e7a de R$ 10 mil e determinadas medidas cautelares, como comparecimento mensal ao ju\u00edzo, recolhimento noturno, e proibi\u00e7\u00e3o de mudar de endere\u00e7o sem comunica\u00e7\u00e3o pr\u00e9via.<\/p>\n\n\n\n<p class=\"wp-block-paragraph\">Diante da gravidade da situa\u00e7\u00e3o e do risco \u00e0s v\u00edtimas, o promotor de Justi\u00e7a Jonas Junio Linhares Costa Monteiro pleiteou novamente pela pris\u00e3o preventiva, destacando a urg\u00eancia do caso. No dia 27 de dezembro, o TJMG acolheu o pedido do MPMG, concedendo a liminar que atribuiu efeito ativo ao recurso e autorizou a pris\u00e3o preventiva.<\/p>\n\n\n\n<p class=\"wp-block-paragraph\">O mandado foi cumprido no mesmo dia, e o homem foi preso para garantir a ordem p\u00fablica e proteger as v\u00edtimas e testemunhas.<\/p>\n","protected":false},"excerpt":{"rendered":"<p>Um homem de 36 anos foi preso preventivamente em Ipatinga no dia 27 de dezembro, ap\u00f3s decis\u00e3o do Tribunal de Justi\u00e7a de Minas Gerais (TJMG). Ele possui um hist\u00f3rico de viol\u00eancia contra sua companheira, de 35 anos, e sua fam\u00edlia, com oito registros policiais relacionados a agress\u00f5es contra a v\u00edtima. A pris\u00e3o preventiva foi decretada [&hellip;]<\/p>\n","protected":false},"author":4,"featured_media":166359,"comment_status":"open","ping_status":"closed","sticky":false,"template":"","format":"standard","meta":{"amp_status":"","footnotes":""},"categories":[121],"tags":[1018,268798,157298,201,19675,87783,268799,270],"class_list":["post-194568","post","type-post","status-publish","format-standard","has-post-thumbnail","hentry","category-leste","tag-destaque","tag-homem-com-historico-de-violencia-domestica-e-preso-em-ipatinga","tag-homem-preso-em-ipatinga","tag-ipatinga","tag-mpmg","tag-preso-em-ipatinga","tag-preso-por-violencia-domestica-em-ipatinga","tag-tjmg"],"yoast_head":"<!-- This site is optimized with the Yoast SEO plugin v28.3 - https:\/\/yoast.com\/product\/yoast-seo-wordpress\/ -->\n<title>Homem com hist\u00f3rico de viol\u00eancia dom\u00e9stica \u00e9 preso em Ipatinga - Aconteceu no Vale<\/title>\n<meta name=\"robots\" content=\"index, follow, max-snippet:-1, max-image-preview:large, max-video-preview:-1\" \/>\n<link rel=\"canonical\" href=\"https:\/\/aconteceunovale.com.br\/portal\/?p=194568\" \/>\n<meta property=\"og:locale\" content=\"pt_BR\" \/>\n<meta property=\"og:type\" content=\"article\" \/>\n<meta property=\"og:title\" content=\"Homem com hist\u00f3rico de viol\u00eancia dom\u00e9stica \u00e9 preso em Ipatinga - Aconteceu no Vale\" \/>\n<meta property=\"og:description\" content=\"Um homem de 36 anos foi preso preventivamente em Ipatinga no dia 27 de dezembro, ap\u00f3s decis\u00e3o do Tribunal de Justi\u00e7a de Minas Gerais (TJMG). Ele possui um hist\u00f3rico de viol\u00eancia contra sua companheira, de 35 anos, e sua fam\u00edlia, com oito registros policiais relacionados a agress\u00f5es contra a v\u00edtima. A pris\u00e3o preventiva foi decretada [&hellip;]\" \/>\n<meta property=\"og:url\" content=\"https:\/\/aconteceunovale.com.br\/portal\/?p=194568\" \/>\n<meta property=\"og:site_name\" content=\"Aconteceu no Vale\" \/>\n<meta property=\"article:publisher\" content=\"https:\/\/www.facebook.com\/aconteceunovale\/\" \/>\n<meta property=\"article:published_time\" content=\"2025-01-03T19:30:46+00:00\" \/>\n<meta property=\"article:modified_time\" content=\"2025-01-03T19:31:25+00:00\" \/>\n<meta property=\"og:image\" content=\"https:\/\/aconteceunovale.com.br\/portal\/wp-content\/uploads\/2020\/07\/preso_homem.jpg\" \/>\n\t<meta property=\"og:image:width\" content=\"675\" \/>\n\t<meta property=\"og:image:height\" content=\"450\" \/>\n\t<meta property=\"og:image:type\" content=\"image\/jpeg\" \/>\n<meta name=\"author\" content=\"Reda\u00e7\u00e3o Aconteceu no Vale\" \/>\n<meta name=\"twitter:card\" content=\"summary_large_image\" \/>\n<meta name=\"twitter:creator\" content=\"@noticiadosvales\" \/>\n<meta name=\"twitter:site\" content=\"@noticiadosvales\" \/>\n<meta name=\"twitter:label1\" content=\"Escrito por\" \/>\n\t<meta name=\"twitter:data1\" content=\"Reda\u00e7\u00e3o Aconteceu no Vale\" \/>\n\t<meta name=\"twitter:label2\" content=\"Est. tempo de leitura\" \/>\n\t<meta name=\"twitter:data2\" content=\"1 minuto\" \/>\n<script type=\"application\/ld+json\" class=\"yoast-schema-graph\">{\"@context\":\"https:\\\/\\\/schema.org\",\"@graph\":[{\"@type\":\"Article\",\"@id\":\"https:\\\/\\\/aconteceunovale.com.br\\\/portal\\\/?p=194568#article\",\"isPartOf\":{\"@id\":\"https:\\\/\\\/aconteceunovale.com.br\\\/portal\\\/?p=194568\"},\"author\":{\"name\":\"Reda\u00e7\u00e3o Aconteceu no Vale\",\"@id\":\"https:\\\/\\\/aconteceunovale.com.br\\\/portal\\\/#\\\/schema\\\/person\\\/7d2f26d1483f8a63de73da1ee0754d35\"},\"headline\":\"Homem com hist\u00f3rico de viol\u00eancia dom\u00e9stica \u00e9 preso em Ipatinga\",\"datePublished\":\"2025-01-03T19:30:46+00:00\",\"dateModified\":\"2025-01-03T19:31:25+00:00\",\"mainEntityOfPage\":{\"@id\":\"https:\\\/\\\/aconteceunovale.com.br\\\/portal\\\/?p=194568\"},\"wordCount\":263,\"commentCount\":0,\"image\":{\"@id\":\"https:\\\/\\\/aconteceunovale.com.br\\\/portal\\\/?p=194568#primaryimage\"},\"thumbnailUrl\":\"https:\\\/\\\/aconteceunovale.com.br\\\/portal\\\/wp-content\\\/uploads\\\/2020\\\/07\\\/preso_homem.jpg\",\"keywords\":[\"destaque\",\"Homem com hist\u00f3rico de viol\u00eancia dom\u00e9stica \u00e9 preso em Ipatinga\",\"Homem preso em Ipatinga\",\"Ipatinga\",\"MPMG\",\"Preso em Ipatinga\",\"Preso por viol\u00eancia dom\u00e9stica em Ipatinga\",\"TJMG\"],\"articleSection\":[\"Leste de Minas\"],\"inLanguage\":\"pt-BR\",\"potentialAction\":[{\"@type\":\"CommentAction\",\"name\":\"Comment\",\"target\":[\"https:\\\/\\\/aconteceunovale.com.br\\\/portal\\\/?p=194568#respond\"]}]},{\"@type\":\"WebPage\",\"@id\":\"https:\\\/\\\/aconteceunovale.com.br\\\/portal\\\/?p=194568\",\"url\":\"https:\\\/\\\/aconteceunovale.com.br\\\/portal\\\/?p=194568\",\"name\":\"Homem com hist\u00f3rico de viol\u00eancia dom\u00e9stica \u00e9 preso em Ipatinga - Aconteceu no Vale\",\"isPartOf\":{\"@id\":\"https:\\\/\\\/aconteceunovale.com.br\\\/portal\\\/#website\"},\"primaryImageOfPage\":{\"@id\":\"https:\\\/\\\/aconteceunovale.com.br\\\/portal\\\/?p=194568#primaryimage\"},\"image\":{\"@id\":\"https:\\\/\\\/aconteceunovale.com.br\\\/portal\\\/?p=194568#primaryimage\"},\"thumbnailUrl\":\"https:\\\/\\\/aconteceunovale.com.br\\\/portal\\\/wp-content\\\/uploads\\\/2020\\\/07\\\/preso_homem.jpg\",\"datePublished\":\"2025-01-03T19:30:46+00:00\",\"dateModified\":\"2025-01-03T19:31:25+00:00\",\"author\":{\"@id\":\"https:\\\/\\\/aconteceunovale.com.br\\\/portal\\\/#\\\/schema\\\/person\\\/7d2f26d1483f8a63de73da1ee0754d35\"},\"breadcrumb\":{\"@id\":\"https:\\\/\\\/aconteceunovale.com.br\\\/portal\\\/?p=194568#breadcrumb\"},\"inLanguage\":\"pt-BR\",\"potentialAction\":[{\"@type\":\"ReadAction\",\"target\":[\"https:\\\/\\\/aconteceunovale.com.br\\\/portal\\\/?p=194568\"]}]},{\"@type\":\"ImageObject\",\"inLanguage\":\"pt-BR\",\"@id\":\"https:\\\/\\\/aconteceunovale.com.br\\\/portal\\\/?p=194568#primaryimage\",\"url\":\"https:\\\/\\\/aconteceunovale.com.br\\\/portal\\\/wp-content\\\/uploads\\\/2020\\\/07\\\/preso_homem.jpg\",\"contentUrl\":\"https:\\\/\\\/aconteceunovale.com.br\\\/portal\\\/wp-content\\\/uploads\\\/2020\\\/07\\\/preso_homem.jpg\",\"width\":675,\"height\":450},{\"@type\":\"BreadcrumbList\",\"@id\":\"https:\\\/\\\/aconteceunovale.com.br\\\/portal\\\/?p=194568#breadcrumb\",\"itemListElement\":[{\"@type\":\"ListItem\",\"position\":1,\"name\":\"In\u00edcio\",\"item\":\"https:\\\/\\\/aconteceunovale.com.br\\\/portal\\\/\"},{\"@type\":\"ListItem\",\"position\":2,\"name\":\"Homem com hist\u00f3rico de viol\u00eancia dom\u00e9stica \u00e9 preso em Ipatinga\"}]},{\"@type\":\"WebSite\",\"@id\":\"https:\\\/\\\/aconteceunovale.com.br\\\/portal\\\/#website\",\"url\":\"https:\\\/\\\/aconteceunovale.com.br\\\/portal\\\/\",\"name\":\"Aconteceu no Vale\",\"description\":\"Portal de Not\u00edcias\",\"potentialAction\":[{\"@type\":\"SearchAction\",\"target\":{\"@type\":\"EntryPoint\",\"urlTemplate\":\"https:\\\/\\\/aconteceunovale.com.br\\\/portal\\\/?s={search_term_string}\"},\"query-input\":{\"@type\":\"PropertyValueSpecification\",\"valueRequired\":true,\"valueName\":\"search_term_string\"}}],\"inLanguage\":\"pt-BR\"},{\"@type\":\"Person\",\"@id\":\"https:\\\/\\\/aconteceunovale.com.br\\\/portal\\\/#\\\/schema\\\/person\\\/7d2f26d1483f8a63de73da1ee0754d35\",\"name\":\"Reda\u00e7\u00e3o Aconteceu no Vale\",\"description\":\"Equipe de reportagem do Aconteceu no Vale, portal de not\u00edcias do Vale do Jequitinhonha, em Minas Gerais. Cobrimos as 51 cidades do Vale desde 2013. Sugest\u00f5es de pauta e pedidos de corre\u00e7\u00e3o: contato@aconteceunovale.com.br\",\"url\":\"https:\\\/\\\/aconteceunovale.com.br\\\/portal\\\/?author=4\"}]}<\/script>\n<!-- \/ Yoast SEO plugin. -->","yoast_head_json":{"title":"Homem com hist\u00f3rico de viol\u00eancia dom\u00e9stica \u00e9 preso em Ipatinga - Aconteceu no Vale","robots":{"index":"index","follow":"follow","max-snippet":"max-snippet:-1","max-image-preview":"max-image-preview:large","max-video-preview":"max-video-preview:-1"},"canonical":"https:\/\/aconteceunovale.com.br\/portal\/?p=194568","og_locale":"pt_BR","og_type":"article","og_title":"Homem com hist\u00f3rico de viol\u00eancia dom\u00e9stica \u00e9 preso em Ipatinga - Aconteceu no Vale","og_description":"Um homem de 36 anos foi preso preventivamente em Ipatinga no dia 27 de dezembro, ap\u00f3s decis\u00e3o do Tribunal de Justi\u00e7a de Minas Gerais (TJMG). Ele possui um hist\u00f3rico de viol\u00eancia contra sua companheira, de 35 anos, e sua fam\u00edlia, com oito registros policiais relacionados a agress\u00f5es contra a v\u00edtima. A pris\u00e3o preventiva foi decretada [&hellip;]","og_url":"https:\/\/aconteceunovale.com.br\/portal\/?p=194568","og_site_name":"Aconteceu no Vale","article_publisher":"https:\/\/www.facebook.com\/aconteceunovale\/","article_published_time":"2025-01-03T19:30:46+00:00","article_modified_time":"2025-01-03T19:31:25+00:00","og_image":[{"width":675,"height":450,"url":"https:\/\/aconteceunovale.com.br\/portal\/wp-content\/uploads\/2020\/07\/preso_homem.jpg","type":"image\/jpeg"}],"author":"Reda\u00e7\u00e3o Aconteceu no Vale","twitter_card":"summary_large_image","twitter_creator":"@noticiadosvales","twitter_site":"@noticiadosvales","twitter_misc":{"Escrito por":"Reda\u00e7\u00e3o Aconteceu no Vale","Est. tempo de leitura":"1 minuto"},"schema":{"@context":"https:\/\/schema.org","@graph":[{"@type":"Article","@id":"https:\/\/aconteceunovale.com.br\/portal\/?p=194568#article","isPartOf":{"@id":"https:\/\/aconteceunovale.com.br\/portal\/?p=194568"},"author":{"name":"Reda\u00e7\u00e3o Aconteceu no Vale","@id":"https:\/\/aconteceunovale.com.br\/portal\/#\/schema\/person\/7d2f26d1483f8a63de73da1ee0754d35"},"headline":"Homem com hist\u00f3rico de viol\u00eancia dom\u00e9stica \u00e9 preso em Ipatinga","datePublished":"2025-01-03T19:30:46+00:00","dateModified":"2025-01-03T19:31:25+00:00","mainEntityOfPage":{"@id":"https:\/\/aconteceunovale.com.br\/portal\/?p=194568"},"wordCount":263,"commentCount":0,"image":{"@id":"https:\/\/aconteceunovale.com.br\/portal\/?p=194568#primaryimage"},"thumbnailUrl":"https:\/\/aconteceunovale.com.br\/portal\/wp-content\/uploads\/2020\/07\/preso_homem.jpg","keywords":["destaque","Homem com hist\u00f3rico de viol\u00eancia dom\u00e9stica \u00e9 preso em Ipatinga","Homem preso em Ipatinga","Ipatinga","MPMG","Preso em Ipatinga","Preso por viol\u00eancia dom\u00e9stica em Ipatinga","TJMG"],"articleSection":["Leste de Minas"],"inLanguage":"pt-BR","potentialAction":[{"@type":"CommentAction","name":"Comment","target":["https:\/\/aconteceunovale.com.br\/portal\/?p=194568#respond"]}]},{"@type":"WebPage","@id":"https:\/\/aconteceunovale.com.br\/portal\/?p=194568","url":"https:\/\/aconteceunovale.com.br\/portal\/?p=194568","name":"Homem com hist\u00f3rico de viol\u00eancia dom\u00e9stica \u00e9 preso em Ipatinga - Aconteceu no Vale","isPartOf":{"@id":"https:\/\/aconteceunovale.com.br\/portal\/#website"},"primaryImageOfPage":{"@id":"https:\/\/aconteceunovale.com.br\/portal\/?p=194568#primaryimage"},"image":{"@id":"https:\/\/aconteceunovale.com.br\/portal\/?p=194568#primaryimage"},"thumbnailUrl":"https:\/\/aconteceunovale.com.br\/portal\/wp-content\/uploads\/2020\/07\/preso_homem.jpg","datePublished":"2025-01-03T19:30:46+00:00","dateModified":"2025-01-03T19:31:25+00:00","author":{"@id":"https:\/\/aconteceunovale.com.br\/portal\/#\/schema\/person\/7d2f26d1483f8a63de73da1ee0754d35"},"breadcrumb":{"@id":"https:\/\/aconteceunovale.com.br\/portal\/?p=194568#breadcrumb"},"inLanguage":"pt-BR","potentialAction":[{"@type":"ReadAction","target":["https:\/\/aconteceunovale.com.br\/portal\/?p=194568"]}]},{"@type":"ImageObject","inLanguage":"pt-BR","@id":"https:\/\/aconteceunovale.com.br\/portal\/?p=194568#primaryimage","url":"https:\/\/aconteceunovale.com.br\/portal\/wp-content\/uploads\/2020\/07\/preso_homem.jpg","contentUrl":"https:\/\/aconteceunovale.com.br\/portal\/wp-content\/uploads\/2020\/07\/preso_homem.jpg","width":675,"height":450},{"@type":"BreadcrumbList","@id":"https:\/\/aconteceunovale.com.br\/portal\/?p=194568#breadcrumb","itemListElement":[{"@type":"ListItem","position":1,"name":"In\u00edcio","item":"https:\/\/aconteceunovale.com.br\/portal\/"},{"@type":"ListItem","position":2,"name":"Homem com hist\u00f3rico de viol\u00eancia dom\u00e9stica \u00e9 preso em Ipatinga"}]},{"@type":"WebSite","@id":"https:\/\/aconteceunovale.com.br\/portal\/#website","url":"https:\/\/aconteceunovale.com.br\/portal\/","name":"Aconteceu no Vale","description":"Portal de Not\u00edcias","potentialAction":[{"@type":"SearchAction","target":{"@type":"EntryPoint","urlTemplate":"https:\/\/aconteceunovale.com.br\/portal\/?s={search_term_string}"},"query-input":{"@type":"PropertyValueSpecification","valueRequired":true,"valueName":"search_term_string"}}],"inLanguage":"pt-BR"},{"@type":"Person","@id":"https:\/\/aconteceunovale.com.br\/portal\/#\/schema\/person\/7d2f26d1483f8a63de73da1ee0754d35","name":"Reda\u00e7\u00e3o Aconteceu no Vale","description":"Equipe de reportagem do Aconteceu no Vale, portal de not\u00edcias do Vale do Jequitinhonha, em Minas Gerais. Cobrimos as 51 cidades do Vale desde 2013. Sugest\u00f5es de pauta e pedidos de corre\u00e7\u00e3o: contato@aconteceunovale.com.br","url":"https:\/\/aconteceunovale.com.br\/portal\/?author=4"}]}},"_links":{"self":[{"href":"https:\/\/aconteceunovale.com.br\/portal\/index.php?rest_route=\/wp\/v2\/posts\/194568","targetHints":{"allow":["GET"]}}],"collection":[{"href":"https:\/\/aconteceunovale.com.br\/portal\/index.php?rest_route=\/wp\/v2\/posts"}],"about":[{"href":"https:\/\/aconteceunovale.com.br\/portal\/index.php?rest_route=\/wp\/v2\/types\/post"}],"author":[{"embeddable":true,"href":"https:\/\/aconteceunovale.com.br\/portal\/index.php?rest_route=\/wp\/v2\/users\/4"}],"replies":[{"embeddable":true,"href":"https:\/\/aconteceunovale.com.br\/portal\/index.php?rest_route=%2Fwp%2Fv2%2Fcomments&post=194568"}],"version-history":[{"count":1,"href":"https:\/\/aconteceunovale.com.br\/portal\/index.php?rest_route=\/wp\/v2\/posts\/194568\/revisions"}],"predecessor-version":[{"id":194569,"href":"https:\/\/aconteceunovale.com.br\/portal\/index.php?rest_route=\/wp\/v2\/posts\/194568\/revisions\/194569"}],"wp:featuredmedia":[{"embeddable":true,"href":"https:\/\/aconteceunovale.com.br\/portal\/index.php?rest_route=\/wp\/v2\/media\/166359"}],"wp:attachment":[{"href":"https:\/\/aconteceunovale.com.br\/portal\/index.php?rest_route=%2Fwp%2Fv2%2Fmedia&parent=194568"}],"wp:term":[{"taxonomy":"category","embeddable":true,"href":"https:\/\/aconteceunovale.com.br\/portal\/index.php?rest_route=%2Fwp%2Fv2%2Fcategories&post=194568"},{"taxonomy":"post_tag","embeddable":true,"href":"https:\/\/aconteceunovale.com.br\/portal\/index.php?rest_route=%2Fwp%2Fv2%2Ftags&post=194568"}],"curies":[{"name":"wp","href":"https:\/\/api.w.org\/{rel}","templated":true}]}}