{"id":194565,"date":"2025-01-03T16:08:13","date_gmt":"2025-01-03T19:08:13","guid":{"rendered":"https:\/\/aconteceunovale.com.br\/portal\/?p=194565"},"modified":"2025-01-03T16:09:01","modified_gmt":"2025-01-03T19:09:01","slug":"inmet-emite-alerta-de-chuvas-intensas-e-ventos-fortes-para-mais-de-100-cidades-de-minas-gerais","status":"publish","type":"post","link":"https:\/\/aconteceunovale.com.br\/portal\/?p=194565","title":{"rendered":"Inmet emite alerta de chuvas intensas e ventos fortes para mais de 100 cidades de Minas Gerais"},"content":{"rendered":"\n<p class=\"wp-block-paragraph\">O Instituto Nacional de Meteorologia (Inmet) emitiu, nesta sexta-feira (3\/1\/2025), um alerta laranja para chuvas intensas e ventos fortes em 112 cidades de Minas Gerais, abrangendo regi\u00f5es como o Vale do Rio Doce, Vale do Mucuri, a Zona da Mata e o Vale do A\u00e7o.<\/p>\n\n\n\n<p class=\"wp-block-paragraph\">O alerta, classificado como &#8220;Perigo&#8221;, entrou em vigor \u00e0s 12h e prev\u00ea chuvas acumuladas entre 30 e 60 mil\u00edmetros por hora, podendo alcan\u00e7ar at\u00e9 100 mm por dia, al\u00e9m de ventos com velocidades entre 60 e 100 km\/h.<\/p>\n\n\n\n<p class=\"wp-block-paragraph\">Entre os poss\u00edveis impactos, o Inmet destaca a chance de corte no fornecimento de energia el\u00e9trica, descargas el\u00e9tricas, alagamentos e quedas de \u00e1rvores. A popula\u00e7\u00e3o deve adotar medidas de precau\u00e7\u00e3o, como evitar \u00e1reas alagadas, n\u00e3o estacionar ve\u00edculos pr\u00f3ximos a \u00e1rvores e desligar aparelhos el\u00e9tricos em caso de tempestades.<\/p>\n\n\n\n<h2 class=\"wp-block-heading\"><strong>Cidades sob alerta<\/strong><\/h2>\n\n\n\n<p class=\"wp-block-paragraph\">A lista inclui munic\u00edpios como Guanh\u00e3es, Governador Valadares, Ipatinga, Manhua\u00e7u, Te\u00f3filo Otoni, Caratinga, Coronel Fabriciano, e muitos outros. Confira a lista completa nesta p\u00e1gina.<\/p>\n\n\n\n<p class=\"wp-block-paragraph\">O Inmet recomenda que a popula\u00e7\u00e3o acompanhe as atualiza\u00e7\u00f5es meteorol\u00f3gicas e, em casos de emerg\u00eancia, acione a Defesa Civil pelo telefone 199 ou o Corpo de Bombeiros pelo 193.<\/p>\n\n\n\n<p class=\"wp-block-paragraph\">O alerta permanece v\u00e1lido at\u00e9 que novas informa\u00e7\u00f5es sejam divulgadas pelo \u00f3rg\u00e3o meteorol\u00f3gico.<\/p>\n\n\n\n<p class=\"wp-block-paragraph\"><strong>Veja a lista de cidades afetadas:<\/strong><\/p>\n\n\n\n<ol class=\"wp-block-list\">\n<li>A\u00e7ucena<\/li>\n\n\n\n<li>\u00c1gua Boa<\/li>\n\n\n\n<li>Aimor\u00e9s<\/li>\n\n\n\n<li>Alpercata<\/li>\n\n\n\n<li>Alvarenga<\/li>\n\n\n\n<li>Atal\u00e9ia<\/li>\n\n\n\n<li>Belo Oriente<\/li>\n\n\n\n<li>Bom Jesus do Galho<\/li>\n\n\n\n<li>Bra\u00fanas<\/li>\n\n\n\n<li>Bugre<\/li>\n\n\n\n<li>Campan\u00e1rio<\/li>\n\n\n\n<li>Capit\u00e3o Andrade<\/li>\n\n\n\n<li>Caratinga<\/li>\n\n\n\n<li>Carlos Chagas<\/li>\n\n\n\n<li>Catuji<\/li>\n\n\n\n<li>Central de Minas<\/li>\n\n\n\n<li>Chal\u00e9<\/li>\n\n\n\n<li>Concei\u00e7\u00e3o de Ipanema<\/li>\n\n\n\n<li>Conselheiro Pena<\/li>\n\n\n\n<li>Coroaci<\/li>\n\n\n\n<li>Coronel Fabriciano<\/li>\n\n\n\n<li>C\u00f3rrego Novo<\/li>\n\n\n\n<li>Cuparaque<\/li>\n\n\n\n<li>Dion\u00edsio<\/li>\n\n\n\n<li>Divino das Laranjeiras<\/li>\n\n\n\n<li>Divinol\u00e2ndia de Minas<\/li>\n\n\n\n<li>Dom Cavati<\/li>\n\n\n\n<li>Durand\u00e9<\/li>\n\n\n\n<li>Engenheiro Caldas<\/li>\n\n\n\n<li>Entre Folhas<\/li>\n\n\n\n<li>Fernandes Tourinho<\/li>\n\n\n\n<li>Francisc\u00f3polis<\/li>\n\n\n\n<li>Frei Gaspar<\/li>\n\n\n\n<li>Frei Inoc\u00eancio<\/li>\n\n\n\n<li>Galil\u00e9ia<\/li>\n\n\n\n<li>Goiabeira<\/li>\n\n\n\n<li>Gonzaga<\/li>\n\n\n\n<li>Governador Valadares<\/li>\n\n\n\n<li>Guanh\u00e3es<\/li>\n\n\n\n<li>Iapu<\/li>\n\n\n\n<li>Imb\u00e9 de Minas<\/li>\n\n\n\n<li>Inhapim<\/li>\n\n\n\n<li>Ipaba<\/li>\n\n\n\n<li>Ipanema<\/li>\n\n\n\n<li>Ipatinga<\/li>\n\n\n\n<li>Itabirinha<\/li>\n\n\n\n<li>Itaip\u00e9<\/li>\n\n\n\n<li>Itambacuri<\/li>\n\n\n\n<li>Itanhomi<\/li>\n\n\n\n<li>Itueta<\/li>\n\n\n\n<li>Jaguara\u00e7u<\/li>\n\n\n\n<li>Jampruca<\/li>\n\n\n\n<li>Joan\u00e9sia<\/li>\n\n\n\n<li>Ladainha<\/li>\n\n\n\n<li>Lajinha<\/li>\n\n\n\n<li>Malacacheta<\/li>\n\n\n\n<li>Manhua\u00e7u<\/li>\n\n\n\n<li>Manhumirim<\/li>\n\n\n\n<li>Mantena<\/li>\n\n\n\n<li>Marilac<\/li>\n\n\n\n<li>Marli\u00e9ria<\/li>\n\n\n\n<li>Martins Soares<\/li>\n\n\n\n<li>Mathias Lobato<\/li>\n\n\n\n<li>Mendes Pimentel<\/li>\n\n\n\n<li>Mesquita<\/li>\n\n\n\n<li>Mutum<\/li>\n\n\n\n<li>Nacip Raydan<\/li>\n\n\n\n<li>Naque<\/li>\n\n\n\n<li>Nova Bel\u00e9m<\/li>\n\n\n\n<li>Nova M\u00f3dica<\/li>\n\n\n\n<li>Novo Cruzeiro<\/li>\n\n\n\n<li>Ouro Verde de Minas<\/li>\n\n\n\n<li>Pe\u00e7anha<\/li>\n\n\n\n<li>Periquito<\/li>\n\n\n\n<li>Pescador<\/li>\n\n\n\n<li>Piedade de Caratinga<\/li>\n\n\n\n<li>Pingo d&#8217;\u00c1gua<\/li>\n\n\n\n<li>Pocrane<\/li>\n\n\n\n<li>Pot\u00e9<\/li>\n\n\n\n<li>Reduto<\/li>\n\n\n\n<li>Resplendor<\/li>\n\n\n\n<li>Santa B\u00e1rbara do Leste<\/li>\n\n\n\n<li>Santa Efig\u00eania de Minas<\/li>\n\n\n\n<li>Santa Maria de Itabira<\/li>\n\n\n\n<li>Santa Maria do Sua\u00e7u\u00ed<\/li>\n\n\n\n<li>Santana do Manhua\u00e7u<\/li>\n\n\n\n<li>Santana do Para\u00edso<\/li>\n\n\n\n<li>Santa Rita de Minas<\/li>\n\n\n\n<li>Santa Rita do Itueto<\/li>\n\n\n\n<li>S\u00e3o Domingos das Dores<\/li>\n\n\n\n<li>S\u00e3o F\u00e9lix de Minas<\/li>\n\n\n\n<li>S\u00e3o Geraldo da Piedade<\/li>\n\n\n\n<li>S\u00e3o Geraldo do Baixio<\/li>\n\n\n\n<li>S\u00e3o Jo\u00e3o do Manteninha<\/li>\n\n\n\n<li>S\u00e3o Jo\u00e3o do Oriente<\/li>\n\n\n\n<li>S\u00e3o Jos\u00e9 da Safira<\/li>\n\n\n\n<li>S\u00e3o Jos\u00e9 do Divino<\/li>\n\n\n\n<li>S\u00e3o Jos\u00e9 do Mantimento<\/li>\n\n\n\n<li>S\u00e3o Sebasti\u00e3o do Anta<\/li>\n\n\n\n<li>Sardo\u00e1<\/li>\n\n\n\n<li>Setubinha<\/li>\n\n\n\n<li>Simon\u00e9sia<\/li>\n\n\n\n<li>Sobraria<\/li>\n\n\n\n<li>Taparuba<\/li>\n\n\n\n<li>Tarumirim<\/li>\n\n\n\n<li>Te\u00f3filo Otoni<\/li>\n\n\n\n<li>Tim\u00f3teo<\/li>\n\n\n\n<li>Tumiritinga<\/li>\n\n\n\n<li>Ubaporanga<\/li>\n\n\n\n<li>Vargem Alegre<\/li>\n\n\n\n<li>Virgin\u00f3polis<\/li>\n\n\n\n<li>Virgol\u00e2ndia<\/li>\n<\/ol>\n","protected":false},"excerpt":{"rendered":"<p>O Instituto Nacional de Meteorologia (Inmet) emitiu, nesta sexta-feira (3\/1\/2025), um alerta laranja para chuvas intensas e ventos fortes em 112 cidades de Minas Gerais, abrangendo regi\u00f5es como o Vale do Rio Doce, Vale do Mucuri, a Zona da Mata e o Vale do A\u00e7o. O alerta, classificado como &#8220;Perigo&#8221;, entrou em vigor \u00e0s 12h [&hellip;]<\/p>\n","protected":false},"author":4,"featured_media":194566,"comment_status":"open","ping_status":"closed","sticky":false,"template":"","format":"standard","meta":{"amp_status":"","footnotes":""},"categories":[121,123,122],"tags":[250341,237,1524,1018,247,155,54659,268797,201,209,28266,34232,164],"class_list":["post-194565","post","type-post","status-publish","format-standard","has-post-thumbnail","hentry","category-leste","category-gerais","category-mucuri","tag-alerta-de-chuvas-intensas-em-minas-gerais","tag-caratinga","tag-coronel-fabriciano","tag-destaque","tag-governador-valadares","tag-guanhaes","tag-inmet","tag-inmet-emite-alerta-de-chuvas-intensas-e-ventos-fortes-para-mais-de-100-cidades-de-minas-gerais","tag-ipatinga","tag-manhuacu","tag-previsao-do-tempo-em-minas-gerais","tag-tempo-em-minas-gerais","tag-teofilo-otoni"],"yoast_head":"<!-- This site is optimized with the Yoast SEO plugin v28.3 - https:\/\/yoast.com\/product\/yoast-seo-wordpress\/ -->\n<title>Inmet emite alerta de chuvas intensas e ventos fortes para mais de 100 cidades de Minas Gerais - Aconteceu no Vale<\/title>\n<meta name=\"robots\" content=\"index, follow, max-snippet:-1, max-image-preview:large, max-video-preview:-1\" \/>\n<link rel=\"canonical\" href=\"https:\/\/aconteceunovale.com.br\/portal\/?p=194565\" \/>\n<meta property=\"og:locale\" content=\"pt_BR\" \/>\n<meta property=\"og:type\" content=\"article\" \/>\n<meta property=\"og:title\" content=\"Inmet emite alerta de chuvas intensas e ventos fortes para mais de 100 cidades de Minas Gerais - Aconteceu no Vale\" \/>\n<meta property=\"og:description\" content=\"O Instituto Nacional de Meteorologia (Inmet) emitiu, nesta sexta-feira (3\/1\/2025), um alerta laranja para chuvas intensas e ventos fortes em 112 cidades de Minas Gerais, abrangendo regi\u00f5es como o Vale do Rio Doce, Vale do Mucuri, a Zona da Mata e o Vale do A\u00e7o. O alerta, classificado como &#8220;Perigo&#8221;, entrou em vigor \u00e0s 12h [&hellip;]\" \/>\n<meta property=\"og:url\" content=\"https:\/\/aconteceunovale.com.br\/portal\/?p=194565\" \/>\n<meta property=\"og:site_name\" content=\"Aconteceu no Vale\" \/>\n<meta property=\"article:publisher\" content=\"https:\/\/www.facebook.com\/aconteceunovale\/\" \/>\n<meta property=\"article:published_time\" content=\"2025-01-03T19:08:13+00:00\" \/>\n<meta property=\"article:modified_time\" content=\"2025-01-03T19:09:01+00:00\" \/>\n<meta property=\"og:image\" content=\"https:\/\/aconteceunovale.com.br\/portal\/wp-content\/uploads\/2025\/01\/alerta_mg.png\" \/>\n\t<meta property=\"og:image:width\" content=\"678\" \/>\n\t<meta property=\"og:image:height\" content=\"450\" \/>\n\t<meta property=\"og:image:type\" content=\"image\/png\" \/>\n<meta name=\"author\" content=\"Reda\u00e7\u00e3o Aconteceu no Vale\" \/>\n<meta name=\"twitter:card\" content=\"summary_large_image\" \/>\n<meta name=\"twitter:creator\" content=\"@noticiadosvales\" \/>\n<meta name=\"twitter:site\" content=\"@noticiadosvales\" \/>\n<meta name=\"twitter:label1\" content=\"Escrito por\" \/>\n\t<meta name=\"twitter:data1\" content=\"Reda\u00e7\u00e3o Aconteceu no Vale\" \/>\n\t<meta name=\"twitter:label2\" content=\"Est. tempo de leitura\" \/>\n\t<meta name=\"twitter:data2\" content=\"2 minutos\" \/>\n<script type=\"application\/ld+json\" class=\"yoast-schema-graph\">{\"@context\":\"https:\\\/\\\/schema.org\",\"@graph\":[{\"@type\":\"Article\",\"@id\":\"https:\\\/\\\/aconteceunovale.com.br\\\/portal\\\/?p=194565#article\",\"isPartOf\":{\"@id\":\"https:\\\/\\\/aconteceunovale.com.br\\\/portal\\\/?p=194565\"},\"author\":{\"name\":\"Reda\u00e7\u00e3o Aconteceu no Vale\",\"@id\":\"https:\\\/\\\/aconteceunovale.com.br\\\/portal\\\/#\\\/schema\\\/person\\\/7d2f26d1483f8a63de73da1ee0754d35\"},\"headline\":\"Inmet emite alerta de chuvas intensas e ventos fortes para mais de 100 cidades de Minas Gerais\",\"datePublished\":\"2025-01-03T19:08:13+00:00\",\"dateModified\":\"2025-01-03T19:09:01+00:00\",\"mainEntityOfPage\":{\"@id\":\"https:\\\/\\\/aconteceunovale.com.br\\\/portal\\\/?p=194565\"},\"wordCount\":493,\"commentCount\":0,\"image\":{\"@id\":\"https:\\\/\\\/aconteceunovale.com.br\\\/portal\\\/?p=194565#primaryimage\"},\"thumbnailUrl\":\"https:\\\/\\\/aconteceunovale.com.br\\\/portal\\\/wp-content\\\/uploads\\\/2025\\\/01\\\/alerta_mg.png\",\"keywords\":[\"Alerta de chuvas intensas em Minas Gerais\",\"Caratinga\",\"Coronel Fabriciano\",\"destaque\",\"Governador Valadares\",\"Guanh\u00e3es\",\"Inmet\",\"Inmet emite alerta de chuvas intensas e ventos fortes para mais de 100 cidades de Minas Gerais\",\"Ipatinga\",\"Manhua\u00e7u\",\"Previs\u00e3o do Tempo em minas gerais\",\"tempo em minas gerais\",\"Te\u00f3filo Otoni\"],\"articleSection\":[\"Leste de Minas\",\"Minas Gerais\",\"Vale do Mucuri\"],\"inLanguage\":\"pt-BR\",\"potentialAction\":[{\"@type\":\"CommentAction\",\"name\":\"Comment\",\"target\":[\"https:\\\/\\\/aconteceunovale.com.br\\\/portal\\\/?p=194565#respond\"]}]},{\"@type\":\"WebPage\",\"@id\":\"https:\\\/\\\/aconteceunovale.com.br\\\/portal\\\/?p=194565\",\"url\":\"https:\\\/\\\/aconteceunovale.com.br\\\/portal\\\/?p=194565\",\"name\":\"Inmet emite alerta de chuvas intensas e ventos fortes para mais de 100 cidades de Minas Gerais - Aconteceu no Vale\",\"isPartOf\":{\"@id\":\"https:\\\/\\\/aconteceunovale.com.br\\\/portal\\\/#website\"},\"primaryImageOfPage\":{\"@id\":\"https:\\\/\\\/aconteceunovale.com.br\\\/portal\\\/?p=194565#primaryimage\"},\"image\":{\"@id\":\"https:\\\/\\\/aconteceunovale.com.br\\\/portal\\\/?p=194565#primaryimage\"},\"thumbnailUrl\":\"https:\\\/\\\/aconteceunovale.com.br\\\/portal\\\/wp-content\\\/uploads\\\/2025\\\/01\\\/alerta_mg.png\",\"datePublished\":\"2025-01-03T19:08:13+00:00\",\"dateModified\":\"2025-01-03T19:09:01+00:00\",\"author\":{\"@id\":\"https:\\\/\\\/aconteceunovale.com.br\\\/portal\\\/#\\\/schema\\\/person\\\/7d2f26d1483f8a63de73da1ee0754d35\"},\"breadcrumb\":{\"@id\":\"https:\\\/\\\/aconteceunovale.com.br\\\/portal\\\/?p=194565#breadcrumb\"},\"inLanguage\":\"pt-BR\",\"potentialAction\":[{\"@type\":\"ReadAction\",\"target\":[\"https:\\\/\\\/aconteceunovale.com.br\\\/portal\\\/?p=194565\"]}]},{\"@type\":\"ImageObject\",\"inLanguage\":\"pt-BR\",\"@id\":\"https:\\\/\\\/aconteceunovale.com.br\\\/portal\\\/?p=194565#primaryimage\",\"url\":\"https:\\\/\\\/aconteceunovale.com.br\\\/portal\\\/wp-content\\\/uploads\\\/2025\\\/01\\\/alerta_mg.png\",\"contentUrl\":\"https:\\\/\\\/aconteceunovale.com.br\\\/portal\\\/wp-content\\\/uploads\\\/2025\\\/01\\\/alerta_mg.png\",\"width\":678,\"height\":450},{\"@type\":\"BreadcrumbList\",\"@id\":\"https:\\\/\\\/aconteceunovale.com.br\\\/portal\\\/?p=194565#breadcrumb\",\"itemListElement\":[{\"@type\":\"ListItem\",\"position\":1,\"name\":\"In\u00edcio\",\"item\":\"https:\\\/\\\/aconteceunovale.com.br\\\/portal\\\/\"},{\"@type\":\"ListItem\",\"position\":2,\"name\":\"Inmet emite alerta de chuvas intensas e ventos fortes para mais de 100 cidades de Minas Gerais\"}]},{\"@type\":\"WebSite\",\"@id\":\"https:\\\/\\\/aconteceunovale.com.br\\\/portal\\\/#website\",\"url\":\"https:\\\/\\\/aconteceunovale.com.br\\\/portal\\\/\",\"name\":\"Aconteceu no Vale\",\"description\":\"Portal de Not\u00edcias\",\"potentialAction\":[{\"@type\":\"SearchAction\",\"target\":{\"@type\":\"EntryPoint\",\"urlTemplate\":\"https:\\\/\\\/aconteceunovale.com.br\\\/portal\\\/?s={search_term_string}\"},\"query-input\":{\"@type\":\"PropertyValueSpecification\",\"valueRequired\":true,\"valueName\":\"search_term_string\"}}],\"inLanguage\":\"pt-BR\"},{\"@type\":\"Person\",\"@id\":\"https:\\\/\\\/aconteceunovale.com.br\\\/portal\\\/#\\\/schema\\\/person\\\/7d2f26d1483f8a63de73da1ee0754d35\",\"name\":\"Reda\u00e7\u00e3o Aconteceu no Vale\",\"description\":\"Equipe de reportagem do Aconteceu no Vale, portal de not\u00edcias do Vale do Jequitinhonha, em Minas Gerais. Cobrimos as 51 cidades do Vale desde 2013. Sugest\u00f5es de pauta e pedidos de corre\u00e7\u00e3o: contato@aconteceunovale.com.br\",\"url\":\"https:\\\/\\\/aconteceunovale.com.br\\\/portal\\\/?author=4\"}]}<\/script>\n<!-- \/ Yoast SEO plugin. -->","yoast_head_json":{"title":"Inmet emite alerta de chuvas intensas e ventos fortes para mais de 100 cidades de Minas Gerais - Aconteceu no Vale","robots":{"index":"index","follow":"follow","max-snippet":"max-snippet:-1","max-image-preview":"max-image-preview:large","max-video-preview":"max-video-preview:-1"},"canonical":"https:\/\/aconteceunovale.com.br\/portal\/?p=194565","og_locale":"pt_BR","og_type":"article","og_title":"Inmet emite alerta de chuvas intensas e ventos fortes para mais de 100 cidades de Minas Gerais - Aconteceu no Vale","og_description":"O Instituto Nacional de Meteorologia (Inmet) emitiu, nesta sexta-feira (3\/1\/2025), um alerta laranja para chuvas intensas e ventos fortes em 112 cidades de Minas Gerais, abrangendo regi\u00f5es como o Vale do Rio Doce, Vale do Mucuri, a Zona da Mata e o Vale do A\u00e7o. O alerta, classificado como &#8220;Perigo&#8221;, entrou em vigor \u00e0s 12h [&hellip;]","og_url":"https:\/\/aconteceunovale.com.br\/portal\/?p=194565","og_site_name":"Aconteceu no Vale","article_publisher":"https:\/\/www.facebook.com\/aconteceunovale\/","article_published_time":"2025-01-03T19:08:13+00:00","article_modified_time":"2025-01-03T19:09:01+00:00","og_image":[{"width":678,"height":450,"url":"https:\/\/aconteceunovale.com.br\/portal\/wp-content\/uploads\/2025\/01\/alerta_mg.png","type":"image\/png"}],"author":"Reda\u00e7\u00e3o Aconteceu no Vale","twitter_card":"summary_large_image","twitter_creator":"@noticiadosvales","twitter_site":"@noticiadosvales","twitter_misc":{"Escrito por":"Reda\u00e7\u00e3o Aconteceu no Vale","Est. tempo de leitura":"2 minutos"},"schema":{"@context":"https:\/\/schema.org","@graph":[{"@type":"Article","@id":"https:\/\/aconteceunovale.com.br\/portal\/?p=194565#article","isPartOf":{"@id":"https:\/\/aconteceunovale.com.br\/portal\/?p=194565"},"author":{"name":"Reda\u00e7\u00e3o Aconteceu no Vale","@id":"https:\/\/aconteceunovale.com.br\/portal\/#\/schema\/person\/7d2f26d1483f8a63de73da1ee0754d35"},"headline":"Inmet emite alerta de chuvas intensas e ventos fortes para mais de 100 cidades de Minas Gerais","datePublished":"2025-01-03T19:08:13+00:00","dateModified":"2025-01-03T19:09:01+00:00","mainEntityOfPage":{"@id":"https:\/\/aconteceunovale.com.br\/portal\/?p=194565"},"wordCount":493,"commentCount":0,"image":{"@id":"https:\/\/aconteceunovale.com.br\/portal\/?p=194565#primaryimage"},"thumbnailUrl":"https:\/\/aconteceunovale.com.br\/portal\/wp-content\/uploads\/2025\/01\/alerta_mg.png","keywords":["Alerta de chuvas intensas em Minas Gerais","Caratinga","Coronel Fabriciano","destaque","Governador Valadares","Guanh\u00e3es","Inmet","Inmet emite alerta de chuvas intensas e ventos fortes para mais de 100 cidades de Minas Gerais","Ipatinga","Manhua\u00e7u","Previs\u00e3o do Tempo em minas gerais","tempo em minas gerais","Te\u00f3filo Otoni"],"articleSection":["Leste de Minas","Minas Gerais","Vale do Mucuri"],"inLanguage":"pt-BR","potentialAction":[{"@type":"CommentAction","name":"Comment","target":["https:\/\/aconteceunovale.com.br\/portal\/?p=194565#respond"]}]},{"@type":"WebPage","@id":"https:\/\/aconteceunovale.com.br\/portal\/?p=194565","url":"https:\/\/aconteceunovale.com.br\/portal\/?p=194565","name":"Inmet emite alerta de chuvas intensas e ventos fortes para mais de 100 cidades de Minas Gerais - Aconteceu no Vale","isPartOf":{"@id":"https:\/\/aconteceunovale.com.br\/portal\/#website"},"primaryImageOfPage":{"@id":"https:\/\/aconteceunovale.com.br\/portal\/?p=194565#primaryimage"},"image":{"@id":"https:\/\/aconteceunovale.com.br\/portal\/?p=194565#primaryimage"},"thumbnailUrl":"https:\/\/aconteceunovale.com.br\/portal\/wp-content\/uploads\/2025\/01\/alerta_mg.png","datePublished":"2025-01-03T19:08:13+00:00","dateModified":"2025-01-03T19:09:01+00:00","author":{"@id":"https:\/\/aconteceunovale.com.br\/portal\/#\/schema\/person\/7d2f26d1483f8a63de73da1ee0754d35"},"breadcrumb":{"@id":"https:\/\/aconteceunovale.com.br\/portal\/?p=194565#breadcrumb"},"inLanguage":"pt-BR","potentialAction":[{"@type":"ReadAction","target":["https:\/\/aconteceunovale.com.br\/portal\/?p=194565"]}]},{"@type":"ImageObject","inLanguage":"pt-BR","@id":"https:\/\/aconteceunovale.com.br\/portal\/?p=194565#primaryimage","url":"https:\/\/aconteceunovale.com.br\/portal\/wp-content\/uploads\/2025\/01\/alerta_mg.png","contentUrl":"https:\/\/aconteceunovale.com.br\/portal\/wp-content\/uploads\/2025\/01\/alerta_mg.png","width":678,"height":450},{"@type":"BreadcrumbList","@id":"https:\/\/aconteceunovale.com.br\/portal\/?p=194565#breadcrumb","itemListElement":[{"@type":"ListItem","position":1,"name":"In\u00edcio","item":"https:\/\/aconteceunovale.com.br\/portal\/"},{"@type":"ListItem","position":2,"name":"Inmet emite alerta de chuvas intensas e ventos fortes para mais de 100 cidades de Minas Gerais"}]},{"@type":"WebSite","@id":"https:\/\/aconteceunovale.com.br\/portal\/#website","url":"https:\/\/aconteceunovale.com.br\/portal\/","name":"Aconteceu no Vale","description":"Portal de Not\u00edcias","potentialAction":[{"@type":"SearchAction","target":{"@type":"EntryPoint","urlTemplate":"https:\/\/aconteceunovale.com.br\/portal\/?s={search_term_string}"},"query-input":{"@type":"PropertyValueSpecification","valueRequired":true,"valueName":"search_term_string"}}],"inLanguage":"pt-BR"},{"@type":"Person","@id":"https:\/\/aconteceunovale.com.br\/portal\/#\/schema\/person\/7d2f26d1483f8a63de73da1ee0754d35","name":"Reda\u00e7\u00e3o Aconteceu no Vale","description":"Equipe de reportagem do Aconteceu no Vale, portal de not\u00edcias do Vale do Jequitinhonha, em Minas Gerais. Cobrimos as 51 cidades do Vale desde 2013. Sugest\u00f5es de pauta e pedidos de corre\u00e7\u00e3o: contato@aconteceunovale.com.br","url":"https:\/\/aconteceunovale.com.br\/portal\/?author=4"}]}},"_links":{"self":[{"href":"https:\/\/aconteceunovale.com.br\/portal\/index.php?rest_route=\/wp\/v2\/posts\/194565","targetHints":{"allow":["GET"]}}],"collection":[{"href":"https:\/\/aconteceunovale.com.br\/portal\/index.php?rest_route=\/wp\/v2\/posts"}],"about":[{"href":"https:\/\/aconteceunovale.com.br\/portal\/index.php?rest_route=\/wp\/v2\/types\/post"}],"author":[{"embeddable":true,"href":"https:\/\/aconteceunovale.com.br\/portal\/index.php?rest_route=\/wp\/v2\/users\/4"}],"replies":[{"embeddable":true,"href":"https:\/\/aconteceunovale.com.br\/portal\/index.php?rest_route=%2Fwp%2Fv2%2Fcomments&post=194565"}],"version-history":[{"count":1,"href":"https:\/\/aconteceunovale.com.br\/portal\/index.php?rest_route=\/wp\/v2\/posts\/194565\/revisions"}],"predecessor-version":[{"id":194567,"href":"https:\/\/aconteceunovale.com.br\/portal\/index.php?rest_route=\/wp\/v2\/posts\/194565\/revisions\/194567"}],"wp:featuredmedia":[{"embeddable":true,"href":"https:\/\/aconteceunovale.com.br\/portal\/index.php?rest_route=\/wp\/v2\/media\/194566"}],"wp:attachment":[{"href":"https:\/\/aconteceunovale.com.br\/portal\/index.php?rest_route=%2Fwp%2Fv2%2Fmedia&parent=194565"}],"wp:term":[{"taxonomy":"category","embeddable":true,"href":"https:\/\/aconteceunovale.com.br\/portal\/index.php?rest_route=%2Fwp%2Fv2%2Fcategories&post=194565"},{"taxonomy":"post_tag","embeddable":true,"href":"https:\/\/aconteceunovale.com.br\/portal\/index.php?rest_route=%2Fwp%2Fv2%2Ftags&post=194565"}],"curies":[{"name":"wp","href":"https:\/\/api.w.org\/{rel}","templated":true}]}}