{"id":194556,"date":"2025-01-03T09:44:00","date_gmt":"2025-01-03T12:44:00","guid":{"rendered":"https:\/\/aconteceunovale.com.br\/portal\/?p=194556"},"modified":"2025-01-03T15:24:06","modified_gmt":"2025-01-03T18:24:06","slug":"homem-morre-em-acidente-na-br-116-em-teofilo-otoni","status":"publish","type":"post","link":"https:\/\/aconteceunovale.com.br\/portal\/?p=194556","title":{"rendered":"Homem morre em acidente na BR-116, em Te\u00f3filo Otoni"},"content":{"rendered":"\n<p class=\"wp-block-paragraph\">Um homem de 67 anos morreu ap\u00f3s um acidente entre um carro e uma caminhonete na BR-116, em Te\u00f3filo Otoni, na quinta-feira (2). A colis\u00e3o ocorreu no quil\u00f4metro 284, a cerca de dois quil\u00f4metros do local onde, em dezembro, um acidente deixou 41 mortos.<\/p>\n\n\n\n<figure class=\"wp-block-gallery has-nested-images columns-default is-cropped wp-block-gallery-1 is-layout-flex wp-block-gallery-is-layout-flex\">\n<figure class=\"wp-block-image size-large\"><img loading=\"lazy\" decoding=\"async\" width=\"678\" height=\"396\" data-id=\"194557\" src=\"https:\/\/aconteceunovale.com.br\/portal\/wp-content\/uploads\/2025\/01\/acidente_teofilo_otoni.png\" alt=\"\" class=\"wp-image-194557\" srcset=\"https:\/\/aconteceunovale.com.br\/portal\/wp-content\/uploads\/2025\/01\/acidente_teofilo_otoni.png 678w, https:\/\/aconteceunovale.com.br\/portal\/wp-content\/uploads\/2025\/01\/acidente_teofilo_otoni-300x175.png 300w\" sizes=\"auto, (max-width: 678px) 100vw, 678px\" \/><figcaption class=\"wp-element-caption\"><em>Foto: Elvis Passos<\/em><\/figcaption><\/figure>\n<\/figure>\n\n\n\n<p class=\"wp-block-paragraph\">De acordo com a Pol\u00edcia Rodovi\u00e1ria Federal (PRF), o condutor da caminhonete relatou que estava testando o ve\u00edculo antes de entreg\u00e1-lo a um cliente, mas enfrentava dificuldades para visualizar a pista devido \u00e0 chuva intensa. Em uma reta, os dois ve\u00edculos colidiram frontalmente.<\/p>\n\n\n\n<p class=\"wp-block-paragraph\">Com o impacto, ambos os autom\u00f3veis foram arremessados para fora da pista e sofreram danos significativos. Gracimar Pereira da Silva, motorista do carro, n\u00e3o resistiu aos ferimentos e morreu no local. Ele era taxista h\u00e1 anos e trabalhava na Pra\u00e7a dos Imigrantes, em Te\u00f3filo Otoni.<\/p>\n\n\n\n<p class=\"wp-block-paragraph\">Uma mulher que estava no carro foi socorrida e levada ao Hospital Santa Ros\u00e1lia, onde permanece em estado est\u00e1vel. Na caminhonete, duas pessoas tiveram ferimentos leves, enquanto o motorista saiu ileso.<\/p>\n\n\n\n<p class=\"wp-block-paragraph\">A Pol\u00edcia Civil e a PRF investigam as circunst\u00e2ncias do acidente. A chuva no momento da colis\u00e3o e as condi\u00e7\u00f5es de visibilidade ser\u00e3o analisadas como poss\u00edveis fatores contribuidores para a trag\u00e9dia.<\/p>\n\n\n\n<p class=\"wp-block-paragraph\">O acidente reacende a preocupa\u00e7\u00e3o com a seguran\u00e7a na BR-116, especialmente em trechos onde j\u00e1 ocorreram incidentes graves. Autoridades refor\u00e7am a necessidade de cautela dos motoristas, principalmente em condi\u00e7\u00f5es clim\u00e1ticas adversas.<\/p>\n","protected":false},"excerpt":{"rendered":"<p>Um homem de 67 anos morreu ap\u00f3s um acidente entre um carro e uma caminhonete na BR-116, em Te\u00f3filo Otoni, na quinta-feira (2). A colis\u00e3o ocorreu no quil\u00f4metro 284, a cerca de dois quil\u00f4metros do local onde, em dezembro, um acidente deixou 41 mortos. De acordo com a Pol\u00edcia Rodovi\u00e1ria Federal (PRF), o condutor da [&hellip;]<\/p>\n","protected":false},"author":4,"featured_media":194557,"comment_status":"open","ping_status":"closed","sticky":false,"template":"","format":"standard","meta":{"amp_status":"","footnotes":""},"categories":[122],"tags":[268789,13880,1018,268790,5085,251931,164],"class_list":["post-194556","post","type-post","status-publish","format-standard","has-post-thumbnail","hentry","category-mucuri","tag-acidente-com-taxista-em-teofilo-otoni","tag-acidente-em-teofilo-otoni","tag-destaque","tag-gracimar-pereira-da-silva","tag-homem-morre-em-acidente-na-br-116","tag-taxista-de-teofilo-otoni","tag-teofilo-otoni"],"yoast_head":"<!-- This site is optimized with the Yoast SEO plugin v28.3 - https:\/\/yoast.com\/product\/yoast-seo-wordpress\/ -->\n<title>Homem morre em acidente na BR-116, em Te\u00f3filo Otoni - Aconteceu no Vale<\/title>\n<meta name=\"robots\" content=\"index, follow, max-snippet:-1, max-image-preview:large, max-video-preview:-1\" \/>\n<link rel=\"canonical\" href=\"https:\/\/aconteceunovale.com.br\/portal\/?p=194556\" \/>\n<meta property=\"og:locale\" content=\"pt_BR\" \/>\n<meta property=\"og:type\" content=\"article\" \/>\n<meta property=\"og:title\" content=\"Homem morre em acidente na BR-116, em Te\u00f3filo Otoni - Aconteceu no Vale\" \/>\n<meta property=\"og:description\" content=\"Um homem de 67 anos morreu ap\u00f3s um acidente entre um carro e uma caminhonete na BR-116, em Te\u00f3filo Otoni, na quinta-feira (2). A colis\u00e3o ocorreu no quil\u00f4metro 284, a cerca de dois quil\u00f4metros do local onde, em dezembro, um acidente deixou 41 mortos. De acordo com a Pol\u00edcia Rodovi\u00e1ria Federal (PRF), o condutor da [&hellip;]\" \/>\n<meta property=\"og:url\" content=\"https:\/\/aconteceunovale.com.br\/portal\/?p=194556\" \/>\n<meta property=\"og:site_name\" content=\"Aconteceu no Vale\" \/>\n<meta property=\"article:publisher\" content=\"https:\/\/www.facebook.com\/aconteceunovale\/\" \/>\n<meta property=\"article:published_time\" content=\"2025-01-03T12:44:00+00:00\" \/>\n<meta property=\"article:modified_time\" content=\"2025-01-03T18:24:06+00:00\" \/>\n<meta property=\"og:image\" content=\"https:\/\/aconteceunovale.com.br\/portal\/wp-content\/uploads\/2025\/01\/acidente_teofilo_otoni.png\" \/>\n\t<meta property=\"og:image:width\" content=\"678\" \/>\n\t<meta property=\"og:image:height\" content=\"396\" \/>\n\t<meta property=\"og:image:type\" content=\"image\/png\" \/>\n<meta name=\"author\" content=\"Reda\u00e7\u00e3o Aconteceu no Vale\" \/>\n<meta name=\"twitter:card\" content=\"summary_large_image\" \/>\n<meta name=\"twitter:creator\" content=\"@noticiadosvales\" \/>\n<meta name=\"twitter:site\" content=\"@noticiadosvales\" \/>\n<meta name=\"twitter:label1\" content=\"Escrito por\" \/>\n\t<meta name=\"twitter:data1\" content=\"Reda\u00e7\u00e3o Aconteceu no Vale\" \/>\n\t<meta name=\"twitter:label2\" content=\"Est. tempo de leitura\" \/>\n\t<meta name=\"twitter:data2\" content=\"1 minuto\" \/>\n<script type=\"application\/ld+json\" class=\"yoast-schema-graph\">{\"@context\":\"https:\\\/\\\/schema.org\",\"@graph\":[{\"@type\":\"Article\",\"@id\":\"https:\\\/\\\/aconteceunovale.com.br\\\/portal\\\/?p=194556#article\",\"isPartOf\":{\"@id\":\"https:\\\/\\\/aconteceunovale.com.br\\\/portal\\\/?p=194556\"},\"author\":{\"name\":\"Reda\u00e7\u00e3o Aconteceu no Vale\",\"@id\":\"https:\\\/\\\/aconteceunovale.com.br\\\/portal\\\/#\\\/schema\\\/person\\\/7d2f26d1483f8a63de73da1ee0754d35\"},\"headline\":\"Homem morre em acidente na BR-116, em Te\u00f3filo Otoni\",\"datePublished\":\"2025-01-03T12:44:00+00:00\",\"dateModified\":\"2025-01-03T18:24:06+00:00\",\"mainEntityOfPage\":{\"@id\":\"https:\\\/\\\/aconteceunovale.com.br\\\/portal\\\/?p=194556\"},\"wordCount\":261,\"commentCount\":0,\"image\":{\"@id\":\"https:\\\/\\\/aconteceunovale.com.br\\\/portal\\\/?p=194556#primaryimage\"},\"thumbnailUrl\":\"https:\\\/\\\/aconteceunovale.com.br\\\/portal\\\/wp-content\\\/uploads\\\/2025\\\/01\\\/acidente_teofilo_otoni.png\",\"keywords\":[\"Acidente com taxista em Te\u00f3filo Otoni\",\"acidente em Te\u00f3filo Otoni\",\"destaque\",\"Gracimar Pereira da Silva\",\"Homem morre em acidente na BR-116\",\"Taxista de Te\u00f3filo Otoni\",\"Te\u00f3filo Otoni\"],\"articleSection\":[\"Vale do Mucuri\"],\"inLanguage\":\"pt-BR\",\"potentialAction\":[{\"@type\":\"CommentAction\",\"name\":\"Comment\",\"target\":[\"https:\\\/\\\/aconteceunovale.com.br\\\/portal\\\/?p=194556#respond\"]}]},{\"@type\":\"WebPage\",\"@id\":\"https:\\\/\\\/aconteceunovale.com.br\\\/portal\\\/?p=194556\",\"url\":\"https:\\\/\\\/aconteceunovale.com.br\\\/portal\\\/?p=194556\",\"name\":\"Homem morre em acidente na BR-116, em Te\u00f3filo Otoni - Aconteceu no Vale\",\"isPartOf\":{\"@id\":\"https:\\\/\\\/aconteceunovale.com.br\\\/portal\\\/#website\"},\"primaryImageOfPage\":{\"@id\":\"https:\\\/\\\/aconteceunovale.com.br\\\/portal\\\/?p=194556#primaryimage\"},\"image\":{\"@id\":\"https:\\\/\\\/aconteceunovale.com.br\\\/portal\\\/?p=194556#primaryimage\"},\"thumbnailUrl\":\"https:\\\/\\\/aconteceunovale.com.br\\\/portal\\\/wp-content\\\/uploads\\\/2025\\\/01\\\/acidente_teofilo_otoni.png\",\"datePublished\":\"2025-01-03T12:44:00+00:00\",\"dateModified\":\"2025-01-03T18:24:06+00:00\",\"author\":{\"@id\":\"https:\\\/\\\/aconteceunovale.com.br\\\/portal\\\/#\\\/schema\\\/person\\\/7d2f26d1483f8a63de73da1ee0754d35\"},\"breadcrumb\":{\"@id\":\"https:\\\/\\\/aconteceunovale.com.br\\\/portal\\\/?p=194556#breadcrumb\"},\"inLanguage\":\"pt-BR\",\"potentialAction\":[{\"@type\":\"ReadAction\",\"target\":[\"https:\\\/\\\/aconteceunovale.com.br\\\/portal\\\/?p=194556\"]}]},{\"@type\":\"ImageObject\",\"inLanguage\":\"pt-BR\",\"@id\":\"https:\\\/\\\/aconteceunovale.com.br\\\/portal\\\/?p=194556#primaryimage\",\"url\":\"https:\\\/\\\/aconteceunovale.com.br\\\/portal\\\/wp-content\\\/uploads\\\/2025\\\/01\\\/acidente_teofilo_otoni.png\",\"contentUrl\":\"https:\\\/\\\/aconteceunovale.com.br\\\/portal\\\/wp-content\\\/uploads\\\/2025\\\/01\\\/acidente_teofilo_otoni.png\",\"width\":678,\"height\":396,\"caption\":\"Foto: Elvis Passos\"},{\"@type\":\"BreadcrumbList\",\"@id\":\"https:\\\/\\\/aconteceunovale.com.br\\\/portal\\\/?p=194556#breadcrumb\",\"itemListElement\":[{\"@type\":\"ListItem\",\"position\":1,\"name\":\"In\u00edcio\",\"item\":\"https:\\\/\\\/aconteceunovale.com.br\\\/portal\\\/\"},{\"@type\":\"ListItem\",\"position\":2,\"name\":\"Homem morre em acidente na BR-116, em Te\u00f3filo Otoni\"}]},{\"@type\":\"WebSite\",\"@id\":\"https:\\\/\\\/aconteceunovale.com.br\\\/portal\\\/#website\",\"url\":\"https:\\\/\\\/aconteceunovale.com.br\\\/portal\\\/\",\"name\":\"Aconteceu no Vale\",\"description\":\"Portal de Not\u00edcias\",\"potentialAction\":[{\"@type\":\"SearchAction\",\"target\":{\"@type\":\"EntryPoint\",\"urlTemplate\":\"https:\\\/\\\/aconteceunovale.com.br\\\/portal\\\/?s={search_term_string}\"},\"query-input\":{\"@type\":\"PropertyValueSpecification\",\"valueRequired\":true,\"valueName\":\"search_term_string\"}}],\"inLanguage\":\"pt-BR\"},{\"@type\":\"Person\",\"@id\":\"https:\\\/\\\/aconteceunovale.com.br\\\/portal\\\/#\\\/schema\\\/person\\\/7d2f26d1483f8a63de73da1ee0754d35\",\"name\":\"Reda\u00e7\u00e3o Aconteceu no Vale\",\"description\":\"Equipe de reportagem do Aconteceu no Vale, portal de not\u00edcias do Vale do Jequitinhonha, em Minas Gerais. Cobrimos as 51 cidades do Vale desde 2013. Sugest\u00f5es de pauta e pedidos de corre\u00e7\u00e3o: contato@aconteceunovale.com.br\",\"url\":\"https:\\\/\\\/aconteceunovale.com.br\\\/portal\\\/?author=4\"}]}<\/script>\n<!-- \/ Yoast SEO plugin. -->","yoast_head_json":{"title":"Homem morre em acidente na BR-116, em Te\u00f3filo Otoni - Aconteceu no Vale","robots":{"index":"index","follow":"follow","max-snippet":"max-snippet:-1","max-image-preview":"max-image-preview:large","max-video-preview":"max-video-preview:-1"},"canonical":"https:\/\/aconteceunovale.com.br\/portal\/?p=194556","og_locale":"pt_BR","og_type":"article","og_title":"Homem morre em acidente na BR-116, em Te\u00f3filo Otoni - Aconteceu no Vale","og_description":"Um homem de 67 anos morreu ap\u00f3s um acidente entre um carro e uma caminhonete na BR-116, em Te\u00f3filo Otoni, na quinta-feira (2). A colis\u00e3o ocorreu no quil\u00f4metro 284, a cerca de dois quil\u00f4metros do local onde, em dezembro, um acidente deixou 41 mortos. De acordo com a Pol\u00edcia Rodovi\u00e1ria Federal (PRF), o condutor da [&hellip;]","og_url":"https:\/\/aconteceunovale.com.br\/portal\/?p=194556","og_site_name":"Aconteceu no Vale","article_publisher":"https:\/\/www.facebook.com\/aconteceunovale\/","article_published_time":"2025-01-03T12:44:00+00:00","article_modified_time":"2025-01-03T18:24:06+00:00","og_image":[{"width":678,"height":396,"url":"https:\/\/aconteceunovale.com.br\/portal\/wp-content\/uploads\/2025\/01\/acidente_teofilo_otoni.png","type":"image\/png"}],"author":"Reda\u00e7\u00e3o Aconteceu no Vale","twitter_card":"summary_large_image","twitter_creator":"@noticiadosvales","twitter_site":"@noticiadosvales","twitter_misc":{"Escrito por":"Reda\u00e7\u00e3o Aconteceu no Vale","Est. tempo de leitura":"1 minuto"},"schema":{"@context":"https:\/\/schema.org","@graph":[{"@type":"Article","@id":"https:\/\/aconteceunovale.com.br\/portal\/?p=194556#article","isPartOf":{"@id":"https:\/\/aconteceunovale.com.br\/portal\/?p=194556"},"author":{"name":"Reda\u00e7\u00e3o Aconteceu no Vale","@id":"https:\/\/aconteceunovale.com.br\/portal\/#\/schema\/person\/7d2f26d1483f8a63de73da1ee0754d35"},"headline":"Homem morre em acidente na BR-116, em Te\u00f3filo Otoni","datePublished":"2025-01-03T12:44:00+00:00","dateModified":"2025-01-03T18:24:06+00:00","mainEntityOfPage":{"@id":"https:\/\/aconteceunovale.com.br\/portal\/?p=194556"},"wordCount":261,"commentCount":0,"image":{"@id":"https:\/\/aconteceunovale.com.br\/portal\/?p=194556#primaryimage"},"thumbnailUrl":"https:\/\/aconteceunovale.com.br\/portal\/wp-content\/uploads\/2025\/01\/acidente_teofilo_otoni.png","keywords":["Acidente com taxista em Te\u00f3filo Otoni","acidente em Te\u00f3filo Otoni","destaque","Gracimar Pereira da Silva","Homem morre em acidente na BR-116","Taxista de Te\u00f3filo Otoni","Te\u00f3filo Otoni"],"articleSection":["Vale do Mucuri"],"inLanguage":"pt-BR","potentialAction":[{"@type":"CommentAction","name":"Comment","target":["https:\/\/aconteceunovale.com.br\/portal\/?p=194556#respond"]}]},{"@type":"WebPage","@id":"https:\/\/aconteceunovale.com.br\/portal\/?p=194556","url":"https:\/\/aconteceunovale.com.br\/portal\/?p=194556","name":"Homem morre em acidente na BR-116, em Te\u00f3filo Otoni - Aconteceu no Vale","isPartOf":{"@id":"https:\/\/aconteceunovale.com.br\/portal\/#website"},"primaryImageOfPage":{"@id":"https:\/\/aconteceunovale.com.br\/portal\/?p=194556#primaryimage"},"image":{"@id":"https:\/\/aconteceunovale.com.br\/portal\/?p=194556#primaryimage"},"thumbnailUrl":"https:\/\/aconteceunovale.com.br\/portal\/wp-content\/uploads\/2025\/01\/acidente_teofilo_otoni.png","datePublished":"2025-01-03T12:44:00+00:00","dateModified":"2025-01-03T18:24:06+00:00","author":{"@id":"https:\/\/aconteceunovale.com.br\/portal\/#\/schema\/person\/7d2f26d1483f8a63de73da1ee0754d35"},"breadcrumb":{"@id":"https:\/\/aconteceunovale.com.br\/portal\/?p=194556#breadcrumb"},"inLanguage":"pt-BR","potentialAction":[{"@type":"ReadAction","target":["https:\/\/aconteceunovale.com.br\/portal\/?p=194556"]}]},{"@type":"ImageObject","inLanguage":"pt-BR","@id":"https:\/\/aconteceunovale.com.br\/portal\/?p=194556#primaryimage","url":"https:\/\/aconteceunovale.com.br\/portal\/wp-content\/uploads\/2025\/01\/acidente_teofilo_otoni.png","contentUrl":"https:\/\/aconteceunovale.com.br\/portal\/wp-content\/uploads\/2025\/01\/acidente_teofilo_otoni.png","width":678,"height":396,"caption":"Foto: Elvis Passos"},{"@type":"BreadcrumbList","@id":"https:\/\/aconteceunovale.com.br\/portal\/?p=194556#breadcrumb","itemListElement":[{"@type":"ListItem","position":1,"name":"In\u00edcio","item":"https:\/\/aconteceunovale.com.br\/portal\/"},{"@type":"ListItem","position":2,"name":"Homem morre em acidente na BR-116, em Te\u00f3filo Otoni"}]},{"@type":"WebSite","@id":"https:\/\/aconteceunovale.com.br\/portal\/#website","url":"https:\/\/aconteceunovale.com.br\/portal\/","name":"Aconteceu no Vale","description":"Portal de Not\u00edcias","potentialAction":[{"@type":"SearchAction","target":{"@type":"EntryPoint","urlTemplate":"https:\/\/aconteceunovale.com.br\/portal\/?s={search_term_string}"},"query-input":{"@type":"PropertyValueSpecification","valueRequired":true,"valueName":"search_term_string"}}],"inLanguage":"pt-BR"},{"@type":"Person","@id":"https:\/\/aconteceunovale.com.br\/portal\/#\/schema\/person\/7d2f26d1483f8a63de73da1ee0754d35","name":"Reda\u00e7\u00e3o Aconteceu no Vale","description":"Equipe de reportagem do Aconteceu no Vale, portal de not\u00edcias do Vale do Jequitinhonha, em Minas Gerais. Cobrimos as 51 cidades do Vale desde 2013. Sugest\u00f5es de pauta e pedidos de corre\u00e7\u00e3o: contato@aconteceunovale.com.br","url":"https:\/\/aconteceunovale.com.br\/portal\/?author=4"}]}},"_links":{"self":[{"href":"https:\/\/aconteceunovale.com.br\/portal\/index.php?rest_route=\/wp\/v2\/posts\/194556","targetHints":{"allow":["GET"]}}],"collection":[{"href":"https:\/\/aconteceunovale.com.br\/portal\/index.php?rest_route=\/wp\/v2\/posts"}],"about":[{"href":"https:\/\/aconteceunovale.com.br\/portal\/index.php?rest_route=\/wp\/v2\/types\/post"}],"author":[{"embeddable":true,"href":"https:\/\/aconteceunovale.com.br\/portal\/index.php?rest_route=\/wp\/v2\/users\/4"}],"replies":[{"embeddable":true,"href":"https:\/\/aconteceunovale.com.br\/portal\/index.php?rest_route=%2Fwp%2Fv2%2Fcomments&post=194556"}],"version-history":[{"count":1,"href":"https:\/\/aconteceunovale.com.br\/portal\/index.php?rest_route=\/wp\/v2\/posts\/194556\/revisions"}],"predecessor-version":[{"id":194558,"href":"https:\/\/aconteceunovale.com.br\/portal\/index.php?rest_route=\/wp\/v2\/posts\/194556\/revisions\/194558"}],"wp:featuredmedia":[{"embeddable":true,"href":"https:\/\/aconteceunovale.com.br\/portal\/index.php?rest_route=\/wp\/v2\/media\/194557"}],"wp:attachment":[{"href":"https:\/\/aconteceunovale.com.br\/portal\/index.php?rest_route=%2Fwp%2Fv2%2Fmedia&parent=194556"}],"wp:term":[{"taxonomy":"category","embeddable":true,"href":"https:\/\/aconteceunovale.com.br\/portal\/index.php?rest_route=%2Fwp%2Fv2%2Fcategories&post=194556"},{"taxonomy":"post_tag","embeddable":true,"href":"https:\/\/aconteceunovale.com.br\/portal\/index.php?rest_route=%2Fwp%2Fv2%2Ftags&post=194556"}],"curies":[{"name":"wp","href":"https:\/\/api.w.org\/{rel}","templated":true}]}}