{"id":194553,"date":"2025-01-03T11:51:00","date_gmt":"2025-01-03T14:51:00","guid":{"rendered":"https:\/\/aconteceunovale.com.br\/portal\/?p=194553"},"modified":"2025-01-03T15:13:03","modified_gmt":"2025-01-03T18:13:03","slug":"governo-de-minas-conclui-recuperacao-de-trecho-da-mg-311-no-vale-do-rio-doce","status":"publish","type":"post","link":"https:\/\/aconteceunovale.com.br\/portal\/?p=194553","title":{"rendered":"Governo de Minas conclui recupera\u00e7\u00e3o de trecho da MG-311, no Vale do Rio Doce"},"content":{"rendered":"\n<p class=\"wp-block-paragraph\">O Governo de Minas Gerais, por meio do Departamento de Estradas de Rodagem (DER-MG), finalizou, na segunda quinzena de dezembro, as obras de recupera\u00e7\u00e3o funcional da rodovia MG-311, no Vale do Rio Doce. O trecho recuperado, com aproximadamente 33,5 quil\u00f4metros, conecta os munic\u00edpios de Pescador, Nova M\u00f3dica e S\u00e3o Jos\u00e9 do Divino.<\/p>\n\n\n\n<figure class=\"wp-block-gallery has-nested-images columns-default is-cropped wp-block-gallery-1 is-layout-flex wp-block-gallery-is-layout-flex\">\n<figure class=\"wp-block-image size-large\"><img loading=\"lazy\" decoding=\"async\" width=\"678\" height=\"305\" data-id=\"194554\" src=\"https:\/\/aconteceunovale.com.br\/portal\/wp-content\/uploads\/2025\/01\/mg_311.jpeg\" alt=\"\" class=\"wp-image-194554\" srcset=\"https:\/\/aconteceunovale.com.br\/portal\/wp-content\/uploads\/2025\/01\/mg_311.jpeg 678w, https:\/\/aconteceunovale.com.br\/portal\/wp-content\/uploads\/2025\/01\/mg_311-300x135.jpeg 300w\" sizes=\"auto, (max-width: 678px) 100vw, 678px\" \/><figcaption class=\"wp-element-caption\"><em>Imagem: DER-MG \/ Divulga\u00e7\u00e3o<\/em><\/figcaption><\/figure>\n<\/figure>\n\n\n\n<p class=\"wp-block-paragraph\">As interven\u00e7\u00f5es, iniciadas em fevereiro de 2024, fazem parte do programa <strong>Caminhos pra Avan\u00e7ar<\/strong>, considerado o maior pacote de obras rodovi\u00e1rias das \u00faltimas d\u00e9cadas no estado. O investimento total foi de <strong>R$ 24,93 milh\u00f5es<\/strong>.<\/p>\n\n\n\n<p class=\"wp-block-paragraph\">Entre os servi\u00e7os realizados est\u00e3o a reciclagem em pontos espec\u00edficos, remendos profundos em \u00e1reas cr\u00edticas, aplica\u00e7\u00e3o de nova capa asf\u00e1ltica, melhorias na drenagem e instala\u00e7\u00e3o de nova sinaliza\u00e7\u00e3o.<\/p>\n\n\n\n<p class=\"wp-block-paragraph\">De acordo com o diretor-geral do DER-MG, Rodrigo Tavares, as obras representam um avan\u00e7o significativo para a regi\u00e3o. \u201cAs equipes do DER-MG finalizaram mais uma obra importante para os mineiros, devolvendo a qualidade da via com a implanta\u00e7\u00e3o de novo pavimento. As melhorias atendem diretamente uma popula\u00e7\u00e3o estimada em cerca de 12 mil habitantes, favorecendo a economia da regi\u00e3o voltada para a produ\u00e7\u00e3o agropecu\u00e1ria e agr\u00edcola\u201d, afirmou.<\/p>\n\n\n\n<p class=\"wp-block-paragraph\">A recupera\u00e7\u00e3o da MG-311 busca garantir maior seguran\u00e7a e conforto para os motoristas, al\u00e9m de contribuir para o desenvolvimento econ\u00f4mico local. A regi\u00e3o tem forte atividade agropecu\u00e1ria e agr\u00edcola, que depende de boas condi\u00e7\u00f5es de infraestrutura para o escoamento da produ\u00e7\u00e3o.<\/p>\n","protected":false},"excerpt":{"rendered":"<p>O Governo de Minas Gerais, por meio do Departamento de Estradas de Rodagem (DER-MG), finalizou, na segunda quinzena de dezembro, as obras de recupera\u00e7\u00e3o funcional da rodovia MG-311, no Vale do Rio Doce. O trecho recuperado, com aproximadamente 33,5 quil\u00f4metros, conecta os munic\u00edpios de Pescador, Nova M\u00f3dica e S\u00e3o Jos\u00e9 do Divino. As interven\u00e7\u00f5es, iniciadas [&hellip;]<\/p>\n","protected":false},"author":4,"featured_media":194554,"comment_status":"open","ping_status":"closed","sticky":false,"template":"","format":"standard","meta":{"amp_status":"","footnotes":""},"categories":[121],"tags":[1018,268788,265156,304,307,265158,320,129],"class_list":["post-194553","post","type-post","status-publish","format-standard","has-post-thumbnail","hentry","category-leste","tag-destaque","tag-governo-de-minas-conclui-recuperacao-de-trecho-da-mg-311","tag-mg-311","tag-nova-modica","tag-pescador","tag-recuperacao-da-mg-311","tag-sao-jose-do-divino","tag-vale-do-rio-doce"],"yoast_head":"<!-- This site is optimized with the Yoast SEO plugin v28.3 - https:\/\/yoast.com\/product\/yoast-seo-wordpress\/ -->\n<title>Governo de Minas conclui recupera\u00e7\u00e3o de trecho da MG-311, no Vale do Rio Doce - Aconteceu no Vale<\/title>\n<meta name=\"robots\" content=\"index, follow, max-snippet:-1, max-image-preview:large, max-video-preview:-1\" \/>\n<link rel=\"canonical\" href=\"https:\/\/aconteceunovale.com.br\/portal\/?p=194553\" \/>\n<meta property=\"og:locale\" content=\"pt_BR\" \/>\n<meta property=\"og:type\" content=\"article\" \/>\n<meta property=\"og:title\" content=\"Governo de Minas conclui recupera\u00e7\u00e3o de trecho da MG-311, no Vale do Rio Doce - Aconteceu no Vale\" \/>\n<meta property=\"og:description\" content=\"O Governo de Minas Gerais, por meio do Departamento de Estradas de Rodagem (DER-MG), finalizou, na segunda quinzena de dezembro, as obras de recupera\u00e7\u00e3o funcional da rodovia MG-311, no Vale do Rio Doce. O trecho recuperado, com aproximadamente 33,5 quil\u00f4metros, conecta os munic\u00edpios de Pescador, Nova M\u00f3dica e S\u00e3o Jos\u00e9 do Divino. As interven\u00e7\u00f5es, iniciadas [&hellip;]\" \/>\n<meta property=\"og:url\" content=\"https:\/\/aconteceunovale.com.br\/portal\/?p=194553\" \/>\n<meta property=\"og:site_name\" content=\"Aconteceu no Vale\" \/>\n<meta property=\"article:publisher\" content=\"https:\/\/www.facebook.com\/aconteceunovale\/\" \/>\n<meta property=\"article:published_time\" content=\"2025-01-03T14:51:00+00:00\" \/>\n<meta property=\"article:modified_time\" content=\"2025-01-03T18:13:03+00:00\" \/>\n<meta property=\"og:image\" content=\"https:\/\/aconteceunovale.com.br\/portal\/wp-content\/uploads\/2025\/01\/mg_311.jpeg\" \/>\n\t<meta property=\"og:image:width\" content=\"678\" \/>\n\t<meta property=\"og:image:height\" content=\"305\" \/>\n\t<meta property=\"og:image:type\" content=\"image\/jpeg\" \/>\n<meta name=\"author\" content=\"Reda\u00e7\u00e3o Aconteceu no Vale\" \/>\n<meta name=\"twitter:card\" content=\"summary_large_image\" \/>\n<meta name=\"twitter:creator\" content=\"@noticiadosvales\" \/>\n<meta name=\"twitter:site\" content=\"@noticiadosvales\" \/>\n<meta name=\"twitter:label1\" content=\"Escrito por\" \/>\n\t<meta name=\"twitter:data1\" content=\"Reda\u00e7\u00e3o Aconteceu no Vale\" \/>\n\t<meta name=\"twitter:label2\" content=\"Est. tempo de leitura\" \/>\n\t<meta name=\"twitter:data2\" content=\"1 minuto\" \/>\n<script type=\"application\/ld+json\" class=\"yoast-schema-graph\">{\"@context\":\"https:\\\/\\\/schema.org\",\"@graph\":[{\"@type\":\"Article\",\"@id\":\"https:\\\/\\\/aconteceunovale.com.br\\\/portal\\\/?p=194553#article\",\"isPartOf\":{\"@id\":\"https:\\\/\\\/aconteceunovale.com.br\\\/portal\\\/?p=194553\"},\"author\":{\"name\":\"Reda\u00e7\u00e3o Aconteceu no Vale\",\"@id\":\"https:\\\/\\\/aconteceunovale.com.br\\\/portal\\\/#\\\/schema\\\/person\\\/7d2f26d1483f8a63de73da1ee0754d35\"},\"headline\":\"Governo de Minas conclui recupera\u00e7\u00e3o de trecho da MG-311, no Vale do Rio Doce\",\"datePublished\":\"2025-01-03T14:51:00+00:00\",\"dateModified\":\"2025-01-03T18:13:03+00:00\",\"mainEntityOfPage\":{\"@id\":\"https:\\\/\\\/aconteceunovale.com.br\\\/portal\\\/?p=194553\"},\"wordCount\":272,\"commentCount\":0,\"image\":{\"@id\":\"https:\\\/\\\/aconteceunovale.com.br\\\/portal\\\/?p=194553#primaryimage\"},\"thumbnailUrl\":\"https:\\\/\\\/aconteceunovale.com.br\\\/portal\\\/wp-content\\\/uploads\\\/2025\\\/01\\\/mg_311.jpeg\",\"keywords\":[\"destaque\",\"Governo de Minas conclui recupera\u00e7\u00e3o de trecho da MG-311\",\"MG-311\",\"Nova M\u00f3dica\",\"Pescador\",\"Recupera\u00e7\u00e3o da MG-311\",\"S\u00e3o Jos\u00e9 do Divino\",\"Vale do Rio Doce\"],\"articleSection\":[\"Leste de Minas\"],\"inLanguage\":\"pt-BR\",\"potentialAction\":[{\"@type\":\"CommentAction\",\"name\":\"Comment\",\"target\":[\"https:\\\/\\\/aconteceunovale.com.br\\\/portal\\\/?p=194553#respond\"]}]},{\"@type\":\"WebPage\",\"@id\":\"https:\\\/\\\/aconteceunovale.com.br\\\/portal\\\/?p=194553\",\"url\":\"https:\\\/\\\/aconteceunovale.com.br\\\/portal\\\/?p=194553\",\"name\":\"Governo de Minas conclui recupera\u00e7\u00e3o de trecho da MG-311, no Vale do Rio Doce - Aconteceu no Vale\",\"isPartOf\":{\"@id\":\"https:\\\/\\\/aconteceunovale.com.br\\\/portal\\\/#website\"},\"primaryImageOfPage\":{\"@id\":\"https:\\\/\\\/aconteceunovale.com.br\\\/portal\\\/?p=194553#primaryimage\"},\"image\":{\"@id\":\"https:\\\/\\\/aconteceunovale.com.br\\\/portal\\\/?p=194553#primaryimage\"},\"thumbnailUrl\":\"https:\\\/\\\/aconteceunovale.com.br\\\/portal\\\/wp-content\\\/uploads\\\/2025\\\/01\\\/mg_311.jpeg\",\"datePublished\":\"2025-01-03T14:51:00+00:00\",\"dateModified\":\"2025-01-03T18:13:03+00:00\",\"author\":{\"@id\":\"https:\\\/\\\/aconteceunovale.com.br\\\/portal\\\/#\\\/schema\\\/person\\\/7d2f26d1483f8a63de73da1ee0754d35\"},\"breadcrumb\":{\"@id\":\"https:\\\/\\\/aconteceunovale.com.br\\\/portal\\\/?p=194553#breadcrumb\"},\"inLanguage\":\"pt-BR\",\"potentialAction\":[{\"@type\":\"ReadAction\",\"target\":[\"https:\\\/\\\/aconteceunovale.com.br\\\/portal\\\/?p=194553\"]}]},{\"@type\":\"ImageObject\",\"inLanguage\":\"pt-BR\",\"@id\":\"https:\\\/\\\/aconteceunovale.com.br\\\/portal\\\/?p=194553#primaryimage\",\"url\":\"https:\\\/\\\/aconteceunovale.com.br\\\/portal\\\/wp-content\\\/uploads\\\/2025\\\/01\\\/mg_311.jpeg\",\"contentUrl\":\"https:\\\/\\\/aconteceunovale.com.br\\\/portal\\\/wp-content\\\/uploads\\\/2025\\\/01\\\/mg_311.jpeg\",\"width\":678,\"height\":305,\"caption\":\"Imagem: DER-MG \\\/ Divulga\u00e7\u00e3o\"},{\"@type\":\"BreadcrumbList\",\"@id\":\"https:\\\/\\\/aconteceunovale.com.br\\\/portal\\\/?p=194553#breadcrumb\",\"itemListElement\":[{\"@type\":\"ListItem\",\"position\":1,\"name\":\"In\u00edcio\",\"item\":\"https:\\\/\\\/aconteceunovale.com.br\\\/portal\\\/\"},{\"@type\":\"ListItem\",\"position\":2,\"name\":\"Governo de Minas conclui recupera\u00e7\u00e3o de trecho da MG-311, no Vale do Rio Doce\"}]},{\"@type\":\"WebSite\",\"@id\":\"https:\\\/\\\/aconteceunovale.com.br\\\/portal\\\/#website\",\"url\":\"https:\\\/\\\/aconteceunovale.com.br\\\/portal\\\/\",\"name\":\"Aconteceu no Vale\",\"description\":\"Portal de Not\u00edcias\",\"potentialAction\":[{\"@type\":\"SearchAction\",\"target\":{\"@type\":\"EntryPoint\",\"urlTemplate\":\"https:\\\/\\\/aconteceunovale.com.br\\\/portal\\\/?s={search_term_string}\"},\"query-input\":{\"@type\":\"PropertyValueSpecification\",\"valueRequired\":true,\"valueName\":\"search_term_string\"}}],\"inLanguage\":\"pt-BR\"},{\"@type\":\"Person\",\"@id\":\"https:\\\/\\\/aconteceunovale.com.br\\\/portal\\\/#\\\/schema\\\/person\\\/7d2f26d1483f8a63de73da1ee0754d35\",\"name\":\"Reda\u00e7\u00e3o Aconteceu no Vale\",\"description\":\"Equipe de reportagem do Aconteceu no Vale, portal de not\u00edcias do Vale do Jequitinhonha, em Minas Gerais. Cobrimos as 51 cidades do Vale desde 2013. Sugest\u00f5es de pauta e pedidos de corre\u00e7\u00e3o: contato@aconteceunovale.com.br\",\"url\":\"https:\\\/\\\/aconteceunovale.com.br\\\/portal\\\/?author=4\"}]}<\/script>\n<!-- \/ Yoast SEO plugin. -->","yoast_head_json":{"title":"Governo de Minas conclui recupera\u00e7\u00e3o de trecho da MG-311, no Vale do Rio Doce - Aconteceu no Vale","robots":{"index":"index","follow":"follow","max-snippet":"max-snippet:-1","max-image-preview":"max-image-preview:large","max-video-preview":"max-video-preview:-1"},"canonical":"https:\/\/aconteceunovale.com.br\/portal\/?p=194553","og_locale":"pt_BR","og_type":"article","og_title":"Governo de Minas conclui recupera\u00e7\u00e3o de trecho da MG-311, no Vale do Rio Doce - Aconteceu no Vale","og_description":"O Governo de Minas Gerais, por meio do Departamento de Estradas de Rodagem (DER-MG), finalizou, na segunda quinzena de dezembro, as obras de recupera\u00e7\u00e3o funcional da rodovia MG-311, no Vale do Rio Doce. O trecho recuperado, com aproximadamente 33,5 quil\u00f4metros, conecta os munic\u00edpios de Pescador, Nova M\u00f3dica e S\u00e3o Jos\u00e9 do Divino. As interven\u00e7\u00f5es, iniciadas [&hellip;]","og_url":"https:\/\/aconteceunovale.com.br\/portal\/?p=194553","og_site_name":"Aconteceu no Vale","article_publisher":"https:\/\/www.facebook.com\/aconteceunovale\/","article_published_time":"2025-01-03T14:51:00+00:00","article_modified_time":"2025-01-03T18:13:03+00:00","og_image":[{"width":678,"height":305,"url":"https:\/\/aconteceunovale.com.br\/portal\/wp-content\/uploads\/2025\/01\/mg_311.jpeg","type":"image\/jpeg"}],"author":"Reda\u00e7\u00e3o Aconteceu no Vale","twitter_card":"summary_large_image","twitter_creator":"@noticiadosvales","twitter_site":"@noticiadosvales","twitter_misc":{"Escrito por":"Reda\u00e7\u00e3o Aconteceu no Vale","Est. tempo de leitura":"1 minuto"},"schema":{"@context":"https:\/\/schema.org","@graph":[{"@type":"Article","@id":"https:\/\/aconteceunovale.com.br\/portal\/?p=194553#article","isPartOf":{"@id":"https:\/\/aconteceunovale.com.br\/portal\/?p=194553"},"author":{"name":"Reda\u00e7\u00e3o Aconteceu no Vale","@id":"https:\/\/aconteceunovale.com.br\/portal\/#\/schema\/person\/7d2f26d1483f8a63de73da1ee0754d35"},"headline":"Governo de Minas conclui recupera\u00e7\u00e3o de trecho da MG-311, no Vale do Rio Doce","datePublished":"2025-01-03T14:51:00+00:00","dateModified":"2025-01-03T18:13:03+00:00","mainEntityOfPage":{"@id":"https:\/\/aconteceunovale.com.br\/portal\/?p=194553"},"wordCount":272,"commentCount":0,"image":{"@id":"https:\/\/aconteceunovale.com.br\/portal\/?p=194553#primaryimage"},"thumbnailUrl":"https:\/\/aconteceunovale.com.br\/portal\/wp-content\/uploads\/2025\/01\/mg_311.jpeg","keywords":["destaque","Governo de Minas conclui recupera\u00e7\u00e3o de trecho da MG-311","MG-311","Nova M\u00f3dica","Pescador","Recupera\u00e7\u00e3o da MG-311","S\u00e3o Jos\u00e9 do Divino","Vale do Rio Doce"],"articleSection":["Leste de Minas"],"inLanguage":"pt-BR","potentialAction":[{"@type":"CommentAction","name":"Comment","target":["https:\/\/aconteceunovale.com.br\/portal\/?p=194553#respond"]}]},{"@type":"WebPage","@id":"https:\/\/aconteceunovale.com.br\/portal\/?p=194553","url":"https:\/\/aconteceunovale.com.br\/portal\/?p=194553","name":"Governo de Minas conclui recupera\u00e7\u00e3o de trecho da MG-311, no Vale do Rio Doce - Aconteceu no Vale","isPartOf":{"@id":"https:\/\/aconteceunovale.com.br\/portal\/#website"},"primaryImageOfPage":{"@id":"https:\/\/aconteceunovale.com.br\/portal\/?p=194553#primaryimage"},"image":{"@id":"https:\/\/aconteceunovale.com.br\/portal\/?p=194553#primaryimage"},"thumbnailUrl":"https:\/\/aconteceunovale.com.br\/portal\/wp-content\/uploads\/2025\/01\/mg_311.jpeg","datePublished":"2025-01-03T14:51:00+00:00","dateModified":"2025-01-03T18:13:03+00:00","author":{"@id":"https:\/\/aconteceunovale.com.br\/portal\/#\/schema\/person\/7d2f26d1483f8a63de73da1ee0754d35"},"breadcrumb":{"@id":"https:\/\/aconteceunovale.com.br\/portal\/?p=194553#breadcrumb"},"inLanguage":"pt-BR","potentialAction":[{"@type":"ReadAction","target":["https:\/\/aconteceunovale.com.br\/portal\/?p=194553"]}]},{"@type":"ImageObject","inLanguage":"pt-BR","@id":"https:\/\/aconteceunovale.com.br\/portal\/?p=194553#primaryimage","url":"https:\/\/aconteceunovale.com.br\/portal\/wp-content\/uploads\/2025\/01\/mg_311.jpeg","contentUrl":"https:\/\/aconteceunovale.com.br\/portal\/wp-content\/uploads\/2025\/01\/mg_311.jpeg","width":678,"height":305,"caption":"Imagem: DER-MG \/ Divulga\u00e7\u00e3o"},{"@type":"BreadcrumbList","@id":"https:\/\/aconteceunovale.com.br\/portal\/?p=194553#breadcrumb","itemListElement":[{"@type":"ListItem","position":1,"name":"In\u00edcio","item":"https:\/\/aconteceunovale.com.br\/portal\/"},{"@type":"ListItem","position":2,"name":"Governo de Minas conclui recupera\u00e7\u00e3o de trecho da MG-311, no Vale do Rio Doce"}]},{"@type":"WebSite","@id":"https:\/\/aconteceunovale.com.br\/portal\/#website","url":"https:\/\/aconteceunovale.com.br\/portal\/","name":"Aconteceu no Vale","description":"Portal de Not\u00edcias","potentialAction":[{"@type":"SearchAction","target":{"@type":"EntryPoint","urlTemplate":"https:\/\/aconteceunovale.com.br\/portal\/?s={search_term_string}"},"query-input":{"@type":"PropertyValueSpecification","valueRequired":true,"valueName":"search_term_string"}}],"inLanguage":"pt-BR"},{"@type":"Person","@id":"https:\/\/aconteceunovale.com.br\/portal\/#\/schema\/person\/7d2f26d1483f8a63de73da1ee0754d35","name":"Reda\u00e7\u00e3o Aconteceu no Vale","description":"Equipe de reportagem do Aconteceu no Vale, portal de not\u00edcias do Vale do Jequitinhonha, em Minas Gerais. Cobrimos as 51 cidades do Vale desde 2013. Sugest\u00f5es de pauta e pedidos de corre\u00e7\u00e3o: contato@aconteceunovale.com.br","url":"https:\/\/aconteceunovale.com.br\/portal\/?author=4"}]}},"_links":{"self":[{"href":"https:\/\/aconteceunovale.com.br\/portal\/index.php?rest_route=\/wp\/v2\/posts\/194553","targetHints":{"allow":["GET"]}}],"collection":[{"href":"https:\/\/aconteceunovale.com.br\/portal\/index.php?rest_route=\/wp\/v2\/posts"}],"about":[{"href":"https:\/\/aconteceunovale.com.br\/portal\/index.php?rest_route=\/wp\/v2\/types\/post"}],"author":[{"embeddable":true,"href":"https:\/\/aconteceunovale.com.br\/portal\/index.php?rest_route=\/wp\/v2\/users\/4"}],"replies":[{"embeddable":true,"href":"https:\/\/aconteceunovale.com.br\/portal\/index.php?rest_route=%2Fwp%2Fv2%2Fcomments&post=194553"}],"version-history":[{"count":1,"href":"https:\/\/aconteceunovale.com.br\/portal\/index.php?rest_route=\/wp\/v2\/posts\/194553\/revisions"}],"predecessor-version":[{"id":194555,"href":"https:\/\/aconteceunovale.com.br\/portal\/index.php?rest_route=\/wp\/v2\/posts\/194553\/revisions\/194555"}],"wp:featuredmedia":[{"embeddable":true,"href":"https:\/\/aconteceunovale.com.br\/portal\/index.php?rest_route=\/wp\/v2\/media\/194554"}],"wp:attachment":[{"href":"https:\/\/aconteceunovale.com.br\/portal\/index.php?rest_route=%2Fwp%2Fv2%2Fmedia&parent=194553"}],"wp:term":[{"taxonomy":"category","embeddable":true,"href":"https:\/\/aconteceunovale.com.br\/portal\/index.php?rest_route=%2Fwp%2Fv2%2Fcategories&post=194553"},{"taxonomy":"post_tag","embeddable":true,"href":"https:\/\/aconteceunovale.com.br\/portal\/index.php?rest_route=%2Fwp%2Fv2%2Ftags&post=194553"}],"curies":[{"name":"wp","href":"https:\/\/api.w.org\/{rel}","templated":true}]}}