{"id":194550,"date":"2025-01-03T09:05:00","date_gmt":"2025-01-03T12:05:00","guid":{"rendered":"https:\/\/aconteceunovale.com.br\/portal\/?p=194550"},"modified":"2025-01-03T15:06:41","modified_gmt":"2025-01-03T18:06:41","slug":"prazo-para-confirmacao-de-matricula-na-rede-estadual-termina-no-dia-10-de-janeiro","status":"publish","type":"post","link":"https:\/\/aconteceunovale.com.br\/portal\/?p=194550","title":{"rendered":"Prazo para confirma\u00e7\u00e3o de matr\u00edcula na rede estadual termina no dia 10 de janeiro"},"content":{"rendered":"\n<p class=\"wp-block-paragraph\">Estudantes ou respons\u00e1veis t\u00eam at\u00e9 o dia 10\/1 para confirmar as matr\u00edculas do Cadastro Escolar 2025, de forma presencial, nas escolas da rede p\u00fablica estadual de ensino. Os inscritos alocados pelo Sistema \u00danico de Cadastro e Encaminhamento para Matr\u00edcula (Sucem)&nbsp;devem comparecer \u00e0 institui\u00e7\u00e3o de ensino designada para apresentar os documentos necess\u00e1rios para confirmar a sua vaga.&nbsp;<br><br>\u201cA vaga na rede p\u00fablica \u00e9 garantida somente com a matr\u00edcula efetiva. \u00c9 fundamental que todos os estudantes compare\u00e7am \u00e0 escola indicada com a documenta\u00e7\u00e3o necess\u00e1ria\u201d, destaca a superintendente de Organiza\u00e7\u00e3o Escolar e Informa\u00e7\u00f5es Educacionais, Simone Emerick.<br><br>Para comprovar os dados informados na inscri\u00e7\u00e3o do Cadastro Escolar, os pais, respons\u00e1veis ou os pr\u00f3prios estudantes devem comparecer \u00e0 escola com os documentos que constam na&nbsp;<a href=\"https:\/\/www.educacao.mg.gov.br\/wp-content\/uploads\/2024\/09\/5058-24-r-Public.-10-09-24.pdf\" target=\"_blank\" rel=\"noreferrer noopener\">Resolu\u00e7\u00e3o SEE N\u00ba 5.058<\/a>. S\u00e3o eles:&nbsp;<br>&nbsp;<\/p>\n\n\n\n<ul class=\"wp-block-list\">\n<li><sub>Documento de Identidade (ou equivalente como Certid\u00e3o de Nascimento\/Casamento do estudante) \u2013 Original e c\u00f3pia<\/sub><\/li>\n\n\n\n<li><sub>CPF \u2013 Original e c\u00f3pia<\/sub><\/li>\n\n\n\n<li><sub>Comprovante de Resid\u00eancia em nome de um dos pais\/respons\u00e1veis ou do estudante, caso seja maior de idade<\/sub><\/li>\n\n\n\n<li><sub>Hist\u00f3rico Escolar ou Declara\u00e7\u00e3o de Transfer\u00eancia para o candidato\/estudante contemplado com vaga a partir do 2\u00ba ano do Ensino Fundamental, com indica\u00e7\u00e3o do ano de escolaridade que est\u00e1 habilitado a cursar em 2025, ficando o documento original na escola<\/sub><\/li>\n\n\n\n<li><sub>Hist\u00f3rico Escolar ou Declara\u00e7\u00e3o de Conclus\u00e3o do Ensino M\u00e9dio ou Parecer da Secretaria de Estado de Educa\u00e7\u00e3o e publica\u00e7\u00e3o de Equival\u00eancia de Estudos, conclu\u00eddos no exterior, ao Ensino M\u00e9dio brasileiro, para o candidato\/estudante que for ingressar no curso t\u00e9cnico na forma subsequente<\/sub><\/li>\n\n\n\n<li><sub>\u2013 Hist\u00f3rico Escolar ou Declara\u00e7\u00e3o de Escolaridade, comprovando matr\u00edcula no Ensino M\u00e9dio, para o estudante que for ingressar no curso t\u00e9cnico na forma concomitante<\/sub><\/li>\n\n\n\n<li><sub>\u00a0Cart\u00e3o da Crian\u00e7a atualizado ou Caderneta de Sa\u00fade atualizada para os estudantes com at\u00e9 10 anos de idade, original e c\u00f3pia<\/sub><\/li>\n<\/ul>\n\n\n\n<p class=\"wp-block-paragraph\"><br>Os candidatos podem conferir para qual escola o estudante foi direcionado pelo site do&nbsp;<a href=\"https:\/\/cadastroescolar.educacao.mg.gov.br\/\" target=\"_blank\" rel=\"noreferrer noopener\">Cadastro Escolar<\/a>.&nbsp;As secretarias das escolas estaduais atendem de segunda a sexta-feira, das 8h \u00e0s 17h.&nbsp;<br><br>Caso o estudante tenha sido direcionado para uma escola da rede municipal, a fam\u00edlia deve observar os prazos definidos por cada cidade e entrar em contato com a Secretaria Municipal de Educa\u00e7\u00e3o para efetivar a matr\u00edcula.<br><br><strong>Vagas remanescentes<\/strong><br><br>Os estudantes que perderam o prazo de inscri\u00e7\u00e3o entre os meses de outubro e novembro, poder\u00e3o tentar uma vaga de 21 a 31\/1, no pr\u00f3prio site do Cadastro Escolar. Nesse caso, o encaminhamento depender\u00e1 da disponibilidade de vagas nas escolas pr\u00f3ximas ao endere\u00e7o informado.<br><br><strong>Ano letivo 2025&nbsp;<\/strong><br><br>Conforme publicado em outubro no&nbsp;<a>Di\u00e1rio Oficial de Minas Gerais<\/a>, o&nbsp;<a href=\"https:\/\/www.educacao.mg.gov.br\/secretaria-de-educacao-publica-calendario-escolar-2025-para-a-rede-estadual-de-minas-gerais\/\" target=\"_blank\" rel=\"noreferrer noopener\">Calend\u00e1rio Escolar de 2025<\/a>&nbsp;da rede estadual p\u00fablica de ensino indica o in\u00edcio do ano letivo no dia 10\/2, em todas as mais de 3,4 mil&nbsp;escolas da rede estadual.&nbsp;<\/p>\n","protected":false},"excerpt":{"rendered":"<p>Estudantes ou respons\u00e1veis t\u00eam at\u00e9 o dia 10\/1 para confirmar as matr\u00edculas do Cadastro Escolar 2025, de forma presencial, nas escolas da rede p\u00fablica estadual de ensino. Os inscritos alocados pelo Sistema \u00danico de Cadastro e Encaminhamento para Matr\u00edcula (Sucem)&nbsp;devem comparecer \u00e0 institui\u00e7\u00e3o de ensino designada para apresentar os documentos necess\u00e1rios para confirmar a sua [&hellip;]<\/p>\n","protected":false},"author":4,"featured_media":194551,"comment_status":"open","ping_status":"closed","sticky":false,"template":"","format":"standard","meta":{"amp_status":"","footnotes":""},"categories":[40238,123],"tags":[268786,268787,1018,131,268785],"class_list":["post-194550","post","type-post","status-publish","format-standard","has-post-thumbnail","hentry","category-educacao-2","category-gerais","tag-cadastro-escolar-2025","tag-confirmacao-de-matricula-em-minas-gerais","tag-destaque","tag-minas-gerais","tag-prazo-para-confirmacao-de-matricula-na-rede-estadual-termina-no-dia-10-de-janeiro"],"yoast_head":"<!-- This site is optimized with the Yoast SEO plugin v28.3 - https:\/\/yoast.com\/product\/yoast-seo-wordpress\/ -->\n<title>Prazo para confirma\u00e7\u00e3o de matr\u00edcula na rede estadual termina no dia 10 de janeiro - Aconteceu no Vale<\/title>\n<meta name=\"robots\" content=\"index, follow, max-snippet:-1, max-image-preview:large, max-video-preview:-1\" \/>\n<link rel=\"canonical\" href=\"https:\/\/aconteceunovale.com.br\/portal\/?p=194550\" \/>\n<meta property=\"og:locale\" content=\"pt_BR\" \/>\n<meta property=\"og:type\" content=\"article\" \/>\n<meta property=\"og:title\" content=\"Prazo para confirma\u00e7\u00e3o de matr\u00edcula na rede estadual termina no dia 10 de janeiro - Aconteceu no Vale\" \/>\n<meta property=\"og:description\" content=\"Estudantes ou respons\u00e1veis t\u00eam at\u00e9 o dia 10\/1 para confirmar as matr\u00edculas do Cadastro Escolar 2025, de forma presencial, nas escolas da rede p\u00fablica estadual de ensino. Os inscritos alocados pelo Sistema \u00danico de Cadastro e Encaminhamento para Matr\u00edcula (Sucem)&nbsp;devem comparecer \u00e0 institui\u00e7\u00e3o de ensino designada para apresentar os documentos necess\u00e1rios para confirmar a sua [&hellip;]\" \/>\n<meta property=\"og:url\" content=\"https:\/\/aconteceunovale.com.br\/portal\/?p=194550\" \/>\n<meta property=\"og:site_name\" content=\"Aconteceu no Vale\" \/>\n<meta property=\"article:publisher\" content=\"https:\/\/www.facebook.com\/aconteceunovale\/\" \/>\n<meta property=\"article:published_time\" content=\"2025-01-03T12:05:00+00:00\" \/>\n<meta property=\"article:modified_time\" content=\"2025-01-03T18:06:41+00:00\" \/>\n<meta property=\"og:image\" content=\"https:\/\/aconteceunovale.com.br\/portal\/wp-content\/uploads\/2025\/01\/sala_de_aula.jpg\" \/>\n\t<meta property=\"og:image:width\" content=\"675\" \/>\n\t<meta property=\"og:image:height\" content=\"450\" \/>\n\t<meta property=\"og:image:type\" content=\"image\/jpeg\" \/>\n<meta name=\"author\" content=\"Reda\u00e7\u00e3o Aconteceu no Vale\" \/>\n<meta name=\"twitter:card\" content=\"summary_large_image\" \/>\n<meta name=\"twitter:creator\" content=\"@noticiadosvales\" \/>\n<meta name=\"twitter:site\" content=\"@noticiadosvales\" \/>\n<meta name=\"twitter:label1\" content=\"Escrito por\" \/>\n\t<meta name=\"twitter:data1\" content=\"Reda\u00e7\u00e3o Aconteceu no Vale\" \/>\n\t<meta name=\"twitter:label2\" content=\"Est. tempo de leitura\" \/>\n\t<meta name=\"twitter:data2\" content=\"3 minutos\" \/>\n<script type=\"application\/ld+json\" class=\"yoast-schema-graph\">{\"@context\":\"https:\\\/\\\/schema.org\",\"@graph\":[{\"@type\":\"Article\",\"@id\":\"https:\\\/\\\/aconteceunovale.com.br\\\/portal\\\/?p=194550#article\",\"isPartOf\":{\"@id\":\"https:\\\/\\\/aconteceunovale.com.br\\\/portal\\\/?p=194550\"},\"author\":{\"name\":\"Reda\u00e7\u00e3o Aconteceu no Vale\",\"@id\":\"https:\\\/\\\/aconteceunovale.com.br\\\/portal\\\/#\\\/schema\\\/person\\\/7d2f26d1483f8a63de73da1ee0754d35\"},\"headline\":\"Prazo para confirma\u00e7\u00e3o de matr\u00edcula na rede estadual termina no dia 10 de janeiro\",\"datePublished\":\"2025-01-03T12:05:00+00:00\",\"dateModified\":\"2025-01-03T18:06:41+00:00\",\"mainEntityOfPage\":{\"@id\":\"https:\\\/\\\/aconteceunovale.com.br\\\/portal\\\/?p=194550\"},\"wordCount\":518,\"commentCount\":0,\"image\":{\"@id\":\"https:\\\/\\\/aconteceunovale.com.br\\\/portal\\\/?p=194550#primaryimage\"},\"thumbnailUrl\":\"https:\\\/\\\/aconteceunovale.com.br\\\/portal\\\/wp-content\\\/uploads\\\/2025\\\/01\\\/sala_de_aula.jpg\",\"keywords\":[\"Cadastro escolar 2025\",\"Confirma\u00e7\u00e3o de matr\u00edcula em Minas Gerais\",\"destaque\",\"Minas Gerais\",\"Prazo para confirma\u00e7\u00e3o de matr\u00edcula na rede estadual termina no dia 10 de janeiro\"],\"articleSection\":[\"Educa\u00e7\u00e3o\",\"Minas Gerais\"],\"inLanguage\":\"pt-BR\",\"potentialAction\":[{\"@type\":\"CommentAction\",\"name\":\"Comment\",\"target\":[\"https:\\\/\\\/aconteceunovale.com.br\\\/portal\\\/?p=194550#respond\"]}]},{\"@type\":\"WebPage\",\"@id\":\"https:\\\/\\\/aconteceunovale.com.br\\\/portal\\\/?p=194550\",\"url\":\"https:\\\/\\\/aconteceunovale.com.br\\\/portal\\\/?p=194550\",\"name\":\"Prazo para confirma\u00e7\u00e3o de matr\u00edcula na rede estadual termina no dia 10 de janeiro - Aconteceu no Vale\",\"isPartOf\":{\"@id\":\"https:\\\/\\\/aconteceunovale.com.br\\\/portal\\\/#website\"},\"primaryImageOfPage\":{\"@id\":\"https:\\\/\\\/aconteceunovale.com.br\\\/portal\\\/?p=194550#primaryimage\"},\"image\":{\"@id\":\"https:\\\/\\\/aconteceunovale.com.br\\\/portal\\\/?p=194550#primaryimage\"},\"thumbnailUrl\":\"https:\\\/\\\/aconteceunovale.com.br\\\/portal\\\/wp-content\\\/uploads\\\/2025\\\/01\\\/sala_de_aula.jpg\",\"datePublished\":\"2025-01-03T12:05:00+00:00\",\"dateModified\":\"2025-01-03T18:06:41+00:00\",\"author\":{\"@id\":\"https:\\\/\\\/aconteceunovale.com.br\\\/portal\\\/#\\\/schema\\\/person\\\/7d2f26d1483f8a63de73da1ee0754d35\"},\"breadcrumb\":{\"@id\":\"https:\\\/\\\/aconteceunovale.com.br\\\/portal\\\/?p=194550#breadcrumb\"},\"inLanguage\":\"pt-BR\",\"potentialAction\":[{\"@type\":\"ReadAction\",\"target\":[\"https:\\\/\\\/aconteceunovale.com.br\\\/portal\\\/?p=194550\"]}]},{\"@type\":\"ImageObject\",\"inLanguage\":\"pt-BR\",\"@id\":\"https:\\\/\\\/aconteceunovale.com.br\\\/portal\\\/?p=194550#primaryimage\",\"url\":\"https:\\\/\\\/aconteceunovale.com.br\\\/portal\\\/wp-content\\\/uploads\\\/2025\\\/01\\\/sala_de_aula.jpg\",\"contentUrl\":\"https:\\\/\\\/aconteceunovale.com.br\\\/portal\\\/wp-content\\\/uploads\\\/2025\\\/01\\\/sala_de_aula.jpg\",\"width\":675,\"height\":450},{\"@type\":\"BreadcrumbList\",\"@id\":\"https:\\\/\\\/aconteceunovale.com.br\\\/portal\\\/?p=194550#breadcrumb\",\"itemListElement\":[{\"@type\":\"ListItem\",\"position\":1,\"name\":\"In\u00edcio\",\"item\":\"https:\\\/\\\/aconteceunovale.com.br\\\/portal\\\/\"},{\"@type\":\"ListItem\",\"position\":2,\"name\":\"Prazo para confirma\u00e7\u00e3o de matr\u00edcula na rede estadual termina no dia 10 de janeiro\"}]},{\"@type\":\"WebSite\",\"@id\":\"https:\\\/\\\/aconteceunovale.com.br\\\/portal\\\/#website\",\"url\":\"https:\\\/\\\/aconteceunovale.com.br\\\/portal\\\/\",\"name\":\"Aconteceu no Vale\",\"description\":\"Portal de Not\u00edcias\",\"potentialAction\":[{\"@type\":\"SearchAction\",\"target\":{\"@type\":\"EntryPoint\",\"urlTemplate\":\"https:\\\/\\\/aconteceunovale.com.br\\\/portal\\\/?s={search_term_string}\"},\"query-input\":{\"@type\":\"PropertyValueSpecification\",\"valueRequired\":true,\"valueName\":\"search_term_string\"}}],\"inLanguage\":\"pt-BR\"},{\"@type\":\"Person\",\"@id\":\"https:\\\/\\\/aconteceunovale.com.br\\\/portal\\\/#\\\/schema\\\/person\\\/7d2f26d1483f8a63de73da1ee0754d35\",\"name\":\"Reda\u00e7\u00e3o Aconteceu no Vale\",\"description\":\"Equipe de reportagem do Aconteceu no Vale, portal de not\u00edcias do Vale do Jequitinhonha, em Minas Gerais. Cobrimos as 51 cidades do Vale desde 2013. Sugest\u00f5es de pauta e pedidos de corre\u00e7\u00e3o: contato@aconteceunovale.com.br\",\"url\":\"https:\\\/\\\/aconteceunovale.com.br\\\/portal\\\/?author=4\"}]}<\/script>\n<!-- \/ Yoast SEO plugin. -->","yoast_head_json":{"title":"Prazo para confirma\u00e7\u00e3o de matr\u00edcula na rede estadual termina no dia 10 de janeiro - Aconteceu no Vale","robots":{"index":"index","follow":"follow","max-snippet":"max-snippet:-1","max-image-preview":"max-image-preview:large","max-video-preview":"max-video-preview:-1"},"canonical":"https:\/\/aconteceunovale.com.br\/portal\/?p=194550","og_locale":"pt_BR","og_type":"article","og_title":"Prazo para confirma\u00e7\u00e3o de matr\u00edcula na rede estadual termina no dia 10 de janeiro - Aconteceu no Vale","og_description":"Estudantes ou respons\u00e1veis t\u00eam at\u00e9 o dia 10\/1 para confirmar as matr\u00edculas do Cadastro Escolar 2025, de forma presencial, nas escolas da rede p\u00fablica estadual de ensino. Os inscritos alocados pelo Sistema \u00danico de Cadastro e Encaminhamento para Matr\u00edcula (Sucem)&nbsp;devem comparecer \u00e0 institui\u00e7\u00e3o de ensino designada para apresentar os documentos necess\u00e1rios para confirmar a sua [&hellip;]","og_url":"https:\/\/aconteceunovale.com.br\/portal\/?p=194550","og_site_name":"Aconteceu no Vale","article_publisher":"https:\/\/www.facebook.com\/aconteceunovale\/","article_published_time":"2025-01-03T12:05:00+00:00","article_modified_time":"2025-01-03T18:06:41+00:00","og_image":[{"width":675,"height":450,"url":"https:\/\/aconteceunovale.com.br\/portal\/wp-content\/uploads\/2025\/01\/sala_de_aula.jpg","type":"image\/jpeg"}],"author":"Reda\u00e7\u00e3o Aconteceu no Vale","twitter_card":"summary_large_image","twitter_creator":"@noticiadosvales","twitter_site":"@noticiadosvales","twitter_misc":{"Escrito por":"Reda\u00e7\u00e3o Aconteceu no Vale","Est. tempo de leitura":"3 minutos"},"schema":{"@context":"https:\/\/schema.org","@graph":[{"@type":"Article","@id":"https:\/\/aconteceunovale.com.br\/portal\/?p=194550#article","isPartOf":{"@id":"https:\/\/aconteceunovale.com.br\/portal\/?p=194550"},"author":{"name":"Reda\u00e7\u00e3o Aconteceu no Vale","@id":"https:\/\/aconteceunovale.com.br\/portal\/#\/schema\/person\/7d2f26d1483f8a63de73da1ee0754d35"},"headline":"Prazo para confirma\u00e7\u00e3o de matr\u00edcula na rede estadual termina no dia 10 de janeiro","datePublished":"2025-01-03T12:05:00+00:00","dateModified":"2025-01-03T18:06:41+00:00","mainEntityOfPage":{"@id":"https:\/\/aconteceunovale.com.br\/portal\/?p=194550"},"wordCount":518,"commentCount":0,"image":{"@id":"https:\/\/aconteceunovale.com.br\/portal\/?p=194550#primaryimage"},"thumbnailUrl":"https:\/\/aconteceunovale.com.br\/portal\/wp-content\/uploads\/2025\/01\/sala_de_aula.jpg","keywords":["Cadastro escolar 2025","Confirma\u00e7\u00e3o de matr\u00edcula em Minas Gerais","destaque","Minas Gerais","Prazo para confirma\u00e7\u00e3o de matr\u00edcula na rede estadual termina no dia 10 de janeiro"],"articleSection":["Educa\u00e7\u00e3o","Minas Gerais"],"inLanguage":"pt-BR","potentialAction":[{"@type":"CommentAction","name":"Comment","target":["https:\/\/aconteceunovale.com.br\/portal\/?p=194550#respond"]}]},{"@type":"WebPage","@id":"https:\/\/aconteceunovale.com.br\/portal\/?p=194550","url":"https:\/\/aconteceunovale.com.br\/portal\/?p=194550","name":"Prazo para confirma\u00e7\u00e3o de matr\u00edcula na rede estadual termina no dia 10 de janeiro - Aconteceu no Vale","isPartOf":{"@id":"https:\/\/aconteceunovale.com.br\/portal\/#website"},"primaryImageOfPage":{"@id":"https:\/\/aconteceunovale.com.br\/portal\/?p=194550#primaryimage"},"image":{"@id":"https:\/\/aconteceunovale.com.br\/portal\/?p=194550#primaryimage"},"thumbnailUrl":"https:\/\/aconteceunovale.com.br\/portal\/wp-content\/uploads\/2025\/01\/sala_de_aula.jpg","datePublished":"2025-01-03T12:05:00+00:00","dateModified":"2025-01-03T18:06:41+00:00","author":{"@id":"https:\/\/aconteceunovale.com.br\/portal\/#\/schema\/person\/7d2f26d1483f8a63de73da1ee0754d35"},"breadcrumb":{"@id":"https:\/\/aconteceunovale.com.br\/portal\/?p=194550#breadcrumb"},"inLanguage":"pt-BR","potentialAction":[{"@type":"ReadAction","target":["https:\/\/aconteceunovale.com.br\/portal\/?p=194550"]}]},{"@type":"ImageObject","inLanguage":"pt-BR","@id":"https:\/\/aconteceunovale.com.br\/portal\/?p=194550#primaryimage","url":"https:\/\/aconteceunovale.com.br\/portal\/wp-content\/uploads\/2025\/01\/sala_de_aula.jpg","contentUrl":"https:\/\/aconteceunovale.com.br\/portal\/wp-content\/uploads\/2025\/01\/sala_de_aula.jpg","width":675,"height":450},{"@type":"BreadcrumbList","@id":"https:\/\/aconteceunovale.com.br\/portal\/?p=194550#breadcrumb","itemListElement":[{"@type":"ListItem","position":1,"name":"In\u00edcio","item":"https:\/\/aconteceunovale.com.br\/portal\/"},{"@type":"ListItem","position":2,"name":"Prazo para confirma\u00e7\u00e3o de matr\u00edcula na rede estadual termina no dia 10 de janeiro"}]},{"@type":"WebSite","@id":"https:\/\/aconteceunovale.com.br\/portal\/#website","url":"https:\/\/aconteceunovale.com.br\/portal\/","name":"Aconteceu no Vale","description":"Portal de Not\u00edcias","potentialAction":[{"@type":"SearchAction","target":{"@type":"EntryPoint","urlTemplate":"https:\/\/aconteceunovale.com.br\/portal\/?s={search_term_string}"},"query-input":{"@type":"PropertyValueSpecification","valueRequired":true,"valueName":"search_term_string"}}],"inLanguage":"pt-BR"},{"@type":"Person","@id":"https:\/\/aconteceunovale.com.br\/portal\/#\/schema\/person\/7d2f26d1483f8a63de73da1ee0754d35","name":"Reda\u00e7\u00e3o Aconteceu no Vale","description":"Equipe de reportagem do Aconteceu no Vale, portal de not\u00edcias do Vale do Jequitinhonha, em Minas Gerais. Cobrimos as 51 cidades do Vale desde 2013. Sugest\u00f5es de pauta e pedidos de corre\u00e7\u00e3o: contato@aconteceunovale.com.br","url":"https:\/\/aconteceunovale.com.br\/portal\/?author=4"}]}},"_links":{"self":[{"href":"https:\/\/aconteceunovale.com.br\/portal\/index.php?rest_route=\/wp\/v2\/posts\/194550","targetHints":{"allow":["GET"]}}],"collection":[{"href":"https:\/\/aconteceunovale.com.br\/portal\/index.php?rest_route=\/wp\/v2\/posts"}],"about":[{"href":"https:\/\/aconteceunovale.com.br\/portal\/index.php?rest_route=\/wp\/v2\/types\/post"}],"author":[{"embeddable":true,"href":"https:\/\/aconteceunovale.com.br\/portal\/index.php?rest_route=\/wp\/v2\/users\/4"}],"replies":[{"embeddable":true,"href":"https:\/\/aconteceunovale.com.br\/portal\/index.php?rest_route=%2Fwp%2Fv2%2Fcomments&post=194550"}],"version-history":[{"count":1,"href":"https:\/\/aconteceunovale.com.br\/portal\/index.php?rest_route=\/wp\/v2\/posts\/194550\/revisions"}],"predecessor-version":[{"id":194552,"href":"https:\/\/aconteceunovale.com.br\/portal\/index.php?rest_route=\/wp\/v2\/posts\/194550\/revisions\/194552"}],"wp:featuredmedia":[{"embeddable":true,"href":"https:\/\/aconteceunovale.com.br\/portal\/index.php?rest_route=\/wp\/v2\/media\/194551"}],"wp:attachment":[{"href":"https:\/\/aconteceunovale.com.br\/portal\/index.php?rest_route=%2Fwp%2Fv2%2Fmedia&parent=194550"}],"wp:term":[{"taxonomy":"category","embeddable":true,"href":"https:\/\/aconteceunovale.com.br\/portal\/index.php?rest_route=%2Fwp%2Fv2%2Fcategories&post=194550"},{"taxonomy":"post_tag","embeddable":true,"href":"https:\/\/aconteceunovale.com.br\/portal\/index.php?rest_route=%2Fwp%2Fv2%2Ftags&post=194550"}],"curies":[{"name":"wp","href":"https:\/\/api.w.org\/{rel}","templated":true}]}}