{"id":194543,"date":"2025-01-02T13:36:00","date_gmt":"2025-01-02T16:36:00","guid":{"rendered":"https:\/\/aconteceunovale.com.br\/portal\/?p=194543"},"modified":"2025-01-03T14:28:30","modified_gmt":"2025-01-03T17:28:30","slug":"eleitores-que-nao-votaram-devem-justificar-ausencia-ate-7-de-janeiro","status":"publish","type":"post","link":"https:\/\/aconteceunovale.com.br\/portal\/?p=194543","title":{"rendered":"Eleitores que n\u00e3o votaram devem justificar aus\u00eancia at\u00e9 7 de janeiro"},"content":{"rendered":"\n<p class=\"wp-block-paragraph\">O prazo para que o eleitor que n\u00e3o votou no segundo turno das elei\u00e7\u00f5es municipais de 2024\u00a0justifique\u00a0a aus\u00eancia terminar\u00e1 na pr\u00f3xima ter\u00e7a-feira (7). O segundo turno do pleito ocorreu\u00a0em 27 de outubro, em\u00a051 munic\u00edpios do pa\u00eds, sendo 15 capitais.<\/p>\n\n\n\n<p class=\"wp-block-paragraph\">A justificativa vale para quem tem a obriga\u00e7\u00e3o de votar, por\u00e9m n\u00e3o compareceu \u00e0s urnas. No Brasil, o voto \u00e9 obrigat\u00f3rio para maiores de 18 anos e \u00e9 facultativo para pessoas com idade entre 16 e 18 anos, maiores de 70 anos e tamb\u00e9m para analfabetos.<\/p>\n\n\n\n<p class=\"wp-block-paragraph\">Cada turno eleitoral \u00e9 considerado uma elei\u00e7\u00e3o independente pela justi\u00e7a&nbsp;eleitoral, para efeito de comparecimento.&nbsp;Por isso, o eleitor dever\u00e1 justificar separadamente o n\u00e3o-comparecimento em cada um dos turnos.<\/p>\n\n\n\n<h2 class=\"wp-block-heading\">Como justificar<\/h2>\n\n\n\n<p class=\"wp-block-paragraph\">A justificativa p\u00f3s-elei\u00e7\u00e3o pode ser feita presencialmente, no cart\u00f3rio eleitoral, ou&nbsp;online&nbsp;por meio do aplicativo para smartphones, o e-T\u00edtulo&nbsp;da Justi\u00e7a Eleitoral ou pela internet.<\/p>\n\n\n\n<p class=\"wp-block-paragraph\">O eleitor que estiver com o t\u00edtulo eleitoral regular ou o mesmo suspenso poder\u00e1 justificar a falta pelo e-T\u00edtulo. No app, o eleitor faltoso deve acessar o link \u2018Mais op\u00e7\u00f5es\u2019, selecionar o local do pedido de justificativa de aus\u00eancia e preencher o formul\u00e1rio com os dados solicitados.<\/p>\n\n\n\n<p class=\"wp-block-paragraph\">Ent\u00e3o, ser\u00e1 gerado um c\u00f3digo de protocolo para que a pessoa possa acompanhar o andamento da solicita\u00e7\u00e3o. O requerimento ser\u00e1 transmitido \u00e0 zona eleitoral respons\u00e1vel pelo t\u00edtulo de eleitor para a devida an\u00e1lise. Ap\u00f3s a decis\u00e3o sobre a aceita\u00e7\u00e3o ou n\u00e3o da justificativa, o cidad\u00e3o ser\u00e1 notificado.&nbsp;<\/p>\n\n\n\n<p class=\"wp-block-paragraph\">Outro modo de justificar a aus\u00eancia ao pleito \u00e9 pelo site do Tribunal Superior Eleitoral (TSE), na p\u00e1gina eletr\u00f4nica de&nbsp;<a href=\"https:\/\/www.tse.jus.br\/servicos-eleitorais\/autoatendimento-eleitoral#\/justifica-tn3\/home\" target=\"_blank\" rel=\"noreferrer noopener\">Autoatendimento Eleitoral<\/a>. \u00c9 preciso informar o n\u00famero do t\u00edtulo eleitoral, do Cadastro de Pessoa F\u00edsica (CPF) ou o nome, a data de nascimento e o nome da m\u00e3e (caso conste). O internauta poder\u00e1 acompanhar o andamento do pedido encaminhado \u00e0 Justi\u00e7a Eleitoral no mesmo endere\u00e7o virtual.<\/p>\n\n\n\n<p class=\"wp-block-paragraph\">Os dados informados devem coincidir com os do cadastro eleitoral. Se o sistema n\u00e3o reconhecer os dados digitados, o eleitor dever\u00e1 contatar a zona eleitoral respons\u00e1vel pelo t\u00edtulo para esclarecimentos.<\/p>\n\n\n\n<p class=\"wp-block-paragraph\">E se o eleitor preferir justificar a aus\u00eancia ao pleito presencialmente, dever\u00e1 se dirigir ao cart\u00f3rio eleitoral mais pr\u00f3ximo, preencher o formul\u00e1rio de\u202fRequerimento de Justificativa Eleitoral (p\u00f3s-elei\u00e7\u00e3o) e entreg\u00e1-lo no ou envi\u00e1-lo via postal \u00e0 autoridade judici\u00e1ria da zona eleitoral respons\u00e1vel pelo t\u00edtulo. Assim que for aceita, a justificativa ser\u00e1 registrada no hist\u00f3rico do t\u00edtulo de eleitor.<\/p>\n\n\n\n<h2 class=\"wp-block-heading\">Aus\u00eancia ou negativa<\/h2>\n\n\n\n<p class=\"wp-block-paragraph\">A aus\u00eancia injustificada \u00e0s urnas resulta em san\u00e7\u00f5es ao eleitor que faltou \u00e0s elei\u00e7\u00f5es municipais.<\/p>\n\n\n\n<p class=\"wp-block-paragraph\">Entre elas, est\u00e1 o pagamento da multa de&nbsp;R$ 35,13 imposta pela Justi\u00e7a Eleitoral.<\/p>\n\n\n\n<p class=\"wp-block-paragraph\">De acordo com a resolu\u00e7\u00e3o-TSE&nbsp;23.659\/2021, o cidad\u00e3o que declarar estado de pobreza ficar\u00e1 isento do pagamento da multa por aus\u00eancia \u00e0s urnas.<\/p>\n\n\n\n<p class=\"wp-block-paragraph\">Ap\u00f3s 7 de janeiro, na&nbsp;<a href=\"https:\/\/www.tse.jus.br\/servicos-eleitorais\/autoatendimento-eleitoral#\/\" target=\"_blank\" rel=\"noreferrer noopener\">p\u00e1gina Quita\u00e7\u00e3o de Multas<\/a>, os eleitores podem consultar seus d\u00e9bitos e emitir a Guia de Recolhimento da Uni\u00e3o (GRU) para quita\u00e7\u00e3o de multas eleitorais decorrentes de aus\u00eancia \u00e0s urnas e\/ou aos trabalhos eleitorais.<\/p>\n\n\n\n<p class=\"wp-block-paragraph\">Al\u00e9m da multa, quem n\u00e3o compareceu \u00e0 se\u00e7\u00e3o eleitoral no segundo turno do pleito de 2024 e n\u00e3o justificou a aus\u00eancia ficar\u00e1 impedido de tirar o passaporte e a carteira de identidade; renovar matr\u00edcula em estabelecimento de ensino oficial ou fiscalizado pelo governo; inscrever-se em concurso p\u00fablico e tomar posse em cargo p\u00fablico; receber remunera\u00e7\u00e3o em fun\u00e7\u00e3o p\u00fablica, entre outras restri\u00e7\u00f5es.<\/p>\n\n\n\n<p class=\"wp-block-paragraph\">No caso de o eleitor ter feito o pedido de justificativa de aus\u00eancia a um dos turnos da elei\u00e7\u00e3o municipal de 2024 e a motiva\u00e7\u00e3o n\u00e3o ser aceita pelo ju\u00edzo eleitoral, ser\u00e1 arbitrado o valor da multa pelo magistrado da justi\u00e7a eleitoral.<\/p>\n\n\n\n<p class=\"wp-block-paragraph\">Se o t\u00edtulo estiver na situa\u00e7\u00e3o de &#8220;cancelado&#8221;, devido a tr\u00eas aus\u00eancias consecutivas injustificadas \u00e0s elei\u00e7\u00f5es, al\u00e9m de pagar as multas devidas, \u00e9 necess\u00e1rio solicitar uma revis\u00e3o ou uma transfer\u00eancia de domic\u00edlio para regularizar a situa\u00e7\u00e3o.<\/p>\n","protected":false},"excerpt":{"rendered":"<p>O prazo para que o eleitor que n\u00e3o votou no segundo turno das elei\u00e7\u00f5es municipais de 2024\u00a0justifique\u00a0a aus\u00eancia terminar\u00e1 na pr\u00f3xima ter\u00e7a-feira (7). O segundo turno do pleito ocorreu\u00a0em 27 de outubro, em\u00a051 munic\u00edpios do pa\u00eds, sendo 15 capitais. A justificativa vale para quem tem a obriga\u00e7\u00e3o de votar, por\u00e9m n\u00e3o compareceu \u00e0s urnas. No [&hellip;]<\/p>\n","protected":false},"author":4,"featured_media":92935,"comment_status":"open","ping_status":"closed","sticky":false,"template":"","format":"standard","meta":{"amp_status":"","footnotes":""},"categories":[6,268602,40240],"tags":[1018,268749,268781,17165,266394,268782],"class_list":["post-194543","post","type-post","status-publish","format-standard","has-post-thumbnail","hentry","category-br","category-eleicoes-2024","category-politica","tag-destaque","tag-eleicoes-2024","tag-eleitores-que-nao-votaram-devem-justificar-ausencia-ate-7-de-janeiro","tag-justica-eleitoral","tag-justificativa-de-ausencia-nas-eleicoes","tag-tse-tre-mg"],"yoast_head":"<!-- This site is optimized with the Yoast SEO plugin v28.3 - https:\/\/yoast.com\/product\/yoast-seo-wordpress\/ -->\n<title>Eleitores que n\u00e3o votaram devem justificar aus\u00eancia at\u00e9 7 de janeiro - Aconteceu no Vale<\/title>\n<meta name=\"robots\" content=\"index, follow, max-snippet:-1, max-image-preview:large, max-video-preview:-1\" \/>\n<link rel=\"canonical\" href=\"https:\/\/aconteceunovale.com.br\/portal\/?p=194543\" \/>\n<meta property=\"og:locale\" content=\"pt_BR\" \/>\n<meta property=\"og:type\" content=\"article\" \/>\n<meta property=\"og:title\" content=\"Eleitores que n\u00e3o votaram devem justificar aus\u00eancia at\u00e9 7 de janeiro - Aconteceu no Vale\" \/>\n<meta property=\"og:description\" content=\"O prazo para que o eleitor que n\u00e3o votou no segundo turno das elei\u00e7\u00f5es municipais de 2024\u00a0justifique\u00a0a aus\u00eancia terminar\u00e1 na pr\u00f3xima ter\u00e7a-feira (7). O segundo turno do pleito ocorreu\u00a0em 27 de outubro, em\u00a051 munic\u00edpios do pa\u00eds, sendo 15 capitais. A justificativa vale para quem tem a obriga\u00e7\u00e3o de votar, por\u00e9m n\u00e3o compareceu \u00e0s urnas. No [&hellip;]\" \/>\n<meta property=\"og:url\" content=\"https:\/\/aconteceunovale.com.br\/portal\/?p=194543\" \/>\n<meta property=\"og:site_name\" content=\"Aconteceu no Vale\" \/>\n<meta property=\"article:publisher\" content=\"https:\/\/www.facebook.com\/aconteceunovale\/\" \/>\n<meta property=\"article:published_time\" content=\"2025-01-02T16:36:00+00:00\" \/>\n<meta property=\"article:modified_time\" content=\"2025-01-03T17:28:30+00:00\" \/>\n<meta property=\"og:image\" content=\"https:\/\/aconteceunovale.com.br\/portal\/wp-content\/uploads\/2016\/07\/urna_eletronica.jpg\" \/>\n\t<meta property=\"og:image:width\" content=\"678\" \/>\n\t<meta property=\"og:image:height\" content=\"381\" \/>\n\t<meta property=\"og:image:type\" content=\"image\/jpeg\" \/>\n<meta name=\"author\" content=\"Reda\u00e7\u00e3o Aconteceu no Vale\" \/>\n<meta name=\"twitter:card\" content=\"summary_large_image\" \/>\n<meta name=\"twitter:creator\" content=\"@noticiadosvales\" \/>\n<meta name=\"twitter:site\" content=\"@noticiadosvales\" \/>\n<meta name=\"twitter:label1\" content=\"Escrito por\" \/>\n\t<meta name=\"twitter:data1\" content=\"Reda\u00e7\u00e3o Aconteceu no Vale\" \/>\n\t<meta name=\"twitter:label2\" content=\"Est. tempo de leitura\" \/>\n\t<meta name=\"twitter:data2\" content=\"4 minutos\" \/>\n<script type=\"application\/ld+json\" class=\"yoast-schema-graph\">{\"@context\":\"https:\\\/\\\/schema.org\",\"@graph\":[{\"@type\":\"Article\",\"@id\":\"https:\\\/\\\/aconteceunovale.com.br\\\/portal\\\/?p=194543#article\",\"isPartOf\":{\"@id\":\"https:\\\/\\\/aconteceunovale.com.br\\\/portal\\\/?p=194543\"},\"author\":{\"name\":\"Reda\u00e7\u00e3o Aconteceu no Vale\",\"@id\":\"https:\\\/\\\/aconteceunovale.com.br\\\/portal\\\/#\\\/schema\\\/person\\\/7d2f26d1483f8a63de73da1ee0754d35\"},\"headline\":\"Eleitores que n\u00e3o votaram devem justificar aus\u00eancia at\u00e9 7 de janeiro\",\"datePublished\":\"2025-01-02T16:36:00+00:00\",\"dateModified\":\"2025-01-03T17:28:30+00:00\",\"mainEntityOfPage\":{\"@id\":\"https:\\\/\\\/aconteceunovale.com.br\\\/portal\\\/?p=194543\"},\"wordCount\":730,\"commentCount\":0,\"image\":{\"@id\":\"https:\\\/\\\/aconteceunovale.com.br\\\/portal\\\/?p=194543#primaryimage\"},\"thumbnailUrl\":\"https:\\\/\\\/aconteceunovale.com.br\\\/portal\\\/wp-content\\\/uploads\\\/2016\\\/07\\\/urna_eletronica.jpg\",\"keywords\":[\"destaque\",\"Elei\u00e7\u00f5es 2024\",\"Eleitores que n\u00e3o votaram devem justificar aus\u00eancia at\u00e9 7 de janeiro\",\"Justi\u00e7a Eleitoral\",\"Justificativa de aus\u00eancia nas elei\u00e7\u00f5es\",\"TSE TRE-MG\"],\"articleSection\":[\"Brasil\",\"Elei\u00e7\u00f5es 2024\",\"Pol\u00edtica\"],\"inLanguage\":\"pt-BR\",\"potentialAction\":[{\"@type\":\"CommentAction\",\"name\":\"Comment\",\"target\":[\"https:\\\/\\\/aconteceunovale.com.br\\\/portal\\\/?p=194543#respond\"]}]},{\"@type\":\"WebPage\",\"@id\":\"https:\\\/\\\/aconteceunovale.com.br\\\/portal\\\/?p=194543\",\"url\":\"https:\\\/\\\/aconteceunovale.com.br\\\/portal\\\/?p=194543\",\"name\":\"Eleitores que n\u00e3o votaram devem justificar aus\u00eancia at\u00e9 7 de janeiro - Aconteceu no Vale\",\"isPartOf\":{\"@id\":\"https:\\\/\\\/aconteceunovale.com.br\\\/portal\\\/#website\"},\"primaryImageOfPage\":{\"@id\":\"https:\\\/\\\/aconteceunovale.com.br\\\/portal\\\/?p=194543#primaryimage\"},\"image\":{\"@id\":\"https:\\\/\\\/aconteceunovale.com.br\\\/portal\\\/?p=194543#primaryimage\"},\"thumbnailUrl\":\"https:\\\/\\\/aconteceunovale.com.br\\\/portal\\\/wp-content\\\/uploads\\\/2016\\\/07\\\/urna_eletronica.jpg\",\"datePublished\":\"2025-01-02T16:36:00+00:00\",\"dateModified\":\"2025-01-03T17:28:30+00:00\",\"author\":{\"@id\":\"https:\\\/\\\/aconteceunovale.com.br\\\/portal\\\/#\\\/schema\\\/person\\\/7d2f26d1483f8a63de73da1ee0754d35\"},\"breadcrumb\":{\"@id\":\"https:\\\/\\\/aconteceunovale.com.br\\\/portal\\\/?p=194543#breadcrumb\"},\"inLanguage\":\"pt-BR\",\"potentialAction\":[{\"@type\":\"ReadAction\",\"target\":[\"https:\\\/\\\/aconteceunovale.com.br\\\/portal\\\/?p=194543\"]}]},{\"@type\":\"ImageObject\",\"inLanguage\":\"pt-BR\",\"@id\":\"https:\\\/\\\/aconteceunovale.com.br\\\/portal\\\/?p=194543#primaryimage\",\"url\":\"https:\\\/\\\/aconteceunovale.com.br\\\/portal\\\/wp-content\\\/uploads\\\/2016\\\/07\\\/urna_eletronica.jpg\",\"contentUrl\":\"https:\\\/\\\/aconteceunovale.com.br\\\/portal\\\/wp-content\\\/uploads\\\/2016\\\/07\\\/urna_eletronica.jpg\",\"width\":678,\"height\":381},{\"@type\":\"BreadcrumbList\",\"@id\":\"https:\\\/\\\/aconteceunovale.com.br\\\/portal\\\/?p=194543#breadcrumb\",\"itemListElement\":[{\"@type\":\"ListItem\",\"position\":1,\"name\":\"In\u00edcio\",\"item\":\"https:\\\/\\\/aconteceunovale.com.br\\\/portal\\\/\"},{\"@type\":\"ListItem\",\"position\":2,\"name\":\"Eleitores que n\u00e3o votaram devem justificar aus\u00eancia at\u00e9 7 de janeiro\"}]},{\"@type\":\"WebSite\",\"@id\":\"https:\\\/\\\/aconteceunovale.com.br\\\/portal\\\/#website\",\"url\":\"https:\\\/\\\/aconteceunovale.com.br\\\/portal\\\/\",\"name\":\"Aconteceu no Vale\",\"description\":\"Portal de Not\u00edcias\",\"potentialAction\":[{\"@type\":\"SearchAction\",\"target\":{\"@type\":\"EntryPoint\",\"urlTemplate\":\"https:\\\/\\\/aconteceunovale.com.br\\\/portal\\\/?s={search_term_string}\"},\"query-input\":{\"@type\":\"PropertyValueSpecification\",\"valueRequired\":true,\"valueName\":\"search_term_string\"}}],\"inLanguage\":\"pt-BR\"},{\"@type\":\"Person\",\"@id\":\"https:\\\/\\\/aconteceunovale.com.br\\\/portal\\\/#\\\/schema\\\/person\\\/7d2f26d1483f8a63de73da1ee0754d35\",\"name\":\"Reda\u00e7\u00e3o Aconteceu no Vale\",\"description\":\"Equipe de reportagem do Aconteceu no Vale, portal de not\u00edcias do Vale do Jequitinhonha, em Minas Gerais. Cobrimos as 51 cidades do Vale desde 2013. Sugest\u00f5es de pauta e pedidos de corre\u00e7\u00e3o: contato@aconteceunovale.com.br\",\"url\":\"https:\\\/\\\/aconteceunovale.com.br\\\/portal\\\/?author=4\"}]}<\/script>\n<!-- \/ Yoast SEO plugin. -->","yoast_head_json":{"title":"Eleitores que n\u00e3o votaram devem justificar aus\u00eancia at\u00e9 7 de janeiro - Aconteceu no Vale","robots":{"index":"index","follow":"follow","max-snippet":"max-snippet:-1","max-image-preview":"max-image-preview:large","max-video-preview":"max-video-preview:-1"},"canonical":"https:\/\/aconteceunovale.com.br\/portal\/?p=194543","og_locale":"pt_BR","og_type":"article","og_title":"Eleitores que n\u00e3o votaram devem justificar aus\u00eancia at\u00e9 7 de janeiro - Aconteceu no Vale","og_description":"O prazo para que o eleitor que n\u00e3o votou no segundo turno das elei\u00e7\u00f5es municipais de 2024\u00a0justifique\u00a0a aus\u00eancia terminar\u00e1 na pr\u00f3xima ter\u00e7a-feira (7). O segundo turno do pleito ocorreu\u00a0em 27 de outubro, em\u00a051 munic\u00edpios do pa\u00eds, sendo 15 capitais. A justificativa vale para quem tem a obriga\u00e7\u00e3o de votar, por\u00e9m n\u00e3o compareceu \u00e0s urnas. No [&hellip;]","og_url":"https:\/\/aconteceunovale.com.br\/portal\/?p=194543","og_site_name":"Aconteceu no Vale","article_publisher":"https:\/\/www.facebook.com\/aconteceunovale\/","article_published_time":"2025-01-02T16:36:00+00:00","article_modified_time":"2025-01-03T17:28:30+00:00","og_image":[{"width":678,"height":381,"url":"https:\/\/aconteceunovale.com.br\/portal\/wp-content\/uploads\/2016\/07\/urna_eletronica.jpg","type":"image\/jpeg"}],"author":"Reda\u00e7\u00e3o Aconteceu no Vale","twitter_card":"summary_large_image","twitter_creator":"@noticiadosvales","twitter_site":"@noticiadosvales","twitter_misc":{"Escrito por":"Reda\u00e7\u00e3o Aconteceu no Vale","Est. tempo de leitura":"4 minutos"},"schema":{"@context":"https:\/\/schema.org","@graph":[{"@type":"Article","@id":"https:\/\/aconteceunovale.com.br\/portal\/?p=194543#article","isPartOf":{"@id":"https:\/\/aconteceunovale.com.br\/portal\/?p=194543"},"author":{"name":"Reda\u00e7\u00e3o Aconteceu no Vale","@id":"https:\/\/aconteceunovale.com.br\/portal\/#\/schema\/person\/7d2f26d1483f8a63de73da1ee0754d35"},"headline":"Eleitores que n\u00e3o votaram devem justificar aus\u00eancia at\u00e9 7 de janeiro","datePublished":"2025-01-02T16:36:00+00:00","dateModified":"2025-01-03T17:28:30+00:00","mainEntityOfPage":{"@id":"https:\/\/aconteceunovale.com.br\/portal\/?p=194543"},"wordCount":730,"commentCount":0,"image":{"@id":"https:\/\/aconteceunovale.com.br\/portal\/?p=194543#primaryimage"},"thumbnailUrl":"https:\/\/aconteceunovale.com.br\/portal\/wp-content\/uploads\/2016\/07\/urna_eletronica.jpg","keywords":["destaque","Elei\u00e7\u00f5es 2024","Eleitores que n\u00e3o votaram devem justificar aus\u00eancia at\u00e9 7 de janeiro","Justi\u00e7a Eleitoral","Justificativa de aus\u00eancia nas elei\u00e7\u00f5es","TSE TRE-MG"],"articleSection":["Brasil","Elei\u00e7\u00f5es 2024","Pol\u00edtica"],"inLanguage":"pt-BR","potentialAction":[{"@type":"CommentAction","name":"Comment","target":["https:\/\/aconteceunovale.com.br\/portal\/?p=194543#respond"]}]},{"@type":"WebPage","@id":"https:\/\/aconteceunovale.com.br\/portal\/?p=194543","url":"https:\/\/aconteceunovale.com.br\/portal\/?p=194543","name":"Eleitores que n\u00e3o votaram devem justificar aus\u00eancia at\u00e9 7 de janeiro - Aconteceu no Vale","isPartOf":{"@id":"https:\/\/aconteceunovale.com.br\/portal\/#website"},"primaryImageOfPage":{"@id":"https:\/\/aconteceunovale.com.br\/portal\/?p=194543#primaryimage"},"image":{"@id":"https:\/\/aconteceunovale.com.br\/portal\/?p=194543#primaryimage"},"thumbnailUrl":"https:\/\/aconteceunovale.com.br\/portal\/wp-content\/uploads\/2016\/07\/urna_eletronica.jpg","datePublished":"2025-01-02T16:36:00+00:00","dateModified":"2025-01-03T17:28:30+00:00","author":{"@id":"https:\/\/aconteceunovale.com.br\/portal\/#\/schema\/person\/7d2f26d1483f8a63de73da1ee0754d35"},"breadcrumb":{"@id":"https:\/\/aconteceunovale.com.br\/portal\/?p=194543#breadcrumb"},"inLanguage":"pt-BR","potentialAction":[{"@type":"ReadAction","target":["https:\/\/aconteceunovale.com.br\/portal\/?p=194543"]}]},{"@type":"ImageObject","inLanguage":"pt-BR","@id":"https:\/\/aconteceunovale.com.br\/portal\/?p=194543#primaryimage","url":"https:\/\/aconteceunovale.com.br\/portal\/wp-content\/uploads\/2016\/07\/urna_eletronica.jpg","contentUrl":"https:\/\/aconteceunovale.com.br\/portal\/wp-content\/uploads\/2016\/07\/urna_eletronica.jpg","width":678,"height":381},{"@type":"BreadcrumbList","@id":"https:\/\/aconteceunovale.com.br\/portal\/?p=194543#breadcrumb","itemListElement":[{"@type":"ListItem","position":1,"name":"In\u00edcio","item":"https:\/\/aconteceunovale.com.br\/portal\/"},{"@type":"ListItem","position":2,"name":"Eleitores que n\u00e3o votaram devem justificar aus\u00eancia at\u00e9 7 de janeiro"}]},{"@type":"WebSite","@id":"https:\/\/aconteceunovale.com.br\/portal\/#website","url":"https:\/\/aconteceunovale.com.br\/portal\/","name":"Aconteceu no Vale","description":"Portal de Not\u00edcias","potentialAction":[{"@type":"SearchAction","target":{"@type":"EntryPoint","urlTemplate":"https:\/\/aconteceunovale.com.br\/portal\/?s={search_term_string}"},"query-input":{"@type":"PropertyValueSpecification","valueRequired":true,"valueName":"search_term_string"}}],"inLanguage":"pt-BR"},{"@type":"Person","@id":"https:\/\/aconteceunovale.com.br\/portal\/#\/schema\/person\/7d2f26d1483f8a63de73da1ee0754d35","name":"Reda\u00e7\u00e3o Aconteceu no Vale","description":"Equipe de reportagem do Aconteceu no Vale, portal de not\u00edcias do Vale do Jequitinhonha, em Minas Gerais. Cobrimos as 51 cidades do Vale desde 2013. Sugest\u00f5es de pauta e pedidos de corre\u00e7\u00e3o: contato@aconteceunovale.com.br","url":"https:\/\/aconteceunovale.com.br\/portal\/?author=4"}]}},"_links":{"self":[{"href":"https:\/\/aconteceunovale.com.br\/portal\/index.php?rest_route=\/wp\/v2\/posts\/194543","targetHints":{"allow":["GET"]}}],"collection":[{"href":"https:\/\/aconteceunovale.com.br\/portal\/index.php?rest_route=\/wp\/v2\/posts"}],"about":[{"href":"https:\/\/aconteceunovale.com.br\/portal\/index.php?rest_route=\/wp\/v2\/types\/post"}],"author":[{"embeddable":true,"href":"https:\/\/aconteceunovale.com.br\/portal\/index.php?rest_route=\/wp\/v2\/users\/4"}],"replies":[{"embeddable":true,"href":"https:\/\/aconteceunovale.com.br\/portal\/index.php?rest_route=%2Fwp%2Fv2%2Fcomments&post=194543"}],"version-history":[{"count":1,"href":"https:\/\/aconteceunovale.com.br\/portal\/index.php?rest_route=\/wp\/v2\/posts\/194543\/revisions"}],"predecessor-version":[{"id":194544,"href":"https:\/\/aconteceunovale.com.br\/portal\/index.php?rest_route=\/wp\/v2\/posts\/194543\/revisions\/194544"}],"wp:featuredmedia":[{"embeddable":true,"href":"https:\/\/aconteceunovale.com.br\/portal\/index.php?rest_route=\/wp\/v2\/media\/92935"}],"wp:attachment":[{"href":"https:\/\/aconteceunovale.com.br\/portal\/index.php?rest_route=%2Fwp%2Fv2%2Fmedia&parent=194543"}],"wp:term":[{"taxonomy":"category","embeddable":true,"href":"https:\/\/aconteceunovale.com.br\/portal\/index.php?rest_route=%2Fwp%2Fv2%2Fcategories&post=194543"},{"taxonomy":"post_tag","embeddable":true,"href":"https:\/\/aconteceunovale.com.br\/portal\/index.php?rest_route=%2Fwp%2Fv2%2Ftags&post=194543"}],"curies":[{"name":"wp","href":"https:\/\/api.w.org\/{rel}","templated":true}]}}