{"id":194541,"date":"2025-01-02T10:22:00","date_gmt":"2025-01-02T13:22:00","guid":{"rendered":"https:\/\/aconteceunovale.com.br\/portal\/?p=194541"},"modified":"2025-01-03T14:24:55","modified_gmt":"2025-01-03T17:24:55","slug":"receita-abre-opcao-de-ingresso-ou-reingresso-no-simples-nacional","status":"publish","type":"post","link":"https:\/\/aconteceunovale.com.br\/portal\/?p=194541","title":{"rendered":"Receita abre op\u00e7\u00e3o de ingresso ou reingresso no Simples Nacional"},"content":{"rendered":"\n<p class=\"wp-block-paragraph\">A partir desta quinta-feira (2) e at\u00e9 o \u00faltimo dia \u00fatil (31) de janeiro, o<a href=\"https:\/\/www8.receita.fazenda.gov.br\/simplesnacional\" target=\"_blank\" rel=\"noreferrer noopener\">\u00a0Portal do Simples Nacional<\/a>\u00a0estar\u00e1 dispon\u00edvel para que contribuintes que desejam ingressar ou reingressar no regime possam fazer o pedido.<\/p>\n\n\n\n<p class=\"wp-block-paragraph\">Em nota, a Receita Federal destacou que a op\u00e7\u00e3o est\u00e1 dispon\u00edvel para contribuintes exclu\u00eddos do Simples Nacional em 2024 e que desejam retornar ao regime, incluindo os que n\u00e3o regularizaram d\u00e9bitos vinculados aos Termos de Exclus\u00e3o enviados entre os dias 30 de setembro e 4 de outubro.<\/p>\n\n\n\n<p class=\"wp-block-paragraph\">Todos os 1.876.334 contribuintes que receberam o termo e regularizaram seus d\u00e9bitos no prazo previsto na legisla\u00e7\u00e3o, segundo a autarquia, continuar\u00e3o no regime do Simples de forma autom\u00e1tica. N\u00e3o \u00e9 necess\u00e1rio, portanto, renovar a op\u00e7\u00e3o.<\/p>\n\n\n\n<p class=\"wp-block-paragraph\">J\u00e1 os 1,5 milh\u00e3o de contribuintes que n\u00e3o regularizaram sua situa\u00e7\u00e3o come\u00e7aram a ser exclu\u00eddos do regime, segundo a Receita, a partir da \u00faltima quarta-feira (1\u00ba). Para que esses CNPJs possam reingressar no regime, s\u00e3o oferecidas diversas op\u00e7\u00f5es para sua regulariza\u00e7\u00e3o, incluindo parcelamento e transa\u00e7\u00e3o.<\/p>\n\n\n\n<h2 class=\"wp-block-heading\">Consulta<\/h2>\n\n\n\n<p class=\"wp-block-paragraph\">Para saber se ser\u00e1 exclu\u00eddo ou n\u00e3o do Simples Nacional, o contribuinte deve acessar a&nbsp;<a href=\"https:\/\/www8.receita.fazenda.gov.br\/SimplesNacional\/aplicacoes.aspx?id=21\" target=\"_blank\" rel=\"noreferrer noopener\">aba Consulta Optantes<\/a>. \u201cEntretanto, imprescind\u00edvel observar que o CNPJ, para ingressar ou reingressar no Simples, deve estar em regularidade com as administra\u00e7\u00f5es tribut\u00e1rias da Uni\u00e3o, estados, DF e munic\u00edpios\u201d, esclareceu a Receita Federal.<\/p>\n\n\n\n<p class=\"wp-block-paragraph\">Dados da autarquia mostram que, atualmente, 23,4 milh\u00f5es de contribuintes s\u00e3o abrangidos pelo Simples Nacional, sendo 16 milh\u00f5es microempreendedores individuais (MEI). A Receita projeta, at\u00e9 31 de janeiro, um n\u00famero de pedidos formulados compat\u00edvel com os anos anteriores \u2013 em torno de 1,2 milh\u00e3o de contribuintes.<\/p>\n","protected":false},"excerpt":{"rendered":"<p>A partir desta quinta-feira (2) e at\u00e9 o \u00faltimo dia \u00fatil (31) de janeiro, o\u00a0Portal do Simples Nacional\u00a0estar\u00e1 dispon\u00edvel para que contribuintes que desejam ingressar ou reingressar no regime possam fazer o pedido. Em nota, a Receita Federal destacou que a op\u00e7\u00e3o est\u00e1 dispon\u00edvel para contribuintes exclu\u00eddos do Simples Nacional em 2024 e que desejam [&hellip;]<\/p>\n","protected":false},"author":4,"featured_media":155874,"comment_status":"open","ping_status":"closed","sticky":false,"template":"","format":"standard","meta":{"amp_status":"","footnotes":""},"categories":[6,40239],"tags":[1018,268780,268778,1464,268779,28130],"class_list":["post-194541","post","type-post","status-publish","format-standard","has-post-thumbnail","hentry","category-br","category-economia-2","tag-destaque","tag-ingresso-ao-simples-nacional","tag-receita-abre-opcao-de-ingresso-ou-reingresso-no-simples-nacional","tag-receita-federal","tag-reingresso-ao-simples-nacional","tag-simples-nacional"],"yoast_head":"<!-- This site is optimized with the Yoast SEO plugin v28.3 - https:\/\/yoast.com\/product\/yoast-seo-wordpress\/ -->\n<title>Receita abre op\u00e7\u00e3o de ingresso ou reingresso no Simples Nacional - Aconteceu no Vale<\/title>\n<meta name=\"robots\" content=\"index, follow, max-snippet:-1, max-image-preview:large, max-video-preview:-1\" \/>\n<link rel=\"canonical\" href=\"https:\/\/aconteceunovale.com.br\/portal\/?p=194541\" \/>\n<meta property=\"og:locale\" content=\"pt_BR\" \/>\n<meta property=\"og:type\" content=\"article\" \/>\n<meta property=\"og:title\" content=\"Receita abre op\u00e7\u00e3o de ingresso ou reingresso no Simples Nacional - Aconteceu no Vale\" \/>\n<meta property=\"og:description\" content=\"A partir desta quinta-feira (2) e at\u00e9 o \u00faltimo dia \u00fatil (31) de janeiro, o\u00a0Portal do Simples Nacional\u00a0estar\u00e1 dispon\u00edvel para que contribuintes que desejam ingressar ou reingressar no regime possam fazer o pedido. Em nota, a Receita Federal destacou que a op\u00e7\u00e3o est\u00e1 dispon\u00edvel para contribuintes exclu\u00eddos do Simples Nacional em 2024 e que desejam [&hellip;]\" \/>\n<meta property=\"og:url\" content=\"https:\/\/aconteceunovale.com.br\/portal\/?p=194541\" \/>\n<meta property=\"og:site_name\" content=\"Aconteceu no Vale\" \/>\n<meta property=\"article:publisher\" content=\"https:\/\/www.facebook.com\/aconteceunovale\/\" \/>\n<meta property=\"article:published_time\" content=\"2025-01-02T13:22:00+00:00\" \/>\n<meta property=\"article:modified_time\" content=\"2025-01-03T17:24:55+00:00\" \/>\n<meta property=\"og:image\" content=\"https:\/\/aconteceunovale.com.br\/portal\/wp-content\/uploads\/2019\/12\/receita_federal.jpg\" \/>\n\t<meta property=\"og:image:width\" content=\"675\" \/>\n\t<meta property=\"og:image:height\" content=\"450\" \/>\n\t<meta property=\"og:image:type\" content=\"image\/jpeg\" \/>\n<meta name=\"author\" content=\"Reda\u00e7\u00e3o Aconteceu no Vale\" \/>\n<meta name=\"twitter:card\" content=\"summary_large_image\" \/>\n<meta name=\"twitter:creator\" content=\"@noticiadosvales\" \/>\n<meta name=\"twitter:site\" content=\"@noticiadosvales\" \/>\n<meta name=\"twitter:label1\" content=\"Escrito por\" \/>\n\t<meta name=\"twitter:data1\" content=\"Reda\u00e7\u00e3o Aconteceu no Vale\" \/>\n\t<meta name=\"twitter:label2\" content=\"Est. tempo de leitura\" \/>\n\t<meta name=\"twitter:data2\" content=\"1 minuto\" \/>\n<script type=\"application\/ld+json\" class=\"yoast-schema-graph\">{\"@context\":\"https:\\\/\\\/schema.org\",\"@graph\":[{\"@type\":\"Article\",\"@id\":\"https:\\\/\\\/aconteceunovale.com.br\\\/portal\\\/?p=194541#article\",\"isPartOf\":{\"@id\":\"https:\\\/\\\/aconteceunovale.com.br\\\/portal\\\/?p=194541\"},\"author\":{\"name\":\"Reda\u00e7\u00e3o Aconteceu no Vale\",\"@id\":\"https:\\\/\\\/aconteceunovale.com.br\\\/portal\\\/#\\\/schema\\\/person\\\/7d2f26d1483f8a63de73da1ee0754d35\"},\"headline\":\"Receita abre op\u00e7\u00e3o de ingresso ou reingresso no Simples Nacional\",\"datePublished\":\"2025-01-02T13:22:00+00:00\",\"dateModified\":\"2025-01-03T17:24:55+00:00\",\"mainEntityOfPage\":{\"@id\":\"https:\\\/\\\/aconteceunovale.com.br\\\/portal\\\/?p=194541\"},\"wordCount\":291,\"commentCount\":0,\"image\":{\"@id\":\"https:\\\/\\\/aconteceunovale.com.br\\\/portal\\\/?p=194541#primaryimage\"},\"thumbnailUrl\":\"https:\\\/\\\/aconteceunovale.com.br\\\/portal\\\/wp-content\\\/uploads\\\/2019\\\/12\\\/receita_federal.jpg\",\"keywords\":[\"destaque\",\"Ingresso ao Simples Nacional\",\"Receita abre op\u00e7\u00e3o de ingresso ou reingresso no Simples Nacional\",\"receita federal\",\"Reingresso ao Simples Nacional\",\"Simples Nacional\"],\"articleSection\":[\"Brasil\",\"Economia\"],\"inLanguage\":\"pt-BR\",\"potentialAction\":[{\"@type\":\"CommentAction\",\"name\":\"Comment\",\"target\":[\"https:\\\/\\\/aconteceunovale.com.br\\\/portal\\\/?p=194541#respond\"]}]},{\"@type\":\"WebPage\",\"@id\":\"https:\\\/\\\/aconteceunovale.com.br\\\/portal\\\/?p=194541\",\"url\":\"https:\\\/\\\/aconteceunovale.com.br\\\/portal\\\/?p=194541\",\"name\":\"Receita abre op\u00e7\u00e3o de ingresso ou reingresso no Simples Nacional - Aconteceu no Vale\",\"isPartOf\":{\"@id\":\"https:\\\/\\\/aconteceunovale.com.br\\\/portal\\\/#website\"},\"primaryImageOfPage\":{\"@id\":\"https:\\\/\\\/aconteceunovale.com.br\\\/portal\\\/?p=194541#primaryimage\"},\"image\":{\"@id\":\"https:\\\/\\\/aconteceunovale.com.br\\\/portal\\\/?p=194541#primaryimage\"},\"thumbnailUrl\":\"https:\\\/\\\/aconteceunovale.com.br\\\/portal\\\/wp-content\\\/uploads\\\/2019\\\/12\\\/receita_federal.jpg\",\"datePublished\":\"2025-01-02T13:22:00+00:00\",\"dateModified\":\"2025-01-03T17:24:55+00:00\",\"author\":{\"@id\":\"https:\\\/\\\/aconteceunovale.com.br\\\/portal\\\/#\\\/schema\\\/person\\\/7d2f26d1483f8a63de73da1ee0754d35\"},\"breadcrumb\":{\"@id\":\"https:\\\/\\\/aconteceunovale.com.br\\\/portal\\\/?p=194541#breadcrumb\"},\"inLanguage\":\"pt-BR\",\"potentialAction\":[{\"@type\":\"ReadAction\",\"target\":[\"https:\\\/\\\/aconteceunovale.com.br\\\/portal\\\/?p=194541\"]}]},{\"@type\":\"ImageObject\",\"inLanguage\":\"pt-BR\",\"@id\":\"https:\\\/\\\/aconteceunovale.com.br\\\/portal\\\/?p=194541#primaryimage\",\"url\":\"https:\\\/\\\/aconteceunovale.com.br\\\/portal\\\/wp-content\\\/uploads\\\/2019\\\/12\\\/receita_federal.jpg\",\"contentUrl\":\"https:\\\/\\\/aconteceunovale.com.br\\\/portal\\\/wp-content\\\/uploads\\\/2019\\\/12\\\/receita_federal.jpg\",\"width\":675,\"height\":450},{\"@type\":\"BreadcrumbList\",\"@id\":\"https:\\\/\\\/aconteceunovale.com.br\\\/portal\\\/?p=194541#breadcrumb\",\"itemListElement\":[{\"@type\":\"ListItem\",\"position\":1,\"name\":\"In\u00edcio\",\"item\":\"https:\\\/\\\/aconteceunovale.com.br\\\/portal\\\/\"},{\"@type\":\"ListItem\",\"position\":2,\"name\":\"Receita abre op\u00e7\u00e3o de ingresso ou reingresso no Simples Nacional\"}]},{\"@type\":\"WebSite\",\"@id\":\"https:\\\/\\\/aconteceunovale.com.br\\\/portal\\\/#website\",\"url\":\"https:\\\/\\\/aconteceunovale.com.br\\\/portal\\\/\",\"name\":\"Aconteceu no Vale\",\"description\":\"Portal de Not\u00edcias\",\"potentialAction\":[{\"@type\":\"SearchAction\",\"target\":{\"@type\":\"EntryPoint\",\"urlTemplate\":\"https:\\\/\\\/aconteceunovale.com.br\\\/portal\\\/?s={search_term_string}\"},\"query-input\":{\"@type\":\"PropertyValueSpecification\",\"valueRequired\":true,\"valueName\":\"search_term_string\"}}],\"inLanguage\":\"pt-BR\"},{\"@type\":\"Person\",\"@id\":\"https:\\\/\\\/aconteceunovale.com.br\\\/portal\\\/#\\\/schema\\\/person\\\/7d2f26d1483f8a63de73da1ee0754d35\",\"name\":\"Reda\u00e7\u00e3o Aconteceu no Vale\",\"description\":\"Equipe de reportagem do Aconteceu no Vale, portal de not\u00edcias do Vale do Jequitinhonha, em Minas Gerais. Cobrimos as 51 cidades do Vale desde 2013. Sugest\u00f5es de pauta e pedidos de corre\u00e7\u00e3o: contato@aconteceunovale.com.br\",\"url\":\"https:\\\/\\\/aconteceunovale.com.br\\\/portal\\\/?author=4\"}]}<\/script>\n<!-- \/ Yoast SEO plugin. -->","yoast_head_json":{"title":"Receita abre op\u00e7\u00e3o de ingresso ou reingresso no Simples Nacional - Aconteceu no Vale","robots":{"index":"index","follow":"follow","max-snippet":"max-snippet:-1","max-image-preview":"max-image-preview:large","max-video-preview":"max-video-preview:-1"},"canonical":"https:\/\/aconteceunovale.com.br\/portal\/?p=194541","og_locale":"pt_BR","og_type":"article","og_title":"Receita abre op\u00e7\u00e3o de ingresso ou reingresso no Simples Nacional - Aconteceu no Vale","og_description":"A partir desta quinta-feira (2) e at\u00e9 o \u00faltimo dia \u00fatil (31) de janeiro, o\u00a0Portal do Simples Nacional\u00a0estar\u00e1 dispon\u00edvel para que contribuintes que desejam ingressar ou reingressar no regime possam fazer o pedido. Em nota, a Receita Federal destacou que a op\u00e7\u00e3o est\u00e1 dispon\u00edvel para contribuintes exclu\u00eddos do Simples Nacional em 2024 e que desejam [&hellip;]","og_url":"https:\/\/aconteceunovale.com.br\/portal\/?p=194541","og_site_name":"Aconteceu no Vale","article_publisher":"https:\/\/www.facebook.com\/aconteceunovale\/","article_published_time":"2025-01-02T13:22:00+00:00","article_modified_time":"2025-01-03T17:24:55+00:00","og_image":[{"width":675,"height":450,"url":"https:\/\/aconteceunovale.com.br\/portal\/wp-content\/uploads\/2019\/12\/receita_federal.jpg","type":"image\/jpeg"}],"author":"Reda\u00e7\u00e3o Aconteceu no Vale","twitter_card":"summary_large_image","twitter_creator":"@noticiadosvales","twitter_site":"@noticiadosvales","twitter_misc":{"Escrito por":"Reda\u00e7\u00e3o Aconteceu no Vale","Est. tempo de leitura":"1 minuto"},"schema":{"@context":"https:\/\/schema.org","@graph":[{"@type":"Article","@id":"https:\/\/aconteceunovale.com.br\/portal\/?p=194541#article","isPartOf":{"@id":"https:\/\/aconteceunovale.com.br\/portal\/?p=194541"},"author":{"name":"Reda\u00e7\u00e3o Aconteceu no Vale","@id":"https:\/\/aconteceunovale.com.br\/portal\/#\/schema\/person\/7d2f26d1483f8a63de73da1ee0754d35"},"headline":"Receita abre op\u00e7\u00e3o de ingresso ou reingresso no Simples Nacional","datePublished":"2025-01-02T13:22:00+00:00","dateModified":"2025-01-03T17:24:55+00:00","mainEntityOfPage":{"@id":"https:\/\/aconteceunovale.com.br\/portal\/?p=194541"},"wordCount":291,"commentCount":0,"image":{"@id":"https:\/\/aconteceunovale.com.br\/portal\/?p=194541#primaryimage"},"thumbnailUrl":"https:\/\/aconteceunovale.com.br\/portal\/wp-content\/uploads\/2019\/12\/receita_federal.jpg","keywords":["destaque","Ingresso ao Simples Nacional","Receita abre op\u00e7\u00e3o de ingresso ou reingresso no Simples Nacional","receita federal","Reingresso ao Simples Nacional","Simples Nacional"],"articleSection":["Brasil","Economia"],"inLanguage":"pt-BR","potentialAction":[{"@type":"CommentAction","name":"Comment","target":["https:\/\/aconteceunovale.com.br\/portal\/?p=194541#respond"]}]},{"@type":"WebPage","@id":"https:\/\/aconteceunovale.com.br\/portal\/?p=194541","url":"https:\/\/aconteceunovale.com.br\/portal\/?p=194541","name":"Receita abre op\u00e7\u00e3o de ingresso ou reingresso no Simples Nacional - Aconteceu no Vale","isPartOf":{"@id":"https:\/\/aconteceunovale.com.br\/portal\/#website"},"primaryImageOfPage":{"@id":"https:\/\/aconteceunovale.com.br\/portal\/?p=194541#primaryimage"},"image":{"@id":"https:\/\/aconteceunovale.com.br\/portal\/?p=194541#primaryimage"},"thumbnailUrl":"https:\/\/aconteceunovale.com.br\/portal\/wp-content\/uploads\/2019\/12\/receita_federal.jpg","datePublished":"2025-01-02T13:22:00+00:00","dateModified":"2025-01-03T17:24:55+00:00","author":{"@id":"https:\/\/aconteceunovale.com.br\/portal\/#\/schema\/person\/7d2f26d1483f8a63de73da1ee0754d35"},"breadcrumb":{"@id":"https:\/\/aconteceunovale.com.br\/portal\/?p=194541#breadcrumb"},"inLanguage":"pt-BR","potentialAction":[{"@type":"ReadAction","target":["https:\/\/aconteceunovale.com.br\/portal\/?p=194541"]}]},{"@type":"ImageObject","inLanguage":"pt-BR","@id":"https:\/\/aconteceunovale.com.br\/portal\/?p=194541#primaryimage","url":"https:\/\/aconteceunovale.com.br\/portal\/wp-content\/uploads\/2019\/12\/receita_federal.jpg","contentUrl":"https:\/\/aconteceunovale.com.br\/portal\/wp-content\/uploads\/2019\/12\/receita_federal.jpg","width":675,"height":450},{"@type":"BreadcrumbList","@id":"https:\/\/aconteceunovale.com.br\/portal\/?p=194541#breadcrumb","itemListElement":[{"@type":"ListItem","position":1,"name":"In\u00edcio","item":"https:\/\/aconteceunovale.com.br\/portal\/"},{"@type":"ListItem","position":2,"name":"Receita abre op\u00e7\u00e3o de ingresso ou reingresso no Simples Nacional"}]},{"@type":"WebSite","@id":"https:\/\/aconteceunovale.com.br\/portal\/#website","url":"https:\/\/aconteceunovale.com.br\/portal\/","name":"Aconteceu no Vale","description":"Portal de Not\u00edcias","potentialAction":[{"@type":"SearchAction","target":{"@type":"EntryPoint","urlTemplate":"https:\/\/aconteceunovale.com.br\/portal\/?s={search_term_string}"},"query-input":{"@type":"PropertyValueSpecification","valueRequired":true,"valueName":"search_term_string"}}],"inLanguage":"pt-BR"},{"@type":"Person","@id":"https:\/\/aconteceunovale.com.br\/portal\/#\/schema\/person\/7d2f26d1483f8a63de73da1ee0754d35","name":"Reda\u00e7\u00e3o Aconteceu no Vale","description":"Equipe de reportagem do Aconteceu no Vale, portal de not\u00edcias do Vale do Jequitinhonha, em Minas Gerais. Cobrimos as 51 cidades do Vale desde 2013. Sugest\u00f5es de pauta e pedidos de corre\u00e7\u00e3o: contato@aconteceunovale.com.br","url":"https:\/\/aconteceunovale.com.br\/portal\/?author=4"}]}},"_links":{"self":[{"href":"https:\/\/aconteceunovale.com.br\/portal\/index.php?rest_route=\/wp\/v2\/posts\/194541","targetHints":{"allow":["GET"]}}],"collection":[{"href":"https:\/\/aconteceunovale.com.br\/portal\/index.php?rest_route=\/wp\/v2\/posts"}],"about":[{"href":"https:\/\/aconteceunovale.com.br\/portal\/index.php?rest_route=\/wp\/v2\/types\/post"}],"author":[{"embeddable":true,"href":"https:\/\/aconteceunovale.com.br\/portal\/index.php?rest_route=\/wp\/v2\/users\/4"}],"replies":[{"embeddable":true,"href":"https:\/\/aconteceunovale.com.br\/portal\/index.php?rest_route=%2Fwp%2Fv2%2Fcomments&post=194541"}],"version-history":[{"count":1,"href":"https:\/\/aconteceunovale.com.br\/portal\/index.php?rest_route=\/wp\/v2\/posts\/194541\/revisions"}],"predecessor-version":[{"id":194542,"href":"https:\/\/aconteceunovale.com.br\/portal\/index.php?rest_route=\/wp\/v2\/posts\/194541\/revisions\/194542"}],"wp:featuredmedia":[{"embeddable":true,"href":"https:\/\/aconteceunovale.com.br\/portal\/index.php?rest_route=\/wp\/v2\/media\/155874"}],"wp:attachment":[{"href":"https:\/\/aconteceunovale.com.br\/portal\/index.php?rest_route=%2Fwp%2Fv2%2Fmedia&parent=194541"}],"wp:term":[{"taxonomy":"category","embeddable":true,"href":"https:\/\/aconteceunovale.com.br\/portal\/index.php?rest_route=%2Fwp%2Fv2%2Fcategories&post=194541"},{"taxonomy":"post_tag","embeddable":true,"href":"https:\/\/aconteceunovale.com.br\/portal\/index.php?rest_route=%2Fwp%2Fv2%2Ftags&post=194541"}],"curies":[{"name":"wp","href":"https:\/\/api.w.org\/{rel}","templated":true}]}}