{"id":194531,"date":"2025-01-01T10:20:00","date_gmt":"2025-01-01T13:20:00","guid":{"rendered":"https:\/\/aconteceunovale.com.br\/portal\/?p=194531"},"modified":"2025-01-03T14:02:51","modified_gmt":"2025-01-03T17:02:51","slug":"aplicativo-receita-saude-passa-a-ser-obrigatorio","status":"publish","type":"post","link":"https:\/\/aconteceunovale.com.br\/portal\/?p=194531","title":{"rendered":"Aplicativo Receita Sa\u00fade passa a ser obrigat\u00f3rio"},"content":{"rendered":"\n<p class=\"wp-block-paragraph\">A partir desta quarta-feira (1\u00ba), os profissionais de sa\u00fade pessoas f\u00edsicas dever\u00e3o dispensar o papel e poder\u00e3o emitir recibos apenas por meio do aplicativo Receita Sa\u00fade. A ferramenta, que promete reduzir a sonega\u00e7\u00e3o e o n\u00famero de declara\u00e7\u00f5es do Imposto de Renda na malha fina, passa a ser obrigat\u00f3ria em 2025.<\/p>\n\n\n\n<p class=\"wp-block-paragraph\">Utilizado por m\u00e9dicos, dentistas, psic\u00f3logos, fisioterapeutas, fonoaudi\u00f3logos e terapeutas ocupacionais, o aplicativo est\u00e1 dispon\u00edvel desde abril do ano passado, mas o uso era facultativo. Segundo a Receita Federal, mais de 380 mil recibos tinham sido emitidos at\u00e9 o in\u00edcio de dezembro, totalizando mais de R$ 215 milh\u00f5es em valores de servi\u00e7os de sa\u00fade.<\/p>\n\n\n\n<p class=\"wp-block-paragraph\">O aplicativo carregar\u00e1 automaticamente os recibos emitidos em 2024 como receita na declara\u00e7\u00e3o do profissional de sa\u00fade e como despesas a serem deduzidas na declara\u00e7\u00e3o pr\u00e9-preenchida do Imposto de Renda Pessoa F\u00edsica em 2025. Os recibos emitidos em 2025 ser\u00e3o automaticamente incorporados \u00e0 declara\u00e7\u00e3o de 2026.<\/p>\n\n\n\n<p class=\"wp-block-paragraph\">Apenas m\u00e9dicos, dentistas, psic\u00f3logos, fisioterapeutas, fonoaudi\u00f3logos, terapeutas ocupacionais com registro ativo em seus conselhos profissionais podem emitir recibos por meio do Receita Sa\u00fade. O Fisco esclarece que a ferramenta n\u00e3o se aplica aos prestadores de sa\u00fade pessoas jur\u00eddicas, que informam os dados por meio da Declara\u00e7\u00e3o de Servi\u00e7os M\u00e9dicos de Sa\u00fade (Dmed).<\/p>\n\n\n\n<h2 class=\"wp-block-heading\">Redu\u00e7\u00e3o de declara\u00e7\u00f5es<\/h2>\n\n\n\n<p class=\"wp-block-paragraph\">De acordo com a Receita Federal, a obrigatoriedade do\u00a0aplicativo deve reduzir significativamente o n\u00famero de declara\u00e7\u00f5es\u00a0do Imposto de Renda em malha fina. Em 2024, os problemas relativos a gastos m\u00e9dicos foram respons\u00e1veis por 51,6% do total de motivos para a reten\u00e7\u00e3o de 1,47 milh\u00e3o de declara\u00e7\u00f5es.<\/p>\n\n\n\n<p class=\"wp-block-paragraph\">Dispon\u00edvel nas lojas de aplicativos dos sistemas iOS (da Apple) e Android, o Receita Sa\u00fade deve ser baixado pelas pessoas f\u00edsicas que exercem atividades ligadas \u00e0 sa\u00fade registradas nos respectivos conselhos profissionais<\/p>\n\n\n\n<p class=\"wp-block-paragraph\">O recibo deve ser emitido no momento do pagamento da presta\u00e7\u00e3o do servi\u00e7o. Caso haja mais de um pagamento relativo a uma mesma presta\u00e7\u00e3o de servi\u00e7os, dever\u00e1 ser emitido um recibo para cada pagamento realizado. Em caso de erro no recibo, o documento digital pode ser cancelado at\u00e9 dez dias ap\u00f3s a data da emiss\u00e3o.<\/p>\n\n\n\n<p class=\"wp-block-paragraph\">A Receita Federal\u00a0<a href=\"https:\/\/www.gov.br\/receitafederal\/pt-br\/centrais-de-conteudo\/publicacoes\/manuais\/orientacao-tributaria\/receita-saude-publicado-12-12-24.pdf\" target=\"_blank\" rel=\"noreferrer noopener\">elaborou um manual\u00a0<\/a>com as principais perguntas e respostas relativas \u00e0 utiliza\u00e7\u00e3o do aplicativo.<\/p>\n","protected":false},"excerpt":{"rendered":"<p>A partir desta quarta-feira (1\u00ba), os profissionais de sa\u00fade pessoas f\u00edsicas dever\u00e3o dispensar o papel e poder\u00e3o emitir recibos apenas por meio do aplicativo Receita Sa\u00fade. A ferramenta, que promete reduzir a sonega\u00e7\u00e3o e o n\u00famero de declara\u00e7\u00f5es do Imposto de Renda na malha fina, passa a ser obrigat\u00f3ria em 2025. Utilizado por m\u00e9dicos, dentistas, [&hellip;]<\/p>\n","protected":false},"author":4,"featured_media":194532,"comment_status":"open","ping_status":"closed","sticky":false,"template":"","format":"standard","meta":{"amp_status":"","footnotes":""},"categories":[6,40242],"tags":[268768,268767,1018,1468,1464,268769],"class_list":["post-194531","post","type-post","status-publish","format-standard","has-post-thumbnail","hentry","category-br","category-saude-2","tag-aplicativo-receita-saude","tag-aplicativo-receita-saude-passa-a-ser-obrigatorio","tag-destaque","tag-imposto-de-renda","tag-receita-federal","tag-receita-saude"],"yoast_head":"<!-- This site is optimized with the Yoast SEO plugin v28.3 - https:\/\/yoast.com\/product\/yoast-seo-wordpress\/ -->\n<title>Aplicativo Receita Sa\u00fade passa a ser obrigat\u00f3rio - Aconteceu no Vale<\/title>\n<meta name=\"robots\" content=\"index, follow, max-snippet:-1, max-image-preview:large, max-video-preview:-1\" \/>\n<link rel=\"canonical\" href=\"https:\/\/aconteceunovale.com.br\/portal\/?p=194531\" \/>\n<meta property=\"og:locale\" content=\"pt_BR\" \/>\n<meta property=\"og:type\" content=\"article\" \/>\n<meta property=\"og:title\" content=\"Aplicativo Receita Sa\u00fade passa a ser obrigat\u00f3rio - Aconteceu no Vale\" \/>\n<meta property=\"og:description\" content=\"A partir desta quarta-feira (1\u00ba), os profissionais de sa\u00fade pessoas f\u00edsicas dever\u00e3o dispensar o papel e poder\u00e3o emitir recibos apenas por meio do aplicativo Receita Sa\u00fade. A ferramenta, que promete reduzir a sonega\u00e7\u00e3o e o n\u00famero de declara\u00e7\u00f5es do Imposto de Renda na malha fina, passa a ser obrigat\u00f3ria em 2025. Utilizado por m\u00e9dicos, dentistas, [&hellip;]\" \/>\n<meta property=\"og:url\" content=\"https:\/\/aconteceunovale.com.br\/portal\/?p=194531\" \/>\n<meta property=\"og:site_name\" content=\"Aconteceu no Vale\" \/>\n<meta property=\"article:publisher\" content=\"https:\/\/www.facebook.com\/aconteceunovale\/\" \/>\n<meta property=\"article:published_time\" content=\"2025-01-01T13:20:00+00:00\" \/>\n<meta property=\"article:modified_time\" content=\"2025-01-03T17:02:51+00:00\" \/>\n<meta property=\"og:image\" content=\"https:\/\/aconteceunovale.com.br\/portal\/wp-content\/uploads\/2025\/01\/receita_saude.png\" \/>\n\t<meta property=\"og:image:width\" content=\"678\" \/>\n\t<meta property=\"og:image:height\" content=\"381\" \/>\n\t<meta property=\"og:image:type\" content=\"image\/png\" \/>\n<meta name=\"author\" content=\"Reda\u00e7\u00e3o Aconteceu no Vale\" \/>\n<meta name=\"twitter:card\" content=\"summary_large_image\" \/>\n<meta name=\"twitter:creator\" content=\"@noticiadosvales\" \/>\n<meta name=\"twitter:site\" content=\"@noticiadosvales\" \/>\n<meta name=\"twitter:label1\" content=\"Escrito por\" \/>\n\t<meta name=\"twitter:data1\" content=\"Reda\u00e7\u00e3o Aconteceu no Vale\" \/>\n\t<meta name=\"twitter:label2\" content=\"Est. tempo de leitura\" \/>\n\t<meta name=\"twitter:data2\" content=\"2 minutos\" \/>\n<script type=\"application\/ld+json\" class=\"yoast-schema-graph\">{\"@context\":\"https:\\\/\\\/schema.org\",\"@graph\":[{\"@type\":\"Article\",\"@id\":\"https:\\\/\\\/aconteceunovale.com.br\\\/portal\\\/?p=194531#article\",\"isPartOf\":{\"@id\":\"https:\\\/\\\/aconteceunovale.com.br\\\/portal\\\/?p=194531\"},\"author\":{\"name\":\"Reda\u00e7\u00e3o Aconteceu no Vale\",\"@id\":\"https:\\\/\\\/aconteceunovale.com.br\\\/portal\\\/#\\\/schema\\\/person\\\/7d2f26d1483f8a63de73da1ee0754d35\"},\"headline\":\"Aplicativo Receita Sa\u00fade passa a ser obrigat\u00f3rio\",\"datePublished\":\"2025-01-01T13:20:00+00:00\",\"dateModified\":\"2025-01-03T17:02:51+00:00\",\"mainEntityOfPage\":{\"@id\":\"https:\\\/\\\/aconteceunovale.com.br\\\/portal\\\/?p=194531\"},\"wordCount\":407,\"commentCount\":0,\"image\":{\"@id\":\"https:\\\/\\\/aconteceunovale.com.br\\\/portal\\\/?p=194531#primaryimage\"},\"thumbnailUrl\":\"https:\\\/\\\/aconteceunovale.com.br\\\/portal\\\/wp-content\\\/uploads\\\/2025\\\/01\\\/receita_saude.png\",\"keywords\":[\"Aplicativo receita sa\u00fade\",\"Aplicativo Receita Sa\u00fade passa a ser obrigat\u00f3rio\",\"destaque\",\"imposto de renda\",\"receita federal\",\"receita sa\u00fade\"],\"articleSection\":[\"Brasil\",\"Sa\u00fade\"],\"inLanguage\":\"pt-BR\",\"potentialAction\":[{\"@type\":\"CommentAction\",\"name\":\"Comment\",\"target\":[\"https:\\\/\\\/aconteceunovale.com.br\\\/portal\\\/?p=194531#respond\"]}]},{\"@type\":\"WebPage\",\"@id\":\"https:\\\/\\\/aconteceunovale.com.br\\\/portal\\\/?p=194531\",\"url\":\"https:\\\/\\\/aconteceunovale.com.br\\\/portal\\\/?p=194531\",\"name\":\"Aplicativo Receita Sa\u00fade passa a ser obrigat\u00f3rio - Aconteceu no Vale\",\"isPartOf\":{\"@id\":\"https:\\\/\\\/aconteceunovale.com.br\\\/portal\\\/#website\"},\"primaryImageOfPage\":{\"@id\":\"https:\\\/\\\/aconteceunovale.com.br\\\/portal\\\/?p=194531#primaryimage\"},\"image\":{\"@id\":\"https:\\\/\\\/aconteceunovale.com.br\\\/portal\\\/?p=194531#primaryimage\"},\"thumbnailUrl\":\"https:\\\/\\\/aconteceunovale.com.br\\\/portal\\\/wp-content\\\/uploads\\\/2025\\\/01\\\/receita_saude.png\",\"datePublished\":\"2025-01-01T13:20:00+00:00\",\"dateModified\":\"2025-01-03T17:02:51+00:00\",\"author\":{\"@id\":\"https:\\\/\\\/aconteceunovale.com.br\\\/portal\\\/#\\\/schema\\\/person\\\/7d2f26d1483f8a63de73da1ee0754d35\"},\"breadcrumb\":{\"@id\":\"https:\\\/\\\/aconteceunovale.com.br\\\/portal\\\/?p=194531#breadcrumb\"},\"inLanguage\":\"pt-BR\",\"potentialAction\":[{\"@type\":\"ReadAction\",\"target\":[\"https:\\\/\\\/aconteceunovale.com.br\\\/portal\\\/?p=194531\"]}]},{\"@type\":\"ImageObject\",\"inLanguage\":\"pt-BR\",\"@id\":\"https:\\\/\\\/aconteceunovale.com.br\\\/portal\\\/?p=194531#primaryimage\",\"url\":\"https:\\\/\\\/aconteceunovale.com.br\\\/portal\\\/wp-content\\\/uploads\\\/2025\\\/01\\\/receita_saude.png\",\"contentUrl\":\"https:\\\/\\\/aconteceunovale.com.br\\\/portal\\\/wp-content\\\/uploads\\\/2025\\\/01\\\/receita_saude.png\",\"width\":678,\"height\":381},{\"@type\":\"BreadcrumbList\",\"@id\":\"https:\\\/\\\/aconteceunovale.com.br\\\/portal\\\/?p=194531#breadcrumb\",\"itemListElement\":[{\"@type\":\"ListItem\",\"position\":1,\"name\":\"In\u00edcio\",\"item\":\"https:\\\/\\\/aconteceunovale.com.br\\\/portal\\\/\"},{\"@type\":\"ListItem\",\"position\":2,\"name\":\"Aplicativo Receita Sa\u00fade passa a ser obrigat\u00f3rio\"}]},{\"@type\":\"WebSite\",\"@id\":\"https:\\\/\\\/aconteceunovale.com.br\\\/portal\\\/#website\",\"url\":\"https:\\\/\\\/aconteceunovale.com.br\\\/portal\\\/\",\"name\":\"Aconteceu no Vale\",\"description\":\"Portal de Not\u00edcias\",\"potentialAction\":[{\"@type\":\"SearchAction\",\"target\":{\"@type\":\"EntryPoint\",\"urlTemplate\":\"https:\\\/\\\/aconteceunovale.com.br\\\/portal\\\/?s={search_term_string}\"},\"query-input\":{\"@type\":\"PropertyValueSpecification\",\"valueRequired\":true,\"valueName\":\"search_term_string\"}}],\"inLanguage\":\"pt-BR\"},{\"@type\":\"Person\",\"@id\":\"https:\\\/\\\/aconteceunovale.com.br\\\/portal\\\/#\\\/schema\\\/person\\\/7d2f26d1483f8a63de73da1ee0754d35\",\"name\":\"Reda\u00e7\u00e3o Aconteceu no Vale\",\"description\":\"Equipe de reportagem do Aconteceu no Vale, portal de not\u00edcias do Vale do Jequitinhonha, em Minas Gerais. Cobrimos as 51 cidades do Vale desde 2013. Sugest\u00f5es de pauta e pedidos de corre\u00e7\u00e3o: contato@aconteceunovale.com.br\",\"url\":\"https:\\\/\\\/aconteceunovale.com.br\\\/portal\\\/?author=4\"}]}<\/script>\n<!-- \/ Yoast SEO plugin. -->","yoast_head_json":{"title":"Aplicativo Receita Sa\u00fade passa a ser obrigat\u00f3rio - Aconteceu no Vale","robots":{"index":"index","follow":"follow","max-snippet":"max-snippet:-1","max-image-preview":"max-image-preview:large","max-video-preview":"max-video-preview:-1"},"canonical":"https:\/\/aconteceunovale.com.br\/portal\/?p=194531","og_locale":"pt_BR","og_type":"article","og_title":"Aplicativo Receita Sa\u00fade passa a ser obrigat\u00f3rio - Aconteceu no Vale","og_description":"A partir desta quarta-feira (1\u00ba), os profissionais de sa\u00fade pessoas f\u00edsicas dever\u00e3o dispensar o papel e poder\u00e3o emitir recibos apenas por meio do aplicativo Receita Sa\u00fade. A ferramenta, que promete reduzir a sonega\u00e7\u00e3o e o n\u00famero de declara\u00e7\u00f5es do Imposto de Renda na malha fina, passa a ser obrigat\u00f3ria em 2025. Utilizado por m\u00e9dicos, dentistas, [&hellip;]","og_url":"https:\/\/aconteceunovale.com.br\/portal\/?p=194531","og_site_name":"Aconteceu no Vale","article_publisher":"https:\/\/www.facebook.com\/aconteceunovale\/","article_published_time":"2025-01-01T13:20:00+00:00","article_modified_time":"2025-01-03T17:02:51+00:00","og_image":[{"width":678,"height":381,"url":"https:\/\/aconteceunovale.com.br\/portal\/wp-content\/uploads\/2025\/01\/receita_saude.png","type":"image\/png"}],"author":"Reda\u00e7\u00e3o Aconteceu no Vale","twitter_card":"summary_large_image","twitter_creator":"@noticiadosvales","twitter_site":"@noticiadosvales","twitter_misc":{"Escrito por":"Reda\u00e7\u00e3o Aconteceu no Vale","Est. tempo de leitura":"2 minutos"},"schema":{"@context":"https:\/\/schema.org","@graph":[{"@type":"Article","@id":"https:\/\/aconteceunovale.com.br\/portal\/?p=194531#article","isPartOf":{"@id":"https:\/\/aconteceunovale.com.br\/portal\/?p=194531"},"author":{"name":"Reda\u00e7\u00e3o Aconteceu no Vale","@id":"https:\/\/aconteceunovale.com.br\/portal\/#\/schema\/person\/7d2f26d1483f8a63de73da1ee0754d35"},"headline":"Aplicativo Receita Sa\u00fade passa a ser obrigat\u00f3rio","datePublished":"2025-01-01T13:20:00+00:00","dateModified":"2025-01-03T17:02:51+00:00","mainEntityOfPage":{"@id":"https:\/\/aconteceunovale.com.br\/portal\/?p=194531"},"wordCount":407,"commentCount":0,"image":{"@id":"https:\/\/aconteceunovale.com.br\/portal\/?p=194531#primaryimage"},"thumbnailUrl":"https:\/\/aconteceunovale.com.br\/portal\/wp-content\/uploads\/2025\/01\/receita_saude.png","keywords":["Aplicativo receita sa\u00fade","Aplicativo Receita Sa\u00fade passa a ser obrigat\u00f3rio","destaque","imposto de renda","receita federal","receita sa\u00fade"],"articleSection":["Brasil","Sa\u00fade"],"inLanguage":"pt-BR","potentialAction":[{"@type":"CommentAction","name":"Comment","target":["https:\/\/aconteceunovale.com.br\/portal\/?p=194531#respond"]}]},{"@type":"WebPage","@id":"https:\/\/aconteceunovale.com.br\/portal\/?p=194531","url":"https:\/\/aconteceunovale.com.br\/portal\/?p=194531","name":"Aplicativo Receita Sa\u00fade passa a ser obrigat\u00f3rio - Aconteceu no Vale","isPartOf":{"@id":"https:\/\/aconteceunovale.com.br\/portal\/#website"},"primaryImageOfPage":{"@id":"https:\/\/aconteceunovale.com.br\/portal\/?p=194531#primaryimage"},"image":{"@id":"https:\/\/aconteceunovale.com.br\/portal\/?p=194531#primaryimage"},"thumbnailUrl":"https:\/\/aconteceunovale.com.br\/portal\/wp-content\/uploads\/2025\/01\/receita_saude.png","datePublished":"2025-01-01T13:20:00+00:00","dateModified":"2025-01-03T17:02:51+00:00","author":{"@id":"https:\/\/aconteceunovale.com.br\/portal\/#\/schema\/person\/7d2f26d1483f8a63de73da1ee0754d35"},"breadcrumb":{"@id":"https:\/\/aconteceunovale.com.br\/portal\/?p=194531#breadcrumb"},"inLanguage":"pt-BR","potentialAction":[{"@type":"ReadAction","target":["https:\/\/aconteceunovale.com.br\/portal\/?p=194531"]}]},{"@type":"ImageObject","inLanguage":"pt-BR","@id":"https:\/\/aconteceunovale.com.br\/portal\/?p=194531#primaryimage","url":"https:\/\/aconteceunovale.com.br\/portal\/wp-content\/uploads\/2025\/01\/receita_saude.png","contentUrl":"https:\/\/aconteceunovale.com.br\/portal\/wp-content\/uploads\/2025\/01\/receita_saude.png","width":678,"height":381},{"@type":"BreadcrumbList","@id":"https:\/\/aconteceunovale.com.br\/portal\/?p=194531#breadcrumb","itemListElement":[{"@type":"ListItem","position":1,"name":"In\u00edcio","item":"https:\/\/aconteceunovale.com.br\/portal\/"},{"@type":"ListItem","position":2,"name":"Aplicativo Receita Sa\u00fade passa a ser obrigat\u00f3rio"}]},{"@type":"WebSite","@id":"https:\/\/aconteceunovale.com.br\/portal\/#website","url":"https:\/\/aconteceunovale.com.br\/portal\/","name":"Aconteceu no Vale","description":"Portal de Not\u00edcias","potentialAction":[{"@type":"SearchAction","target":{"@type":"EntryPoint","urlTemplate":"https:\/\/aconteceunovale.com.br\/portal\/?s={search_term_string}"},"query-input":{"@type":"PropertyValueSpecification","valueRequired":true,"valueName":"search_term_string"}}],"inLanguage":"pt-BR"},{"@type":"Person","@id":"https:\/\/aconteceunovale.com.br\/portal\/#\/schema\/person\/7d2f26d1483f8a63de73da1ee0754d35","name":"Reda\u00e7\u00e3o Aconteceu no Vale","description":"Equipe de reportagem do Aconteceu no Vale, portal de not\u00edcias do Vale do Jequitinhonha, em Minas Gerais. Cobrimos as 51 cidades do Vale desde 2013. Sugest\u00f5es de pauta e pedidos de corre\u00e7\u00e3o: contato@aconteceunovale.com.br","url":"https:\/\/aconteceunovale.com.br\/portal\/?author=4"}]}},"_links":{"self":[{"href":"https:\/\/aconteceunovale.com.br\/portal\/index.php?rest_route=\/wp\/v2\/posts\/194531","targetHints":{"allow":["GET"]}}],"collection":[{"href":"https:\/\/aconteceunovale.com.br\/portal\/index.php?rest_route=\/wp\/v2\/posts"}],"about":[{"href":"https:\/\/aconteceunovale.com.br\/portal\/index.php?rest_route=\/wp\/v2\/types\/post"}],"author":[{"embeddable":true,"href":"https:\/\/aconteceunovale.com.br\/portal\/index.php?rest_route=\/wp\/v2\/users\/4"}],"replies":[{"embeddable":true,"href":"https:\/\/aconteceunovale.com.br\/portal\/index.php?rest_route=%2Fwp%2Fv2%2Fcomments&post=194531"}],"version-history":[{"count":1,"href":"https:\/\/aconteceunovale.com.br\/portal\/index.php?rest_route=\/wp\/v2\/posts\/194531\/revisions"}],"predecessor-version":[{"id":194533,"href":"https:\/\/aconteceunovale.com.br\/portal\/index.php?rest_route=\/wp\/v2\/posts\/194531\/revisions\/194533"}],"wp:featuredmedia":[{"embeddable":true,"href":"https:\/\/aconteceunovale.com.br\/portal\/index.php?rest_route=\/wp\/v2\/media\/194532"}],"wp:attachment":[{"href":"https:\/\/aconteceunovale.com.br\/portal\/index.php?rest_route=%2Fwp%2Fv2%2Fmedia&parent=194531"}],"wp:term":[{"taxonomy":"category","embeddable":true,"href":"https:\/\/aconteceunovale.com.br\/portal\/index.php?rest_route=%2Fwp%2Fv2%2Fcategories&post=194531"},{"taxonomy":"post_tag","embeddable":true,"href":"https:\/\/aconteceunovale.com.br\/portal\/index.php?rest_route=%2Fwp%2Fv2%2Ftags&post=194531"}],"curies":[{"name":"wp","href":"https:\/\/api.w.org\/{rel}","templated":true}]}}