{"id":19453,"date":"2014-01-26T14:01:09","date_gmt":"2014-01-26T16:01:09","guid":{"rendered":"http:\/\/aconteceunovale.com.br\/portal\/?p=19453"},"modified":"2014-01-26T14:02:41","modified_gmt":"2014-01-26T16:02:41","slug":"recursos-da-holanda-garante-reforma-de-auditorio-do-colegio-nazareth-em-aracuai","status":"publish","type":"post","link":"https:\/\/aconteceunovale.com.br\/portal\/?p=19453","title":{"rendered":"Recursos da Holanda garante reforma de audit\u00f3rio do Col\u00e9gio Nazareth em Ara\u00e7ua\u00ed"},"content":{"rendered":"<p>At\u00e9 mar\u00e7o dever\u00e3o estar conclu\u00eddas as obras de reforma do pr\u00e9dio de tr\u00eas andares do audit\u00f3rio do Col\u00e9gio Nazareth, em Ara\u00e7ua\u00ed , no Vale do Jequitinhonha.<\/p>\n<p>As reformas est\u00e3o sendo feitas com um recurso de R$ 750 mil proveniente do governo Geral da Congrega\u00e7\u00e3o das Irm\u00e3s Franciscanas de Oirschot, na Holanda.<\/p>\n<p>Cerca de 20 oper\u00e1rios trabalham na obra. Toda a parte hidr\u00e1ulica e el\u00e9trica est\u00e1 sendo trocada, al\u00e9m de nova pintura do pr\u00e9dio, constru\u00e7\u00e3o de banheiros com adapta\u00e7\u00f5es para deficientes, recupera\u00e7\u00e3o do telhado e troca do piso do 3\u00ba andar que, de acordo com a diretoria do Col\u00e9gio, ser\u00e1 alugado para uma universidade.<\/p>\n<p><img decoding=\"async\" src=\"http:\/\/aconteceunovale.com.br\/portal\/wp-content\/uploads\/2014\/01\/colegio_nazareth_ara_reforma.jpg\" alt=\"\" \/><br \/>\n<em><strong>O audit\u00f3rio do col\u00e9gio tem capacidade para cerca de 350 pessoas sentadas &#8211; (Foto: S\u00e9rgio Vasconcelos)<\/strong><\/em><\/p>\n<p>O Nazareth foi inaugurado em 23 de abril de 1926 por um grupo de Irm\u00e3s Franciscanas Holandesas e \u00e9 uma refer\u00eancia de ensino na regi\u00e3o do Vale do Jequitinhonha.<\/p>\n<p><em><strong>(Fonte: Gazeta de Ara\u00e7ua\u00ed)<\/strong><\/em><\/p>\n","protected":false},"excerpt":{"rendered":"<p>At\u00e9 mar\u00e7o dever\u00e3o estar conclu\u00eddas as obras de reforma do pr\u00e9dio de tr\u00eas andares do audit\u00f3rio do Col\u00e9gio Nazareth, em Ara\u00e7ua\u00ed , no Vale do Jequitinhonha. As reformas est\u00e3o sendo feitas com um recurso de R$ 750 mil proveniente do governo Geral da Congrega\u00e7\u00e3o das Irm\u00e3s Franciscanas de Oirschot, na Holanda. Cerca de 20 oper\u00e1rios [&hellip;]<\/p>\n","protected":false},"author":1,"featured_media":19454,"comment_status":"open","ping_status":"closed","sticky":false,"template":"","format":"standard","meta":{"amp_status":"","footnotes":""},"categories":[120],"tags":[186,3553,3552,3550,3551],"class_list":["post-19453","post","type-post","status-publish","format-standard","has-post-thumbnail","hentry","category-jequi","tag-aracuai","tag-colegio-nazareth","tag-congregacao-das-irmas-franciscanas-de-oirschot","tag-recursos-da-holanda-garante-reforma-de-auditorio-do-colegio-nazareth-em-aracuai","tag-reforma-de-auditorio-do-colegio-nazareth-em-aracuai"],"_links":{"self":[{"href":"https:\/\/aconteceunovale.com.br\/portal\/index.php?rest_route=\/wp\/v2\/posts\/19453","targetHints":{"allow":["GET"]}}],"collection":[{"href":"https:\/\/aconteceunovale.com.br\/portal\/index.php?rest_route=\/wp\/v2\/posts"}],"about":[{"href":"https:\/\/aconteceunovale.com.br\/portal\/index.php?rest_route=\/wp\/v2\/types\/post"}],"author":[{"embeddable":true,"href":"https:\/\/aconteceunovale.com.br\/portal\/index.php?rest_route=\/wp\/v2\/users\/1"}],"replies":[{"embeddable":true,"href":"https:\/\/aconteceunovale.com.br\/portal\/index.php?rest_route=%2Fwp%2Fv2%2Fcomments&post=19453"}],"version-history":[{"count":0,"href":"https:\/\/aconteceunovale.com.br\/portal\/index.php?rest_route=\/wp\/v2\/posts\/19453\/revisions"}],"wp:featuredmedia":[{"embeddable":true,"href":"https:\/\/aconteceunovale.com.br\/portal\/index.php?rest_route=\/wp\/v2\/media\/19454"}],"wp:attachment":[{"href":"https:\/\/aconteceunovale.com.br\/portal\/index.php?rest_route=%2Fwp%2Fv2%2Fmedia&parent=19453"}],"wp:term":[{"taxonomy":"category","embeddable":true,"href":"https:\/\/aconteceunovale.com.br\/portal\/index.php?rest_route=%2Fwp%2Fv2%2Fcategories&post=19453"},{"taxonomy":"post_tag","embeddable":true,"href":"https:\/\/aconteceunovale.com.br\/portal\/index.php?rest_route=%2Fwp%2Fv2%2Ftags&post=19453"}],"curies":[{"name":"wp","href":"https:\/\/api.w.org\/{rel}","templated":true}]}}