{"id":194526,"date":"2025-01-01T09:21:00","date_gmt":"2025-01-01T12:21:00","guid":{"rendered":"https:\/\/aconteceunovale.com.br\/portal\/?p=194526"},"modified":"2025-01-03T13:50:16","modified_gmt":"2025-01-03T16:50:16","slug":"cruzeiro-anuncia-a-contratacao-do-atacante-gabriel-barbosa","status":"publish","type":"post","link":"https:\/\/aconteceunovale.com.br\/portal\/?p=194526","title":{"rendered":"Cruzeiro anuncia a contrata\u00e7\u00e3o do atacante Gabriel Barbosa"},"content":{"rendered":"\n<p class=\"wp-block-paragraph\">A torcida do Cruzeiro iniciou 2025 recebendo um grande presente, a confirma\u00e7\u00e3o da contrata\u00e7\u00e3o do atacante Gabriel Barbosa. A Raposa anunciou o acerto com o ex-jogador do Flamengo nos primeiros segundos do 1\u00ba dia do ano.<\/p>\n\n\n\n<figure class=\"wp-block-gallery has-nested-images columns-default is-cropped wp-block-gallery-1 is-layout-flex wp-block-gallery-is-layout-flex\">\n<figure class=\"wp-block-image size-large\"><img loading=\"lazy\" decoding=\"async\" width=\"675\" height=\"450\" data-id=\"194527\" src=\"https:\/\/aconteceunovale.com.br\/portal\/wp-content\/uploads\/2025\/01\/gabigol_cruzeiro.png\" alt=\"\" class=\"wp-image-194527\" srcset=\"https:\/\/aconteceunovale.com.br\/portal\/wp-content\/uploads\/2025\/01\/gabigol_cruzeiro.png 675w, https:\/\/aconteceunovale.com.br\/portal\/wp-content\/uploads\/2025\/01\/gabigol_cruzeiro-300x200.png 300w, https:\/\/aconteceunovale.com.br\/portal\/wp-content\/uploads\/2025\/01\/gabigol_cruzeiro-630x420.png 630w\" sizes=\"auto, (max-width: 675px) 100vw, 675px\" \/><figcaption class=\"wp-element-caption\"><em>Imagem: Divulga\u00e7\u00e3o \/ Cruzeiro<\/em><\/figcaption><\/figure>\n<\/figure>\n\n\n\n<p class=\"wp-block-paragraph\">O centroavante de 28 anos, que \u00e9 um dos grandes \u00eddolos da hist\u00f3ria do Flamengo, equipe pela qual disputou 305 jogos e marcou 160 gols no espa\u00e7o de seis anos,&nbsp;conquistou 13 t\u00edtulos pelo Rubro-Negro da G\u00e1vea, entre eles duas edi\u00e7\u00f5es da Libertadores (2019 e 2022), dois Brasileiros (2019 e 2020) e duas Copas do Brasil (2022 e 2024).<\/p>\n\n\n\n<p class=\"wp-block-paragraph\">Gabigol \u00e9 o quinto refor\u00e7o anunciado pela Raposa para a pr\u00f3xima temporada, ap\u00f3s as chegadas do volante Christian, que estava no Athletico-PR, do meio-campista Rodriguinho, ex-Atl\u00e9tico-MG, e dos acantes Bolasie (que defendeu o Crici\u00fama) e Dudu (ex-Palmeiras).<\/p>\n\n\n\n<h2 class=\"wp-block-heading\">Apresenta\u00e7\u00e3o<\/h2>\n\n\n\n<p class=\"wp-block-paragraph\">O Cruzeiro apresentar\u00e1 oficialmente o seu novo jogador na tarde do pr\u00f3ximo s\u00e1bado (4) no est\u00e1dio do Mineir\u00e3o. Na festa de recep\u00e7\u00e3o, que ser\u00e1 realizada a partir das 12h (hor\u00e1rio de Bras\u00edlia), Gabriel Barbosa conceder\u00e1 uma entrevista coletiva e vestir\u00e1 a camisa da Raposa.<\/p>\n","protected":false},"excerpt":{"rendered":"<p>A torcida do Cruzeiro iniciou 2025 recebendo um grande presente, a confirma\u00e7\u00e3o da contrata\u00e7\u00e3o do atacante Gabriel Barbosa. A Raposa anunciou o acerto com o ex-jogador do Flamengo nos primeiros segundos do 1\u00ba dia do ano. O centroavante de 28 anos, que \u00e9 um dos grandes \u00eddolos da hist\u00f3ria do Flamengo, equipe pela qual disputou [&hellip;]<\/p>\n","protected":false},"author":4,"featured_media":194527,"comment_status":"open","ping_status":"closed","sticky":false,"template":"","format":"standard","meta":{"amp_status":"","footnotes":""},"categories":[6,59,123],"tags":[1017,682,268762,1018,14190,268763,109858,40917,131],"class_list":["post-194526","post","type-post","status-publish","format-standard","has-post-thumbnail","hentry","category-br","category-esportes","category-gerais","tag-bh","tag-cruzeiro","tag-cruzeiro-anuncia-a-contratacao-do-atacante-gabriel-barbosa","tag-destaque","tag-flamengo","tag-gabi-gol","tag-gabriel-barbosa","tag-mg","tag-minas-gerais"],"yoast_head":"<!-- This site is optimized with the Yoast SEO plugin v28.3 - https:\/\/yoast.com\/product\/yoast-seo-wordpress\/ -->\n<title>Cruzeiro anuncia a contrata\u00e7\u00e3o do atacante Gabriel Barbosa - Aconteceu no Vale<\/title>\n<meta name=\"robots\" content=\"index, follow, max-snippet:-1, max-image-preview:large, max-video-preview:-1\" \/>\n<link rel=\"canonical\" href=\"https:\/\/aconteceunovale.com.br\/portal\/?p=194526\" \/>\n<meta property=\"og:locale\" content=\"pt_BR\" \/>\n<meta property=\"og:type\" content=\"article\" \/>\n<meta property=\"og:title\" content=\"Cruzeiro anuncia a contrata\u00e7\u00e3o do atacante Gabriel Barbosa - Aconteceu no Vale\" \/>\n<meta property=\"og:description\" content=\"A torcida do Cruzeiro iniciou 2025 recebendo um grande presente, a confirma\u00e7\u00e3o da contrata\u00e7\u00e3o do atacante Gabriel Barbosa. A Raposa anunciou o acerto com o ex-jogador do Flamengo nos primeiros segundos do 1\u00ba dia do ano. O centroavante de 28 anos, que \u00e9 um dos grandes \u00eddolos da hist\u00f3ria do Flamengo, equipe pela qual disputou [&hellip;]\" \/>\n<meta property=\"og:url\" content=\"https:\/\/aconteceunovale.com.br\/portal\/?p=194526\" \/>\n<meta property=\"og:site_name\" content=\"Aconteceu no Vale\" \/>\n<meta property=\"article:publisher\" content=\"https:\/\/www.facebook.com\/aconteceunovale\/\" \/>\n<meta property=\"article:published_time\" content=\"2025-01-01T12:21:00+00:00\" \/>\n<meta property=\"article:modified_time\" content=\"2025-01-03T16:50:16+00:00\" \/>\n<meta property=\"og:image\" content=\"https:\/\/aconteceunovale.com.br\/portal\/wp-content\/uploads\/2025\/01\/gabigol_cruzeiro.png\" \/>\n\t<meta property=\"og:image:width\" content=\"675\" \/>\n\t<meta property=\"og:image:height\" content=\"450\" \/>\n\t<meta property=\"og:image:type\" content=\"image\/png\" \/>\n<meta name=\"author\" content=\"Reda\u00e7\u00e3o Aconteceu no Vale\" \/>\n<meta name=\"twitter:card\" content=\"summary_large_image\" \/>\n<meta name=\"twitter:creator\" content=\"@noticiadosvales\" \/>\n<meta name=\"twitter:site\" content=\"@noticiadosvales\" \/>\n<meta name=\"twitter:label1\" content=\"Escrito por\" \/>\n\t<meta name=\"twitter:data1\" content=\"Reda\u00e7\u00e3o Aconteceu no Vale\" \/>\n\t<meta name=\"twitter:label2\" content=\"Est. tempo de leitura\" \/>\n\t<meta name=\"twitter:data2\" content=\"1 minuto\" \/>\n<script type=\"application\/ld+json\" class=\"yoast-schema-graph\">{\"@context\":\"https:\\\/\\\/schema.org\",\"@graph\":[{\"@type\":\"Article\",\"@id\":\"https:\\\/\\\/aconteceunovale.com.br\\\/portal\\\/?p=194526#article\",\"isPartOf\":{\"@id\":\"https:\\\/\\\/aconteceunovale.com.br\\\/portal\\\/?p=194526\"},\"author\":{\"name\":\"Reda\u00e7\u00e3o Aconteceu no Vale\",\"@id\":\"https:\\\/\\\/aconteceunovale.com.br\\\/portal\\\/#\\\/schema\\\/person\\\/7d2f26d1483f8a63de73da1ee0754d35\"},\"headline\":\"Cruzeiro anuncia a contrata\u00e7\u00e3o do atacante Gabriel Barbosa\",\"datePublished\":\"2025-01-01T12:21:00+00:00\",\"dateModified\":\"2025-01-03T16:50:16+00:00\",\"mainEntityOfPage\":{\"@id\":\"https:\\\/\\\/aconteceunovale.com.br\\\/portal\\\/?p=194526\"},\"wordCount\":196,\"commentCount\":0,\"image\":{\"@id\":\"https:\\\/\\\/aconteceunovale.com.br\\\/portal\\\/?p=194526#primaryimage\"},\"thumbnailUrl\":\"https:\\\/\\\/aconteceunovale.com.br\\\/portal\\\/wp-content\\\/uploads\\\/2025\\\/01\\\/gabigol_cruzeiro.png\",\"keywords\":[\"bh\",\"Cruzeiro\",\"Cruzeiro anuncia a contrata\u00e7\u00e3o do atacante Gabriel Barbosa\",\"destaque\",\"Flamengo\",\"Gabi Gol\",\"Gabriel Barbosa\",\"MG\",\"Minas Gerais\"],\"articleSection\":[\"Brasil\",\"Esportes\",\"Minas Gerais\"],\"inLanguage\":\"pt-BR\",\"potentialAction\":[{\"@type\":\"CommentAction\",\"name\":\"Comment\",\"target\":[\"https:\\\/\\\/aconteceunovale.com.br\\\/portal\\\/?p=194526#respond\"]}]},{\"@type\":\"WebPage\",\"@id\":\"https:\\\/\\\/aconteceunovale.com.br\\\/portal\\\/?p=194526\",\"url\":\"https:\\\/\\\/aconteceunovale.com.br\\\/portal\\\/?p=194526\",\"name\":\"Cruzeiro anuncia a contrata\u00e7\u00e3o do atacante Gabriel Barbosa - Aconteceu no Vale\",\"isPartOf\":{\"@id\":\"https:\\\/\\\/aconteceunovale.com.br\\\/portal\\\/#website\"},\"primaryImageOfPage\":{\"@id\":\"https:\\\/\\\/aconteceunovale.com.br\\\/portal\\\/?p=194526#primaryimage\"},\"image\":{\"@id\":\"https:\\\/\\\/aconteceunovale.com.br\\\/portal\\\/?p=194526#primaryimage\"},\"thumbnailUrl\":\"https:\\\/\\\/aconteceunovale.com.br\\\/portal\\\/wp-content\\\/uploads\\\/2025\\\/01\\\/gabigol_cruzeiro.png\",\"datePublished\":\"2025-01-01T12:21:00+00:00\",\"dateModified\":\"2025-01-03T16:50:16+00:00\",\"author\":{\"@id\":\"https:\\\/\\\/aconteceunovale.com.br\\\/portal\\\/#\\\/schema\\\/person\\\/7d2f26d1483f8a63de73da1ee0754d35\"},\"breadcrumb\":{\"@id\":\"https:\\\/\\\/aconteceunovale.com.br\\\/portal\\\/?p=194526#breadcrumb\"},\"inLanguage\":\"pt-BR\",\"potentialAction\":[{\"@type\":\"ReadAction\",\"target\":[\"https:\\\/\\\/aconteceunovale.com.br\\\/portal\\\/?p=194526\"]}]},{\"@type\":\"ImageObject\",\"inLanguage\":\"pt-BR\",\"@id\":\"https:\\\/\\\/aconteceunovale.com.br\\\/portal\\\/?p=194526#primaryimage\",\"url\":\"https:\\\/\\\/aconteceunovale.com.br\\\/portal\\\/wp-content\\\/uploads\\\/2025\\\/01\\\/gabigol_cruzeiro.png\",\"contentUrl\":\"https:\\\/\\\/aconteceunovale.com.br\\\/portal\\\/wp-content\\\/uploads\\\/2025\\\/01\\\/gabigol_cruzeiro.png\",\"width\":675,\"height\":450,\"caption\":\"Imagem: Divulga\u00e7\u00e3o \\\/ Cruzeiro\"},{\"@type\":\"BreadcrumbList\",\"@id\":\"https:\\\/\\\/aconteceunovale.com.br\\\/portal\\\/?p=194526#breadcrumb\",\"itemListElement\":[{\"@type\":\"ListItem\",\"position\":1,\"name\":\"In\u00edcio\",\"item\":\"https:\\\/\\\/aconteceunovale.com.br\\\/portal\\\/\"},{\"@type\":\"ListItem\",\"position\":2,\"name\":\"Cruzeiro anuncia a contrata\u00e7\u00e3o do atacante Gabriel Barbosa\"}]},{\"@type\":\"WebSite\",\"@id\":\"https:\\\/\\\/aconteceunovale.com.br\\\/portal\\\/#website\",\"url\":\"https:\\\/\\\/aconteceunovale.com.br\\\/portal\\\/\",\"name\":\"Aconteceu no Vale\",\"description\":\"Portal de Not\u00edcias\",\"potentialAction\":[{\"@type\":\"SearchAction\",\"target\":{\"@type\":\"EntryPoint\",\"urlTemplate\":\"https:\\\/\\\/aconteceunovale.com.br\\\/portal\\\/?s={search_term_string}\"},\"query-input\":{\"@type\":\"PropertyValueSpecification\",\"valueRequired\":true,\"valueName\":\"search_term_string\"}}],\"inLanguage\":\"pt-BR\"},{\"@type\":\"Person\",\"@id\":\"https:\\\/\\\/aconteceunovale.com.br\\\/portal\\\/#\\\/schema\\\/person\\\/7d2f26d1483f8a63de73da1ee0754d35\",\"name\":\"Reda\u00e7\u00e3o Aconteceu no Vale\",\"description\":\"Equipe de reportagem do Aconteceu no Vale, portal de not\u00edcias do Vale do Jequitinhonha, em Minas Gerais. Cobrimos as 51 cidades do Vale desde 2013. Sugest\u00f5es de pauta e pedidos de corre\u00e7\u00e3o: contato@aconteceunovale.com.br\",\"url\":\"https:\\\/\\\/aconteceunovale.com.br\\\/portal\\\/?author=4\"}]}<\/script>\n<!-- \/ Yoast SEO plugin. -->","yoast_head_json":{"title":"Cruzeiro anuncia a contrata\u00e7\u00e3o do atacante Gabriel Barbosa - Aconteceu no Vale","robots":{"index":"index","follow":"follow","max-snippet":"max-snippet:-1","max-image-preview":"max-image-preview:large","max-video-preview":"max-video-preview:-1"},"canonical":"https:\/\/aconteceunovale.com.br\/portal\/?p=194526","og_locale":"pt_BR","og_type":"article","og_title":"Cruzeiro anuncia a contrata\u00e7\u00e3o do atacante Gabriel Barbosa - Aconteceu no Vale","og_description":"A torcida do Cruzeiro iniciou 2025 recebendo um grande presente, a confirma\u00e7\u00e3o da contrata\u00e7\u00e3o do atacante Gabriel Barbosa. A Raposa anunciou o acerto com o ex-jogador do Flamengo nos primeiros segundos do 1\u00ba dia do ano. O centroavante de 28 anos, que \u00e9 um dos grandes \u00eddolos da hist\u00f3ria do Flamengo, equipe pela qual disputou [&hellip;]","og_url":"https:\/\/aconteceunovale.com.br\/portal\/?p=194526","og_site_name":"Aconteceu no Vale","article_publisher":"https:\/\/www.facebook.com\/aconteceunovale\/","article_published_time":"2025-01-01T12:21:00+00:00","article_modified_time":"2025-01-03T16:50:16+00:00","og_image":[{"width":675,"height":450,"url":"https:\/\/aconteceunovale.com.br\/portal\/wp-content\/uploads\/2025\/01\/gabigol_cruzeiro.png","type":"image\/png"}],"author":"Reda\u00e7\u00e3o Aconteceu no Vale","twitter_card":"summary_large_image","twitter_creator":"@noticiadosvales","twitter_site":"@noticiadosvales","twitter_misc":{"Escrito por":"Reda\u00e7\u00e3o Aconteceu no Vale","Est. tempo de leitura":"1 minuto"},"schema":{"@context":"https:\/\/schema.org","@graph":[{"@type":"Article","@id":"https:\/\/aconteceunovale.com.br\/portal\/?p=194526#article","isPartOf":{"@id":"https:\/\/aconteceunovale.com.br\/portal\/?p=194526"},"author":{"name":"Reda\u00e7\u00e3o Aconteceu no Vale","@id":"https:\/\/aconteceunovale.com.br\/portal\/#\/schema\/person\/7d2f26d1483f8a63de73da1ee0754d35"},"headline":"Cruzeiro anuncia a contrata\u00e7\u00e3o do atacante Gabriel Barbosa","datePublished":"2025-01-01T12:21:00+00:00","dateModified":"2025-01-03T16:50:16+00:00","mainEntityOfPage":{"@id":"https:\/\/aconteceunovale.com.br\/portal\/?p=194526"},"wordCount":196,"commentCount":0,"image":{"@id":"https:\/\/aconteceunovale.com.br\/portal\/?p=194526#primaryimage"},"thumbnailUrl":"https:\/\/aconteceunovale.com.br\/portal\/wp-content\/uploads\/2025\/01\/gabigol_cruzeiro.png","keywords":["bh","Cruzeiro","Cruzeiro anuncia a contrata\u00e7\u00e3o do atacante Gabriel Barbosa","destaque","Flamengo","Gabi Gol","Gabriel Barbosa","MG","Minas Gerais"],"articleSection":["Brasil","Esportes","Minas Gerais"],"inLanguage":"pt-BR","potentialAction":[{"@type":"CommentAction","name":"Comment","target":["https:\/\/aconteceunovale.com.br\/portal\/?p=194526#respond"]}]},{"@type":"WebPage","@id":"https:\/\/aconteceunovale.com.br\/portal\/?p=194526","url":"https:\/\/aconteceunovale.com.br\/portal\/?p=194526","name":"Cruzeiro anuncia a contrata\u00e7\u00e3o do atacante Gabriel Barbosa - Aconteceu no Vale","isPartOf":{"@id":"https:\/\/aconteceunovale.com.br\/portal\/#website"},"primaryImageOfPage":{"@id":"https:\/\/aconteceunovale.com.br\/portal\/?p=194526#primaryimage"},"image":{"@id":"https:\/\/aconteceunovale.com.br\/portal\/?p=194526#primaryimage"},"thumbnailUrl":"https:\/\/aconteceunovale.com.br\/portal\/wp-content\/uploads\/2025\/01\/gabigol_cruzeiro.png","datePublished":"2025-01-01T12:21:00+00:00","dateModified":"2025-01-03T16:50:16+00:00","author":{"@id":"https:\/\/aconteceunovale.com.br\/portal\/#\/schema\/person\/7d2f26d1483f8a63de73da1ee0754d35"},"breadcrumb":{"@id":"https:\/\/aconteceunovale.com.br\/portal\/?p=194526#breadcrumb"},"inLanguage":"pt-BR","potentialAction":[{"@type":"ReadAction","target":["https:\/\/aconteceunovale.com.br\/portal\/?p=194526"]}]},{"@type":"ImageObject","inLanguage":"pt-BR","@id":"https:\/\/aconteceunovale.com.br\/portal\/?p=194526#primaryimage","url":"https:\/\/aconteceunovale.com.br\/portal\/wp-content\/uploads\/2025\/01\/gabigol_cruzeiro.png","contentUrl":"https:\/\/aconteceunovale.com.br\/portal\/wp-content\/uploads\/2025\/01\/gabigol_cruzeiro.png","width":675,"height":450,"caption":"Imagem: Divulga\u00e7\u00e3o \/ Cruzeiro"},{"@type":"BreadcrumbList","@id":"https:\/\/aconteceunovale.com.br\/portal\/?p=194526#breadcrumb","itemListElement":[{"@type":"ListItem","position":1,"name":"In\u00edcio","item":"https:\/\/aconteceunovale.com.br\/portal\/"},{"@type":"ListItem","position":2,"name":"Cruzeiro anuncia a contrata\u00e7\u00e3o do atacante Gabriel Barbosa"}]},{"@type":"WebSite","@id":"https:\/\/aconteceunovale.com.br\/portal\/#website","url":"https:\/\/aconteceunovale.com.br\/portal\/","name":"Aconteceu no Vale","description":"Portal de Not\u00edcias","potentialAction":[{"@type":"SearchAction","target":{"@type":"EntryPoint","urlTemplate":"https:\/\/aconteceunovale.com.br\/portal\/?s={search_term_string}"},"query-input":{"@type":"PropertyValueSpecification","valueRequired":true,"valueName":"search_term_string"}}],"inLanguage":"pt-BR"},{"@type":"Person","@id":"https:\/\/aconteceunovale.com.br\/portal\/#\/schema\/person\/7d2f26d1483f8a63de73da1ee0754d35","name":"Reda\u00e7\u00e3o Aconteceu no Vale","description":"Equipe de reportagem do Aconteceu no Vale, portal de not\u00edcias do Vale do Jequitinhonha, em Minas Gerais. Cobrimos as 51 cidades do Vale desde 2013. Sugest\u00f5es de pauta e pedidos de corre\u00e7\u00e3o: contato@aconteceunovale.com.br","url":"https:\/\/aconteceunovale.com.br\/portal\/?author=4"}]}},"_links":{"self":[{"href":"https:\/\/aconteceunovale.com.br\/portal\/index.php?rest_route=\/wp\/v2\/posts\/194526","targetHints":{"allow":["GET"]}}],"collection":[{"href":"https:\/\/aconteceunovale.com.br\/portal\/index.php?rest_route=\/wp\/v2\/posts"}],"about":[{"href":"https:\/\/aconteceunovale.com.br\/portal\/index.php?rest_route=\/wp\/v2\/types\/post"}],"author":[{"embeddable":true,"href":"https:\/\/aconteceunovale.com.br\/portal\/index.php?rest_route=\/wp\/v2\/users\/4"}],"replies":[{"embeddable":true,"href":"https:\/\/aconteceunovale.com.br\/portal\/index.php?rest_route=%2Fwp%2Fv2%2Fcomments&post=194526"}],"version-history":[{"count":1,"href":"https:\/\/aconteceunovale.com.br\/portal\/index.php?rest_route=\/wp\/v2\/posts\/194526\/revisions"}],"predecessor-version":[{"id":194528,"href":"https:\/\/aconteceunovale.com.br\/portal\/index.php?rest_route=\/wp\/v2\/posts\/194526\/revisions\/194528"}],"wp:featuredmedia":[{"embeddable":true,"href":"https:\/\/aconteceunovale.com.br\/portal\/index.php?rest_route=\/wp\/v2\/media\/194527"}],"wp:attachment":[{"href":"https:\/\/aconteceunovale.com.br\/portal\/index.php?rest_route=%2Fwp%2Fv2%2Fmedia&parent=194526"}],"wp:term":[{"taxonomy":"category","embeddable":true,"href":"https:\/\/aconteceunovale.com.br\/portal\/index.php?rest_route=%2Fwp%2Fv2%2Fcategories&post=194526"},{"taxonomy":"post_tag","embeddable":true,"href":"https:\/\/aconteceunovale.com.br\/portal\/index.php?rest_route=%2Fwp%2Fv2%2Ftags&post=194526"}],"curies":[{"name":"wp","href":"https:\/\/api.w.org\/{rel}","templated":true}]}}