{"id":194483,"date":"2024-09-08T11:32:43","date_gmt":"2024-09-08T14:32:43","guid":{"rendered":"https:\/\/aconteceunovale.com.br\/portal\/?p=194483"},"modified":"2024-09-09T09:23:53","modified_gmt":"2024-09-09T12:23:53","slug":"edmundo-gonzalez-deixa-a-venezuela-e-recebe-asilo-na-espanha","status":"publish","type":"post","link":"https:\/\/aconteceunovale.com.br\/portal\/?p=194483","title":{"rendered":"Edmundo Gonz\u00e1lez deixa a Venezuela e recebe asilo na Espanha"},"content":{"rendered":"\n<p class=\"wp-block-paragraph\">Um avi\u00e3o da For\u00e7a A\u00e9rea da Espanha retirou o opositor Edmundo Gonz\u00e1lez Urrutia da Venezuela com destino \u00e0 Espanha, em um acordo com o governo de Nicol\u00e1s Maduro para conceder asilo ao pol\u00edtico que contestou o resultado eleitoral que deu a reelei\u00e7\u00e3o a Maduro no dia 28 de julho. Sua madrinha pol\u00edtica, Mar\u00eda Corina Machado, informou que ele chegou no pa\u00eds europeu na manh\u00e3 deste domingo (8).<img decoding=\"async\" src=\"https:\/\/agenciabrasil.ebc.com.br\/ebc.png?id=1611150&amp;o=node\"><img decoding=\"async\" src=\"https:\/\/agenciabrasil.ebc.com.br\/ebc.gif?id=1611150&amp;o=node\"><\/p>\n\n\n\n<figure class=\"wp-block-gallery has-nested-images columns-default is-cropped wp-block-gallery-1 is-layout-flex wp-block-gallery-is-layout-flex\">\n<figure class=\"wp-block-image size-large\"><img loading=\"lazy\" decoding=\"async\" width=\"678\" height=\"405\" data-id=\"194484\" src=\"https:\/\/aconteceunovale.com.br\/portal\/wp-content\/uploads\/2024\/09\/gonzalez.jpg\" alt=\"\" class=\"wp-image-194484\" srcset=\"https:\/\/aconteceunovale.com.br\/portal\/wp-content\/uploads\/2024\/09\/gonzalez.jpg 678w, https:\/\/aconteceunovale.com.br\/portal\/wp-content\/uploads\/2024\/09\/gonzalez-300x179.jpg 300w\" sizes=\"auto, (max-width: 678px) 100vw, 678px\" \/><figcaption class=\"wp-element-caption\"><em>Foto: Facebook\/@edmundogonzalezu<\/em><\/figcaption><\/figure>\n<\/figure>\n\n\n\n<p class=\"wp-block-paragraph\">A vice-presidente da Venezuela, Delcy Rodr\u00edguez, informou no final da noite desse s\u00e1bado (7) que o governo concedeu asilo pol\u00edtico a Edmundo ap\u00f3s ele se refugiar durante dias na embaixada da Espanha&nbsp;em Caracas.<\/p>\n\n\n\n<p class=\"wp-block-paragraph\">\u201cUma vez ocorridos os contatos pertinentes entre ambos os governos, cumpridos os extremos do caso e de acordo com a legalidade internacional, a Venezuela concedeu o devido salvo-conduto em prol da tranquilidade e da paz pol\u00edtica do pa\u00eds. Esta conduta reafirma o respeito ao Direito que tem prevalecido na atua\u00e7\u00e3o da Rep\u00fablica Bolivariana da Venezuela na comunidade internacional\u201d, afirmou Rodr\u00edguez em uma rede social.<\/p>\n\n\n\n<p class=\"wp-block-paragraph\">O ministro das Rela\u00e7\u00f5es Exteriores da Espanha, Jos\u00e9 Manuel Albares, informou que o asilo foi solicitado pelo pr\u00f3prio opositor. \u201cO governo da Espanha est\u00e1 comprometido com os direitos pol\u00edticos e a integridade f\u00edsica de todos os venezuelanos\u201d, destacou o minist\u00e9rio, em nota.<\/p>\n\n\n\n<p class=\"wp-block-paragraph\">Edmundo Gonz\u00e1lez deixou a Venezuela dias depois da Justi\u00e7a pedir sua pris\u00e3o por \u201crisco de fuga\u201d, ap\u00f3s n\u00e3o comparecer a tr\u00eas depoimentos para os quais foi notificado pelo Minist\u00e9rio P\u00fablico (MP) do pa\u00eds. Ele deveria prestar depoimento na investiga\u00e7\u00e3o\u00a0sobre a p\u00e1gina na internet com as supostas atas eleitorais da oposi\u00e7\u00e3o que d\u00e3o vit\u00f3ria a Edmundo\u00a0na vota\u00e7\u00e3o do dia 28 de julho.\u00a0<\/p>\n\n\n\n<p class=\"wp-block-paragraph\">A l\u00edder Mar\u00eda Corina Machado justificou que a sa\u00edda dele do pa\u00eds era necess\u00e1ria porque, segundo ela, sua vida corria perigo. \u201cAs intima\u00e7\u00f5es, o mandado de deten\u00e7\u00e3o e at\u00e9 as tentativas de chantagem e coa\u00e7\u00e3o a que t\u00eam sido sujeito mostram que o regime n\u00e3o tem escr\u00fapulos nem limites na sua obsess\u00e3o em silenci\u00e1-lo e tentar subjug\u00e1-lo\u201d, declarou, em uma rede social. O governo brasileiro, em conjunto com o colombiano, havia manifestado preocupa\u00e7\u00e3o&nbsp;com o pedido de deten\u00e7\u00e3o emitido pelo MP venezuelano.<\/p>\n\n\n\n<h2 class=\"wp-block-heading\">Investiga\u00e7\u00e3o<\/h2>\n\n\n\n<p class=\"wp-block-paragraph\">O MP venezuelano avalia que a manuten\u00e7\u00e3o da p\u00e1gina da oposi\u00e7\u00e3o com as supostas atas pode incorrer em crimes como \u201cusurpa\u00e7\u00e3o de fun\u00e7\u00f5es, forjamento de documento p\u00fablico,&nbsp;instiga\u00e7\u00e3o \u00e0 desobedi\u00eancia das leis, delitos inform\u00e1ticos e&nbsp;associa\u00e7\u00e3o para delinquir e conspira\u00e7\u00e3o\u201d.<\/p>\n\n\n\n<p class=\"wp-block-paragraph\">A investiga\u00e7\u00e3o do MP da Venezuela aponta que a p\u00e1gina na internet busca apropriar-se das compet\u00eancias do Conselho Nacional Eleitoral (CNE), \u00fanica institui\u00e7\u00e3o com poder para publicar os resultados das elei\u00e7\u00f5es na Venezuela.<\/p>\n\n\n\n<p class=\"wp-block-paragraph\">As autoridades venezuelanas afirmam que mais de nove mil atas publicadas s\u00e3o falsas. J\u00e1 o Tribunal Supremo de Justi\u00e7a do pa\u00eds, ap\u00f3s per\u00edcia, ratificou a vit\u00f3ria do presidente Nicol\u00e1s Maduro em 28 de julho. Por\u00e9m, os dados da elei\u00e7\u00e3o por mesa de vota\u00e7\u00e3o ainda n\u00e3o foram divulgados publicamente.&nbsp;<\/p>\n","protected":false},"excerpt":{"rendered":"<p>Um avi\u00e3o da For\u00e7a A\u00e9rea da Espanha retirou o opositor Edmundo Gonz\u00e1lez Urrutia da Venezuela com destino \u00e0 Espanha, em um acordo com o governo de Nicol\u00e1s Maduro para conceder asilo ao pol\u00edtico que contestou o resultado eleitoral que deu a reelei\u00e7\u00e3o a Maduro no dia 28 de julho. Sua madrinha pol\u00edtica, Mar\u00eda Corina Machado, [&hellip;]<\/p>\n","protected":false},"author":4,"featured_media":194484,"comment_status":"open","ping_status":"closed","sticky":false,"template":"","format":"standard","meta":{"amp_status":"","footnotes":""},"categories":[28848],"tags":[268728,141462,268725,1018,268724,268727,268726,18393,268729,28596,18922],"class_list":["post-194483","post","type-post","status-publish","format-standard","has-post-thumbnail","hentry","category-mundo","tag-asilo-edmundo-gonzalez","tag-delcy-rodriguez","tag-democracia-na-venezuela","tag-destaque","tag-edmundo-gonzalez-urrutia","tag-edmundo-gonzalez-venezuela","tag-maria-corina-machado","tag-nicolas-maduro","tag-venezuela"],"yoast_head":"<!-- This site is optimized with the Yoast SEO plugin v28.3 - https:\/\/yoast.com\/product\/yoast-seo-wordpress\/ -->\n<title>Edmundo Gonz\u00e1lez deixa a Venezuela e recebe asilo na Espanha - Aconteceu no Vale<\/title>\n<meta name=\"robots\" content=\"index, follow, max-snippet:-1, max-image-preview:large, max-video-preview:-1\" \/>\n<link rel=\"canonical\" href=\"https:\/\/aconteceunovale.com.br\/portal\/?p=194483\" \/>\n<meta property=\"og:locale\" content=\"pt_BR\" \/>\n<meta property=\"og:type\" content=\"article\" \/>\n<meta property=\"og:title\" content=\"Edmundo Gonz\u00e1lez deixa a Venezuela e recebe asilo na Espanha - Aconteceu no Vale\" \/>\n<meta property=\"og:description\" content=\"Um avi\u00e3o da For\u00e7a A\u00e9rea da Espanha retirou o opositor Edmundo Gonz\u00e1lez Urrutia da Venezuela com destino \u00e0 Espanha, em um acordo com o governo de Nicol\u00e1s Maduro para conceder asilo ao pol\u00edtico que contestou o resultado eleitoral que deu a reelei\u00e7\u00e3o a Maduro no dia 28 de julho. Sua madrinha pol\u00edtica, Mar\u00eda Corina Machado, [&hellip;]\" \/>\n<meta property=\"og:url\" content=\"https:\/\/aconteceunovale.com.br\/portal\/?p=194483\" \/>\n<meta property=\"og:site_name\" content=\"Aconteceu no Vale\" \/>\n<meta property=\"article:publisher\" content=\"https:\/\/www.facebook.com\/aconteceunovale\/\" \/>\n<meta property=\"article:published_time\" content=\"2024-09-08T14:32:43+00:00\" \/>\n<meta property=\"article:modified_time\" content=\"2024-09-09T12:23:53+00:00\" \/>\n<meta property=\"og:image\" content=\"https:\/\/aconteceunovale.com.br\/portal\/wp-content\/uploads\/2024\/09\/gonzalez.jpg\" \/>\n\t<meta property=\"og:image:width\" content=\"678\" \/>\n\t<meta property=\"og:image:height\" content=\"405\" \/>\n\t<meta property=\"og:image:type\" content=\"image\/jpeg\" \/>\n<meta name=\"author\" content=\"Reda\u00e7\u00e3o Aconteceu no Vale\" \/>\n<meta name=\"twitter:card\" content=\"summary_large_image\" \/>\n<meta name=\"twitter:creator\" content=\"@noticiadosvales\" \/>\n<meta name=\"twitter:site\" content=\"@noticiadosvales\" \/>\n<meta name=\"twitter:label1\" content=\"Escrito por\" \/>\n\t<meta name=\"twitter:data1\" content=\"Reda\u00e7\u00e3o Aconteceu no Vale\" \/>\n\t<meta name=\"twitter:label2\" content=\"Est. tempo de leitura\" \/>\n\t<meta name=\"twitter:data2\" content=\"3 minutos\" \/>\n<script type=\"application\/ld+json\" class=\"yoast-schema-graph\">{\"@context\":\"https:\\\/\\\/schema.org\",\"@graph\":[{\"@type\":\"Article\",\"@id\":\"https:\\\/\\\/aconteceunovale.com.br\\\/portal\\\/?p=194483#article\",\"isPartOf\":{\"@id\":\"https:\\\/\\\/aconteceunovale.com.br\\\/portal\\\/?p=194483\"},\"author\":{\"name\":\"Reda\u00e7\u00e3o Aconteceu no Vale\",\"@id\":\"https:\\\/\\\/aconteceunovale.com.br\\\/portal\\\/#\\\/schema\\\/person\\\/7d2f26d1483f8a63de73da1ee0754d35\"},\"headline\":\"Edmundo Gonz\u00e1lez deixa a Venezuela e recebe asilo na Espanha\",\"datePublished\":\"2024-09-08T14:32:43+00:00\",\"dateModified\":\"2024-09-09T12:23:53+00:00\",\"mainEntityOfPage\":{\"@id\":\"https:\\\/\\\/aconteceunovale.com.br\\\/portal\\\/?p=194483\"},\"wordCount\":569,\"commentCount\":0,\"image\":{\"@id\":\"https:\\\/\\\/aconteceunovale.com.br\\\/portal\\\/?p=194483#primaryimage\"},\"thumbnailUrl\":\"https:\\\/\\\/aconteceunovale.com.br\\\/portal\\\/wp-content\\\/uploads\\\/2024\\\/09\\\/gonzalez.jpg\",\"keywords\":[\"Asilo Edmundo Gonz\u00e1lez\",\"Delcy Rodr\u00edguez\",\"Democracia na Venezuela\",\"destaque\",\"Edmundo Gonz\u00e1lez deixa a Venezuela e recebe asilo na Espanha\",\"Edmundo Gonz\u00e1lez Urrutia\",\"Edmundo Gonz\u00e1lez Venezuela\",\"Espanha\",\"Mar\u00eda Corina Machado\",\"Nicol\u00e1s Maduro\",\"venezuela\"],\"articleSection\":[\"Mundo\"],\"inLanguage\":\"pt-BR\",\"potentialAction\":[{\"@type\":\"CommentAction\",\"name\":\"Comment\",\"target\":[\"https:\\\/\\\/aconteceunovale.com.br\\\/portal\\\/?p=194483#respond\"]}]},{\"@type\":\"WebPage\",\"@id\":\"https:\\\/\\\/aconteceunovale.com.br\\\/portal\\\/?p=194483\",\"url\":\"https:\\\/\\\/aconteceunovale.com.br\\\/portal\\\/?p=194483\",\"name\":\"Edmundo Gonz\u00e1lez deixa a Venezuela e recebe asilo na Espanha - Aconteceu no Vale\",\"isPartOf\":{\"@id\":\"https:\\\/\\\/aconteceunovale.com.br\\\/portal\\\/#website\"},\"primaryImageOfPage\":{\"@id\":\"https:\\\/\\\/aconteceunovale.com.br\\\/portal\\\/?p=194483#primaryimage\"},\"image\":{\"@id\":\"https:\\\/\\\/aconteceunovale.com.br\\\/portal\\\/?p=194483#primaryimage\"},\"thumbnailUrl\":\"https:\\\/\\\/aconteceunovale.com.br\\\/portal\\\/wp-content\\\/uploads\\\/2024\\\/09\\\/gonzalez.jpg\",\"datePublished\":\"2024-09-08T14:32:43+00:00\",\"dateModified\":\"2024-09-09T12:23:53+00:00\",\"author\":{\"@id\":\"https:\\\/\\\/aconteceunovale.com.br\\\/portal\\\/#\\\/schema\\\/person\\\/7d2f26d1483f8a63de73da1ee0754d35\"},\"breadcrumb\":{\"@id\":\"https:\\\/\\\/aconteceunovale.com.br\\\/portal\\\/?p=194483#breadcrumb\"},\"inLanguage\":\"pt-BR\",\"potentialAction\":[{\"@type\":\"ReadAction\",\"target\":[\"https:\\\/\\\/aconteceunovale.com.br\\\/portal\\\/?p=194483\"]}]},{\"@type\":\"ImageObject\",\"inLanguage\":\"pt-BR\",\"@id\":\"https:\\\/\\\/aconteceunovale.com.br\\\/portal\\\/?p=194483#primaryimage\",\"url\":\"https:\\\/\\\/aconteceunovale.com.br\\\/portal\\\/wp-content\\\/uploads\\\/2024\\\/09\\\/gonzalez.jpg\",\"contentUrl\":\"https:\\\/\\\/aconteceunovale.com.br\\\/portal\\\/wp-content\\\/uploads\\\/2024\\\/09\\\/gonzalez.jpg\",\"width\":678,\"height\":405,\"caption\":\"Foto: Facebook\\\/@edmundogonzalezu\"},{\"@type\":\"BreadcrumbList\",\"@id\":\"https:\\\/\\\/aconteceunovale.com.br\\\/portal\\\/?p=194483#breadcrumb\",\"itemListElement\":[{\"@type\":\"ListItem\",\"position\":1,\"name\":\"In\u00edcio\",\"item\":\"https:\\\/\\\/aconteceunovale.com.br\\\/portal\\\/\"},{\"@type\":\"ListItem\",\"position\":2,\"name\":\"Edmundo Gonz\u00e1lez deixa a Venezuela e recebe asilo na Espanha\"}]},{\"@type\":\"WebSite\",\"@id\":\"https:\\\/\\\/aconteceunovale.com.br\\\/portal\\\/#website\",\"url\":\"https:\\\/\\\/aconteceunovale.com.br\\\/portal\\\/\",\"name\":\"Aconteceu no Vale\",\"description\":\"Portal de Not\u00edcias\",\"potentialAction\":[{\"@type\":\"SearchAction\",\"target\":{\"@type\":\"EntryPoint\",\"urlTemplate\":\"https:\\\/\\\/aconteceunovale.com.br\\\/portal\\\/?s={search_term_string}\"},\"query-input\":{\"@type\":\"PropertyValueSpecification\",\"valueRequired\":true,\"valueName\":\"search_term_string\"}}],\"inLanguage\":\"pt-BR\"},{\"@type\":\"Person\",\"@id\":\"https:\\\/\\\/aconteceunovale.com.br\\\/portal\\\/#\\\/schema\\\/person\\\/7d2f26d1483f8a63de73da1ee0754d35\",\"name\":\"Reda\u00e7\u00e3o Aconteceu no Vale\",\"description\":\"Equipe de reportagem do Aconteceu no Vale, portal de not\u00edcias do Vale do Jequitinhonha, em Minas Gerais. Cobrimos as 51 cidades do Vale desde 2013. Sugest\u00f5es de pauta e pedidos de corre\u00e7\u00e3o: contato@aconteceunovale.com.br\",\"url\":\"https:\\\/\\\/aconteceunovale.com.br\\\/portal\\\/?author=4\"}]}<\/script>\n<!-- \/ Yoast SEO plugin. -->","yoast_head_json":{"title":"Edmundo Gonz\u00e1lez deixa a Venezuela e recebe asilo na Espanha - Aconteceu no Vale","robots":{"index":"index","follow":"follow","max-snippet":"max-snippet:-1","max-image-preview":"max-image-preview:large","max-video-preview":"max-video-preview:-1"},"canonical":"https:\/\/aconteceunovale.com.br\/portal\/?p=194483","og_locale":"pt_BR","og_type":"article","og_title":"Edmundo Gonz\u00e1lez deixa a Venezuela e recebe asilo na Espanha - Aconteceu no Vale","og_description":"Um avi\u00e3o da For\u00e7a A\u00e9rea da Espanha retirou o opositor Edmundo Gonz\u00e1lez Urrutia da Venezuela com destino \u00e0 Espanha, em um acordo com o governo de Nicol\u00e1s Maduro para conceder asilo ao pol\u00edtico que contestou o resultado eleitoral que deu a reelei\u00e7\u00e3o a Maduro no dia 28 de julho. Sua madrinha pol\u00edtica, Mar\u00eda Corina Machado, [&hellip;]","og_url":"https:\/\/aconteceunovale.com.br\/portal\/?p=194483","og_site_name":"Aconteceu no Vale","article_publisher":"https:\/\/www.facebook.com\/aconteceunovale\/","article_published_time":"2024-09-08T14:32:43+00:00","article_modified_time":"2024-09-09T12:23:53+00:00","og_image":[{"width":678,"height":405,"url":"https:\/\/aconteceunovale.com.br\/portal\/wp-content\/uploads\/2024\/09\/gonzalez.jpg","type":"image\/jpeg"}],"author":"Reda\u00e7\u00e3o Aconteceu no Vale","twitter_card":"summary_large_image","twitter_creator":"@noticiadosvales","twitter_site":"@noticiadosvales","twitter_misc":{"Escrito por":"Reda\u00e7\u00e3o Aconteceu no Vale","Est. tempo de leitura":"3 minutos"},"schema":{"@context":"https:\/\/schema.org","@graph":[{"@type":"Article","@id":"https:\/\/aconteceunovale.com.br\/portal\/?p=194483#article","isPartOf":{"@id":"https:\/\/aconteceunovale.com.br\/portal\/?p=194483"},"author":{"name":"Reda\u00e7\u00e3o Aconteceu no Vale","@id":"https:\/\/aconteceunovale.com.br\/portal\/#\/schema\/person\/7d2f26d1483f8a63de73da1ee0754d35"},"headline":"Edmundo Gonz\u00e1lez deixa a Venezuela e recebe asilo na Espanha","datePublished":"2024-09-08T14:32:43+00:00","dateModified":"2024-09-09T12:23:53+00:00","mainEntityOfPage":{"@id":"https:\/\/aconteceunovale.com.br\/portal\/?p=194483"},"wordCount":569,"commentCount":0,"image":{"@id":"https:\/\/aconteceunovale.com.br\/portal\/?p=194483#primaryimage"},"thumbnailUrl":"https:\/\/aconteceunovale.com.br\/portal\/wp-content\/uploads\/2024\/09\/gonzalez.jpg","keywords":["Asilo Edmundo Gonz\u00e1lez","Delcy Rodr\u00edguez","Democracia na Venezuela","destaque","Edmundo Gonz\u00e1lez deixa a Venezuela e recebe asilo na Espanha","Edmundo Gonz\u00e1lez Urrutia","Edmundo Gonz\u00e1lez Venezuela","Espanha","Mar\u00eda Corina Machado","Nicol\u00e1s Maduro","venezuela"],"articleSection":["Mundo"],"inLanguage":"pt-BR","potentialAction":[{"@type":"CommentAction","name":"Comment","target":["https:\/\/aconteceunovale.com.br\/portal\/?p=194483#respond"]}]},{"@type":"WebPage","@id":"https:\/\/aconteceunovale.com.br\/portal\/?p=194483","url":"https:\/\/aconteceunovale.com.br\/portal\/?p=194483","name":"Edmundo Gonz\u00e1lez deixa a Venezuela e recebe asilo na Espanha - Aconteceu no Vale","isPartOf":{"@id":"https:\/\/aconteceunovale.com.br\/portal\/#website"},"primaryImageOfPage":{"@id":"https:\/\/aconteceunovale.com.br\/portal\/?p=194483#primaryimage"},"image":{"@id":"https:\/\/aconteceunovale.com.br\/portal\/?p=194483#primaryimage"},"thumbnailUrl":"https:\/\/aconteceunovale.com.br\/portal\/wp-content\/uploads\/2024\/09\/gonzalez.jpg","datePublished":"2024-09-08T14:32:43+00:00","dateModified":"2024-09-09T12:23:53+00:00","author":{"@id":"https:\/\/aconteceunovale.com.br\/portal\/#\/schema\/person\/7d2f26d1483f8a63de73da1ee0754d35"},"breadcrumb":{"@id":"https:\/\/aconteceunovale.com.br\/portal\/?p=194483#breadcrumb"},"inLanguage":"pt-BR","potentialAction":[{"@type":"ReadAction","target":["https:\/\/aconteceunovale.com.br\/portal\/?p=194483"]}]},{"@type":"ImageObject","inLanguage":"pt-BR","@id":"https:\/\/aconteceunovale.com.br\/portal\/?p=194483#primaryimage","url":"https:\/\/aconteceunovale.com.br\/portal\/wp-content\/uploads\/2024\/09\/gonzalez.jpg","contentUrl":"https:\/\/aconteceunovale.com.br\/portal\/wp-content\/uploads\/2024\/09\/gonzalez.jpg","width":678,"height":405,"caption":"Foto: Facebook\/@edmundogonzalezu"},{"@type":"BreadcrumbList","@id":"https:\/\/aconteceunovale.com.br\/portal\/?p=194483#breadcrumb","itemListElement":[{"@type":"ListItem","position":1,"name":"In\u00edcio","item":"https:\/\/aconteceunovale.com.br\/portal\/"},{"@type":"ListItem","position":2,"name":"Edmundo Gonz\u00e1lez deixa a Venezuela e recebe asilo na Espanha"}]},{"@type":"WebSite","@id":"https:\/\/aconteceunovale.com.br\/portal\/#website","url":"https:\/\/aconteceunovale.com.br\/portal\/","name":"Aconteceu no Vale","description":"Portal de Not\u00edcias","potentialAction":[{"@type":"SearchAction","target":{"@type":"EntryPoint","urlTemplate":"https:\/\/aconteceunovale.com.br\/portal\/?s={search_term_string}"},"query-input":{"@type":"PropertyValueSpecification","valueRequired":true,"valueName":"search_term_string"}}],"inLanguage":"pt-BR"},{"@type":"Person","@id":"https:\/\/aconteceunovale.com.br\/portal\/#\/schema\/person\/7d2f26d1483f8a63de73da1ee0754d35","name":"Reda\u00e7\u00e3o Aconteceu no Vale","description":"Equipe de reportagem do Aconteceu no Vale, portal de not\u00edcias do Vale do Jequitinhonha, em Minas Gerais. Cobrimos as 51 cidades do Vale desde 2013. Sugest\u00f5es de pauta e pedidos de corre\u00e7\u00e3o: contato@aconteceunovale.com.br","url":"https:\/\/aconteceunovale.com.br\/portal\/?author=4"}]}},"_links":{"self":[{"href":"https:\/\/aconteceunovale.com.br\/portal\/index.php?rest_route=\/wp\/v2\/posts\/194483","targetHints":{"allow":["GET"]}}],"collection":[{"href":"https:\/\/aconteceunovale.com.br\/portal\/index.php?rest_route=\/wp\/v2\/posts"}],"about":[{"href":"https:\/\/aconteceunovale.com.br\/portal\/index.php?rest_route=\/wp\/v2\/types\/post"}],"author":[{"embeddable":true,"href":"https:\/\/aconteceunovale.com.br\/portal\/index.php?rest_route=\/wp\/v2\/users\/4"}],"replies":[{"embeddable":true,"href":"https:\/\/aconteceunovale.com.br\/portal\/index.php?rest_route=%2Fwp%2Fv2%2Fcomments&post=194483"}],"version-history":[{"count":1,"href":"https:\/\/aconteceunovale.com.br\/portal\/index.php?rest_route=\/wp\/v2\/posts\/194483\/revisions"}],"predecessor-version":[{"id":194485,"href":"https:\/\/aconteceunovale.com.br\/portal\/index.php?rest_route=\/wp\/v2\/posts\/194483\/revisions\/194485"}],"wp:featuredmedia":[{"embeddable":true,"href":"https:\/\/aconteceunovale.com.br\/portal\/index.php?rest_route=\/wp\/v2\/media\/194484"}],"wp:attachment":[{"href":"https:\/\/aconteceunovale.com.br\/portal\/index.php?rest_route=%2Fwp%2Fv2%2Fmedia&parent=194483"}],"wp:term":[{"taxonomy":"category","embeddable":true,"href":"https:\/\/aconteceunovale.com.br\/portal\/index.php?rest_route=%2Fwp%2Fv2%2Fcategories&post=194483"},{"taxonomy":"post_tag","embeddable":true,"href":"https:\/\/aconteceunovale.com.br\/portal\/index.php?rest_route=%2Fwp%2Fv2%2Ftags&post=194483"}],"curies":[{"name":"wp","href":"https:\/\/api.w.org\/{rel}","templated":true}]}}