{"id":19445,"date":"2014-01-26T13:35:23","date_gmt":"2014-01-26T15:35:23","guid":{"rendered":"http:\/\/aconteceunovale.com.br\/portal\/?p=19445"},"modified":"2014-01-26T13:35:23","modified_gmt":"2014-01-26T15:35:23","slug":"feira-de-produtos-organicos-completa-dois-anos-em-coronel-fabriciano","status":"publish","type":"post","link":"https:\/\/aconteceunovale.com.br\/portal\/?p=19445","title":{"rendered":"Feira de Produtos Org\u00e2nicos completa dois anos em Coronel Fabriciano"},"content":{"rendered":"<p>A Feira Org\u00e2nica Popular, que funciona aos fim de semana, no Centro Social Urbano do bairro Floresta, em Coronel Fabriciano est\u00e1 completando dois anos de atividades, neste domingo (26\/01). A feira disponibiliza hortali\u00e7as e verduras cultivadas por agricultores da Serra dos Cocais. Todos os produtos s\u00e3o adubados sem uso de agrot\u00f3xicos.<\/p>\n<p><img decoding=\"async\" src=\"http:\/\/aconteceunovale.com.br\/portal\/wp-content\/uploads\/2014\/01\/feira_organica_fabri.jpg\" alt=\"\" \/><br \/>\n<em><strong>(Foto: Site da Prefeitura de Coronel Fabriciano)<\/strong><\/em><\/p>\n<p>A Feira Org\u00e2nica tem o apoio da Secretaria de Desenvolvimento Econ\u00f4mico e Turismo da Prefeitura de Fabriciano e do Conselho Municipal de Seguran\u00e7a Alimentar e Nutricional (Comsea). As atividades come\u00e7am sempre a partir das 8h. H\u00e1 ainda venda de quitutes e artesanatos.<\/p>\n<p>S\u00e3o cerca de 30 barracas que oferecem frutas, verduras, legumes e comidas t\u00edpicas da Serra dos Cocais, zona rural de Fabriciano, como banana frita e frango com palmito. Todas as barracas t\u00eam tamanho e visual padronizados. Os agricultores tamb\u00e9m possuem balan\u00e7as para auxiliar na venda dos produtos e vestimentas como camisa, avental e bon\u00e9.<\/p>\n<p>De acordo com o gerente de Turismo, Bruno Minafra, a feira foi formalizada atrav\u00e9s de parceria com a Associa\u00e7\u00e3o de Moradores do Bairro Floresta e com a Associa\u00e7\u00e3o dos Produtores Rurais da Serra dos Cocais.<\/p>\n<p>\u201cFoi firmado um conv\u00eanio entre os governos Municipal e Federal, por meio do Minist\u00e9rio do Desenvolvimento e Combate \u00e0 Fome. Na \u00e9poca, havia um projeto de implanta\u00e7\u00e3o de feiras org\u00e2nicas em v\u00e1rios munic\u00edpios brasileiros. Fabriciano foi contemplado com o recurso que possibilitou a concretiza\u00e7\u00e3o desse sonho\u201d, informa Minafra.<\/p>\n<p>A aposentada Maria das Gra\u00e7as Oliveira esteve presente neste domingo, na comemora\u00e7\u00e3o de dois anos da feira. Segundo a dona de casa desde que, o local de compras foi criado em seu bairro houve uma facilidade de deslocamento na hora das compras semanais.<\/p>\n<p>\u201cAntes eu precisava ir at\u00e9 o supermercado e ficar esperando o melhor dia para comprar frutas e verduras. Agora eu tenho a comodidade de andar poucos metros da minha casa e encontrar um local agrad\u00e1vel, em que consigo fazer a feira semanal e ainda me divirto com as atra\u00e7\u00f5es musicais, diz.<\/p>\n<p><strong>Comemora\u00e7\u00f5es<\/strong><\/p>\n<p>Para marcar os dois anos da Feira Org\u00e2nica, ser\u00e1 realizado, neste domingo (26), um show de voz e viol\u00e3o com Djalma Eug\u00eanio. No repert\u00f3rio, m\u00fasicas de MPB, passando pelo pop rock e sertanejo. A previs\u00e3o \u00e9 que o show comece \u00e0s 12h. A entrada \u00e9 gratuita.<\/p>\n<p><em><strong>(Fonte: Prefeitura Municipal de Coronel Fabriciano)<\/strong><\/em><\/p>\n","protected":false},"excerpt":{"rendered":"<p>A Feira Org\u00e2nica Popular, que funciona aos fim de semana, no Centro Social Urbano do bairro Floresta, em Coronel Fabriciano est\u00e1 completando dois anos de atividades, neste domingo (26\/01). A feira disponibiliza hortali\u00e7as e verduras cultivadas por agricultores da Serra dos Cocais. Todos os produtos s\u00e3o adubados sem uso de agrot\u00f3xicos. (Foto: Site da Prefeitura [&hellip;]<\/p>\n","protected":false},"author":1,"featured_media":19446,"comment_status":"open","ping_status":"closed","sticky":false,"template":"","format":"standard","meta":{"amp_status":"","footnotes":""},"categories":[121],"tags":[1524,3548],"class_list":["post-19445","post","type-post","status-publish","format-standard","has-post-thumbnail","hentry","category-leste","tag-coronel-fabriciano","tag-feira-de-produtos-organicos-completa-dois-anos-em-coronel-fabriciano"],"_links":{"self":[{"href":"https:\/\/aconteceunovale.com.br\/portal\/index.php?rest_route=\/wp\/v2\/posts\/19445","targetHints":{"allow":["GET"]}}],"collection":[{"href":"https:\/\/aconteceunovale.com.br\/portal\/index.php?rest_route=\/wp\/v2\/posts"}],"about":[{"href":"https:\/\/aconteceunovale.com.br\/portal\/index.php?rest_route=\/wp\/v2\/types\/post"}],"author":[{"embeddable":true,"href":"https:\/\/aconteceunovale.com.br\/portal\/index.php?rest_route=\/wp\/v2\/users\/1"}],"replies":[{"embeddable":true,"href":"https:\/\/aconteceunovale.com.br\/portal\/index.php?rest_route=%2Fwp%2Fv2%2Fcomments&post=19445"}],"version-history":[{"count":0,"href":"https:\/\/aconteceunovale.com.br\/portal\/index.php?rest_route=\/wp\/v2\/posts\/19445\/revisions"}],"wp:featuredmedia":[{"embeddable":true,"href":"https:\/\/aconteceunovale.com.br\/portal\/index.php?rest_route=\/wp\/v2\/media\/19446"}],"wp:attachment":[{"href":"https:\/\/aconteceunovale.com.br\/portal\/index.php?rest_route=%2Fwp%2Fv2%2Fmedia&parent=19445"}],"wp:term":[{"taxonomy":"category","embeddable":true,"href":"https:\/\/aconteceunovale.com.br\/portal\/index.php?rest_route=%2Fwp%2Fv2%2Fcategories&post=19445"},{"taxonomy":"post_tag","embeddable":true,"href":"https:\/\/aconteceunovale.com.br\/portal\/index.php?rest_route=%2Fwp%2Fv2%2Ftags&post=19445"}],"curies":[{"name":"wp","href":"https:\/\/api.w.org\/{rel}","templated":true}]}}