{"id":194418,"date":"2024-01-12T15:31:00","date_gmt":"2024-01-12T18:31:00","guid":{"rendered":"https:\/\/aconteceunovale.com.br\/portal\/?p=194418"},"modified":"2024-01-12T19:49:47","modified_gmt":"2024-01-12T22:49:47","slug":"inmet-preve-aumento-de-chuvas-no-sudeste-nos-proximos-dias","status":"publish","type":"post","link":"https:\/\/aconteceunovale.com.br\/portal\/?p=194418","title":{"rendered":"Inmet prev\u00ea aumento de chuvas no Sudeste nos pr\u00f3ximos dias"},"content":{"rendered":"\n<p class=\"wp-block-paragraph\">O Instituto Nacional de Meteorologia (Inmet) alerta para a ocorr\u00eancia de um grande\u00a0volume de chuva nos pr\u00f3ximos dias em \u00e1reas do Sudeste, devido ao aumento da converg\u00eancia de umidade sobre a regi\u00e3o.<\/p>\n\n\n\n<p class=\"wp-block-paragraph\">Nesta sexta-feira (12), de acordo com a previs\u00e3o do Inmet, a combina\u00e7\u00e3o de calor, alta umidade do ar e um cavado (\u00e1rea alongada de baixa press\u00e3o) em n\u00edveis m\u00e9dios e baixos da atmosfera\u00a0vai potencializar as \u00e1reas de instabilidade e provocar chuvas intensas em S\u00e3o Paulo, no sul de Minas Gerais e Rio de Janeiro.<\/p>\n\n\n\n<p class=\"wp-block-paragraph\">A chuva forte e volumosa atingir\u00e1&nbsp;alguns pontos, especialmente na faixa litor\u00e2nea, leste e regi\u00e3o do Vale do Para\u00edba, em S\u00e3o Paulo; sul\/sudoeste e Zona da Mata, em Minas Gerais, e no centro-sul do Rio de Janeiro. &nbsp;<\/p>\n\n\n\n<p class=\"wp-block-paragraph\">Segundo a previs\u00e3o do Inmet, existe a possibilidade de volumes di\u00e1rios em torno de 100 mil\u00edmetros (mm) em \u00e1reas do litoral de S\u00e3o Paulo e da divisa dos estados do Rio de Janeiro e de Minas Gerais, de forma localizada.<\/p>\n\n\n\n<p class=\"wp-block-paragraph\">A partir deste s\u00e1bado (13), uma frente fria avan\u00e7a pelo litoral de S\u00e3o Paulo, aumentando a converg\u00eancia de umidade sobre o leste da Regi\u00e3o Sudeste, padr\u00e3o que vai se manter, pelo menos, at\u00e9 a pr\u00f3xima segunda-feira (15).<\/p>\n\n\n\n<p class=\"wp-block-paragraph\">\u201cNos pr\u00f3ximos cinco dias, o modelo COSMO indica totais de chuva em pontos do litoral paulista, no Vale do Para\u00edba, Serra da Mantiqueira, sul de Minas Gerais e centro-sul do Rio de Janeiro, podendo ficar em torno de 200 mil\u00edmetros (mm). De forma localizada, pode chover at\u00e9 300 mm\u201d, informa o Inmet.<\/p>\n\n\n\n<p class=\"wp-block-paragraph\">\u201cVale destacar que o relevo da regi\u00e3o, com a presen\u00e7a das serras do Mar e da Mantiqueira, pode refor\u00e7ar a instabilidade, provocando transtornos em algumas localidades\u201d, acrescentou.<\/p>\n","protected":false},"excerpt":{"rendered":"<p>O Instituto Nacional de Meteorologia (Inmet) alerta para a ocorr\u00eancia de um grande\u00a0volume de chuva nos pr\u00f3ximos dias em \u00e1reas do Sudeste, devido ao aumento da converg\u00eancia de umidade sobre a regi\u00e3o. Nesta sexta-feira (12), de acordo com a previs\u00e3o do Inmet, a combina\u00e7\u00e3o de calor, alta umidade do ar e um cavado (\u00e1rea alongada [&hellip;]<\/p>\n","protected":false},"author":4,"featured_media":194419,"comment_status":"open","ping_status":"closed","sticky":false,"template":"","format":"standard","meta":{"amp_status":"","footnotes":""},"categories":[6],"tags":[268680,1018,54659,268679,100056,131,268681,1104,2382,98224],"class_list":["post-194418","post","type-post","status-publish","format-standard","has-post-thumbnail","hentry","category-br","tag-chuvas-no-sudeste","tag-destaque","tag-inmet","tag-inmet-preve-aumento-de-chuvas-no-sudeste-nos-proximos-dias","tag-instituto-nacional-de-meteorologia","tag-minas-gerais","tag-previsao-de-chuvas-no-sudeste","tag-rio-de-janeiro","tag-sao-paulo","tag-sudeste"],"yoast_head":"<!-- This site is optimized with the Yoast SEO plugin v28.3 - https:\/\/yoast.com\/product\/yoast-seo-wordpress\/ -->\n<title>Inmet prev\u00ea aumento de chuvas no Sudeste nos pr\u00f3ximos dias - Aconteceu no Vale<\/title>\n<meta name=\"robots\" content=\"index, follow, max-snippet:-1, max-image-preview:large, max-video-preview:-1\" \/>\n<link rel=\"canonical\" href=\"https:\/\/aconteceunovale.com.br\/portal\/?p=194418\" \/>\n<meta property=\"og:locale\" content=\"pt_BR\" \/>\n<meta property=\"og:type\" content=\"article\" \/>\n<meta property=\"og:title\" content=\"Inmet prev\u00ea aumento de chuvas no Sudeste nos pr\u00f3ximos dias - Aconteceu no Vale\" \/>\n<meta property=\"og:description\" content=\"O Instituto Nacional de Meteorologia (Inmet) alerta para a ocorr\u00eancia de um grande\u00a0volume de chuva nos pr\u00f3ximos dias em \u00e1reas do Sudeste, devido ao aumento da converg\u00eancia de umidade sobre a regi\u00e3o. Nesta sexta-feira (12), de acordo com a previs\u00e3o do Inmet, a combina\u00e7\u00e3o de calor, alta umidade do ar e um cavado (\u00e1rea alongada [&hellip;]\" \/>\n<meta property=\"og:url\" content=\"https:\/\/aconteceunovale.com.br\/portal\/?p=194418\" \/>\n<meta property=\"og:site_name\" content=\"Aconteceu no Vale\" \/>\n<meta property=\"article:publisher\" content=\"https:\/\/www.facebook.com\/aconteceunovale\/\" \/>\n<meta property=\"article:published_time\" content=\"2024-01-12T18:31:00+00:00\" \/>\n<meta property=\"article:modified_time\" content=\"2024-01-12T22:49:47+00:00\" \/>\n<meta property=\"og:image\" content=\"https:\/\/aconteceunovale.com.br\/portal\/wp-content\/uploads\/2024\/01\/chuva_sudeste.png\" \/>\n\t<meta property=\"og:image:width\" content=\"678\" \/>\n\t<meta property=\"og:image:height\" content=\"406\" \/>\n\t<meta property=\"og:image:type\" content=\"image\/png\" \/>\n<meta name=\"author\" content=\"Reda\u00e7\u00e3o Aconteceu no Vale\" \/>\n<meta name=\"twitter:card\" content=\"summary_large_image\" \/>\n<meta name=\"twitter:creator\" content=\"@noticiadosvales\" \/>\n<meta name=\"twitter:site\" content=\"@noticiadosvales\" \/>\n<meta name=\"twitter:label1\" content=\"Escrito por\" \/>\n\t<meta name=\"twitter:data1\" content=\"Reda\u00e7\u00e3o Aconteceu no Vale\" \/>\n\t<meta name=\"twitter:label2\" content=\"Est. tempo de leitura\" \/>\n\t<meta name=\"twitter:data2\" content=\"2 minutos\" \/>\n<script type=\"application\/ld+json\" class=\"yoast-schema-graph\">{\"@context\":\"https:\\\/\\\/schema.org\",\"@graph\":[{\"@type\":\"Article\",\"@id\":\"https:\\\/\\\/aconteceunovale.com.br\\\/portal\\\/?p=194418#article\",\"isPartOf\":{\"@id\":\"https:\\\/\\\/aconteceunovale.com.br\\\/portal\\\/?p=194418\"},\"author\":{\"name\":\"Reda\u00e7\u00e3o Aconteceu no Vale\",\"@id\":\"https:\\\/\\\/aconteceunovale.com.br\\\/portal\\\/#\\\/schema\\\/person\\\/7d2f26d1483f8a63de73da1ee0754d35\"},\"headline\":\"Inmet prev\u00ea aumento de chuvas no Sudeste nos pr\u00f3ximos dias\",\"datePublished\":\"2024-01-12T18:31:00+00:00\",\"dateModified\":\"2024-01-12T22:49:47+00:00\",\"mainEntityOfPage\":{\"@id\":\"https:\\\/\\\/aconteceunovale.com.br\\\/portal\\\/?p=194418\"},\"wordCount\":320,\"commentCount\":0,\"image\":{\"@id\":\"https:\\\/\\\/aconteceunovale.com.br\\\/portal\\\/?p=194418#primaryimage\"},\"thumbnailUrl\":\"https:\\\/\\\/aconteceunovale.com.br\\\/portal\\\/wp-content\\\/uploads\\\/2024\\\/01\\\/chuva_sudeste.png\",\"keywords\":[\"Chuvas no Sudeste\",\"destaque\",\"Inmet\",\"Inmet prev\u00ea aumento de chuvas no Sudeste nos pr\u00f3ximos dias\",\"Instituto Nacional de Meteorologia\",\"Minas Gerais\",\"Previs\u00e3o de chuvas no Sudeste\",\"Rio de Janeiro\",\"S\u00e3o Paulo\",\"Sudeste\"],\"articleSection\":[\"Brasil\"],\"inLanguage\":\"pt-BR\",\"potentialAction\":[{\"@type\":\"CommentAction\",\"name\":\"Comment\",\"target\":[\"https:\\\/\\\/aconteceunovale.com.br\\\/portal\\\/?p=194418#respond\"]}]},{\"@type\":\"WebPage\",\"@id\":\"https:\\\/\\\/aconteceunovale.com.br\\\/portal\\\/?p=194418\",\"url\":\"https:\\\/\\\/aconteceunovale.com.br\\\/portal\\\/?p=194418\",\"name\":\"Inmet prev\u00ea aumento de chuvas no Sudeste nos pr\u00f3ximos dias - Aconteceu no Vale\",\"isPartOf\":{\"@id\":\"https:\\\/\\\/aconteceunovale.com.br\\\/portal\\\/#website\"},\"primaryImageOfPage\":{\"@id\":\"https:\\\/\\\/aconteceunovale.com.br\\\/portal\\\/?p=194418#primaryimage\"},\"image\":{\"@id\":\"https:\\\/\\\/aconteceunovale.com.br\\\/portal\\\/?p=194418#primaryimage\"},\"thumbnailUrl\":\"https:\\\/\\\/aconteceunovale.com.br\\\/portal\\\/wp-content\\\/uploads\\\/2024\\\/01\\\/chuva_sudeste.png\",\"datePublished\":\"2024-01-12T18:31:00+00:00\",\"dateModified\":\"2024-01-12T22:49:47+00:00\",\"author\":{\"@id\":\"https:\\\/\\\/aconteceunovale.com.br\\\/portal\\\/#\\\/schema\\\/person\\\/7d2f26d1483f8a63de73da1ee0754d35\"},\"breadcrumb\":{\"@id\":\"https:\\\/\\\/aconteceunovale.com.br\\\/portal\\\/?p=194418#breadcrumb\"},\"inLanguage\":\"pt-BR\",\"potentialAction\":[{\"@type\":\"ReadAction\",\"target\":[\"https:\\\/\\\/aconteceunovale.com.br\\\/portal\\\/?p=194418\"]}]},{\"@type\":\"ImageObject\",\"inLanguage\":\"pt-BR\",\"@id\":\"https:\\\/\\\/aconteceunovale.com.br\\\/portal\\\/?p=194418#primaryimage\",\"url\":\"https:\\\/\\\/aconteceunovale.com.br\\\/portal\\\/wp-content\\\/uploads\\\/2024\\\/01\\\/chuva_sudeste.png\",\"contentUrl\":\"https:\\\/\\\/aconteceunovale.com.br\\\/portal\\\/wp-content\\\/uploads\\\/2024\\\/01\\\/chuva_sudeste.png\",\"width\":678,\"height\":406},{\"@type\":\"BreadcrumbList\",\"@id\":\"https:\\\/\\\/aconteceunovale.com.br\\\/portal\\\/?p=194418#breadcrumb\",\"itemListElement\":[{\"@type\":\"ListItem\",\"position\":1,\"name\":\"In\u00edcio\",\"item\":\"https:\\\/\\\/aconteceunovale.com.br\\\/portal\\\/\"},{\"@type\":\"ListItem\",\"position\":2,\"name\":\"Inmet prev\u00ea aumento de chuvas no Sudeste nos pr\u00f3ximos dias\"}]},{\"@type\":\"WebSite\",\"@id\":\"https:\\\/\\\/aconteceunovale.com.br\\\/portal\\\/#website\",\"url\":\"https:\\\/\\\/aconteceunovale.com.br\\\/portal\\\/\",\"name\":\"Aconteceu no Vale\",\"description\":\"Portal de Not\u00edcias\",\"potentialAction\":[{\"@type\":\"SearchAction\",\"target\":{\"@type\":\"EntryPoint\",\"urlTemplate\":\"https:\\\/\\\/aconteceunovale.com.br\\\/portal\\\/?s={search_term_string}\"},\"query-input\":{\"@type\":\"PropertyValueSpecification\",\"valueRequired\":true,\"valueName\":\"search_term_string\"}}],\"inLanguage\":\"pt-BR\"},{\"@type\":\"Person\",\"@id\":\"https:\\\/\\\/aconteceunovale.com.br\\\/portal\\\/#\\\/schema\\\/person\\\/7d2f26d1483f8a63de73da1ee0754d35\",\"name\":\"Reda\u00e7\u00e3o Aconteceu no Vale\",\"description\":\"Equipe de reportagem do Aconteceu no Vale, portal de not\u00edcias do Vale do Jequitinhonha, em Minas Gerais. Cobrimos as 51 cidades do Vale desde 2013. Sugest\u00f5es de pauta e pedidos de corre\u00e7\u00e3o: contato@aconteceunovale.com.br\",\"url\":\"https:\\\/\\\/aconteceunovale.com.br\\\/portal\\\/?author=4\"}]}<\/script>\n<!-- \/ Yoast SEO plugin. -->","yoast_head_json":{"title":"Inmet prev\u00ea aumento de chuvas no Sudeste nos pr\u00f3ximos dias - Aconteceu no Vale","robots":{"index":"index","follow":"follow","max-snippet":"max-snippet:-1","max-image-preview":"max-image-preview:large","max-video-preview":"max-video-preview:-1"},"canonical":"https:\/\/aconteceunovale.com.br\/portal\/?p=194418","og_locale":"pt_BR","og_type":"article","og_title":"Inmet prev\u00ea aumento de chuvas no Sudeste nos pr\u00f3ximos dias - Aconteceu no Vale","og_description":"O Instituto Nacional de Meteorologia (Inmet) alerta para a ocorr\u00eancia de um grande\u00a0volume de chuva nos pr\u00f3ximos dias em \u00e1reas do Sudeste, devido ao aumento da converg\u00eancia de umidade sobre a regi\u00e3o. Nesta sexta-feira (12), de acordo com a previs\u00e3o do Inmet, a combina\u00e7\u00e3o de calor, alta umidade do ar e um cavado (\u00e1rea alongada [&hellip;]","og_url":"https:\/\/aconteceunovale.com.br\/portal\/?p=194418","og_site_name":"Aconteceu no Vale","article_publisher":"https:\/\/www.facebook.com\/aconteceunovale\/","article_published_time":"2024-01-12T18:31:00+00:00","article_modified_time":"2024-01-12T22:49:47+00:00","og_image":[{"width":678,"height":406,"url":"https:\/\/aconteceunovale.com.br\/portal\/wp-content\/uploads\/2024\/01\/chuva_sudeste.png","type":"image\/png"}],"author":"Reda\u00e7\u00e3o Aconteceu no Vale","twitter_card":"summary_large_image","twitter_creator":"@noticiadosvales","twitter_site":"@noticiadosvales","twitter_misc":{"Escrito por":"Reda\u00e7\u00e3o Aconteceu no Vale","Est. tempo de leitura":"2 minutos"},"schema":{"@context":"https:\/\/schema.org","@graph":[{"@type":"Article","@id":"https:\/\/aconteceunovale.com.br\/portal\/?p=194418#article","isPartOf":{"@id":"https:\/\/aconteceunovale.com.br\/portal\/?p=194418"},"author":{"name":"Reda\u00e7\u00e3o Aconteceu no Vale","@id":"https:\/\/aconteceunovale.com.br\/portal\/#\/schema\/person\/7d2f26d1483f8a63de73da1ee0754d35"},"headline":"Inmet prev\u00ea aumento de chuvas no Sudeste nos pr\u00f3ximos dias","datePublished":"2024-01-12T18:31:00+00:00","dateModified":"2024-01-12T22:49:47+00:00","mainEntityOfPage":{"@id":"https:\/\/aconteceunovale.com.br\/portal\/?p=194418"},"wordCount":320,"commentCount":0,"image":{"@id":"https:\/\/aconteceunovale.com.br\/portal\/?p=194418#primaryimage"},"thumbnailUrl":"https:\/\/aconteceunovale.com.br\/portal\/wp-content\/uploads\/2024\/01\/chuva_sudeste.png","keywords":["Chuvas no Sudeste","destaque","Inmet","Inmet prev\u00ea aumento de chuvas no Sudeste nos pr\u00f3ximos dias","Instituto Nacional de Meteorologia","Minas Gerais","Previs\u00e3o de chuvas no Sudeste","Rio de Janeiro","S\u00e3o Paulo","Sudeste"],"articleSection":["Brasil"],"inLanguage":"pt-BR","potentialAction":[{"@type":"CommentAction","name":"Comment","target":["https:\/\/aconteceunovale.com.br\/portal\/?p=194418#respond"]}]},{"@type":"WebPage","@id":"https:\/\/aconteceunovale.com.br\/portal\/?p=194418","url":"https:\/\/aconteceunovale.com.br\/portal\/?p=194418","name":"Inmet prev\u00ea aumento de chuvas no Sudeste nos pr\u00f3ximos dias - Aconteceu no Vale","isPartOf":{"@id":"https:\/\/aconteceunovale.com.br\/portal\/#website"},"primaryImageOfPage":{"@id":"https:\/\/aconteceunovale.com.br\/portal\/?p=194418#primaryimage"},"image":{"@id":"https:\/\/aconteceunovale.com.br\/portal\/?p=194418#primaryimage"},"thumbnailUrl":"https:\/\/aconteceunovale.com.br\/portal\/wp-content\/uploads\/2024\/01\/chuva_sudeste.png","datePublished":"2024-01-12T18:31:00+00:00","dateModified":"2024-01-12T22:49:47+00:00","author":{"@id":"https:\/\/aconteceunovale.com.br\/portal\/#\/schema\/person\/7d2f26d1483f8a63de73da1ee0754d35"},"breadcrumb":{"@id":"https:\/\/aconteceunovale.com.br\/portal\/?p=194418#breadcrumb"},"inLanguage":"pt-BR","potentialAction":[{"@type":"ReadAction","target":["https:\/\/aconteceunovale.com.br\/portal\/?p=194418"]}]},{"@type":"ImageObject","inLanguage":"pt-BR","@id":"https:\/\/aconteceunovale.com.br\/portal\/?p=194418#primaryimage","url":"https:\/\/aconteceunovale.com.br\/portal\/wp-content\/uploads\/2024\/01\/chuva_sudeste.png","contentUrl":"https:\/\/aconteceunovale.com.br\/portal\/wp-content\/uploads\/2024\/01\/chuva_sudeste.png","width":678,"height":406},{"@type":"BreadcrumbList","@id":"https:\/\/aconteceunovale.com.br\/portal\/?p=194418#breadcrumb","itemListElement":[{"@type":"ListItem","position":1,"name":"In\u00edcio","item":"https:\/\/aconteceunovale.com.br\/portal\/"},{"@type":"ListItem","position":2,"name":"Inmet prev\u00ea aumento de chuvas no Sudeste nos pr\u00f3ximos dias"}]},{"@type":"WebSite","@id":"https:\/\/aconteceunovale.com.br\/portal\/#website","url":"https:\/\/aconteceunovale.com.br\/portal\/","name":"Aconteceu no Vale","description":"Portal de Not\u00edcias","potentialAction":[{"@type":"SearchAction","target":{"@type":"EntryPoint","urlTemplate":"https:\/\/aconteceunovale.com.br\/portal\/?s={search_term_string}"},"query-input":{"@type":"PropertyValueSpecification","valueRequired":true,"valueName":"search_term_string"}}],"inLanguage":"pt-BR"},{"@type":"Person","@id":"https:\/\/aconteceunovale.com.br\/portal\/#\/schema\/person\/7d2f26d1483f8a63de73da1ee0754d35","name":"Reda\u00e7\u00e3o Aconteceu no Vale","description":"Equipe de reportagem do Aconteceu no Vale, portal de not\u00edcias do Vale do Jequitinhonha, em Minas Gerais. Cobrimos as 51 cidades do Vale desde 2013. Sugest\u00f5es de pauta e pedidos de corre\u00e7\u00e3o: contato@aconteceunovale.com.br","url":"https:\/\/aconteceunovale.com.br\/portal\/?author=4"}]}},"_links":{"self":[{"href":"https:\/\/aconteceunovale.com.br\/portal\/index.php?rest_route=\/wp\/v2\/posts\/194418","targetHints":{"allow":["GET"]}}],"collection":[{"href":"https:\/\/aconteceunovale.com.br\/portal\/index.php?rest_route=\/wp\/v2\/posts"}],"about":[{"href":"https:\/\/aconteceunovale.com.br\/portal\/index.php?rest_route=\/wp\/v2\/types\/post"}],"author":[{"embeddable":true,"href":"https:\/\/aconteceunovale.com.br\/portal\/index.php?rest_route=\/wp\/v2\/users\/4"}],"replies":[{"embeddable":true,"href":"https:\/\/aconteceunovale.com.br\/portal\/index.php?rest_route=%2Fwp%2Fv2%2Fcomments&post=194418"}],"version-history":[{"count":1,"href":"https:\/\/aconteceunovale.com.br\/portal\/index.php?rest_route=\/wp\/v2\/posts\/194418\/revisions"}],"predecessor-version":[{"id":194420,"href":"https:\/\/aconteceunovale.com.br\/portal\/index.php?rest_route=\/wp\/v2\/posts\/194418\/revisions\/194420"}],"wp:featuredmedia":[{"embeddable":true,"href":"https:\/\/aconteceunovale.com.br\/portal\/index.php?rest_route=\/wp\/v2\/media\/194419"}],"wp:attachment":[{"href":"https:\/\/aconteceunovale.com.br\/portal\/index.php?rest_route=%2Fwp%2Fv2%2Fmedia&parent=194418"}],"wp:term":[{"taxonomy":"category","embeddable":true,"href":"https:\/\/aconteceunovale.com.br\/portal\/index.php?rest_route=%2Fwp%2Fv2%2Fcategories&post=194418"},{"taxonomy":"post_tag","embeddable":true,"href":"https:\/\/aconteceunovale.com.br\/portal\/index.php?rest_route=%2Fwp%2Fv2%2Ftags&post=194418"}],"curies":[{"name":"wp","href":"https:\/\/api.w.org\/{rel}","templated":true}]}}