{"id":194408,"date":"2024-01-08T21:31:29","date_gmt":"2024-01-09T00:31:29","guid":{"rendered":"https:\/\/aconteceunovale.com.br\/portal\/?p=194408"},"modified":"2024-01-08T21:32:22","modified_gmt":"2024-01-09T00:32:22","slug":"der-fara-interrupcao-temporaria-para-caminhoes-na-mg-010","status":"publish","type":"post","link":"https:\/\/aconteceunovale.com.br\/portal\/?p=194408","title":{"rendered":"DER far\u00e1 interrup\u00e7\u00e3o tempor\u00e1ria para caminh\u00f5es na MG-010"},"content":{"rendered":"\n<p class=\"wp-block-paragraph\">O Departamento de Estradas de Rodagem de Minas Gerais (DER-MG) informa que, nos dias 9 e 10 de janeiro, realizar\u00e1 uma interrup\u00e7\u00e3o tempor\u00e1ria no tr\u00e1fego de caminh\u00f5es, incluindo aqueles com Peso Bruto Total (PBT) inferior a 24 toneladas, na MG-010. A a\u00e7\u00e3o \u00e9 necess\u00e1ria para a execu\u00e7\u00e3o de servi\u00e7os de manuten\u00e7\u00e3o, especialmente a recupera\u00e7\u00e3o do pavimento intertravado pr\u00f3ximo ao km 100,5, no trecho que conecta a Serra do Cip\u00f3 ao entroncamento para Morro do Pilar.<\/p>\n\n\n\n<figure class=\"wp-block-gallery has-nested-images columns-default is-cropped wp-block-gallery-1 is-layout-flex wp-block-gallery-is-layout-flex\">\n<figure class=\"wp-block-image size-large\"><img loading=\"lazy\" decoding=\"async\" width=\"1024\" height=\"612\" data-id=\"194409\" src=\"https:\/\/aconteceunovale.com.br\/portal\/wp-content\/uploads\/2024\/01\/mg_10_interrupcao-1024x612.png\" alt=\"\" class=\"wp-image-194409\" srcset=\"https:\/\/aconteceunovale.com.br\/portal\/wp-content\/uploads\/2024\/01\/mg_10_interrupcao-1024x612.png 1024w, https:\/\/aconteceunovale.com.br\/portal\/wp-content\/uploads\/2024\/01\/mg_10_interrupcao-300x179.png 300w, https:\/\/aconteceunovale.com.br\/portal\/wp-content\/uploads\/2024\/01\/mg_10_interrupcao-768x459.png 768w, https:\/\/aconteceunovale.com.br\/portal\/wp-content\/uploads\/2024\/01\/mg_10_interrupcao-696x416.png 696w, https:\/\/aconteceunovale.com.br\/portal\/wp-content\/uploads\/2024\/01\/mg_10_interrupcao-1068x638.png 1068w, https:\/\/aconteceunovale.com.br\/portal\/wp-content\/uploads\/2024\/01\/mg_10_interrupcao-703x420.png 703w, https:\/\/aconteceunovale.com.br\/portal\/wp-content\/uploads\/2024\/01\/mg_10_interrupcao.png 1084w\" sizes=\"auto, (max-width: 1024px) 100vw, 1024px\" \/><\/figure>\n<\/figure>\n\n\n\n<p class=\"wp-block-paragraph\">Durante o per\u00edodo de interven\u00e7\u00e3o, que ocorrer\u00e1 das 8h \u00e0s 16h, a circula\u00e7\u00e3o de caminh\u00f5es estar\u00e1 temporariamente suspensa. Vale destacar que essa restri\u00e7\u00e3o n\u00e3o se aplica a ve\u00edculos de passeio e \u00f4nibus de transporte coletivo de passageiros, os quais poder\u00e3o trafegar no segmento utilizando o sistema pare e siga.<\/p>\n\n\n\n<p class=\"wp-block-paragraph\">Agentes de fiscaliza\u00e7\u00e3o do DER-MG estar\u00e3o presentes no local para prestar orienta\u00e7\u00f5es aos motoristas e garantir a seguran\u00e7a durante a realiza\u00e7\u00e3o dos servi\u00e7os de manuten\u00e7\u00e3o.<\/p>\n\n\n\n<p class=\"wp-block-paragraph\">A decis\u00e3o de restringir a passagem de caminh\u00f5es se deve ao estreitamento da pista no ponto espec\u00edfico onde as obras ser\u00e3o realizadas, visando assegurar a integridade dos trabalhadores envolvidos.<\/p>\n\n\n\n<p class=\"wp-block-paragraph\"><strong>Rota Alternativa: <\/strong>Para aqueles que se deslocam no sentido Belo Horizonte &#8211; Morro do Pilar, a rota alternativa sugerida \u00e9 utilizar a BR-381, acessar a MG-434 em dire\u00e7\u00e3o a Itabira, passar pelas MG-129 e CMG-120 em dire\u00e7\u00e3o a Guanh\u00e3es, acessar a MG-232 at\u00e9 Carm\u00e9sia e, em um trecho n\u00e3o pavimentado de 42 quil\u00f4metros, seguir em dire\u00e7\u00e3o a Morro do Pilar.<\/p>\n","protected":false},"excerpt":{"rendered":"<p>O Departamento de Estradas de Rodagem de Minas Gerais (DER-MG) informa que, nos dias 9 e 10 de janeiro, realizar\u00e1 uma interrup\u00e7\u00e3o tempor\u00e1ria no tr\u00e1fego de caminh\u00f5es, incluindo aqueles com Peso Bruto Total (PBT) inferior a 24 toneladas, na MG-010. A a\u00e7\u00e3o \u00e9 necess\u00e1ria para a execu\u00e7\u00e3o de servi\u00e7os de manuten\u00e7\u00e3o, especialmente a recupera\u00e7\u00e3o do [&hellip;]<\/p>\n","protected":false},"author":4,"featured_media":194409,"comment_status":"open","ping_status":"closed","sticky":false,"template":"","format":"standard","meta":{"amp_status":"","footnotes":""},"categories":[123],"tags":[268669,268667,215389,1018,268668,72360,2230,19304],"class_list":["post-194408","post","type-post","status-publish","format-standard","has-post-thumbnail","hentry","category-gerais","tag-bloqueio-na-mg-010","tag-der-fara-interrupcao-temporaria-para-caminhoes-na-mg-010","tag-der-mg-2","tag-destaque","tag-interrupcao-na-mg-010","tag-mg-010","tag-morro-do-pilar","tag-serra-do-cipo"],"yoast_head":"<!-- This site is optimized with the Yoast SEO plugin v28.3 - https:\/\/yoast.com\/product\/yoast-seo-wordpress\/ -->\n<title>DER far\u00e1 interrup\u00e7\u00e3o tempor\u00e1ria para caminh\u00f5es na MG-010 - Aconteceu no Vale<\/title>\n<meta name=\"robots\" content=\"index, follow, max-snippet:-1, max-image-preview:large, max-video-preview:-1\" \/>\n<link rel=\"canonical\" href=\"https:\/\/aconteceunovale.com.br\/portal\/?p=194408\" \/>\n<meta property=\"og:locale\" content=\"pt_BR\" \/>\n<meta property=\"og:type\" content=\"article\" \/>\n<meta property=\"og:title\" content=\"DER far\u00e1 interrup\u00e7\u00e3o tempor\u00e1ria para caminh\u00f5es na MG-010 - Aconteceu no Vale\" \/>\n<meta property=\"og:description\" content=\"O Departamento de Estradas de Rodagem de Minas Gerais (DER-MG) informa que, nos dias 9 e 10 de janeiro, realizar\u00e1 uma interrup\u00e7\u00e3o tempor\u00e1ria no tr\u00e1fego de caminh\u00f5es, incluindo aqueles com Peso Bruto Total (PBT) inferior a 24 toneladas, na MG-010. A a\u00e7\u00e3o \u00e9 necess\u00e1ria para a execu\u00e7\u00e3o de servi\u00e7os de manuten\u00e7\u00e3o, especialmente a recupera\u00e7\u00e3o do [&hellip;]\" \/>\n<meta property=\"og:url\" content=\"https:\/\/aconteceunovale.com.br\/portal\/?p=194408\" \/>\n<meta property=\"og:site_name\" content=\"Aconteceu no Vale\" \/>\n<meta property=\"article:publisher\" content=\"https:\/\/www.facebook.com\/aconteceunovale\/\" \/>\n<meta property=\"article:published_time\" content=\"2024-01-09T00:31:29+00:00\" \/>\n<meta property=\"article:modified_time\" content=\"2024-01-09T00:32:22+00:00\" \/>\n<meta property=\"og:image\" content=\"https:\/\/aconteceunovale.com.br\/portal\/wp-content\/uploads\/2024\/01\/mg_10_interrupcao.png\" \/>\n\t<meta property=\"og:image:width\" content=\"1084\" \/>\n\t<meta property=\"og:image:height\" content=\"648\" \/>\n\t<meta property=\"og:image:type\" content=\"image\/png\" \/>\n<meta name=\"author\" content=\"Reda\u00e7\u00e3o Aconteceu no Vale\" \/>\n<meta name=\"twitter:card\" content=\"summary_large_image\" \/>\n<meta name=\"twitter:creator\" content=\"@noticiadosvales\" \/>\n<meta name=\"twitter:site\" content=\"@noticiadosvales\" \/>\n<meta name=\"twitter:label1\" content=\"Escrito por\" \/>\n\t<meta name=\"twitter:data1\" content=\"Reda\u00e7\u00e3o Aconteceu no Vale\" \/>\n\t<meta name=\"twitter:label2\" content=\"Est. tempo de leitura\" \/>\n\t<meta name=\"twitter:data2\" content=\"1 minuto\" \/>\n<script type=\"application\/ld+json\" class=\"yoast-schema-graph\">{\"@context\":\"https:\\\/\\\/schema.org\",\"@graph\":[{\"@type\":\"Article\",\"@id\":\"https:\\\/\\\/aconteceunovale.com.br\\\/portal\\\/?p=194408#article\",\"isPartOf\":{\"@id\":\"https:\\\/\\\/aconteceunovale.com.br\\\/portal\\\/?p=194408\"},\"author\":{\"name\":\"Reda\u00e7\u00e3o Aconteceu no Vale\",\"@id\":\"https:\\\/\\\/aconteceunovale.com.br\\\/portal\\\/#\\\/schema\\\/person\\\/7d2f26d1483f8a63de73da1ee0754d35\"},\"headline\":\"DER far\u00e1 interrup\u00e7\u00e3o tempor\u00e1ria para caminh\u00f5es na MG-010\",\"datePublished\":\"2024-01-09T00:31:29+00:00\",\"dateModified\":\"2024-01-09T00:32:22+00:00\",\"mainEntityOfPage\":{\"@id\":\"https:\\\/\\\/aconteceunovale.com.br\\\/portal\\\/?p=194408\"},\"wordCount\":279,\"commentCount\":0,\"image\":{\"@id\":\"https:\\\/\\\/aconteceunovale.com.br\\\/portal\\\/?p=194408#primaryimage\"},\"thumbnailUrl\":\"https:\\\/\\\/aconteceunovale.com.br\\\/portal\\\/wp-content\\\/uploads\\\/2024\\\/01\\\/mg_10_interrupcao.png\",\"keywords\":[\"Bloqueio na MG-010\",\"DER far\u00e1 interrup\u00e7\u00e3o tempor\u00e1ria para caminh\u00f5es na MG-010\",\"DER-MG\",\"destaque\",\"Interrup\u00e7\u00e3o na MG-010\",\"MG-010\",\"Morro do Pilar\",\"Serra do Cip\u00f3\"],\"articleSection\":[\"Minas Gerais\"],\"inLanguage\":\"pt-BR\",\"potentialAction\":[{\"@type\":\"CommentAction\",\"name\":\"Comment\",\"target\":[\"https:\\\/\\\/aconteceunovale.com.br\\\/portal\\\/?p=194408#respond\"]}]},{\"@type\":\"WebPage\",\"@id\":\"https:\\\/\\\/aconteceunovale.com.br\\\/portal\\\/?p=194408\",\"url\":\"https:\\\/\\\/aconteceunovale.com.br\\\/portal\\\/?p=194408\",\"name\":\"DER far\u00e1 interrup\u00e7\u00e3o tempor\u00e1ria para caminh\u00f5es na MG-010 - Aconteceu no Vale\",\"isPartOf\":{\"@id\":\"https:\\\/\\\/aconteceunovale.com.br\\\/portal\\\/#website\"},\"primaryImageOfPage\":{\"@id\":\"https:\\\/\\\/aconteceunovale.com.br\\\/portal\\\/?p=194408#primaryimage\"},\"image\":{\"@id\":\"https:\\\/\\\/aconteceunovale.com.br\\\/portal\\\/?p=194408#primaryimage\"},\"thumbnailUrl\":\"https:\\\/\\\/aconteceunovale.com.br\\\/portal\\\/wp-content\\\/uploads\\\/2024\\\/01\\\/mg_10_interrupcao.png\",\"datePublished\":\"2024-01-09T00:31:29+00:00\",\"dateModified\":\"2024-01-09T00:32:22+00:00\",\"author\":{\"@id\":\"https:\\\/\\\/aconteceunovale.com.br\\\/portal\\\/#\\\/schema\\\/person\\\/7d2f26d1483f8a63de73da1ee0754d35\"},\"breadcrumb\":{\"@id\":\"https:\\\/\\\/aconteceunovale.com.br\\\/portal\\\/?p=194408#breadcrumb\"},\"inLanguage\":\"pt-BR\",\"potentialAction\":[{\"@type\":\"ReadAction\",\"target\":[\"https:\\\/\\\/aconteceunovale.com.br\\\/portal\\\/?p=194408\"]}]},{\"@type\":\"ImageObject\",\"inLanguage\":\"pt-BR\",\"@id\":\"https:\\\/\\\/aconteceunovale.com.br\\\/portal\\\/?p=194408#primaryimage\",\"url\":\"https:\\\/\\\/aconteceunovale.com.br\\\/portal\\\/wp-content\\\/uploads\\\/2024\\\/01\\\/mg_10_interrupcao.png\",\"contentUrl\":\"https:\\\/\\\/aconteceunovale.com.br\\\/portal\\\/wp-content\\\/uploads\\\/2024\\\/01\\\/mg_10_interrupcao.png\",\"width\":1084,\"height\":648},{\"@type\":\"BreadcrumbList\",\"@id\":\"https:\\\/\\\/aconteceunovale.com.br\\\/portal\\\/?p=194408#breadcrumb\",\"itemListElement\":[{\"@type\":\"ListItem\",\"position\":1,\"name\":\"In\u00edcio\",\"item\":\"https:\\\/\\\/aconteceunovale.com.br\\\/portal\\\/\"},{\"@type\":\"ListItem\",\"position\":2,\"name\":\"DER far\u00e1 interrup\u00e7\u00e3o tempor\u00e1ria para caminh\u00f5es na MG-010\"}]},{\"@type\":\"WebSite\",\"@id\":\"https:\\\/\\\/aconteceunovale.com.br\\\/portal\\\/#website\",\"url\":\"https:\\\/\\\/aconteceunovale.com.br\\\/portal\\\/\",\"name\":\"Aconteceu no Vale\",\"description\":\"Portal de Not\u00edcias\",\"potentialAction\":[{\"@type\":\"SearchAction\",\"target\":{\"@type\":\"EntryPoint\",\"urlTemplate\":\"https:\\\/\\\/aconteceunovale.com.br\\\/portal\\\/?s={search_term_string}\"},\"query-input\":{\"@type\":\"PropertyValueSpecification\",\"valueRequired\":true,\"valueName\":\"search_term_string\"}}],\"inLanguage\":\"pt-BR\"},{\"@type\":\"Person\",\"@id\":\"https:\\\/\\\/aconteceunovale.com.br\\\/portal\\\/#\\\/schema\\\/person\\\/7d2f26d1483f8a63de73da1ee0754d35\",\"name\":\"Reda\u00e7\u00e3o Aconteceu no Vale\",\"description\":\"Equipe de reportagem do Aconteceu no Vale, portal de not\u00edcias do Vale do Jequitinhonha, em Minas Gerais. Cobrimos as 51 cidades do Vale desde 2013. Sugest\u00f5es de pauta e pedidos de corre\u00e7\u00e3o: contato@aconteceunovale.com.br\",\"url\":\"https:\\\/\\\/aconteceunovale.com.br\\\/portal\\\/?author=4\"}]}<\/script>\n<!-- \/ Yoast SEO plugin. -->","yoast_head_json":{"title":"DER far\u00e1 interrup\u00e7\u00e3o tempor\u00e1ria para caminh\u00f5es na MG-010 - Aconteceu no Vale","robots":{"index":"index","follow":"follow","max-snippet":"max-snippet:-1","max-image-preview":"max-image-preview:large","max-video-preview":"max-video-preview:-1"},"canonical":"https:\/\/aconteceunovale.com.br\/portal\/?p=194408","og_locale":"pt_BR","og_type":"article","og_title":"DER far\u00e1 interrup\u00e7\u00e3o tempor\u00e1ria para caminh\u00f5es na MG-010 - Aconteceu no Vale","og_description":"O Departamento de Estradas de Rodagem de Minas Gerais (DER-MG) informa que, nos dias 9 e 10 de janeiro, realizar\u00e1 uma interrup\u00e7\u00e3o tempor\u00e1ria no tr\u00e1fego de caminh\u00f5es, incluindo aqueles com Peso Bruto Total (PBT) inferior a 24 toneladas, na MG-010. A a\u00e7\u00e3o \u00e9 necess\u00e1ria para a execu\u00e7\u00e3o de servi\u00e7os de manuten\u00e7\u00e3o, especialmente a recupera\u00e7\u00e3o do [&hellip;]","og_url":"https:\/\/aconteceunovale.com.br\/portal\/?p=194408","og_site_name":"Aconteceu no Vale","article_publisher":"https:\/\/www.facebook.com\/aconteceunovale\/","article_published_time":"2024-01-09T00:31:29+00:00","article_modified_time":"2024-01-09T00:32:22+00:00","og_image":[{"width":1084,"height":648,"url":"https:\/\/aconteceunovale.com.br\/portal\/wp-content\/uploads\/2024\/01\/mg_10_interrupcao.png","type":"image\/png"}],"author":"Reda\u00e7\u00e3o Aconteceu no Vale","twitter_card":"summary_large_image","twitter_creator":"@noticiadosvales","twitter_site":"@noticiadosvales","twitter_misc":{"Escrito por":"Reda\u00e7\u00e3o Aconteceu no Vale","Est. tempo de leitura":"1 minuto"},"schema":{"@context":"https:\/\/schema.org","@graph":[{"@type":"Article","@id":"https:\/\/aconteceunovale.com.br\/portal\/?p=194408#article","isPartOf":{"@id":"https:\/\/aconteceunovale.com.br\/portal\/?p=194408"},"author":{"name":"Reda\u00e7\u00e3o Aconteceu no Vale","@id":"https:\/\/aconteceunovale.com.br\/portal\/#\/schema\/person\/7d2f26d1483f8a63de73da1ee0754d35"},"headline":"DER far\u00e1 interrup\u00e7\u00e3o tempor\u00e1ria para caminh\u00f5es na MG-010","datePublished":"2024-01-09T00:31:29+00:00","dateModified":"2024-01-09T00:32:22+00:00","mainEntityOfPage":{"@id":"https:\/\/aconteceunovale.com.br\/portal\/?p=194408"},"wordCount":279,"commentCount":0,"image":{"@id":"https:\/\/aconteceunovale.com.br\/portal\/?p=194408#primaryimage"},"thumbnailUrl":"https:\/\/aconteceunovale.com.br\/portal\/wp-content\/uploads\/2024\/01\/mg_10_interrupcao.png","keywords":["Bloqueio na MG-010","DER far\u00e1 interrup\u00e7\u00e3o tempor\u00e1ria para caminh\u00f5es na MG-010","DER-MG","destaque","Interrup\u00e7\u00e3o na MG-010","MG-010","Morro do Pilar","Serra do Cip\u00f3"],"articleSection":["Minas Gerais"],"inLanguage":"pt-BR","potentialAction":[{"@type":"CommentAction","name":"Comment","target":["https:\/\/aconteceunovale.com.br\/portal\/?p=194408#respond"]}]},{"@type":"WebPage","@id":"https:\/\/aconteceunovale.com.br\/portal\/?p=194408","url":"https:\/\/aconteceunovale.com.br\/portal\/?p=194408","name":"DER far\u00e1 interrup\u00e7\u00e3o tempor\u00e1ria para caminh\u00f5es na MG-010 - Aconteceu no Vale","isPartOf":{"@id":"https:\/\/aconteceunovale.com.br\/portal\/#website"},"primaryImageOfPage":{"@id":"https:\/\/aconteceunovale.com.br\/portal\/?p=194408#primaryimage"},"image":{"@id":"https:\/\/aconteceunovale.com.br\/portal\/?p=194408#primaryimage"},"thumbnailUrl":"https:\/\/aconteceunovale.com.br\/portal\/wp-content\/uploads\/2024\/01\/mg_10_interrupcao.png","datePublished":"2024-01-09T00:31:29+00:00","dateModified":"2024-01-09T00:32:22+00:00","author":{"@id":"https:\/\/aconteceunovale.com.br\/portal\/#\/schema\/person\/7d2f26d1483f8a63de73da1ee0754d35"},"breadcrumb":{"@id":"https:\/\/aconteceunovale.com.br\/portal\/?p=194408#breadcrumb"},"inLanguage":"pt-BR","potentialAction":[{"@type":"ReadAction","target":["https:\/\/aconteceunovale.com.br\/portal\/?p=194408"]}]},{"@type":"ImageObject","inLanguage":"pt-BR","@id":"https:\/\/aconteceunovale.com.br\/portal\/?p=194408#primaryimage","url":"https:\/\/aconteceunovale.com.br\/portal\/wp-content\/uploads\/2024\/01\/mg_10_interrupcao.png","contentUrl":"https:\/\/aconteceunovale.com.br\/portal\/wp-content\/uploads\/2024\/01\/mg_10_interrupcao.png","width":1084,"height":648},{"@type":"BreadcrumbList","@id":"https:\/\/aconteceunovale.com.br\/portal\/?p=194408#breadcrumb","itemListElement":[{"@type":"ListItem","position":1,"name":"In\u00edcio","item":"https:\/\/aconteceunovale.com.br\/portal\/"},{"@type":"ListItem","position":2,"name":"DER far\u00e1 interrup\u00e7\u00e3o tempor\u00e1ria para caminh\u00f5es na MG-010"}]},{"@type":"WebSite","@id":"https:\/\/aconteceunovale.com.br\/portal\/#website","url":"https:\/\/aconteceunovale.com.br\/portal\/","name":"Aconteceu no Vale","description":"Portal de Not\u00edcias","potentialAction":[{"@type":"SearchAction","target":{"@type":"EntryPoint","urlTemplate":"https:\/\/aconteceunovale.com.br\/portal\/?s={search_term_string}"},"query-input":{"@type":"PropertyValueSpecification","valueRequired":true,"valueName":"search_term_string"}}],"inLanguage":"pt-BR"},{"@type":"Person","@id":"https:\/\/aconteceunovale.com.br\/portal\/#\/schema\/person\/7d2f26d1483f8a63de73da1ee0754d35","name":"Reda\u00e7\u00e3o Aconteceu no Vale","description":"Equipe de reportagem do Aconteceu no Vale, portal de not\u00edcias do Vale do Jequitinhonha, em Minas Gerais. Cobrimos as 51 cidades do Vale desde 2013. Sugest\u00f5es de pauta e pedidos de corre\u00e7\u00e3o: contato@aconteceunovale.com.br","url":"https:\/\/aconteceunovale.com.br\/portal\/?author=4"}]}},"_links":{"self":[{"href":"https:\/\/aconteceunovale.com.br\/portal\/index.php?rest_route=\/wp\/v2\/posts\/194408","targetHints":{"allow":["GET"]}}],"collection":[{"href":"https:\/\/aconteceunovale.com.br\/portal\/index.php?rest_route=\/wp\/v2\/posts"}],"about":[{"href":"https:\/\/aconteceunovale.com.br\/portal\/index.php?rest_route=\/wp\/v2\/types\/post"}],"author":[{"embeddable":true,"href":"https:\/\/aconteceunovale.com.br\/portal\/index.php?rest_route=\/wp\/v2\/users\/4"}],"replies":[{"embeddable":true,"href":"https:\/\/aconteceunovale.com.br\/portal\/index.php?rest_route=%2Fwp%2Fv2%2Fcomments&post=194408"}],"version-history":[{"count":1,"href":"https:\/\/aconteceunovale.com.br\/portal\/index.php?rest_route=\/wp\/v2\/posts\/194408\/revisions"}],"predecessor-version":[{"id":194410,"href":"https:\/\/aconteceunovale.com.br\/portal\/index.php?rest_route=\/wp\/v2\/posts\/194408\/revisions\/194410"}],"wp:featuredmedia":[{"embeddable":true,"href":"https:\/\/aconteceunovale.com.br\/portal\/index.php?rest_route=\/wp\/v2\/media\/194409"}],"wp:attachment":[{"href":"https:\/\/aconteceunovale.com.br\/portal\/index.php?rest_route=%2Fwp%2Fv2%2Fmedia&parent=194408"}],"wp:term":[{"taxonomy":"category","embeddable":true,"href":"https:\/\/aconteceunovale.com.br\/portal\/index.php?rest_route=%2Fwp%2Fv2%2Fcategories&post=194408"},{"taxonomy":"post_tag","embeddable":true,"href":"https:\/\/aconteceunovale.com.br\/portal\/index.php?rest_route=%2Fwp%2Fv2%2Ftags&post=194408"}],"curies":[{"name":"wp","href":"https:\/\/api.w.org\/{rel}","templated":true}]}}