{"id":194388,"date":"2024-01-03T21:15:55","date_gmt":"2024-01-04T00:15:55","guid":{"rendered":"https:\/\/aconteceunovale.com.br\/portal\/?p=194388"},"modified":"2024-01-03T21:16:55","modified_gmt":"2024-01-04T00:16:55","slug":"pavimentacao-de-trecho-da-mgc-479-ja-atinge-percentual-de-56","status":"publish","type":"post","link":"https:\/\/aconteceunovale.com.br\/portal\/?p=194388","title":{"rendered":"Pavimenta\u00e7\u00e3o de trecho da MGC-479 j\u00e1 atinge percentual de 56%"},"content":{"rendered":"\n<p class=\"wp-block-paragraph\">A pavimenta\u00e7\u00e3o do trecho da MGC-479, que liga o munic\u00edpio de Janu\u00e1ria ao distrito de Tejuco, no Norte de Minas, atingiu um significativo percentual de 56%, conforme informado pelo Governo do Estado, por meio do Departamento de Estradas de Rodagem de Minas Gerais (DER-MG). Iniciada em julho de 2023, a obra abrange 22 quil\u00f4metros e integra um conjunto de melhorias para a rodovia.<\/p>\n\n\n\n<figure class=\"wp-block-gallery has-nested-images columns-default is-cropped wp-block-gallery-1 is-layout-flex wp-block-gallery-is-layout-flex\">\n<figure class=\"wp-block-image size-large\"><img loading=\"lazy\" decoding=\"async\" width=\"676\" height=\"450\" data-id=\"194389\" src=\"https:\/\/aconteceunovale.com.br\/portal\/wp-content\/uploads\/2024\/01\/obra_januaria_1.jpg\" alt=\"\" class=\"wp-image-194389\" srcset=\"https:\/\/aconteceunovale.com.br\/portal\/wp-content\/uploads\/2024\/01\/obra_januaria_1.jpg 676w, https:\/\/aconteceunovale.com.br\/portal\/wp-content\/uploads\/2024\/01\/obra_januaria_1-300x200.jpg 300w, https:\/\/aconteceunovale.com.br\/portal\/wp-content\/uploads\/2024\/01\/obra_januaria_1-631x420.jpg 631w\" sizes=\"auto, (max-width: 676px) 100vw, 676px\" \/><figcaption class=\"wp-element-caption\"><em><sub>Foto: DER-MG \/ Divulga\u00e7\u00e3o<\/sub><\/em><\/figcaption><\/figure>\n<\/figure>\n\n\n\n<p class=\"wp-block-paragraph\">O investimento, parte do Provias, totaliza R$ 80 milh\u00f5es para os 22 quil\u00f4metros em execu\u00e7\u00e3o. As obras incluem n\u00e3o apenas a pavimenta\u00e7\u00e3o, mas tamb\u00e9m a regulariza\u00e7\u00e3o do subleito, confec\u00e7\u00e3o da sub-base, base e pavimenta\u00e7\u00e3o, al\u00e9m de servi\u00e7os de drenagem, como sarjetas, meio-fio e caixas coletoras. A sinaliza\u00e7\u00e3o vertical, com instala\u00e7\u00e3o de defensas met\u00e1licas, e a sinaliza\u00e7\u00e3o horizontal tamb\u00e9m est\u00e3o em andamento. A iniciativa gera 317 empregos diretos e 935 empregos indiretos na regi\u00e3o.<\/p>\n\n\n\n<p class=\"wp-block-paragraph\">A MGC-479 \u00e9 uma via estrat\u00e9gica que interliga Janu\u00e1ria a distritos populosos e \u00e9 uma importante liga\u00e7\u00e3o do extremo Norte de Minas ao Centro-Oeste do Brasil. A pavimenta\u00e7\u00e3o da rodovia, uma demanda de mais de 60 anos da popula\u00e7\u00e3o, beneficiar\u00e1 mais de 80 mil mineiros, facilitando o escoamento da produ\u00e7\u00e3o agropecu\u00e1ria local, aumentando a seguran\u00e7a dos usu\u00e1rios e reduzindo os tempos de deslocamento.<\/p>\n\n\n\n<figure class=\"wp-block-gallery has-nested-images columns-1 is-cropped wp-block-gallery-2 is-layout-flex wp-block-gallery-is-layout-flex\">\n<figure class=\"wp-block-image size-large\"><img loading=\"lazy\" decoding=\"async\" width=\"676\" height=\"450\" data-id=\"194390\" src=\"https:\/\/aconteceunovale.com.br\/portal\/wp-content\/uploads\/2024\/01\/obra_januaria_4.jpg\" alt=\"\" class=\"wp-image-194390\" srcset=\"https:\/\/aconteceunovale.com.br\/portal\/wp-content\/uploads\/2024\/01\/obra_januaria_4.jpg 676w, https:\/\/aconteceunovale.com.br\/portal\/wp-content\/uploads\/2024\/01\/obra_januaria_4-300x200.jpg 300w, https:\/\/aconteceunovale.com.br\/portal\/wp-content\/uploads\/2024\/01\/obra_januaria_4-631x420.jpg 631w\" sizes=\"auto, (max-width: 676px) 100vw, 676px\" \/><figcaption class=\"wp-element-caption\"><sub><em>Foto: DER-MG \/ Divulga\u00e7\u00e3o<\/em><\/sub><\/figcaption><\/figure>\n\n\n\n<figure class=\"wp-block-image size-large\"><img loading=\"lazy\" decoding=\"async\" width=\"676\" height=\"450\" data-id=\"194391\" src=\"https:\/\/aconteceunovale.com.br\/portal\/wp-content\/uploads\/2024\/01\/obra_januaria_3.jpg\" alt=\"\" class=\"wp-image-194391\" srcset=\"https:\/\/aconteceunovale.com.br\/portal\/wp-content\/uploads\/2024\/01\/obra_januaria_3.jpg 676w, https:\/\/aconteceunovale.com.br\/portal\/wp-content\/uploads\/2024\/01\/obra_januaria_3-300x200.jpg 300w, https:\/\/aconteceunovale.com.br\/portal\/wp-content\/uploads\/2024\/01\/obra_januaria_3-631x420.jpg 631w\" sizes=\"auto, (max-width: 676px) 100vw, 676px\" \/><figcaption class=\"wp-element-caption\"><sub><em>Foto: DER-MG \/ Divulga\u00e7\u00e3o<\/em><\/sub><\/figcaption><\/figure>\n\n\n\n<figure class=\"wp-block-image size-large\"><img loading=\"lazy\" decoding=\"async\" width=\"676\" height=\"450\" data-id=\"194392\" src=\"https:\/\/aconteceunovale.com.br\/portal\/wp-content\/uploads\/2024\/01\/obra_januaria_2.jpg\" alt=\"\" class=\"wp-image-194392\" srcset=\"https:\/\/aconteceunovale.com.br\/portal\/wp-content\/uploads\/2024\/01\/obra_januaria_2.jpg 676w, https:\/\/aconteceunovale.com.br\/portal\/wp-content\/uploads\/2024\/01\/obra_januaria_2-300x200.jpg 300w, https:\/\/aconteceunovale.com.br\/portal\/wp-content\/uploads\/2024\/01\/obra_januaria_2-631x420.jpg 631w\" sizes=\"auto, (max-width: 676px) 100vw, 676px\" \/><figcaption class=\"wp-element-caption\"><sub><em>Foto: DER-MG \/ Divulga\u00e7\u00e3o<\/em><\/sub><\/figcaption><\/figure>\n<\/figure>\n","protected":false},"excerpt":{"rendered":"<p>A pavimenta\u00e7\u00e3o do trecho da MGC-479, que liga o munic\u00edpio de Janu\u00e1ria ao distrito de Tejuco, no Norte de Minas, atingiu um significativo percentual de 56%, conforme informado pelo Governo do Estado, por meio do Departamento de Estradas de Rodagem de Minas Gerais (DER-MG). Iniciada em julho de 2023, a obra abrange 22 quil\u00f4metros e [&hellip;]<\/p>\n","protected":false},"author":4,"featured_media":194389,"comment_status":"open","ping_status":"closed","sticky":false,"template":"","format":"standard","meta":{"amp_status":"","footnotes":""},"categories":[1236],"tags":[1018,205,210123,225547,210124,268647,268644,268645,268646,261246],"class_list":["post-194388","post","type-post","status-publish","format-standard","has-post-thumbnail","hentry","category-norte_de_minas","tag-destaque","tag-januaria","tag-mgc-479","tag-obras-na-mgc-479","tag-pavimentacao-da-mgc-479","tag-pavimentacao-de-rodovia-em-januaria","tag-pavimentacao-de-trecho-da-mgc-479-ja-atinge-percentual-de-56","tag-pavimentacao-do-trecho-entre-januaria-e-tejuco","tag-programa-provias","tag-provias"],"yoast_head":"<!-- This site is optimized with the Yoast SEO plugin v28.3 - https:\/\/yoast.com\/product\/yoast-seo-wordpress\/ -->\n<title>Pavimenta\u00e7\u00e3o de trecho da MGC-479 j\u00e1 atinge percentual de 56% - Aconteceu no Vale<\/title>\n<meta name=\"robots\" content=\"index, follow, max-snippet:-1, max-image-preview:large, max-video-preview:-1\" \/>\n<link rel=\"canonical\" href=\"https:\/\/aconteceunovale.com.br\/portal\/?p=194388\" \/>\n<meta property=\"og:locale\" content=\"pt_BR\" \/>\n<meta property=\"og:type\" content=\"article\" \/>\n<meta property=\"og:title\" content=\"Pavimenta\u00e7\u00e3o de trecho da MGC-479 j\u00e1 atinge percentual de 56% - Aconteceu no Vale\" \/>\n<meta property=\"og:description\" content=\"A pavimenta\u00e7\u00e3o do trecho da MGC-479, que liga o munic\u00edpio de Janu\u00e1ria ao distrito de Tejuco, no Norte de Minas, atingiu um significativo percentual de 56%, conforme informado pelo Governo do Estado, por meio do Departamento de Estradas de Rodagem de Minas Gerais (DER-MG). Iniciada em julho de 2023, a obra abrange 22 quil\u00f4metros e [&hellip;]\" \/>\n<meta property=\"og:url\" content=\"https:\/\/aconteceunovale.com.br\/portal\/?p=194388\" \/>\n<meta property=\"og:site_name\" content=\"Aconteceu no Vale\" \/>\n<meta property=\"article:publisher\" content=\"https:\/\/www.facebook.com\/aconteceunovale\/\" \/>\n<meta property=\"article:published_time\" content=\"2024-01-04T00:15:55+00:00\" \/>\n<meta property=\"article:modified_time\" content=\"2024-01-04T00:16:55+00:00\" \/>\n<meta property=\"og:image\" content=\"https:\/\/aconteceunovale.com.br\/portal\/wp-content\/uploads\/2024\/01\/obra_januaria_1.jpg\" \/>\n\t<meta property=\"og:image:width\" content=\"676\" \/>\n\t<meta property=\"og:image:height\" content=\"450\" \/>\n\t<meta property=\"og:image:type\" content=\"image\/jpeg\" \/>\n<meta name=\"author\" content=\"Reda\u00e7\u00e3o Aconteceu no Vale\" \/>\n<meta name=\"twitter:card\" content=\"summary_large_image\" \/>\n<meta name=\"twitter:creator\" content=\"@noticiadosvales\" \/>\n<meta name=\"twitter:site\" content=\"@noticiadosvales\" \/>\n<meta name=\"twitter:label1\" content=\"Escrito por\" \/>\n\t<meta name=\"twitter:data1\" content=\"Reda\u00e7\u00e3o Aconteceu no Vale\" \/>\n\t<meta name=\"twitter:label2\" content=\"Est. tempo de leitura\" \/>\n\t<meta name=\"twitter:data2\" content=\"1 minuto\" \/>\n<script type=\"application\/ld+json\" class=\"yoast-schema-graph\">{\"@context\":\"https:\\\/\\\/schema.org\",\"@graph\":[{\"@type\":\"Article\",\"@id\":\"https:\\\/\\\/aconteceunovale.com.br\\\/portal\\\/?p=194388#article\",\"isPartOf\":{\"@id\":\"https:\\\/\\\/aconteceunovale.com.br\\\/portal\\\/?p=194388\"},\"author\":{\"name\":\"Reda\u00e7\u00e3o Aconteceu no Vale\",\"@id\":\"https:\\\/\\\/aconteceunovale.com.br\\\/portal\\\/#\\\/schema\\\/person\\\/7d2f26d1483f8a63de73da1ee0754d35\"},\"headline\":\"Pavimenta\u00e7\u00e3o de trecho da MGC-479 j\u00e1 atinge percentual de 56%\",\"datePublished\":\"2024-01-04T00:15:55+00:00\",\"dateModified\":\"2024-01-04T00:16:55+00:00\",\"mainEntityOfPage\":{\"@id\":\"https:\\\/\\\/aconteceunovale.com.br\\\/portal\\\/?p=194388\"},\"wordCount\":245,\"commentCount\":0,\"image\":{\"@id\":\"https:\\\/\\\/aconteceunovale.com.br\\\/portal\\\/?p=194388#primaryimage\"},\"thumbnailUrl\":\"https:\\\/\\\/aconteceunovale.com.br\\\/portal\\\/wp-content\\\/uploads\\\/2024\\\/01\\\/obra_januaria_1.jpg\",\"keywords\":[\"destaque\",\"Janu\u00e1ria\",\"MGC-479\",\"Obras na MGC-479\",\"Pavimenta\u00e7\u00e3o da MGC-479\",\"Pavimenta\u00e7\u00e3o de rodovia em Janu\u00e1ria\",\"Pavimenta\u00e7\u00e3o de trecho da MGC-479 j\u00e1 atinge percentual de 56%\",\"Pavimenta\u00e7\u00e3o do trecho entre Janu\u00e1ria e Tejuco\",\"Programa Provias\",\"Provias\"],\"articleSection\":[\"Norte de Minas\"],\"inLanguage\":\"pt-BR\",\"potentialAction\":[{\"@type\":\"CommentAction\",\"name\":\"Comment\",\"target\":[\"https:\\\/\\\/aconteceunovale.com.br\\\/portal\\\/?p=194388#respond\"]}]},{\"@type\":\"WebPage\",\"@id\":\"https:\\\/\\\/aconteceunovale.com.br\\\/portal\\\/?p=194388\",\"url\":\"https:\\\/\\\/aconteceunovale.com.br\\\/portal\\\/?p=194388\",\"name\":\"Pavimenta\u00e7\u00e3o de trecho da MGC-479 j\u00e1 atinge percentual de 56% - Aconteceu no Vale\",\"isPartOf\":{\"@id\":\"https:\\\/\\\/aconteceunovale.com.br\\\/portal\\\/#website\"},\"primaryImageOfPage\":{\"@id\":\"https:\\\/\\\/aconteceunovale.com.br\\\/portal\\\/?p=194388#primaryimage\"},\"image\":{\"@id\":\"https:\\\/\\\/aconteceunovale.com.br\\\/portal\\\/?p=194388#primaryimage\"},\"thumbnailUrl\":\"https:\\\/\\\/aconteceunovale.com.br\\\/portal\\\/wp-content\\\/uploads\\\/2024\\\/01\\\/obra_januaria_1.jpg\",\"datePublished\":\"2024-01-04T00:15:55+00:00\",\"dateModified\":\"2024-01-04T00:16:55+00:00\",\"author\":{\"@id\":\"https:\\\/\\\/aconteceunovale.com.br\\\/portal\\\/#\\\/schema\\\/person\\\/7d2f26d1483f8a63de73da1ee0754d35\"},\"breadcrumb\":{\"@id\":\"https:\\\/\\\/aconteceunovale.com.br\\\/portal\\\/?p=194388#breadcrumb\"},\"inLanguage\":\"pt-BR\",\"potentialAction\":[{\"@type\":\"ReadAction\",\"target\":[\"https:\\\/\\\/aconteceunovale.com.br\\\/portal\\\/?p=194388\"]}]},{\"@type\":\"ImageObject\",\"inLanguage\":\"pt-BR\",\"@id\":\"https:\\\/\\\/aconteceunovale.com.br\\\/portal\\\/?p=194388#primaryimage\",\"url\":\"https:\\\/\\\/aconteceunovale.com.br\\\/portal\\\/wp-content\\\/uploads\\\/2024\\\/01\\\/obra_januaria_1.jpg\",\"contentUrl\":\"https:\\\/\\\/aconteceunovale.com.br\\\/portal\\\/wp-content\\\/uploads\\\/2024\\\/01\\\/obra_januaria_1.jpg\",\"width\":676,\"height\":450,\"caption\":\"Foto: DER-MG \\\/ Divulga\u00e7\u00e3o\"},{\"@type\":\"BreadcrumbList\",\"@id\":\"https:\\\/\\\/aconteceunovale.com.br\\\/portal\\\/?p=194388#breadcrumb\",\"itemListElement\":[{\"@type\":\"ListItem\",\"position\":1,\"name\":\"In\u00edcio\",\"item\":\"https:\\\/\\\/aconteceunovale.com.br\\\/portal\\\/\"},{\"@type\":\"ListItem\",\"position\":2,\"name\":\"Pavimenta\u00e7\u00e3o de trecho da MGC-479 j\u00e1 atinge percentual de 56%\"}]},{\"@type\":\"WebSite\",\"@id\":\"https:\\\/\\\/aconteceunovale.com.br\\\/portal\\\/#website\",\"url\":\"https:\\\/\\\/aconteceunovale.com.br\\\/portal\\\/\",\"name\":\"Aconteceu no Vale\",\"description\":\"Portal de Not\u00edcias\",\"potentialAction\":[{\"@type\":\"SearchAction\",\"target\":{\"@type\":\"EntryPoint\",\"urlTemplate\":\"https:\\\/\\\/aconteceunovale.com.br\\\/portal\\\/?s={search_term_string}\"},\"query-input\":{\"@type\":\"PropertyValueSpecification\",\"valueRequired\":true,\"valueName\":\"search_term_string\"}}],\"inLanguage\":\"pt-BR\"},{\"@type\":\"Person\",\"@id\":\"https:\\\/\\\/aconteceunovale.com.br\\\/portal\\\/#\\\/schema\\\/person\\\/7d2f26d1483f8a63de73da1ee0754d35\",\"name\":\"Reda\u00e7\u00e3o Aconteceu no Vale\",\"description\":\"Equipe de reportagem do Aconteceu no Vale, portal de not\u00edcias do Vale do Jequitinhonha, em Minas Gerais. Cobrimos as 51 cidades do Vale desde 2013. Sugest\u00f5es de pauta e pedidos de corre\u00e7\u00e3o: contato@aconteceunovale.com.br\",\"url\":\"https:\\\/\\\/aconteceunovale.com.br\\\/portal\\\/?author=4\"}]}<\/script>\n<!-- \/ Yoast SEO plugin. -->","yoast_head_json":{"title":"Pavimenta\u00e7\u00e3o de trecho da MGC-479 j\u00e1 atinge percentual de 56% - Aconteceu no Vale","robots":{"index":"index","follow":"follow","max-snippet":"max-snippet:-1","max-image-preview":"max-image-preview:large","max-video-preview":"max-video-preview:-1"},"canonical":"https:\/\/aconteceunovale.com.br\/portal\/?p=194388","og_locale":"pt_BR","og_type":"article","og_title":"Pavimenta\u00e7\u00e3o de trecho da MGC-479 j\u00e1 atinge percentual de 56% - Aconteceu no Vale","og_description":"A pavimenta\u00e7\u00e3o do trecho da MGC-479, que liga o munic\u00edpio de Janu\u00e1ria ao distrito de Tejuco, no Norte de Minas, atingiu um significativo percentual de 56%, conforme informado pelo Governo do Estado, por meio do Departamento de Estradas de Rodagem de Minas Gerais (DER-MG). Iniciada em julho de 2023, a obra abrange 22 quil\u00f4metros e [&hellip;]","og_url":"https:\/\/aconteceunovale.com.br\/portal\/?p=194388","og_site_name":"Aconteceu no Vale","article_publisher":"https:\/\/www.facebook.com\/aconteceunovale\/","article_published_time":"2024-01-04T00:15:55+00:00","article_modified_time":"2024-01-04T00:16:55+00:00","og_image":[{"width":676,"height":450,"url":"https:\/\/aconteceunovale.com.br\/portal\/wp-content\/uploads\/2024\/01\/obra_januaria_1.jpg","type":"image\/jpeg"}],"author":"Reda\u00e7\u00e3o Aconteceu no Vale","twitter_card":"summary_large_image","twitter_creator":"@noticiadosvales","twitter_site":"@noticiadosvales","twitter_misc":{"Escrito por":"Reda\u00e7\u00e3o Aconteceu no Vale","Est. tempo de leitura":"1 minuto"},"schema":{"@context":"https:\/\/schema.org","@graph":[{"@type":"Article","@id":"https:\/\/aconteceunovale.com.br\/portal\/?p=194388#article","isPartOf":{"@id":"https:\/\/aconteceunovale.com.br\/portal\/?p=194388"},"author":{"name":"Reda\u00e7\u00e3o Aconteceu no Vale","@id":"https:\/\/aconteceunovale.com.br\/portal\/#\/schema\/person\/7d2f26d1483f8a63de73da1ee0754d35"},"headline":"Pavimenta\u00e7\u00e3o de trecho da MGC-479 j\u00e1 atinge percentual de 56%","datePublished":"2024-01-04T00:15:55+00:00","dateModified":"2024-01-04T00:16:55+00:00","mainEntityOfPage":{"@id":"https:\/\/aconteceunovale.com.br\/portal\/?p=194388"},"wordCount":245,"commentCount":0,"image":{"@id":"https:\/\/aconteceunovale.com.br\/portal\/?p=194388#primaryimage"},"thumbnailUrl":"https:\/\/aconteceunovale.com.br\/portal\/wp-content\/uploads\/2024\/01\/obra_januaria_1.jpg","keywords":["destaque","Janu\u00e1ria","MGC-479","Obras na MGC-479","Pavimenta\u00e7\u00e3o da MGC-479","Pavimenta\u00e7\u00e3o de rodovia em Janu\u00e1ria","Pavimenta\u00e7\u00e3o de trecho da MGC-479 j\u00e1 atinge percentual de 56%","Pavimenta\u00e7\u00e3o do trecho entre Janu\u00e1ria e Tejuco","Programa Provias","Provias"],"articleSection":["Norte de Minas"],"inLanguage":"pt-BR","potentialAction":[{"@type":"CommentAction","name":"Comment","target":["https:\/\/aconteceunovale.com.br\/portal\/?p=194388#respond"]}]},{"@type":"WebPage","@id":"https:\/\/aconteceunovale.com.br\/portal\/?p=194388","url":"https:\/\/aconteceunovale.com.br\/portal\/?p=194388","name":"Pavimenta\u00e7\u00e3o de trecho da MGC-479 j\u00e1 atinge percentual de 56% - Aconteceu no Vale","isPartOf":{"@id":"https:\/\/aconteceunovale.com.br\/portal\/#website"},"primaryImageOfPage":{"@id":"https:\/\/aconteceunovale.com.br\/portal\/?p=194388#primaryimage"},"image":{"@id":"https:\/\/aconteceunovale.com.br\/portal\/?p=194388#primaryimage"},"thumbnailUrl":"https:\/\/aconteceunovale.com.br\/portal\/wp-content\/uploads\/2024\/01\/obra_januaria_1.jpg","datePublished":"2024-01-04T00:15:55+00:00","dateModified":"2024-01-04T00:16:55+00:00","author":{"@id":"https:\/\/aconteceunovale.com.br\/portal\/#\/schema\/person\/7d2f26d1483f8a63de73da1ee0754d35"},"breadcrumb":{"@id":"https:\/\/aconteceunovale.com.br\/portal\/?p=194388#breadcrumb"},"inLanguage":"pt-BR","potentialAction":[{"@type":"ReadAction","target":["https:\/\/aconteceunovale.com.br\/portal\/?p=194388"]}]},{"@type":"ImageObject","inLanguage":"pt-BR","@id":"https:\/\/aconteceunovale.com.br\/portal\/?p=194388#primaryimage","url":"https:\/\/aconteceunovale.com.br\/portal\/wp-content\/uploads\/2024\/01\/obra_januaria_1.jpg","contentUrl":"https:\/\/aconteceunovale.com.br\/portal\/wp-content\/uploads\/2024\/01\/obra_januaria_1.jpg","width":676,"height":450,"caption":"Foto: DER-MG \/ Divulga\u00e7\u00e3o"},{"@type":"BreadcrumbList","@id":"https:\/\/aconteceunovale.com.br\/portal\/?p=194388#breadcrumb","itemListElement":[{"@type":"ListItem","position":1,"name":"In\u00edcio","item":"https:\/\/aconteceunovale.com.br\/portal\/"},{"@type":"ListItem","position":2,"name":"Pavimenta\u00e7\u00e3o de trecho da MGC-479 j\u00e1 atinge percentual de 56%"}]},{"@type":"WebSite","@id":"https:\/\/aconteceunovale.com.br\/portal\/#website","url":"https:\/\/aconteceunovale.com.br\/portal\/","name":"Aconteceu no Vale","description":"Portal de Not\u00edcias","potentialAction":[{"@type":"SearchAction","target":{"@type":"EntryPoint","urlTemplate":"https:\/\/aconteceunovale.com.br\/portal\/?s={search_term_string}"},"query-input":{"@type":"PropertyValueSpecification","valueRequired":true,"valueName":"search_term_string"}}],"inLanguage":"pt-BR"},{"@type":"Person","@id":"https:\/\/aconteceunovale.com.br\/portal\/#\/schema\/person\/7d2f26d1483f8a63de73da1ee0754d35","name":"Reda\u00e7\u00e3o Aconteceu no Vale","description":"Equipe de reportagem do Aconteceu no Vale, portal de not\u00edcias do Vale do Jequitinhonha, em Minas Gerais. Cobrimos as 51 cidades do Vale desde 2013. Sugest\u00f5es de pauta e pedidos de corre\u00e7\u00e3o: contato@aconteceunovale.com.br","url":"https:\/\/aconteceunovale.com.br\/portal\/?author=4"}]}},"_links":{"self":[{"href":"https:\/\/aconteceunovale.com.br\/portal\/index.php?rest_route=\/wp\/v2\/posts\/194388","targetHints":{"allow":["GET"]}}],"collection":[{"href":"https:\/\/aconteceunovale.com.br\/portal\/index.php?rest_route=\/wp\/v2\/posts"}],"about":[{"href":"https:\/\/aconteceunovale.com.br\/portal\/index.php?rest_route=\/wp\/v2\/types\/post"}],"author":[{"embeddable":true,"href":"https:\/\/aconteceunovale.com.br\/portal\/index.php?rest_route=\/wp\/v2\/users\/4"}],"replies":[{"embeddable":true,"href":"https:\/\/aconteceunovale.com.br\/portal\/index.php?rest_route=%2Fwp%2Fv2%2Fcomments&post=194388"}],"version-history":[{"count":1,"href":"https:\/\/aconteceunovale.com.br\/portal\/index.php?rest_route=\/wp\/v2\/posts\/194388\/revisions"}],"predecessor-version":[{"id":194393,"href":"https:\/\/aconteceunovale.com.br\/portal\/index.php?rest_route=\/wp\/v2\/posts\/194388\/revisions\/194393"}],"wp:featuredmedia":[{"embeddable":true,"href":"https:\/\/aconteceunovale.com.br\/portal\/index.php?rest_route=\/wp\/v2\/media\/194389"}],"wp:attachment":[{"href":"https:\/\/aconteceunovale.com.br\/portal\/index.php?rest_route=%2Fwp%2Fv2%2Fmedia&parent=194388"}],"wp:term":[{"taxonomy":"category","embeddable":true,"href":"https:\/\/aconteceunovale.com.br\/portal\/index.php?rest_route=%2Fwp%2Fv2%2Fcategories&post=194388"},{"taxonomy":"post_tag","embeddable":true,"href":"https:\/\/aconteceunovale.com.br\/portal\/index.php?rest_route=%2Fwp%2Fv2%2Ftags&post=194388"}],"curies":[{"name":"wp","href":"https:\/\/api.w.org\/{rel}","templated":true}]}}