{"id":194385,"date":"2024-01-03T20:56:16","date_gmt":"2024-01-03T23:56:16","guid":{"rendered":"https:\/\/aconteceunovale.com.br\/portal\/?p=194385"},"modified":"2024-01-03T20:56:38","modified_gmt":"2024-01-03T23:56:38","slug":"suspeito-de-agressao-fatal-e-preso-em-januaria","status":"publish","type":"post","link":"https:\/\/aconteceunovale.com.br\/portal\/?p=194385","title":{"rendered":"Suspeito de agress\u00e3o fatal \u00e9 preso em Janu\u00e1ria"},"content":{"rendered":"\n<p class=\"wp-block-paragraph\">A Pol\u00edcia Civil de Minas Gerais (PCMG) efetuou a pris\u00e3o de um suspeito, de 28 anos, nesta quarta-feira (3\/1\/2024), em Janu\u00e1ria, regi\u00e3o Norte do estado, em decorr\u00eancia de sua investiga\u00e7\u00e3o sobre um homic\u00eddio ocorrido em 19 de agosto de 2023. O crime teve como v\u00edtima um homem de 35 anos que foi agredido at\u00e9 a morte, ap\u00f3s cair em uma emboscada, sendo atacado com socos e pedradas. Apesar de ter sido levado ao hospital por moradores que acionaram socorro, a v\u00edtima n\u00e3o resistiu aos ferimentos.<\/p>\n\n\n\n<figure class=\"wp-block-gallery has-nested-images columns-default is-cropped wp-block-gallery-1 is-layout-flex wp-block-gallery-is-layout-flex\">\n<figure class=\"wp-block-image size-large\"><img loading=\"lazy\" decoding=\"async\" width=\"678\" height=\"436\" data-id=\"194386\" src=\"https:\/\/aconteceunovale.com.br\/portal\/wp-content\/uploads\/2024\/01\/depol_januaria.jpg\" alt=\"\" class=\"wp-image-194386\" srcset=\"https:\/\/aconteceunovale.com.br\/portal\/wp-content\/uploads\/2024\/01\/depol_januaria.jpg 678w, https:\/\/aconteceunovale.com.br\/portal\/wp-content\/uploads\/2024\/01\/depol_januaria-300x193.jpg 300w, https:\/\/aconteceunovale.com.br\/portal\/wp-content\/uploads\/2024\/01\/depol_januaria-653x420.jpg 653w\" sizes=\"auto, (max-width: 678px) 100vw, 678px\" \/><figcaption class=\"wp-element-caption\"><em><sub>Foto: Divulga\u00e7\u00e3o\/PCMG<\/sub><\/em><\/figcaption><\/figure>\n<\/figure>\n\n\n\n<p class=\"wp-block-paragraph\">Segundo apura\u00e7\u00f5es realizadas pela equipe da PCMG especializada em crimes contra a vida em Janu\u00e1ria, no dia do incidente, a v\u00edtima havia desfrutado de momentos de lazer entre amigos na &#8220;praia&#8221; local, documentando esses momentos em suas redes sociais. Ao retornar para casa, o homem foi surpreendido pelo suspeito, sofrendo diversas agress\u00f5es.<\/p>\n\n\n\n<p class=\"wp-block-paragraph\">De acordo com o delegado Farley Guedes, respons\u00e1vel pelo caso, a investiga\u00e7\u00e3o revelou que a motiva\u00e7\u00e3o do crime est\u00e1 vinculada a uma d\u00edvida de drogas e desaven\u00e7as pessoais entre a v\u00edtima e o suspeito, relacionadas a um per\u00edodo em que ambos estiveram presos. Ap\u00f3s a conclus\u00e3o do inqu\u00e9rito pela PCMG, o procedimento foi encaminhado \u00e0 Justi\u00e7a, com representa\u00e7\u00e3o pela pris\u00e3o preventiva do investigado.<\/p>\n\n\n\n<p class=\"wp-block-paragraph\">O suspeito foi localizado nesta quarta-feira e, ap\u00f3s o cumprimento do mandado na Delegacia de Plant\u00e3o, foi encaminhado ao sistema prisional.<\/p>\n","protected":false},"excerpt":{"rendered":"<p>A Pol\u00edcia Civil de Minas Gerais (PCMG) efetuou a pris\u00e3o de um suspeito, de 28 anos, nesta quarta-feira (3\/1\/2024), em Janu\u00e1ria, regi\u00e3o Norte do estado, em decorr\u00eancia de sua investiga\u00e7\u00e3o sobre um homic\u00eddio ocorrido em 19 de agosto de 2023. O crime teve como v\u00edtima um homem de 35 anos que foi agredido at\u00e9 a [&hellip;]<\/p>\n","protected":false},"author":4,"featured_media":194386,"comment_status":"open","ping_status":"closed","sticky":false,"template":"","format":"standard","meta":{"amp_status":"","footnotes":""},"categories":[1236],"tags":[199371,205,63449,139738,268643],"class_list":["post-194385","post","type-post","status-publish","format-standard","has-post-thumbnail","hentry","category-norte_de_minas","tag-homem-preso-em-januaria","tag-januaria","tag-preso-em-januaria","tag-preso-por-homicidio-em-januaria","tag-suspeito-de-agressao-fatal-e-preso-em-januaria"],"yoast_head":"<!-- This site is optimized with the Yoast SEO plugin v28.3 - https:\/\/yoast.com\/product\/yoast-seo-wordpress\/ -->\n<title>Suspeito de agress\u00e3o fatal \u00e9 preso em Janu\u00e1ria - Aconteceu no Vale<\/title>\n<meta name=\"robots\" content=\"index, follow, max-snippet:-1, max-image-preview:large, max-video-preview:-1\" \/>\n<link rel=\"canonical\" href=\"https:\/\/aconteceunovale.com.br\/portal\/?p=194385\" \/>\n<meta property=\"og:locale\" content=\"pt_BR\" \/>\n<meta property=\"og:type\" content=\"article\" \/>\n<meta property=\"og:title\" content=\"Suspeito de agress\u00e3o fatal \u00e9 preso em Janu\u00e1ria - Aconteceu no Vale\" \/>\n<meta property=\"og:description\" content=\"A Pol\u00edcia Civil de Minas Gerais (PCMG) efetuou a pris\u00e3o de um suspeito, de 28 anos, nesta quarta-feira (3\/1\/2024), em Janu\u00e1ria, regi\u00e3o Norte do estado, em decorr\u00eancia de sua investiga\u00e7\u00e3o sobre um homic\u00eddio ocorrido em 19 de agosto de 2023. O crime teve como v\u00edtima um homem de 35 anos que foi agredido at\u00e9 a [&hellip;]\" \/>\n<meta property=\"og:url\" content=\"https:\/\/aconteceunovale.com.br\/portal\/?p=194385\" \/>\n<meta property=\"og:site_name\" content=\"Aconteceu no Vale\" \/>\n<meta property=\"article:publisher\" content=\"https:\/\/www.facebook.com\/aconteceunovale\/\" \/>\n<meta property=\"article:published_time\" content=\"2024-01-03T23:56:16+00:00\" \/>\n<meta property=\"article:modified_time\" content=\"2024-01-03T23:56:38+00:00\" \/>\n<meta property=\"og:image\" content=\"https:\/\/aconteceunovale.com.br\/portal\/wp-content\/uploads\/2024\/01\/depol_januaria.jpg\" \/>\n\t<meta property=\"og:image:width\" content=\"678\" \/>\n\t<meta property=\"og:image:height\" content=\"436\" \/>\n\t<meta property=\"og:image:type\" content=\"image\/jpeg\" \/>\n<meta name=\"author\" content=\"Reda\u00e7\u00e3o Aconteceu no Vale\" \/>\n<meta name=\"twitter:card\" content=\"summary_large_image\" \/>\n<meta name=\"twitter:creator\" content=\"@noticiadosvales\" \/>\n<meta name=\"twitter:site\" content=\"@noticiadosvales\" \/>\n<meta name=\"twitter:label1\" content=\"Escrito por\" \/>\n\t<meta name=\"twitter:data1\" content=\"Reda\u00e7\u00e3o Aconteceu no Vale\" \/>\n\t<meta name=\"twitter:label2\" content=\"Est. tempo de leitura\" \/>\n\t<meta name=\"twitter:data2\" content=\"1 minuto\" \/>\n<script type=\"application\/ld+json\" class=\"yoast-schema-graph\">{\"@context\":\"https:\\\/\\\/schema.org\",\"@graph\":[{\"@type\":\"Article\",\"@id\":\"https:\\\/\\\/aconteceunovale.com.br\\\/portal\\\/?p=194385#article\",\"isPartOf\":{\"@id\":\"https:\\\/\\\/aconteceunovale.com.br\\\/portal\\\/?p=194385\"},\"author\":{\"name\":\"Reda\u00e7\u00e3o Aconteceu no Vale\",\"@id\":\"https:\\\/\\\/aconteceunovale.com.br\\\/portal\\\/#\\\/schema\\\/person\\\/7d2f26d1483f8a63de73da1ee0754d35\"},\"headline\":\"Suspeito de agress\u00e3o fatal \u00e9 preso em Janu\u00e1ria\",\"datePublished\":\"2024-01-03T23:56:16+00:00\",\"dateModified\":\"2024-01-03T23:56:38+00:00\",\"mainEntityOfPage\":{\"@id\":\"https:\\\/\\\/aconteceunovale.com.br\\\/portal\\\/?p=194385\"},\"wordCount\":258,\"commentCount\":0,\"image\":{\"@id\":\"https:\\\/\\\/aconteceunovale.com.br\\\/portal\\\/?p=194385#primaryimage\"},\"thumbnailUrl\":\"https:\\\/\\\/aconteceunovale.com.br\\\/portal\\\/wp-content\\\/uploads\\\/2024\\\/01\\\/depol_januaria.jpg\",\"keywords\":[\"Homem preso em Janu\u00e1ria\",\"Janu\u00e1ria\",\"preso em Janu\u00e1ria\",\"Preso por homic\u00eddio em Janu\u00e1ria\",\"Suspeito de agress\u00e3o fatal \u00e9 preso em Janu\u00e1ria\"],\"articleSection\":[\"Norte de Minas\"],\"inLanguage\":\"pt-BR\",\"potentialAction\":[{\"@type\":\"CommentAction\",\"name\":\"Comment\",\"target\":[\"https:\\\/\\\/aconteceunovale.com.br\\\/portal\\\/?p=194385#respond\"]}]},{\"@type\":\"WebPage\",\"@id\":\"https:\\\/\\\/aconteceunovale.com.br\\\/portal\\\/?p=194385\",\"url\":\"https:\\\/\\\/aconteceunovale.com.br\\\/portal\\\/?p=194385\",\"name\":\"Suspeito de agress\u00e3o fatal \u00e9 preso em Janu\u00e1ria - Aconteceu no Vale\",\"isPartOf\":{\"@id\":\"https:\\\/\\\/aconteceunovale.com.br\\\/portal\\\/#website\"},\"primaryImageOfPage\":{\"@id\":\"https:\\\/\\\/aconteceunovale.com.br\\\/portal\\\/?p=194385#primaryimage\"},\"image\":{\"@id\":\"https:\\\/\\\/aconteceunovale.com.br\\\/portal\\\/?p=194385#primaryimage\"},\"thumbnailUrl\":\"https:\\\/\\\/aconteceunovale.com.br\\\/portal\\\/wp-content\\\/uploads\\\/2024\\\/01\\\/depol_januaria.jpg\",\"datePublished\":\"2024-01-03T23:56:16+00:00\",\"dateModified\":\"2024-01-03T23:56:38+00:00\",\"author\":{\"@id\":\"https:\\\/\\\/aconteceunovale.com.br\\\/portal\\\/#\\\/schema\\\/person\\\/7d2f26d1483f8a63de73da1ee0754d35\"},\"breadcrumb\":{\"@id\":\"https:\\\/\\\/aconteceunovale.com.br\\\/portal\\\/?p=194385#breadcrumb\"},\"inLanguage\":\"pt-BR\",\"potentialAction\":[{\"@type\":\"ReadAction\",\"target\":[\"https:\\\/\\\/aconteceunovale.com.br\\\/portal\\\/?p=194385\"]}]},{\"@type\":\"ImageObject\",\"inLanguage\":\"pt-BR\",\"@id\":\"https:\\\/\\\/aconteceunovale.com.br\\\/portal\\\/?p=194385#primaryimage\",\"url\":\"https:\\\/\\\/aconteceunovale.com.br\\\/portal\\\/wp-content\\\/uploads\\\/2024\\\/01\\\/depol_januaria.jpg\",\"contentUrl\":\"https:\\\/\\\/aconteceunovale.com.br\\\/portal\\\/wp-content\\\/uploads\\\/2024\\\/01\\\/depol_januaria.jpg\",\"width\":678,\"height\":436,\"caption\":\"Foto: Divulga\u00e7\u00e3o\\\/PCMG\"},{\"@type\":\"BreadcrumbList\",\"@id\":\"https:\\\/\\\/aconteceunovale.com.br\\\/portal\\\/?p=194385#breadcrumb\",\"itemListElement\":[{\"@type\":\"ListItem\",\"position\":1,\"name\":\"In\u00edcio\",\"item\":\"https:\\\/\\\/aconteceunovale.com.br\\\/portal\\\/\"},{\"@type\":\"ListItem\",\"position\":2,\"name\":\"Suspeito de agress\u00e3o fatal \u00e9 preso em Janu\u00e1ria\"}]},{\"@type\":\"WebSite\",\"@id\":\"https:\\\/\\\/aconteceunovale.com.br\\\/portal\\\/#website\",\"url\":\"https:\\\/\\\/aconteceunovale.com.br\\\/portal\\\/\",\"name\":\"Aconteceu no Vale\",\"description\":\"Portal de Not\u00edcias\",\"potentialAction\":[{\"@type\":\"SearchAction\",\"target\":{\"@type\":\"EntryPoint\",\"urlTemplate\":\"https:\\\/\\\/aconteceunovale.com.br\\\/portal\\\/?s={search_term_string}\"},\"query-input\":{\"@type\":\"PropertyValueSpecification\",\"valueRequired\":true,\"valueName\":\"search_term_string\"}}],\"inLanguage\":\"pt-BR\"},{\"@type\":\"Person\",\"@id\":\"https:\\\/\\\/aconteceunovale.com.br\\\/portal\\\/#\\\/schema\\\/person\\\/7d2f26d1483f8a63de73da1ee0754d35\",\"name\":\"Reda\u00e7\u00e3o Aconteceu no Vale\",\"description\":\"Equipe de reportagem do Aconteceu no Vale, portal de not\u00edcias do Vale do Jequitinhonha, em Minas Gerais. Cobrimos as 51 cidades do Vale desde 2013. Sugest\u00f5es de pauta e pedidos de corre\u00e7\u00e3o: contato@aconteceunovale.com.br\",\"url\":\"https:\\\/\\\/aconteceunovale.com.br\\\/portal\\\/?author=4\"}]}<\/script>\n<!-- \/ Yoast SEO plugin. -->","yoast_head_json":{"title":"Suspeito de agress\u00e3o fatal \u00e9 preso em Janu\u00e1ria - Aconteceu no Vale","robots":{"index":"index","follow":"follow","max-snippet":"max-snippet:-1","max-image-preview":"max-image-preview:large","max-video-preview":"max-video-preview:-1"},"canonical":"https:\/\/aconteceunovale.com.br\/portal\/?p=194385","og_locale":"pt_BR","og_type":"article","og_title":"Suspeito de agress\u00e3o fatal \u00e9 preso em Janu\u00e1ria - Aconteceu no Vale","og_description":"A Pol\u00edcia Civil de Minas Gerais (PCMG) efetuou a pris\u00e3o de um suspeito, de 28 anos, nesta quarta-feira (3\/1\/2024), em Janu\u00e1ria, regi\u00e3o Norte do estado, em decorr\u00eancia de sua investiga\u00e7\u00e3o sobre um homic\u00eddio ocorrido em 19 de agosto de 2023. O crime teve como v\u00edtima um homem de 35 anos que foi agredido at\u00e9 a [&hellip;]","og_url":"https:\/\/aconteceunovale.com.br\/portal\/?p=194385","og_site_name":"Aconteceu no Vale","article_publisher":"https:\/\/www.facebook.com\/aconteceunovale\/","article_published_time":"2024-01-03T23:56:16+00:00","article_modified_time":"2024-01-03T23:56:38+00:00","og_image":[{"width":678,"height":436,"url":"https:\/\/aconteceunovale.com.br\/portal\/wp-content\/uploads\/2024\/01\/depol_januaria.jpg","type":"image\/jpeg"}],"author":"Reda\u00e7\u00e3o Aconteceu no Vale","twitter_card":"summary_large_image","twitter_creator":"@noticiadosvales","twitter_site":"@noticiadosvales","twitter_misc":{"Escrito por":"Reda\u00e7\u00e3o Aconteceu no Vale","Est. tempo de leitura":"1 minuto"},"schema":{"@context":"https:\/\/schema.org","@graph":[{"@type":"Article","@id":"https:\/\/aconteceunovale.com.br\/portal\/?p=194385#article","isPartOf":{"@id":"https:\/\/aconteceunovale.com.br\/portal\/?p=194385"},"author":{"name":"Reda\u00e7\u00e3o Aconteceu no Vale","@id":"https:\/\/aconteceunovale.com.br\/portal\/#\/schema\/person\/7d2f26d1483f8a63de73da1ee0754d35"},"headline":"Suspeito de agress\u00e3o fatal \u00e9 preso em Janu\u00e1ria","datePublished":"2024-01-03T23:56:16+00:00","dateModified":"2024-01-03T23:56:38+00:00","mainEntityOfPage":{"@id":"https:\/\/aconteceunovale.com.br\/portal\/?p=194385"},"wordCount":258,"commentCount":0,"image":{"@id":"https:\/\/aconteceunovale.com.br\/portal\/?p=194385#primaryimage"},"thumbnailUrl":"https:\/\/aconteceunovale.com.br\/portal\/wp-content\/uploads\/2024\/01\/depol_januaria.jpg","keywords":["Homem preso em Janu\u00e1ria","Janu\u00e1ria","preso em Janu\u00e1ria","Preso por homic\u00eddio em Janu\u00e1ria","Suspeito de agress\u00e3o fatal \u00e9 preso em Janu\u00e1ria"],"articleSection":["Norte de Minas"],"inLanguage":"pt-BR","potentialAction":[{"@type":"CommentAction","name":"Comment","target":["https:\/\/aconteceunovale.com.br\/portal\/?p=194385#respond"]}]},{"@type":"WebPage","@id":"https:\/\/aconteceunovale.com.br\/portal\/?p=194385","url":"https:\/\/aconteceunovale.com.br\/portal\/?p=194385","name":"Suspeito de agress\u00e3o fatal \u00e9 preso em Janu\u00e1ria - Aconteceu no Vale","isPartOf":{"@id":"https:\/\/aconteceunovale.com.br\/portal\/#website"},"primaryImageOfPage":{"@id":"https:\/\/aconteceunovale.com.br\/portal\/?p=194385#primaryimage"},"image":{"@id":"https:\/\/aconteceunovale.com.br\/portal\/?p=194385#primaryimage"},"thumbnailUrl":"https:\/\/aconteceunovale.com.br\/portal\/wp-content\/uploads\/2024\/01\/depol_januaria.jpg","datePublished":"2024-01-03T23:56:16+00:00","dateModified":"2024-01-03T23:56:38+00:00","author":{"@id":"https:\/\/aconteceunovale.com.br\/portal\/#\/schema\/person\/7d2f26d1483f8a63de73da1ee0754d35"},"breadcrumb":{"@id":"https:\/\/aconteceunovale.com.br\/portal\/?p=194385#breadcrumb"},"inLanguage":"pt-BR","potentialAction":[{"@type":"ReadAction","target":["https:\/\/aconteceunovale.com.br\/portal\/?p=194385"]}]},{"@type":"ImageObject","inLanguage":"pt-BR","@id":"https:\/\/aconteceunovale.com.br\/portal\/?p=194385#primaryimage","url":"https:\/\/aconteceunovale.com.br\/portal\/wp-content\/uploads\/2024\/01\/depol_januaria.jpg","contentUrl":"https:\/\/aconteceunovale.com.br\/portal\/wp-content\/uploads\/2024\/01\/depol_januaria.jpg","width":678,"height":436,"caption":"Foto: Divulga\u00e7\u00e3o\/PCMG"},{"@type":"BreadcrumbList","@id":"https:\/\/aconteceunovale.com.br\/portal\/?p=194385#breadcrumb","itemListElement":[{"@type":"ListItem","position":1,"name":"In\u00edcio","item":"https:\/\/aconteceunovale.com.br\/portal\/"},{"@type":"ListItem","position":2,"name":"Suspeito de agress\u00e3o fatal \u00e9 preso em Janu\u00e1ria"}]},{"@type":"WebSite","@id":"https:\/\/aconteceunovale.com.br\/portal\/#website","url":"https:\/\/aconteceunovale.com.br\/portal\/","name":"Aconteceu no Vale","description":"Portal de Not\u00edcias","potentialAction":[{"@type":"SearchAction","target":{"@type":"EntryPoint","urlTemplate":"https:\/\/aconteceunovale.com.br\/portal\/?s={search_term_string}"},"query-input":{"@type":"PropertyValueSpecification","valueRequired":true,"valueName":"search_term_string"}}],"inLanguage":"pt-BR"},{"@type":"Person","@id":"https:\/\/aconteceunovale.com.br\/portal\/#\/schema\/person\/7d2f26d1483f8a63de73da1ee0754d35","name":"Reda\u00e7\u00e3o Aconteceu no Vale","description":"Equipe de reportagem do Aconteceu no Vale, portal de not\u00edcias do Vale do Jequitinhonha, em Minas Gerais. Cobrimos as 51 cidades do Vale desde 2013. Sugest\u00f5es de pauta e pedidos de corre\u00e7\u00e3o: contato@aconteceunovale.com.br","url":"https:\/\/aconteceunovale.com.br\/portal\/?author=4"}]}},"_links":{"self":[{"href":"https:\/\/aconteceunovale.com.br\/portal\/index.php?rest_route=\/wp\/v2\/posts\/194385","targetHints":{"allow":["GET"]}}],"collection":[{"href":"https:\/\/aconteceunovale.com.br\/portal\/index.php?rest_route=\/wp\/v2\/posts"}],"about":[{"href":"https:\/\/aconteceunovale.com.br\/portal\/index.php?rest_route=\/wp\/v2\/types\/post"}],"author":[{"embeddable":true,"href":"https:\/\/aconteceunovale.com.br\/portal\/index.php?rest_route=\/wp\/v2\/users\/4"}],"replies":[{"embeddable":true,"href":"https:\/\/aconteceunovale.com.br\/portal\/index.php?rest_route=%2Fwp%2Fv2%2Fcomments&post=194385"}],"version-history":[{"count":1,"href":"https:\/\/aconteceunovale.com.br\/portal\/index.php?rest_route=\/wp\/v2\/posts\/194385\/revisions"}],"predecessor-version":[{"id":194387,"href":"https:\/\/aconteceunovale.com.br\/portal\/index.php?rest_route=\/wp\/v2\/posts\/194385\/revisions\/194387"}],"wp:featuredmedia":[{"embeddable":true,"href":"https:\/\/aconteceunovale.com.br\/portal\/index.php?rest_route=\/wp\/v2\/media\/194386"}],"wp:attachment":[{"href":"https:\/\/aconteceunovale.com.br\/portal\/index.php?rest_route=%2Fwp%2Fv2%2Fmedia&parent=194385"}],"wp:term":[{"taxonomy":"category","embeddable":true,"href":"https:\/\/aconteceunovale.com.br\/portal\/index.php?rest_route=%2Fwp%2Fv2%2Fcategories&post=194385"},{"taxonomy":"post_tag","embeddable":true,"href":"https:\/\/aconteceunovale.com.br\/portal\/index.php?rest_route=%2Fwp%2Fv2%2Ftags&post=194385"}],"curies":[{"name":"wp","href":"https:\/\/api.w.org\/{rel}","templated":true}]}}