{"id":19438,"date":"2014-01-26T12:05:21","date_gmt":"2014-01-26T14:05:21","guid":{"rendered":"http:\/\/aconteceunovale.com.br\/portal\/?p=19438"},"modified":"2014-01-26T12:15:22","modified_gmt":"2014-01-26T14:15:22","slug":"107-anos-de-harmonia-com-a-vida-conheca-dona-mariinha","status":"publish","type":"post","link":"https:\/\/aconteceunovale.com.br\/portal\/?p=19438","title":{"rendered":"107 anos de harmonia com a vida, conhe\u00e7a &#8220;Dona Mariinha&#8221;"},"content":{"rendered":"<p>Dona Raimunda Maria de Oliveira, ou simplesmente &#8220;Dona Mariinha&#8221;, uma doce senhora com 107 anos de idade, \u00e9 a pessoa com mais idade de todo o Centro Nordeste mineiro, moradora da cidade de Materl\u00e2ndia.<\/p>\n<p><img decoding=\"async\" src=\"http:\/\/aconteceunovale.com.br\/portal\/wp-content\/uploads\/2014\/01\/dona_mariinha_e_familia.jpg\" alt=\"\" \/><br \/>\n<em><strong>(Dona Mariinha e fam\u00edlia)<\/strong><\/em><\/p>\n<p>Com uma lucidez invej\u00e1vel, fala esperta e uma mem\u00f3ria sadia, &#8220;Dona Mariinha&#8221; far\u00e1 no pr\u00f3ximo dia 27 de mar\u00e7o, 108 anos de vida, vividos de forma intensa.<\/p>\n<p>Fisicamente se encontra bem e no pleno uso das suas principais faculdades mentais, a senhora nasceu a 27 de mar\u00e7o de 1906. <\/p>\n<p>Com muitos filhos, netos, bisnetos, e tataranetos a receita para a longevidade de &#8220;Dona Mariinha&#8221; \u00e9 a boa alimenta\u00e7\u00e3o, a alegria e a harmonia com Deus.<\/p>\n<p><strong>Assista a reportagem:<\/strong><\/p>\n<p><iframe loading=\"lazy\" width=\"640\" height=\"360\" src=\"\/\/www.youtube.com\/embed\/1NYix9milMY\" frameborder=\"0\" allowfullscreen><\/iframe><br \/>\n<em><strong>(Imagens TV em Foco)<\/strong><\/em><\/p>\n","protected":false},"excerpt":{"rendered":"<p>Dona Raimunda Maria de Oliveira, ou simplesmente &#8220;Dona Mariinha&#8221;, uma doce senhora com 107 anos de idade, \u00e9 a pessoa com mais idade de todo o Centro Nordeste mineiro, moradora da cidade de Materl\u00e2ndia. (Dona Mariinha e fam\u00edlia) Com uma lucidez invej\u00e1vel, fala esperta e uma mem\u00f3ria sadia, &#8220;Dona Mariinha&#8221; far\u00e1 no pr\u00f3ximo dia 27 [&hellip;]<\/p>\n","protected":false},"author":1,"featured_media":19439,"comment_status":"open","ping_status":"closed","sticky":false,"template":"","format":"standard","meta":{"amp_status":"","footnotes":""},"categories":[6],"tags":[3544,3545,3546,301,3547],"class_list":["post-19438","post","type-post","status-publish","format-standard","has-post-thumbnail","hentry","category-br","tag-107-anos-de-harmonia-com-a-vida-conheca-dona-mariinha","tag-dona-mariinha","tag-dona-raimunda-maria-de-oliveira","tag-materlandia","tag-raimunda-maria-de-oliveira"],"_links":{"self":[{"href":"https:\/\/aconteceunovale.com.br\/portal\/index.php?rest_route=\/wp\/v2\/posts\/19438","targetHints":{"allow":["GET"]}}],"collection":[{"href":"https:\/\/aconteceunovale.com.br\/portal\/index.php?rest_route=\/wp\/v2\/posts"}],"about":[{"href":"https:\/\/aconteceunovale.com.br\/portal\/index.php?rest_route=\/wp\/v2\/types\/post"}],"author":[{"embeddable":true,"href":"https:\/\/aconteceunovale.com.br\/portal\/index.php?rest_route=\/wp\/v2\/users\/1"}],"replies":[{"embeddable":true,"href":"https:\/\/aconteceunovale.com.br\/portal\/index.php?rest_route=%2Fwp%2Fv2%2Fcomments&post=19438"}],"version-history":[{"count":0,"href":"https:\/\/aconteceunovale.com.br\/portal\/index.php?rest_route=\/wp\/v2\/posts\/19438\/revisions"}],"wp:featuredmedia":[{"embeddable":true,"href":"https:\/\/aconteceunovale.com.br\/portal\/index.php?rest_route=\/wp\/v2\/media\/19439"}],"wp:attachment":[{"href":"https:\/\/aconteceunovale.com.br\/portal\/index.php?rest_route=%2Fwp%2Fv2%2Fmedia&parent=19438"}],"wp:term":[{"taxonomy":"category","embeddable":true,"href":"https:\/\/aconteceunovale.com.br\/portal\/index.php?rest_route=%2Fwp%2Fv2%2Fcategories&post=19438"},{"taxonomy":"post_tag","embeddable":true,"href":"https:\/\/aconteceunovale.com.br\/portal\/index.php?rest_route=%2Fwp%2Fv2%2Ftags&post=19438"}],"curies":[{"name":"wp","href":"https:\/\/api.w.org\/{rel}","templated":true}]}}