{"id":194377,"date":"2024-01-03T10:39:00","date_gmt":"2024-01-03T13:39:00","guid":{"rendered":"https:\/\/aconteceunovale.com.br\/portal\/?p=194377"},"modified":"2024-01-03T10:39:50","modified_gmt":"2024-01-03T13:39:50","slug":"homem-e-preso-por-homicidio-de-mototaxista-no-norte-de-minas","status":"publish","type":"post","link":"https:\/\/aconteceunovale.com.br\/portal\/?p=194377","title":{"rendered":"Homem \u00e9 preso por homic\u00eddio de mototaxista no Norte de Minas"},"content":{"rendered":"\n<p class=\"wp-block-paragraph\">Uma a\u00e7\u00e3o conjunta das pol\u00edcias Civil e Militar de Minas Gerais, nessa ter\u00e7a-feira (2\/1\/2024), resultou na pris\u00e3o de um homem, de 29 anos, suspeito de matar um idoso, de 71. O investigado foi localizado na zona rural de Ja\u00edba, cidade da regi\u00e3o Norte do Estado, em posse da carteira da v\u00edtima com todos os documentos.<\/p>\n\n\n\n<figure class=\"wp-block-gallery has-nested-images columns-default is-cropped wp-block-gallery-1 is-layout-flex wp-block-gallery-is-layout-flex\">\n<figure class=\"wp-block-image size-large\"><img loading=\"lazy\" decoding=\"async\" width=\"678\" height=\"399\" data-id=\"194378\" src=\"https:\/\/aconteceunovale.com.br\/portal\/wp-content\/uploads\/2024\/01\/preso_jaiba.jpg\" alt=\"\" class=\"wp-image-194378\" srcset=\"https:\/\/aconteceunovale.com.br\/portal\/wp-content\/uploads\/2024\/01\/preso_jaiba.jpg 678w, https:\/\/aconteceunovale.com.br\/portal\/wp-content\/uploads\/2024\/01\/preso_jaiba-300x177.jpg 300w\" sizes=\"auto, (max-width: 678px) 100vw, 678px\" \/><figcaption class=\"wp-element-caption\"><em><sub>Foto: Divulga\u00e7\u00e3o\/PCMG<\/sub><\/em><\/figcaption><\/figure>\n<\/figure>\n\n\n\n<p class=\"wp-block-paragraph\">O corpo do idoso foi encontrado no dia 22 de dezembro do \u00faltimo ano, na Estrada da Coloniza\u00e7\u00e3o Banavit, com diversas les\u00f5es na cabe\u00e7a. Na oportunidade, os policiais constataram que teriam sido levados da v\u00edtima, que trabalhava como mototaxista, a motocicleta, a carteira e o celular dela.<\/p>\n\n\n\n<p class=\"wp-block-paragraph\">De acordo com a delegada Gl\u00eania Balieira Torres Aquino, que coordena a investiga\u00e7\u00e3o, inicialmente o fato foi registrado como latroc\u00ednio, que \u00e9 o roubo seguido de morte. No entanto, policiais civis apuraram que o crime teria motiva\u00e7\u00e3o passional, sendo os bens da v\u00edtima levados para simular um assalto.<\/p>\n\n\n\n<p class=\"wp-block-paragraph\"><strong>Investiga\u00e7\u00e3o<\/strong><\/p>\n\n\n\n<p class=\"wp-block-paragraph\">Conforme apurado pela PCMG, a mulher do suspeito utilizava os servi\u00e7os do mototaxista para se deslocar da zona rural de Ja\u00edba, onde morava com o marido, at\u00e9 a cidade de Jana\u00faba. Desconfiado de uma suposta trai\u00e7\u00e3o da companheira, dias antes do crime, o suspeito foi at\u00e9 o ponto de motot\u00e1xi onde a v\u00edtima trabalhava e a amea\u00e7ou.<\/p>\n\n\n\n<p class=\"wp-block-paragraph\">Segundo Gl\u00eania, no dia do crime, o suspeito ligou para a v\u00edtima solicitando uma corrida de motot\u00e1xi, tendo como destino um endere\u00e7o na zona rural em sentido oposto ao que morava. Quando passavam por um local deserto, o suspeito matou a v\u00edtima, com pedradas e pauladas na cabe\u00e7a, fugindo logo ap\u00f3s o crime.<\/p>\n\n\n\n<p class=\"wp-block-paragraph\">Ap\u00f3s ser localizado, nessa ter\u00e7a-feira, o suspeito foi encaminhado para a Delegacia de Plant\u00e3o, onde foi cumprido o mandado de pris\u00e3o. A a\u00e7\u00e3o foi coordenada pela equipe da Pol\u00edcia Civil em Jana\u00faba.<\/p>\n","protected":false},"excerpt":{"rendered":"<p>Uma a\u00e7\u00e3o conjunta das pol\u00edcias Civil e Militar de Minas Gerais, nessa ter\u00e7a-feira (2\/1\/2024), resultou na pris\u00e3o de um homem, de 29 anos, suspeito de matar um idoso, de 71. O investigado foi localizado na zona rural de Ja\u00edba, cidade da regi\u00e3o Norte do Estado, em posse da carteira da v\u00edtima com todos os documentos. [&hellip;]<\/p>\n","protected":false},"author":4,"featured_media":194378,"comment_status":"open","ping_status":"closed","sticky":false,"template":"","format":"standard","meta":{"amp_status":"","footnotes":""},"categories":[1236],"tags":[1018,268632,268631,1058,204,268633,268634],"class_list":["post-194377","post","type-post","status-publish","format-standard","has-post-thumbnail","hentry","category-norte_de_minas","tag-destaque","tag-homem-e-preso-por-homicidio-de-mototaxista-em-jaiba","tag-homem-e-preso-por-homicidio-de-mototaxista-no-norte-de-minas","tag-jaiba","tag-janauba","tag-mototaxista-assassinado-em-jaiba","tag-preso-por-matar-mototaxista-em-jaiba"],"yoast_head":"<!-- This site is optimized with the Yoast SEO plugin v28.3 - https:\/\/yoast.com\/product\/yoast-seo-wordpress\/ -->\n<title>Homem \u00e9 preso por homic\u00eddio de mototaxista no Norte de Minas - Aconteceu no Vale<\/title>\n<meta name=\"robots\" content=\"index, follow, max-snippet:-1, max-image-preview:large, max-video-preview:-1\" \/>\n<link rel=\"canonical\" href=\"https:\/\/aconteceunovale.com.br\/portal\/?p=194377\" \/>\n<meta property=\"og:locale\" content=\"pt_BR\" \/>\n<meta property=\"og:type\" content=\"article\" \/>\n<meta property=\"og:title\" content=\"Homem \u00e9 preso por homic\u00eddio de mototaxista no Norte de Minas - Aconteceu no Vale\" \/>\n<meta property=\"og:description\" content=\"Uma a\u00e7\u00e3o conjunta das pol\u00edcias Civil e Militar de Minas Gerais, nessa ter\u00e7a-feira (2\/1\/2024), resultou na pris\u00e3o de um homem, de 29 anos, suspeito de matar um idoso, de 71. O investigado foi localizado na zona rural de Ja\u00edba, cidade da regi\u00e3o Norte do Estado, em posse da carteira da v\u00edtima com todos os documentos. [&hellip;]\" \/>\n<meta property=\"og:url\" content=\"https:\/\/aconteceunovale.com.br\/portal\/?p=194377\" \/>\n<meta property=\"og:site_name\" content=\"Aconteceu no Vale\" \/>\n<meta property=\"article:publisher\" content=\"https:\/\/www.facebook.com\/aconteceunovale\/\" \/>\n<meta property=\"article:published_time\" content=\"2024-01-03T13:39:00+00:00\" \/>\n<meta property=\"article:modified_time\" content=\"2024-01-03T13:39:50+00:00\" \/>\n<meta property=\"og:image\" content=\"https:\/\/aconteceunovale.com.br\/portal\/wp-content\/uploads\/2024\/01\/preso_jaiba.jpg\" \/>\n\t<meta property=\"og:image:width\" content=\"678\" \/>\n\t<meta property=\"og:image:height\" content=\"399\" \/>\n\t<meta property=\"og:image:type\" content=\"image\/jpeg\" \/>\n<meta name=\"author\" content=\"Reda\u00e7\u00e3o Aconteceu no Vale\" \/>\n<meta name=\"twitter:card\" content=\"summary_large_image\" \/>\n<meta name=\"twitter:creator\" content=\"@noticiadosvales\" \/>\n<meta name=\"twitter:site\" content=\"@noticiadosvales\" \/>\n<meta name=\"twitter:label1\" content=\"Escrito por\" \/>\n\t<meta name=\"twitter:data1\" content=\"Reda\u00e7\u00e3o Aconteceu no Vale\" \/>\n\t<meta name=\"twitter:label2\" content=\"Est. tempo de leitura\" \/>\n\t<meta name=\"twitter:data2\" content=\"2 minutos\" \/>\n<script type=\"application\/ld+json\" class=\"yoast-schema-graph\">{\"@context\":\"https:\\\/\\\/schema.org\",\"@graph\":[{\"@type\":\"Article\",\"@id\":\"https:\\\/\\\/aconteceunovale.com.br\\\/portal\\\/?p=194377#article\",\"isPartOf\":{\"@id\":\"https:\\\/\\\/aconteceunovale.com.br\\\/portal\\\/?p=194377\"},\"author\":{\"name\":\"Reda\u00e7\u00e3o Aconteceu no Vale\",\"@id\":\"https:\\\/\\\/aconteceunovale.com.br\\\/portal\\\/#\\\/schema\\\/person\\\/7d2f26d1483f8a63de73da1ee0754d35\"},\"headline\":\"Homem \u00e9 preso por homic\u00eddio de mototaxista no Norte de Minas\",\"datePublished\":\"2024-01-03T13:39:00+00:00\",\"dateModified\":\"2024-01-03T13:39:50+00:00\",\"mainEntityOfPage\":{\"@id\":\"https:\\\/\\\/aconteceunovale.com.br\\\/portal\\\/?p=194377\"},\"wordCount\":341,\"commentCount\":0,\"image\":{\"@id\":\"https:\\\/\\\/aconteceunovale.com.br\\\/portal\\\/?p=194377#primaryimage\"},\"thumbnailUrl\":\"https:\\\/\\\/aconteceunovale.com.br\\\/portal\\\/wp-content\\\/uploads\\\/2024\\\/01\\\/preso_jaiba.jpg\",\"keywords\":[\"destaque\",\"Homem \u00e9 preso por homic\u00eddio de mototaxista em Ja\u00edba\",\"Homem \u00e9 preso por homic\u00eddio de mototaxista no Norte de Minas\",\"ja\u00edba\",\"Jana\u00faba\",\"Mototaxista assassinado em Ja\u00edba\",\"Preso por matar mototaxista em Ja\u00edba\"],\"articleSection\":[\"Norte de Minas\"],\"inLanguage\":\"pt-BR\",\"potentialAction\":[{\"@type\":\"CommentAction\",\"name\":\"Comment\",\"target\":[\"https:\\\/\\\/aconteceunovale.com.br\\\/portal\\\/?p=194377#respond\"]}]},{\"@type\":\"WebPage\",\"@id\":\"https:\\\/\\\/aconteceunovale.com.br\\\/portal\\\/?p=194377\",\"url\":\"https:\\\/\\\/aconteceunovale.com.br\\\/portal\\\/?p=194377\",\"name\":\"Homem \u00e9 preso por homic\u00eddio de mototaxista no Norte de Minas - Aconteceu no Vale\",\"isPartOf\":{\"@id\":\"https:\\\/\\\/aconteceunovale.com.br\\\/portal\\\/#website\"},\"primaryImageOfPage\":{\"@id\":\"https:\\\/\\\/aconteceunovale.com.br\\\/portal\\\/?p=194377#primaryimage\"},\"image\":{\"@id\":\"https:\\\/\\\/aconteceunovale.com.br\\\/portal\\\/?p=194377#primaryimage\"},\"thumbnailUrl\":\"https:\\\/\\\/aconteceunovale.com.br\\\/portal\\\/wp-content\\\/uploads\\\/2024\\\/01\\\/preso_jaiba.jpg\",\"datePublished\":\"2024-01-03T13:39:00+00:00\",\"dateModified\":\"2024-01-03T13:39:50+00:00\",\"author\":{\"@id\":\"https:\\\/\\\/aconteceunovale.com.br\\\/portal\\\/#\\\/schema\\\/person\\\/7d2f26d1483f8a63de73da1ee0754d35\"},\"breadcrumb\":{\"@id\":\"https:\\\/\\\/aconteceunovale.com.br\\\/portal\\\/?p=194377#breadcrumb\"},\"inLanguage\":\"pt-BR\",\"potentialAction\":[{\"@type\":\"ReadAction\",\"target\":[\"https:\\\/\\\/aconteceunovale.com.br\\\/portal\\\/?p=194377\"]}]},{\"@type\":\"ImageObject\",\"inLanguage\":\"pt-BR\",\"@id\":\"https:\\\/\\\/aconteceunovale.com.br\\\/portal\\\/?p=194377#primaryimage\",\"url\":\"https:\\\/\\\/aconteceunovale.com.br\\\/portal\\\/wp-content\\\/uploads\\\/2024\\\/01\\\/preso_jaiba.jpg\",\"contentUrl\":\"https:\\\/\\\/aconteceunovale.com.br\\\/portal\\\/wp-content\\\/uploads\\\/2024\\\/01\\\/preso_jaiba.jpg\",\"width\":678,\"height\":399,\"caption\":\"Foto: Divulga\u00e7\u00e3o\\\/PCMG\"},{\"@type\":\"BreadcrumbList\",\"@id\":\"https:\\\/\\\/aconteceunovale.com.br\\\/portal\\\/?p=194377#breadcrumb\",\"itemListElement\":[{\"@type\":\"ListItem\",\"position\":1,\"name\":\"In\u00edcio\",\"item\":\"https:\\\/\\\/aconteceunovale.com.br\\\/portal\\\/\"},{\"@type\":\"ListItem\",\"position\":2,\"name\":\"Homem \u00e9 preso por homic\u00eddio de mototaxista no Norte de Minas\"}]},{\"@type\":\"WebSite\",\"@id\":\"https:\\\/\\\/aconteceunovale.com.br\\\/portal\\\/#website\",\"url\":\"https:\\\/\\\/aconteceunovale.com.br\\\/portal\\\/\",\"name\":\"Aconteceu no Vale\",\"description\":\"Portal de Not\u00edcias\",\"potentialAction\":[{\"@type\":\"SearchAction\",\"target\":{\"@type\":\"EntryPoint\",\"urlTemplate\":\"https:\\\/\\\/aconteceunovale.com.br\\\/portal\\\/?s={search_term_string}\"},\"query-input\":{\"@type\":\"PropertyValueSpecification\",\"valueRequired\":true,\"valueName\":\"search_term_string\"}}],\"inLanguage\":\"pt-BR\"},{\"@type\":\"Person\",\"@id\":\"https:\\\/\\\/aconteceunovale.com.br\\\/portal\\\/#\\\/schema\\\/person\\\/7d2f26d1483f8a63de73da1ee0754d35\",\"name\":\"Reda\u00e7\u00e3o Aconteceu no Vale\",\"description\":\"Equipe de reportagem do Aconteceu no Vale, portal de not\u00edcias do Vale do Jequitinhonha, em Minas Gerais. Cobrimos as 51 cidades do Vale desde 2013. Sugest\u00f5es de pauta e pedidos de corre\u00e7\u00e3o: contato@aconteceunovale.com.br\",\"url\":\"https:\\\/\\\/aconteceunovale.com.br\\\/portal\\\/?author=4\"}]}<\/script>\n<!-- \/ Yoast SEO plugin. -->","yoast_head_json":{"title":"Homem \u00e9 preso por homic\u00eddio de mototaxista no Norte de Minas - Aconteceu no Vale","robots":{"index":"index","follow":"follow","max-snippet":"max-snippet:-1","max-image-preview":"max-image-preview:large","max-video-preview":"max-video-preview:-1"},"canonical":"https:\/\/aconteceunovale.com.br\/portal\/?p=194377","og_locale":"pt_BR","og_type":"article","og_title":"Homem \u00e9 preso por homic\u00eddio de mototaxista no Norte de Minas - Aconteceu no Vale","og_description":"Uma a\u00e7\u00e3o conjunta das pol\u00edcias Civil e Militar de Minas Gerais, nessa ter\u00e7a-feira (2\/1\/2024), resultou na pris\u00e3o de um homem, de 29 anos, suspeito de matar um idoso, de 71. O investigado foi localizado na zona rural de Ja\u00edba, cidade da regi\u00e3o Norte do Estado, em posse da carteira da v\u00edtima com todos os documentos. [&hellip;]","og_url":"https:\/\/aconteceunovale.com.br\/portal\/?p=194377","og_site_name":"Aconteceu no Vale","article_publisher":"https:\/\/www.facebook.com\/aconteceunovale\/","article_published_time":"2024-01-03T13:39:00+00:00","article_modified_time":"2024-01-03T13:39:50+00:00","og_image":[{"width":678,"height":399,"url":"https:\/\/aconteceunovale.com.br\/portal\/wp-content\/uploads\/2024\/01\/preso_jaiba.jpg","type":"image\/jpeg"}],"author":"Reda\u00e7\u00e3o Aconteceu no Vale","twitter_card":"summary_large_image","twitter_creator":"@noticiadosvales","twitter_site":"@noticiadosvales","twitter_misc":{"Escrito por":"Reda\u00e7\u00e3o Aconteceu no Vale","Est. tempo de leitura":"2 minutos"},"schema":{"@context":"https:\/\/schema.org","@graph":[{"@type":"Article","@id":"https:\/\/aconteceunovale.com.br\/portal\/?p=194377#article","isPartOf":{"@id":"https:\/\/aconteceunovale.com.br\/portal\/?p=194377"},"author":{"name":"Reda\u00e7\u00e3o Aconteceu no Vale","@id":"https:\/\/aconteceunovale.com.br\/portal\/#\/schema\/person\/7d2f26d1483f8a63de73da1ee0754d35"},"headline":"Homem \u00e9 preso por homic\u00eddio de mototaxista no Norte de Minas","datePublished":"2024-01-03T13:39:00+00:00","dateModified":"2024-01-03T13:39:50+00:00","mainEntityOfPage":{"@id":"https:\/\/aconteceunovale.com.br\/portal\/?p=194377"},"wordCount":341,"commentCount":0,"image":{"@id":"https:\/\/aconteceunovale.com.br\/portal\/?p=194377#primaryimage"},"thumbnailUrl":"https:\/\/aconteceunovale.com.br\/portal\/wp-content\/uploads\/2024\/01\/preso_jaiba.jpg","keywords":["destaque","Homem \u00e9 preso por homic\u00eddio de mototaxista em Ja\u00edba","Homem \u00e9 preso por homic\u00eddio de mototaxista no Norte de Minas","ja\u00edba","Jana\u00faba","Mototaxista assassinado em Ja\u00edba","Preso por matar mototaxista em Ja\u00edba"],"articleSection":["Norte de Minas"],"inLanguage":"pt-BR","potentialAction":[{"@type":"CommentAction","name":"Comment","target":["https:\/\/aconteceunovale.com.br\/portal\/?p=194377#respond"]}]},{"@type":"WebPage","@id":"https:\/\/aconteceunovale.com.br\/portal\/?p=194377","url":"https:\/\/aconteceunovale.com.br\/portal\/?p=194377","name":"Homem \u00e9 preso por homic\u00eddio de mototaxista no Norte de Minas - Aconteceu no Vale","isPartOf":{"@id":"https:\/\/aconteceunovale.com.br\/portal\/#website"},"primaryImageOfPage":{"@id":"https:\/\/aconteceunovale.com.br\/portal\/?p=194377#primaryimage"},"image":{"@id":"https:\/\/aconteceunovale.com.br\/portal\/?p=194377#primaryimage"},"thumbnailUrl":"https:\/\/aconteceunovale.com.br\/portal\/wp-content\/uploads\/2024\/01\/preso_jaiba.jpg","datePublished":"2024-01-03T13:39:00+00:00","dateModified":"2024-01-03T13:39:50+00:00","author":{"@id":"https:\/\/aconteceunovale.com.br\/portal\/#\/schema\/person\/7d2f26d1483f8a63de73da1ee0754d35"},"breadcrumb":{"@id":"https:\/\/aconteceunovale.com.br\/portal\/?p=194377#breadcrumb"},"inLanguage":"pt-BR","potentialAction":[{"@type":"ReadAction","target":["https:\/\/aconteceunovale.com.br\/portal\/?p=194377"]}]},{"@type":"ImageObject","inLanguage":"pt-BR","@id":"https:\/\/aconteceunovale.com.br\/portal\/?p=194377#primaryimage","url":"https:\/\/aconteceunovale.com.br\/portal\/wp-content\/uploads\/2024\/01\/preso_jaiba.jpg","contentUrl":"https:\/\/aconteceunovale.com.br\/portal\/wp-content\/uploads\/2024\/01\/preso_jaiba.jpg","width":678,"height":399,"caption":"Foto: Divulga\u00e7\u00e3o\/PCMG"},{"@type":"BreadcrumbList","@id":"https:\/\/aconteceunovale.com.br\/portal\/?p=194377#breadcrumb","itemListElement":[{"@type":"ListItem","position":1,"name":"In\u00edcio","item":"https:\/\/aconteceunovale.com.br\/portal\/"},{"@type":"ListItem","position":2,"name":"Homem \u00e9 preso por homic\u00eddio de mototaxista no Norte de Minas"}]},{"@type":"WebSite","@id":"https:\/\/aconteceunovale.com.br\/portal\/#website","url":"https:\/\/aconteceunovale.com.br\/portal\/","name":"Aconteceu no Vale","description":"Portal de Not\u00edcias","potentialAction":[{"@type":"SearchAction","target":{"@type":"EntryPoint","urlTemplate":"https:\/\/aconteceunovale.com.br\/portal\/?s={search_term_string}"},"query-input":{"@type":"PropertyValueSpecification","valueRequired":true,"valueName":"search_term_string"}}],"inLanguage":"pt-BR"},{"@type":"Person","@id":"https:\/\/aconteceunovale.com.br\/portal\/#\/schema\/person\/7d2f26d1483f8a63de73da1ee0754d35","name":"Reda\u00e7\u00e3o Aconteceu no Vale","description":"Equipe de reportagem do Aconteceu no Vale, portal de not\u00edcias do Vale do Jequitinhonha, em Minas Gerais. Cobrimos as 51 cidades do Vale desde 2013. Sugest\u00f5es de pauta e pedidos de corre\u00e7\u00e3o: contato@aconteceunovale.com.br","url":"https:\/\/aconteceunovale.com.br\/portal\/?author=4"}]}},"_links":{"self":[{"href":"https:\/\/aconteceunovale.com.br\/portal\/index.php?rest_route=\/wp\/v2\/posts\/194377","targetHints":{"allow":["GET"]}}],"collection":[{"href":"https:\/\/aconteceunovale.com.br\/portal\/index.php?rest_route=\/wp\/v2\/posts"}],"about":[{"href":"https:\/\/aconteceunovale.com.br\/portal\/index.php?rest_route=\/wp\/v2\/types\/post"}],"author":[{"embeddable":true,"href":"https:\/\/aconteceunovale.com.br\/portal\/index.php?rest_route=\/wp\/v2\/users\/4"}],"replies":[{"embeddable":true,"href":"https:\/\/aconteceunovale.com.br\/portal\/index.php?rest_route=%2Fwp%2Fv2%2Fcomments&post=194377"}],"version-history":[{"count":1,"href":"https:\/\/aconteceunovale.com.br\/portal\/index.php?rest_route=\/wp\/v2\/posts\/194377\/revisions"}],"predecessor-version":[{"id":194379,"href":"https:\/\/aconteceunovale.com.br\/portal\/index.php?rest_route=\/wp\/v2\/posts\/194377\/revisions\/194379"}],"wp:featuredmedia":[{"embeddable":true,"href":"https:\/\/aconteceunovale.com.br\/portal\/index.php?rest_route=\/wp\/v2\/media\/194378"}],"wp:attachment":[{"href":"https:\/\/aconteceunovale.com.br\/portal\/index.php?rest_route=%2Fwp%2Fv2%2Fmedia&parent=194377"}],"wp:term":[{"taxonomy":"category","embeddable":true,"href":"https:\/\/aconteceunovale.com.br\/portal\/index.php?rest_route=%2Fwp%2Fv2%2Fcategories&post=194377"},{"taxonomy":"post_tag","embeddable":true,"href":"https:\/\/aconteceunovale.com.br\/portal\/index.php?rest_route=%2Fwp%2Fv2%2Ftags&post=194377"}],"curies":[{"name":"wp","href":"https:\/\/api.w.org\/{rel}","templated":true}]}}