{"id":194373,"date":"2024-01-02T21:10:26","date_gmt":"2024-01-03T00:10:26","guid":{"rendered":"https:\/\/aconteceunovale.com.br\/portal\/?p=194373"},"modified":"2024-01-02T21:12:25","modified_gmt":"2024-01-03T00:12:25","slug":"corpos-de-mineiros-que-morreram-dentro-de-carro-em-balneario-camboriu-sao-liberados","status":"publish","type":"post","link":"https:\/\/aconteceunovale.com.br\/portal\/?p=194373","title":{"rendered":"Corpos de mineiros que morreram dentro de carro em Balne\u00e1rio Cambori\u00fa s\u00e3o liberados"},"content":{"rendered":"\n<p class=\"wp-block-paragraph\">A Pol\u00edcia Cient\u00edfica de Santa Catarina informou nesta ter\u00e7a-feira (2\/1\/2024) que os corpos das quatro v\u00edtimas localizadas dentro de um carro BMW, no estacionamento da rodovi\u00e1ria de Balne\u00e1rio Cambori\u00fa, no litoral norte de Santa Catarina, foram periciados, identificados e liberados \u00e0s suas fam\u00edlias. Thiago de Lima Ribeiro (21 anos), Karla Aparecida dos Santos (19 anos), Gustavo Pereira Silveira Elias (24 anos) e o adolescente Nicolas Kovaleski (16 anos) foram encontrados em parada cardiorrespirat\u00f3ria na manh\u00e3 desta segunda-feira (1\u00ba). Uma quinta pessoa tamb\u00e9m estava no ve\u00edculo, mas sobreviveu. Eles eram oriundos da cidade de Paracatu, em Minas Gerais. A Prefeitura Municipal chegou a decretar luto oficial em decorr\u00eancia da trag\u00e9dia.<img decoding=\"async\" src=\"https:\/\/agenciabrasil.ebc.com.br\/ebc.png?id=1575005&amp;o=node\"><img decoding=\"async\" src=\"https:\/\/agenciabrasil.ebc.com.br\/ebc.gif?id=1575005&amp;o=node\"><\/p>\n\n\n\n<figure class=\"wp-block-gallery has-nested-images columns-default is-cropped wp-block-gallery-1 is-layout-flex wp-block-gallery-is-layout-flex\">\n<figure class=\"wp-block-image size-large\"><img loading=\"lazy\" decoding=\"async\" width=\"675\" height=\"450\" data-id=\"194374\" src=\"https:\/\/aconteceunovale.com.br\/portal\/wp-content\/uploads\/2024\/01\/vitimas_paracatu.png\" alt=\"\" class=\"wp-image-194374\" srcset=\"https:\/\/aconteceunovale.com.br\/portal\/wp-content\/uploads\/2024\/01\/vitimas_paracatu.png 675w, https:\/\/aconteceunovale.com.br\/portal\/wp-content\/uploads\/2024\/01\/vitimas_paracatu-300x200.png 300w, https:\/\/aconteceunovale.com.br\/portal\/wp-content\/uploads\/2024\/01\/vitimas_paracatu-630x420.png 630w\" sizes=\"auto, (max-width: 675px) 100vw, 675px\" \/><figcaption class=\"wp-element-caption\"><em><sub>Os quatro jovens eram de Paracatu &#8211; Fotos: Reprodu\u00e7\u00e3o \/ redes sociais<\/sub><\/em><\/figcaption><\/figure>\n<\/figure>\n\n\n\n<p class=\"wp-block-paragraph\">At\u00e9 o momento, a principal linha de investiga\u00e7\u00e3o da pol\u00edcia catarinense \u00e9 de que as mortes tenham sido causadas por intoxica\u00e7\u00e3o de mon\u00f3xido de carbono, que \u00e9 um g\u00e1s altamente t\u00f3xico gerado pela combust\u00e3o do motor e expelido pelo escapamento dos ve\u00edculos automotivos. Uma falha mec\u00e2nica poderia ter feito com que o g\u00e1s vazasse pelo sistema de ar-condicionado do ve\u00edculo, levando os ocupantes a passarem mal. De acordo com os investigadores, essa suspeita est\u00e1 sendo apurada, j\u00e1 que o carro passou por uma customiza\u00e7\u00e3o mec\u00e2nica para fazer mais barulho. N\u00e3o havia sinais de viol\u00eancia nos corpos. O inqu\u00e9rito foi instaurado pela Divis\u00e3o de Investiga\u00e7\u00e3o Criminal de Balne\u00e1rio Cambori\u00fa.<\/p>\n\n\n\n<p class=\"wp-block-paragraph\">O delegado da Pol\u00edcia Civil Bruno Effori, que estava de plant\u00e3o no dia da ocorr\u00eancia, informou, em entrevistas \u00e0 imprensa, que os jovens come\u00e7aram a sentir enjoo e mal-estar, e decidiram permanecer dentro do ve\u00edculo, com o ar-condicionado ligado, sem saber de um poss\u00edvel vazamento do mon\u00f3xido de carbono. O g\u00e1s \u00e9 incolor e inodoro, mas altamente letal se inalado em grande quantidade ou por longos per\u00edodos em locais fechados.<\/p>\n\n\n\n<p class=\"wp-block-paragraph\">O \u00f3rg\u00e3o da per\u00edcia oficial do estado ainda informou que os exames periciais no carro e a an\u00e1lise do exame dos corpos dever\u00e3o ser conclu\u00eddos e apresentados &#8220;nos pr\u00f3ximos dias.&#8221;<\/p>\n\n\n\n<p class=\"wp-block-paragraph\">De acordo com o Corpo de Bombeiros, o primeiro atendimento foi feito por equipes do Servi\u00e7o de Atendimento M\u00f3vel de Urg\u00eancia (Samu), que retiraram os jovens do carro j\u00e1 com eles sem sinais de respira\u00e7\u00e3o. Por mais de 40 minutos, socorristas do Samu e os bombeiros tentaram reanimar as quatro v\u00edtimas, sem sucesso.<\/p>\n","protected":false},"excerpt":{"rendered":"<p>A Pol\u00edcia Cient\u00edfica de Santa Catarina informou nesta ter\u00e7a-feira (2\/1\/2024) que os corpos das quatro v\u00edtimas localizadas dentro de um carro BMW, no estacionamento da rodovi\u00e1ria de Balne\u00e1rio Cambori\u00fa, no litoral norte de Santa Catarina, foram periciados, identificados e liberados \u00e0s suas fam\u00edlias. Thiago de Lima Ribeiro (21 anos), Karla Aparecida dos Santos (19 anos), [&hellip;]<\/p>\n","protected":false},"author":4,"featured_media":194375,"comment_status":"open","ping_status":"closed","sticky":false,"template":"","format":"standard","meta":{"amp_status":"","footnotes":""},"categories":[6,123],"tags":[268624,268623,268625,268621,1018,268629,268626,268628,71579,268630,212,238883,268627,268622],"class_list":["post-194373","post","type-post","status-publish","format-standard","has-post-thumbnail","hentry","category-br","category-gerais","tag-asfixiados-dentro-de-carro","tag-asfixiados-dentro-de-carro-em-balneario-camboriu","tag-asfixiados-por-monoxido-de-carbono","tag-corpos-de-mineiros-que-morreram-dentro-de-carro-em-balneario-camboriu-sao-liberados","tag-destaque","tag-gustavo-pereira-silveira-elias","tag-intoxicacao-de-monoxido-de-carbono","tag-karla-aparecida-dos-santos","tag-monoxido-de-carbono","tag-nicolas-kovaleski","tag-paracatu","tag-pcsc","tag-thiago-de-lima-ribeiro","tag-vitimas-carro-balneario-camboriu"],"yoast_head":"<!-- This site is optimized with the Yoast SEO plugin v28.3 - https:\/\/yoast.com\/product\/yoast-seo-wordpress\/ -->\n<title>Corpos de mineiros que morreram dentro de carro em Balne\u00e1rio Cambori\u00fa s\u00e3o liberados - Aconteceu no Vale<\/title>\n<meta name=\"robots\" content=\"index, follow, max-snippet:-1, max-image-preview:large, max-video-preview:-1\" \/>\n<link rel=\"canonical\" href=\"https:\/\/aconteceunovale.com.br\/portal\/?p=194373\" \/>\n<meta property=\"og:locale\" content=\"pt_BR\" \/>\n<meta property=\"og:type\" content=\"article\" \/>\n<meta property=\"og:title\" content=\"Corpos de mineiros que morreram dentro de carro em Balne\u00e1rio Cambori\u00fa s\u00e3o liberados - Aconteceu no Vale\" \/>\n<meta property=\"og:description\" content=\"A Pol\u00edcia Cient\u00edfica de Santa Catarina informou nesta ter\u00e7a-feira (2\/1\/2024) que os corpos das quatro v\u00edtimas localizadas dentro de um carro BMW, no estacionamento da rodovi\u00e1ria de Balne\u00e1rio Cambori\u00fa, no litoral norte de Santa Catarina, foram periciados, identificados e liberados \u00e0s suas fam\u00edlias. Thiago de Lima Ribeiro (21 anos), Karla Aparecida dos Santos (19 anos), [&hellip;]\" \/>\n<meta property=\"og:url\" content=\"https:\/\/aconteceunovale.com.br\/portal\/?p=194373\" \/>\n<meta property=\"og:site_name\" content=\"Aconteceu no Vale\" \/>\n<meta property=\"article:publisher\" content=\"https:\/\/www.facebook.com\/aconteceunovale\/\" \/>\n<meta property=\"article:published_time\" content=\"2024-01-03T00:10:26+00:00\" \/>\n<meta property=\"article:modified_time\" content=\"2024-01-03T00:12:25+00:00\" \/>\n<meta property=\"og:image\" content=\"https:\/\/aconteceunovale.com.br\/portal\/wp-content\/uploads\/2024\/01\/bmw_sc.png\" \/>\n\t<meta property=\"og:image:width\" content=\"678\" \/>\n\t<meta property=\"og:image:height\" content=\"376\" \/>\n\t<meta property=\"og:image:type\" content=\"image\/png\" \/>\n<meta name=\"author\" content=\"Reda\u00e7\u00e3o Aconteceu no Vale\" \/>\n<meta name=\"twitter:card\" content=\"summary_large_image\" \/>\n<meta name=\"twitter:creator\" content=\"@noticiadosvales\" \/>\n<meta name=\"twitter:site\" content=\"@noticiadosvales\" \/>\n<meta name=\"twitter:label1\" content=\"Escrito por\" \/>\n\t<meta name=\"twitter:data1\" content=\"Reda\u00e7\u00e3o Aconteceu no Vale\" \/>\n\t<meta name=\"twitter:label2\" content=\"Est. tempo de leitura\" \/>\n\t<meta name=\"twitter:data2\" content=\"2 minutos\" \/>\n<script type=\"application\/ld+json\" class=\"yoast-schema-graph\">{\"@context\":\"https:\\\/\\\/schema.org\",\"@graph\":[{\"@type\":\"Article\",\"@id\":\"https:\\\/\\\/aconteceunovale.com.br\\\/portal\\\/?p=194373#article\",\"isPartOf\":{\"@id\":\"https:\\\/\\\/aconteceunovale.com.br\\\/portal\\\/?p=194373\"},\"author\":{\"name\":\"Reda\u00e7\u00e3o Aconteceu no Vale\",\"@id\":\"https:\\\/\\\/aconteceunovale.com.br\\\/portal\\\/#\\\/schema\\\/person\\\/7d2f26d1483f8a63de73da1ee0754d35\"},\"headline\":\"Corpos de mineiros que morreram dentro de carro em Balne\u00e1rio Cambori\u00fa s\u00e3o liberados\",\"datePublished\":\"2024-01-03T00:10:26+00:00\",\"dateModified\":\"2024-01-03T00:12:25+00:00\",\"mainEntityOfPage\":{\"@id\":\"https:\\\/\\\/aconteceunovale.com.br\\\/portal\\\/?p=194373\"},\"wordCount\":437,\"commentCount\":0,\"image\":{\"@id\":\"https:\\\/\\\/aconteceunovale.com.br\\\/portal\\\/?p=194373#primaryimage\"},\"thumbnailUrl\":\"https:\\\/\\\/aconteceunovale.com.br\\\/portal\\\/wp-content\\\/uploads\\\/2024\\\/01\\\/bmw_sc.png\",\"keywords\":[\"Asfixiados dentro de carro\",\"Asfixiados dentro de carro em Balne\u00e1rio Cambori\u00fa\",\"Asfixiados por mon\u00f3xido de carbono\",\"Corpos de mineiros que morreram dentro de carro em Balne\u00e1rio Cambori\u00fa s\u00e3o liberados\",\"destaque\",\"Gustavo Pereira Silveira Elias\",\"Intoxica\u00e7\u00e3o de mon\u00f3xido de carbono\",\"Karla Aparecida dos Santos\",\"Mon\u00f3xido de Carbono\",\"Nicolas Kovaleski\",\"Paracatu\",\"PCSC\",\"Thiago de Lima Ribeiro\",\"V\u00edtimas carro Balne\u00e1rio Cambori\u00fa\"],\"articleSection\":[\"Brasil\",\"Minas Gerais\"],\"inLanguage\":\"pt-BR\",\"potentialAction\":[{\"@type\":\"CommentAction\",\"name\":\"Comment\",\"target\":[\"https:\\\/\\\/aconteceunovale.com.br\\\/portal\\\/?p=194373#respond\"]}]},{\"@type\":\"WebPage\",\"@id\":\"https:\\\/\\\/aconteceunovale.com.br\\\/portal\\\/?p=194373\",\"url\":\"https:\\\/\\\/aconteceunovale.com.br\\\/portal\\\/?p=194373\",\"name\":\"Corpos de mineiros que morreram dentro de carro em Balne\u00e1rio Cambori\u00fa s\u00e3o liberados - Aconteceu no Vale\",\"isPartOf\":{\"@id\":\"https:\\\/\\\/aconteceunovale.com.br\\\/portal\\\/#website\"},\"primaryImageOfPage\":{\"@id\":\"https:\\\/\\\/aconteceunovale.com.br\\\/portal\\\/?p=194373#primaryimage\"},\"image\":{\"@id\":\"https:\\\/\\\/aconteceunovale.com.br\\\/portal\\\/?p=194373#primaryimage\"},\"thumbnailUrl\":\"https:\\\/\\\/aconteceunovale.com.br\\\/portal\\\/wp-content\\\/uploads\\\/2024\\\/01\\\/bmw_sc.png\",\"datePublished\":\"2024-01-03T00:10:26+00:00\",\"dateModified\":\"2024-01-03T00:12:25+00:00\",\"author\":{\"@id\":\"https:\\\/\\\/aconteceunovale.com.br\\\/portal\\\/#\\\/schema\\\/person\\\/7d2f26d1483f8a63de73da1ee0754d35\"},\"breadcrumb\":{\"@id\":\"https:\\\/\\\/aconteceunovale.com.br\\\/portal\\\/?p=194373#breadcrumb\"},\"inLanguage\":\"pt-BR\",\"potentialAction\":[{\"@type\":\"ReadAction\",\"target\":[\"https:\\\/\\\/aconteceunovale.com.br\\\/portal\\\/?p=194373\"]}]},{\"@type\":\"ImageObject\",\"inLanguage\":\"pt-BR\",\"@id\":\"https:\\\/\\\/aconteceunovale.com.br\\\/portal\\\/?p=194373#primaryimage\",\"url\":\"https:\\\/\\\/aconteceunovale.com.br\\\/portal\\\/wp-content\\\/uploads\\\/2024\\\/01\\\/bmw_sc.png\",\"contentUrl\":\"https:\\\/\\\/aconteceunovale.com.br\\\/portal\\\/wp-content\\\/uploads\\\/2024\\\/01\\\/bmw_sc.png\",\"width\":678,\"height\":376},{\"@type\":\"BreadcrumbList\",\"@id\":\"https:\\\/\\\/aconteceunovale.com.br\\\/portal\\\/?p=194373#breadcrumb\",\"itemListElement\":[{\"@type\":\"ListItem\",\"position\":1,\"name\":\"In\u00edcio\",\"item\":\"https:\\\/\\\/aconteceunovale.com.br\\\/portal\\\/\"},{\"@type\":\"ListItem\",\"position\":2,\"name\":\"Corpos de mineiros que morreram dentro de carro em Balne\u00e1rio Cambori\u00fa s\u00e3o liberados\"}]},{\"@type\":\"WebSite\",\"@id\":\"https:\\\/\\\/aconteceunovale.com.br\\\/portal\\\/#website\",\"url\":\"https:\\\/\\\/aconteceunovale.com.br\\\/portal\\\/\",\"name\":\"Aconteceu no Vale\",\"description\":\"Portal de Not\u00edcias\",\"potentialAction\":[{\"@type\":\"SearchAction\",\"target\":{\"@type\":\"EntryPoint\",\"urlTemplate\":\"https:\\\/\\\/aconteceunovale.com.br\\\/portal\\\/?s={search_term_string}\"},\"query-input\":{\"@type\":\"PropertyValueSpecification\",\"valueRequired\":true,\"valueName\":\"search_term_string\"}}],\"inLanguage\":\"pt-BR\"},{\"@type\":\"Person\",\"@id\":\"https:\\\/\\\/aconteceunovale.com.br\\\/portal\\\/#\\\/schema\\\/person\\\/7d2f26d1483f8a63de73da1ee0754d35\",\"name\":\"Reda\u00e7\u00e3o Aconteceu no Vale\",\"description\":\"Equipe de reportagem do Aconteceu no Vale, portal de not\u00edcias do Vale do Jequitinhonha, em Minas Gerais. Cobrimos as 51 cidades do Vale desde 2013. Sugest\u00f5es de pauta e pedidos de corre\u00e7\u00e3o: contato@aconteceunovale.com.br\",\"url\":\"https:\\\/\\\/aconteceunovale.com.br\\\/portal\\\/?author=4\"}]}<\/script>\n<!-- \/ Yoast SEO plugin. -->","yoast_head_json":{"title":"Corpos de mineiros que morreram dentro de carro em Balne\u00e1rio Cambori\u00fa s\u00e3o liberados - Aconteceu no Vale","robots":{"index":"index","follow":"follow","max-snippet":"max-snippet:-1","max-image-preview":"max-image-preview:large","max-video-preview":"max-video-preview:-1"},"canonical":"https:\/\/aconteceunovale.com.br\/portal\/?p=194373","og_locale":"pt_BR","og_type":"article","og_title":"Corpos de mineiros que morreram dentro de carro em Balne\u00e1rio Cambori\u00fa s\u00e3o liberados - Aconteceu no Vale","og_description":"A Pol\u00edcia Cient\u00edfica de Santa Catarina informou nesta ter\u00e7a-feira (2\/1\/2024) que os corpos das quatro v\u00edtimas localizadas dentro de um carro BMW, no estacionamento da rodovi\u00e1ria de Balne\u00e1rio Cambori\u00fa, no litoral norte de Santa Catarina, foram periciados, identificados e liberados \u00e0s suas fam\u00edlias. Thiago de Lima Ribeiro (21 anos), Karla Aparecida dos Santos (19 anos), [&hellip;]","og_url":"https:\/\/aconteceunovale.com.br\/portal\/?p=194373","og_site_name":"Aconteceu no Vale","article_publisher":"https:\/\/www.facebook.com\/aconteceunovale\/","article_published_time":"2024-01-03T00:10:26+00:00","article_modified_time":"2024-01-03T00:12:25+00:00","og_image":[{"width":678,"height":376,"url":"https:\/\/aconteceunovale.com.br\/portal\/wp-content\/uploads\/2024\/01\/bmw_sc.png","type":"image\/png"}],"author":"Reda\u00e7\u00e3o Aconteceu no Vale","twitter_card":"summary_large_image","twitter_creator":"@noticiadosvales","twitter_site":"@noticiadosvales","twitter_misc":{"Escrito por":"Reda\u00e7\u00e3o Aconteceu no Vale","Est. tempo de leitura":"2 minutos"},"schema":{"@context":"https:\/\/schema.org","@graph":[{"@type":"Article","@id":"https:\/\/aconteceunovale.com.br\/portal\/?p=194373#article","isPartOf":{"@id":"https:\/\/aconteceunovale.com.br\/portal\/?p=194373"},"author":{"name":"Reda\u00e7\u00e3o Aconteceu no Vale","@id":"https:\/\/aconteceunovale.com.br\/portal\/#\/schema\/person\/7d2f26d1483f8a63de73da1ee0754d35"},"headline":"Corpos de mineiros que morreram dentro de carro em Balne\u00e1rio Cambori\u00fa s\u00e3o liberados","datePublished":"2024-01-03T00:10:26+00:00","dateModified":"2024-01-03T00:12:25+00:00","mainEntityOfPage":{"@id":"https:\/\/aconteceunovale.com.br\/portal\/?p=194373"},"wordCount":437,"commentCount":0,"image":{"@id":"https:\/\/aconteceunovale.com.br\/portal\/?p=194373#primaryimage"},"thumbnailUrl":"https:\/\/aconteceunovale.com.br\/portal\/wp-content\/uploads\/2024\/01\/bmw_sc.png","keywords":["Asfixiados dentro de carro","Asfixiados dentro de carro em Balne\u00e1rio Cambori\u00fa","Asfixiados por mon\u00f3xido de carbono","Corpos de mineiros que morreram dentro de carro em Balne\u00e1rio Cambori\u00fa s\u00e3o liberados","destaque","Gustavo Pereira Silveira Elias","Intoxica\u00e7\u00e3o de mon\u00f3xido de carbono","Karla Aparecida dos Santos","Mon\u00f3xido de Carbono","Nicolas Kovaleski","Paracatu","PCSC","Thiago de Lima Ribeiro","V\u00edtimas carro Balne\u00e1rio Cambori\u00fa"],"articleSection":["Brasil","Minas Gerais"],"inLanguage":"pt-BR","potentialAction":[{"@type":"CommentAction","name":"Comment","target":["https:\/\/aconteceunovale.com.br\/portal\/?p=194373#respond"]}]},{"@type":"WebPage","@id":"https:\/\/aconteceunovale.com.br\/portal\/?p=194373","url":"https:\/\/aconteceunovale.com.br\/portal\/?p=194373","name":"Corpos de mineiros que morreram dentro de carro em Balne\u00e1rio Cambori\u00fa s\u00e3o liberados - Aconteceu no Vale","isPartOf":{"@id":"https:\/\/aconteceunovale.com.br\/portal\/#website"},"primaryImageOfPage":{"@id":"https:\/\/aconteceunovale.com.br\/portal\/?p=194373#primaryimage"},"image":{"@id":"https:\/\/aconteceunovale.com.br\/portal\/?p=194373#primaryimage"},"thumbnailUrl":"https:\/\/aconteceunovale.com.br\/portal\/wp-content\/uploads\/2024\/01\/bmw_sc.png","datePublished":"2024-01-03T00:10:26+00:00","dateModified":"2024-01-03T00:12:25+00:00","author":{"@id":"https:\/\/aconteceunovale.com.br\/portal\/#\/schema\/person\/7d2f26d1483f8a63de73da1ee0754d35"},"breadcrumb":{"@id":"https:\/\/aconteceunovale.com.br\/portal\/?p=194373#breadcrumb"},"inLanguage":"pt-BR","potentialAction":[{"@type":"ReadAction","target":["https:\/\/aconteceunovale.com.br\/portal\/?p=194373"]}]},{"@type":"ImageObject","inLanguage":"pt-BR","@id":"https:\/\/aconteceunovale.com.br\/portal\/?p=194373#primaryimage","url":"https:\/\/aconteceunovale.com.br\/portal\/wp-content\/uploads\/2024\/01\/bmw_sc.png","contentUrl":"https:\/\/aconteceunovale.com.br\/portal\/wp-content\/uploads\/2024\/01\/bmw_sc.png","width":678,"height":376},{"@type":"BreadcrumbList","@id":"https:\/\/aconteceunovale.com.br\/portal\/?p=194373#breadcrumb","itemListElement":[{"@type":"ListItem","position":1,"name":"In\u00edcio","item":"https:\/\/aconteceunovale.com.br\/portal\/"},{"@type":"ListItem","position":2,"name":"Corpos de mineiros que morreram dentro de carro em Balne\u00e1rio Cambori\u00fa s\u00e3o liberados"}]},{"@type":"WebSite","@id":"https:\/\/aconteceunovale.com.br\/portal\/#website","url":"https:\/\/aconteceunovale.com.br\/portal\/","name":"Aconteceu no Vale","description":"Portal de Not\u00edcias","potentialAction":[{"@type":"SearchAction","target":{"@type":"EntryPoint","urlTemplate":"https:\/\/aconteceunovale.com.br\/portal\/?s={search_term_string}"},"query-input":{"@type":"PropertyValueSpecification","valueRequired":true,"valueName":"search_term_string"}}],"inLanguage":"pt-BR"},{"@type":"Person","@id":"https:\/\/aconteceunovale.com.br\/portal\/#\/schema\/person\/7d2f26d1483f8a63de73da1ee0754d35","name":"Reda\u00e7\u00e3o Aconteceu no Vale","description":"Equipe de reportagem do Aconteceu no Vale, portal de not\u00edcias do Vale do Jequitinhonha, em Minas Gerais. Cobrimos as 51 cidades do Vale desde 2013. Sugest\u00f5es de pauta e pedidos de corre\u00e7\u00e3o: contato@aconteceunovale.com.br","url":"https:\/\/aconteceunovale.com.br\/portal\/?author=4"}]}},"_links":{"self":[{"href":"https:\/\/aconteceunovale.com.br\/portal\/index.php?rest_route=\/wp\/v2\/posts\/194373","targetHints":{"allow":["GET"]}}],"collection":[{"href":"https:\/\/aconteceunovale.com.br\/portal\/index.php?rest_route=\/wp\/v2\/posts"}],"about":[{"href":"https:\/\/aconteceunovale.com.br\/portal\/index.php?rest_route=\/wp\/v2\/types\/post"}],"author":[{"embeddable":true,"href":"https:\/\/aconteceunovale.com.br\/portal\/index.php?rest_route=\/wp\/v2\/users\/4"}],"replies":[{"embeddable":true,"href":"https:\/\/aconteceunovale.com.br\/portal\/index.php?rest_route=%2Fwp%2Fv2%2Fcomments&post=194373"}],"version-history":[{"count":1,"href":"https:\/\/aconteceunovale.com.br\/portal\/index.php?rest_route=\/wp\/v2\/posts\/194373\/revisions"}],"predecessor-version":[{"id":194376,"href":"https:\/\/aconteceunovale.com.br\/portal\/index.php?rest_route=\/wp\/v2\/posts\/194373\/revisions\/194376"}],"wp:featuredmedia":[{"embeddable":true,"href":"https:\/\/aconteceunovale.com.br\/portal\/index.php?rest_route=\/wp\/v2\/media\/194375"}],"wp:attachment":[{"href":"https:\/\/aconteceunovale.com.br\/portal\/index.php?rest_route=%2Fwp%2Fv2%2Fmedia&parent=194373"}],"wp:term":[{"taxonomy":"category","embeddable":true,"href":"https:\/\/aconteceunovale.com.br\/portal\/index.php?rest_route=%2Fwp%2Fv2%2Fcategories&post=194373"},{"taxonomy":"post_tag","embeddable":true,"href":"https:\/\/aconteceunovale.com.br\/portal\/index.php?rest_route=%2Fwp%2Fv2%2Ftags&post=194373"}],"curies":[{"name":"wp","href":"https:\/\/api.w.org\/{rel}","templated":true}]}}