{"id":194363,"date":"2024-01-02T20:24:32","date_gmt":"2024-01-02T23:24:32","guid":{"rendered":"https:\/\/aconteceunovale.com.br\/portal\/?p=194363"},"modified":"2026-09-02T12:47:00","modified_gmt":"2026-09-02T15:47:00","slug":"novo-decreto-estabelece-limitacoes-para-eventos-no-centro-historico-de-diamantina","status":"publish","type":"post","link":"https:\/\/aconteceunovale.com.br\/portal\/?p=194363","title":{"rendered":"Novo Decreto estabelece limita\u00e7\u00f5es para eventos no Centro Hist\u00f3rico de Diamantina"},"content":{"rendered":"\n<p class=\"wp-block-paragraph\">A Prefeitura de Diamantina (MG) anunciou a implementa\u00e7\u00e3o de um novo decreto que imp\u00f5e restri\u00e7\u00f5es \u00e0 realiza\u00e7\u00e3o de eventos no Centro Hist\u00f3rico da cidade. A medida tem como objetivo preservar o patrim\u00f4nio hist\u00f3rico e assegurar a seguran\u00e7a e o bem-estar dos residentes e visitantes.<\/p>\n\n\n\n<p class=\"wp-block-paragraph\">Conforme estabelecido no <a href=\"https:\/\/diamantina.mg.gov.br\/wp-content\/uploads\/2023\/12\/668-Decr.-DISP--E-SOBRE-A-LIMITA----O-DE-EVENTOS-NO-CENTRO-HISTORICO-DE-DIAMANTINA_MG-E-D---OUTRAS-PROVID--NCIAS.-2.pdf\" target=\"_blank\" rel=\"noreferrer noopener\">decreto n\u00ba 668<\/a>, de 20 de dezembro de 2023, est\u00e3o autorizados eventos como vesperata, carnaverata, serestas, saraus, concertos, atividades religiosas, feiras, eventos culturais, festivais gastron\u00f4micos, culturais e art\u00edsticos, al\u00e9m de eventos c\u00edvicos. Outras atividades poder\u00e3o ser realizadas mediante aprova\u00e7\u00e3o do Chefe do Poder Executivo, ap\u00f3s an\u00e1lise t\u00e9cnica dos setores competentes da Prefeitura Municipal.<\/p>\n\n\n\n<p class=\"wp-block-paragraph\">O documento tamb\u00e9m define regras espec\u00edficas para a montagem de palcos, coretos, tablados e similares, os quais s\u00f3 poder\u00e3o ser instalados em locais previamente determinados e devem obedecer a dimens\u00f5es espec\u00edficas. Al\u00e9m disso, todos os eventos p\u00fablicos e privados realizados na Sede e nos Distritos do Munic\u00edpio de Diamantina devem encerrar impreterivelmente at\u00e9 04h da manh\u00e3.<\/p>\n\n\n\n<p class=\"wp-block-paragraph\">A Pra\u00e7a Largo Dom Jo\u00e3o foi designada para a realiza\u00e7\u00e3o de eventos considerados de alto risco, classificados de acordo com a Instru\u00e7\u00e3o Normativa n\u00ba 33 do Corpo de Bombeiros do Estado de Minas Gerais \u2013 CBMMG.<\/p>\n\n\n\n<p class=\"wp-block-paragraph\">Os organizadores dos eventos devem observar os limites m\u00e1ximos de ru\u00eddos, sons e vibra\u00e7\u00f5es definidos pela Lei Municipal n\u00ba 3.561, de 16 de julho de 2010. \u00c9 obrigat\u00f3ria a solicita\u00e7\u00e3o de alvar\u00e1 ou autoriza\u00e7\u00e3o equivalente para a realiza\u00e7\u00e3o de qualquer evento no \u00e2mbito do Munic\u00edpio de Diamantina, devendo o pedido ser protocolizado pelo organizador com, no m\u00ednimo, 30 dias de anteced\u00eancia junto \u00e0 Administra\u00e7\u00e3o Municipal.<\/p>\n\n\n\n<p class=\"wp-block-paragraph\">O decreto pro\u00edbe ainda a comercializa\u00e7\u00e3o de bebidas em garrafas de vidro em eventos p\u00fablicos e privados realizados em locais abertos ao p\u00fablico em toda a sede do Munic\u00edpio, incluindo o Centro Hist\u00f3rico de Diamantina, exceto nas depend\u00eancias de estabelecimento comercial, estendendo-se \u00e0s mesas externas autorizadas pela Administra\u00e7\u00e3o Municipal.<\/p>\n\n\n\n<p class=\"wp-block-paragraph\">A Prefeitura de Diamantina espera que as novas diretrizes contribuam para a preserva\u00e7\u00e3o do patrim\u00f4nio hist\u00f3rico da cidade e para a garantia da seguran\u00e7a e bem-estar de todos os participantes dos eventos.<\/p>\n","protected":false},"excerpt":{"rendered":"<p>A Prefeitura de Diamantina (MG) anunciou a implementa\u00e7\u00e3o de um novo decreto que imp\u00f5e restri\u00e7\u00f5es \u00e0 realiza\u00e7\u00e3o de eventos no Centro Hist\u00f3rico da cidade. A medida tem como objetivo preservar o patrim\u00f4nio hist\u00f3rico e assegurar a seguran\u00e7a e o bem-estar dos residentes e visitantes. Conforme estabelecido no decreto n\u00ba 668, de 20 de dezembro de [&hellip;]<\/p>\n","protected":false},"author":4,"featured_media":194364,"comment_status":"open","ping_status":"closed","sticky":false,"template":"","format":"standard","meta":{"amp_status":"","footnotes":""},"categories":[272543,125,120],"tags":[268617,1018,198,268616,268619,268618,268615,31299],"class_list":["post-194363","post","type-post","status-publish","format-standard","has-post-thumbnail","hentry","category-diamantina","category-noticias","category-jequi","tag-decreto-eventos-diamantina","tag-destaque","tag-diamantina","tag-eventos-em-diamantina","tag-eventos-no-centro-historico-de-diamantina","tag-limitacao-de-eventos-em-diamantina","tag-novo-decreto-estabelece-limitacoes-para-eventos-no-centro-historico-de-diamantina","tag-prefeitura-de-diamantina"],"yoast_head":"<!-- This site is optimized with the Yoast SEO plugin v28.3 - https:\/\/yoast.com\/product\/yoast-seo-wordpress\/ -->\n<title>Novo Decreto estabelece limita\u00e7\u00f5es para eventos no Centro Hist\u00f3rico de Diamantina - Aconteceu no Vale<\/title>\n<meta name=\"robots\" content=\"index, follow, max-snippet:-1, max-image-preview:large, max-video-preview:-1\" \/>\n<link rel=\"canonical\" href=\"https:\/\/aconteceunovale.com.br\/portal\/?p=194363\" \/>\n<meta property=\"og:locale\" content=\"pt_BR\" \/>\n<meta property=\"og:type\" content=\"article\" \/>\n<meta property=\"og:title\" content=\"Novo Decreto estabelece limita\u00e7\u00f5es para eventos no Centro Hist\u00f3rico de Diamantina - Aconteceu no Vale\" \/>\n<meta property=\"og:description\" content=\"A Prefeitura de Diamantina (MG) anunciou a implementa\u00e7\u00e3o de um novo decreto que imp\u00f5e restri\u00e7\u00f5es \u00e0 realiza\u00e7\u00e3o de eventos no Centro Hist\u00f3rico da cidade. A medida tem como objetivo preservar o patrim\u00f4nio hist\u00f3rico e assegurar a seguran\u00e7a e o bem-estar dos residentes e visitantes. Conforme estabelecido no decreto n\u00ba 668, de 20 de dezembro de [&hellip;]\" \/>\n<meta property=\"og:url\" content=\"https:\/\/aconteceunovale.com.br\/portal\/?p=194363\" \/>\n<meta property=\"og:site_name\" content=\"Aconteceu no Vale\" \/>\n<meta property=\"article:publisher\" content=\"https:\/\/www.facebook.com\/aconteceunovale\/\" \/>\n<meta property=\"article:published_time\" content=\"2024-01-02T23:24:32+00:00\" \/>\n<meta property=\"article:modified_time\" content=\"2026-09-02T15:47:00+00:00\" \/>\n<meta property=\"og:image\" content=\"https:\/\/aconteceunovale.com.br\/portal\/wp-content\/uploads\/2024\/01\/carnaval_diamantina.webp\" \/>\n\t<meta property=\"og:image:width\" content=\"675\" \/>\n\t<meta property=\"og:image:height\" content=\"450\" \/>\n\t<meta property=\"og:image:type\" content=\"image\/webp\" \/>\n<meta name=\"author\" content=\"Reda\u00e7\u00e3o Aconteceu no Vale\" \/>\n<meta name=\"twitter:card\" content=\"summary_large_image\" \/>\n<meta name=\"twitter:creator\" content=\"@noticiadosvales\" \/>\n<meta name=\"twitter:site\" content=\"@noticiadosvales\" \/>\n<meta name=\"twitter:label1\" content=\"Escrito por\" \/>\n\t<meta name=\"twitter:data1\" content=\"Reda\u00e7\u00e3o Aconteceu no Vale\" \/>\n\t<meta name=\"twitter:label2\" content=\"Est. tempo de leitura\" \/>\n\t<meta name=\"twitter:data2\" content=\"2 minutos\" \/>\n<script type=\"application\/ld+json\" class=\"yoast-schema-graph\">{\"@context\":\"https:\\\/\\\/schema.org\",\"@graph\":[{\"@type\":\"Article\",\"@id\":\"https:\\\/\\\/aconteceunovale.com.br\\\/portal\\\/?p=194363#article\",\"isPartOf\":{\"@id\":\"https:\\\/\\\/aconteceunovale.com.br\\\/portal\\\/?p=194363\"},\"author\":{\"name\":\"Reda\u00e7\u00e3o Aconteceu no Vale\",\"@id\":\"https:\\\/\\\/aconteceunovale.com.br\\\/portal\\\/#\\\/schema\\\/person\\\/7d2f26d1483f8a63de73da1ee0754d35\"},\"headline\":\"Novo Decreto estabelece limita\u00e7\u00f5es para eventos no Centro Hist\u00f3rico de Diamantina\",\"datePublished\":\"2024-01-02T23:24:32+00:00\",\"dateModified\":\"2026-09-02T15:47:00+00:00\",\"mainEntityOfPage\":{\"@id\":\"https:\\\/\\\/aconteceunovale.com.br\\\/portal\\\/?p=194363\"},\"wordCount\":392,\"commentCount\":0,\"image\":{\"@id\":\"https:\\\/\\\/aconteceunovale.com.br\\\/portal\\\/?p=194363#primaryimage\"},\"thumbnailUrl\":\"https:\\\/\\\/aconteceunovale.com.br\\\/portal\\\/wp-content\\\/uploads\\\/2024\\\/01\\\/carnaval_diamantina.webp\",\"keywords\":[\"Decreto eventos Diamantina\",\"destaque\",\"Diamantina\",\"Eventos em Diamantina\",\"Eventos no Centro Hist\u00f3rico de Diamantina\",\"Limita\u00e7\u00e3o de eventos em Diamantina\",\"Novo Decreto estabelece limita\u00e7\u00f5es para eventos no Centro Hist\u00f3rico de Diamantina\",\"Prefeitura de Diamantina\"],\"articleSection\":[\"Diamantina\",\"Eventos\",\"Vale do Jequitinhonha\"],\"inLanguage\":\"pt-BR\",\"potentialAction\":[{\"@type\":\"CommentAction\",\"name\":\"Comment\",\"target\":[\"https:\\\/\\\/aconteceunovale.com.br\\\/portal\\\/?p=194363#respond\"]}]},{\"@type\":\"WebPage\",\"@id\":\"https:\\\/\\\/aconteceunovale.com.br\\\/portal\\\/?p=194363\",\"url\":\"https:\\\/\\\/aconteceunovale.com.br\\\/portal\\\/?p=194363\",\"name\":\"Novo Decreto estabelece limita\u00e7\u00f5es para eventos no Centro Hist\u00f3rico de Diamantina - Aconteceu no Vale\",\"isPartOf\":{\"@id\":\"https:\\\/\\\/aconteceunovale.com.br\\\/portal\\\/#website\"},\"primaryImageOfPage\":{\"@id\":\"https:\\\/\\\/aconteceunovale.com.br\\\/portal\\\/?p=194363#primaryimage\"},\"image\":{\"@id\":\"https:\\\/\\\/aconteceunovale.com.br\\\/portal\\\/?p=194363#primaryimage\"},\"thumbnailUrl\":\"https:\\\/\\\/aconteceunovale.com.br\\\/portal\\\/wp-content\\\/uploads\\\/2024\\\/01\\\/carnaval_diamantina.webp\",\"datePublished\":\"2024-01-02T23:24:32+00:00\",\"dateModified\":\"2026-09-02T15:47:00+00:00\",\"author\":{\"@id\":\"https:\\\/\\\/aconteceunovale.com.br\\\/portal\\\/#\\\/schema\\\/person\\\/7d2f26d1483f8a63de73da1ee0754d35\"},\"breadcrumb\":{\"@id\":\"https:\\\/\\\/aconteceunovale.com.br\\\/portal\\\/?p=194363#breadcrumb\"},\"inLanguage\":\"pt-BR\",\"potentialAction\":[{\"@type\":\"ReadAction\",\"target\":[\"https:\\\/\\\/aconteceunovale.com.br\\\/portal\\\/?p=194363\"]}]},{\"@type\":\"ImageObject\",\"inLanguage\":\"pt-BR\",\"@id\":\"https:\\\/\\\/aconteceunovale.com.br\\\/portal\\\/?p=194363#primaryimage\",\"url\":\"https:\\\/\\\/aconteceunovale.com.br\\\/portal\\\/wp-content\\\/uploads\\\/2024\\\/01\\\/carnaval_diamantina.webp\",\"contentUrl\":\"https:\\\/\\\/aconteceunovale.com.br\\\/portal\\\/wp-content\\\/uploads\\\/2024\\\/01\\\/carnaval_diamantina.webp\",\"width\":675,\"height\":450},{\"@type\":\"BreadcrumbList\",\"@id\":\"https:\\\/\\\/aconteceunovale.com.br\\\/portal\\\/?p=194363#breadcrumb\",\"itemListElement\":[{\"@type\":\"ListItem\",\"position\":1,\"name\":\"In\u00edcio\",\"item\":\"https:\\\/\\\/aconteceunovale.com.br\\\/portal\\\/\"},{\"@type\":\"ListItem\",\"position\":2,\"name\":\"Novo Decreto estabelece limita\u00e7\u00f5es para eventos no Centro Hist\u00f3rico de Diamantina\"}]},{\"@type\":\"WebSite\",\"@id\":\"https:\\\/\\\/aconteceunovale.com.br\\\/portal\\\/#website\",\"url\":\"https:\\\/\\\/aconteceunovale.com.br\\\/portal\\\/\",\"name\":\"Aconteceu no Vale\",\"description\":\"Portal de Not\u00edcias\",\"potentialAction\":[{\"@type\":\"SearchAction\",\"target\":{\"@type\":\"EntryPoint\",\"urlTemplate\":\"https:\\\/\\\/aconteceunovale.com.br\\\/portal\\\/?s={search_term_string}\"},\"query-input\":{\"@type\":\"PropertyValueSpecification\",\"valueRequired\":true,\"valueName\":\"search_term_string\"}}],\"inLanguage\":\"pt-BR\"},{\"@type\":\"Person\",\"@id\":\"https:\\\/\\\/aconteceunovale.com.br\\\/portal\\\/#\\\/schema\\\/person\\\/7d2f26d1483f8a63de73da1ee0754d35\",\"name\":\"Reda\u00e7\u00e3o Aconteceu no Vale\",\"description\":\"Equipe de reportagem do Aconteceu no Vale, portal de not\u00edcias do Vale do Jequitinhonha, em Minas Gerais. Cobrimos as 51 cidades do Vale desde 2013. Sugest\u00f5es de pauta e pedidos de corre\u00e7\u00e3o: contato@aconteceunovale.com.br\",\"url\":\"https:\\\/\\\/aconteceunovale.com.br\\\/portal\\\/?author=4\"}]}<\/script>\n<!-- \/ Yoast SEO plugin. -->","yoast_head_json":{"title":"Novo Decreto estabelece limita\u00e7\u00f5es para eventos no Centro Hist\u00f3rico de Diamantina - Aconteceu no Vale","robots":{"index":"index","follow":"follow","max-snippet":"max-snippet:-1","max-image-preview":"max-image-preview:large","max-video-preview":"max-video-preview:-1"},"canonical":"https:\/\/aconteceunovale.com.br\/portal\/?p=194363","og_locale":"pt_BR","og_type":"article","og_title":"Novo Decreto estabelece limita\u00e7\u00f5es para eventos no Centro Hist\u00f3rico de Diamantina - Aconteceu no Vale","og_description":"A Prefeitura de Diamantina (MG) anunciou a implementa\u00e7\u00e3o de um novo decreto que imp\u00f5e restri\u00e7\u00f5es \u00e0 realiza\u00e7\u00e3o de eventos no Centro Hist\u00f3rico da cidade. A medida tem como objetivo preservar o patrim\u00f4nio hist\u00f3rico e assegurar a seguran\u00e7a e o bem-estar dos residentes e visitantes. Conforme estabelecido no decreto n\u00ba 668, de 20 de dezembro de [&hellip;]","og_url":"https:\/\/aconteceunovale.com.br\/portal\/?p=194363","og_site_name":"Aconteceu no Vale","article_publisher":"https:\/\/www.facebook.com\/aconteceunovale\/","article_published_time":"2024-01-02T23:24:32+00:00","article_modified_time":"2026-09-02T15:47:00+00:00","og_image":[{"width":675,"height":450,"url":"https:\/\/aconteceunovale.com.br\/portal\/wp-content\/uploads\/2024\/01\/carnaval_diamantina.webp","type":"image\/webp"}],"author":"Reda\u00e7\u00e3o Aconteceu no Vale","twitter_card":"summary_large_image","twitter_creator":"@noticiadosvales","twitter_site":"@noticiadosvales","twitter_misc":{"Escrito por":"Reda\u00e7\u00e3o Aconteceu no Vale","Est. tempo de leitura":"2 minutos"},"schema":{"@context":"https:\/\/schema.org","@graph":[{"@type":"Article","@id":"https:\/\/aconteceunovale.com.br\/portal\/?p=194363#article","isPartOf":{"@id":"https:\/\/aconteceunovale.com.br\/portal\/?p=194363"},"author":{"name":"Reda\u00e7\u00e3o Aconteceu no Vale","@id":"https:\/\/aconteceunovale.com.br\/portal\/#\/schema\/person\/7d2f26d1483f8a63de73da1ee0754d35"},"headline":"Novo Decreto estabelece limita\u00e7\u00f5es para eventos no Centro Hist\u00f3rico de Diamantina","datePublished":"2024-01-02T23:24:32+00:00","dateModified":"2026-09-02T15:47:00+00:00","mainEntityOfPage":{"@id":"https:\/\/aconteceunovale.com.br\/portal\/?p=194363"},"wordCount":392,"commentCount":0,"image":{"@id":"https:\/\/aconteceunovale.com.br\/portal\/?p=194363#primaryimage"},"thumbnailUrl":"https:\/\/aconteceunovale.com.br\/portal\/wp-content\/uploads\/2024\/01\/carnaval_diamantina.webp","keywords":["Decreto eventos Diamantina","destaque","Diamantina","Eventos em Diamantina","Eventos no Centro Hist\u00f3rico de Diamantina","Limita\u00e7\u00e3o de eventos em Diamantina","Novo Decreto estabelece limita\u00e7\u00f5es para eventos no Centro Hist\u00f3rico de Diamantina","Prefeitura de Diamantina"],"articleSection":["Diamantina","Eventos","Vale do Jequitinhonha"],"inLanguage":"pt-BR","potentialAction":[{"@type":"CommentAction","name":"Comment","target":["https:\/\/aconteceunovale.com.br\/portal\/?p=194363#respond"]}]},{"@type":"WebPage","@id":"https:\/\/aconteceunovale.com.br\/portal\/?p=194363","url":"https:\/\/aconteceunovale.com.br\/portal\/?p=194363","name":"Novo Decreto estabelece limita\u00e7\u00f5es para eventos no Centro Hist\u00f3rico de Diamantina - Aconteceu no Vale","isPartOf":{"@id":"https:\/\/aconteceunovale.com.br\/portal\/#website"},"primaryImageOfPage":{"@id":"https:\/\/aconteceunovale.com.br\/portal\/?p=194363#primaryimage"},"image":{"@id":"https:\/\/aconteceunovale.com.br\/portal\/?p=194363#primaryimage"},"thumbnailUrl":"https:\/\/aconteceunovale.com.br\/portal\/wp-content\/uploads\/2024\/01\/carnaval_diamantina.webp","datePublished":"2024-01-02T23:24:32+00:00","dateModified":"2026-09-02T15:47:00+00:00","author":{"@id":"https:\/\/aconteceunovale.com.br\/portal\/#\/schema\/person\/7d2f26d1483f8a63de73da1ee0754d35"},"breadcrumb":{"@id":"https:\/\/aconteceunovale.com.br\/portal\/?p=194363#breadcrumb"},"inLanguage":"pt-BR","potentialAction":[{"@type":"ReadAction","target":["https:\/\/aconteceunovale.com.br\/portal\/?p=194363"]}]},{"@type":"ImageObject","inLanguage":"pt-BR","@id":"https:\/\/aconteceunovale.com.br\/portal\/?p=194363#primaryimage","url":"https:\/\/aconteceunovale.com.br\/portal\/wp-content\/uploads\/2024\/01\/carnaval_diamantina.webp","contentUrl":"https:\/\/aconteceunovale.com.br\/portal\/wp-content\/uploads\/2024\/01\/carnaval_diamantina.webp","width":675,"height":450},{"@type":"BreadcrumbList","@id":"https:\/\/aconteceunovale.com.br\/portal\/?p=194363#breadcrumb","itemListElement":[{"@type":"ListItem","position":1,"name":"In\u00edcio","item":"https:\/\/aconteceunovale.com.br\/portal\/"},{"@type":"ListItem","position":2,"name":"Novo Decreto estabelece limita\u00e7\u00f5es para eventos no Centro Hist\u00f3rico de Diamantina"}]},{"@type":"WebSite","@id":"https:\/\/aconteceunovale.com.br\/portal\/#website","url":"https:\/\/aconteceunovale.com.br\/portal\/","name":"Aconteceu no Vale","description":"Portal de Not\u00edcias","potentialAction":[{"@type":"SearchAction","target":{"@type":"EntryPoint","urlTemplate":"https:\/\/aconteceunovale.com.br\/portal\/?s={search_term_string}"},"query-input":{"@type":"PropertyValueSpecification","valueRequired":true,"valueName":"search_term_string"}}],"inLanguage":"pt-BR"},{"@type":"Person","@id":"https:\/\/aconteceunovale.com.br\/portal\/#\/schema\/person\/7d2f26d1483f8a63de73da1ee0754d35","name":"Reda\u00e7\u00e3o Aconteceu no Vale","description":"Equipe de reportagem do Aconteceu no Vale, portal de not\u00edcias do Vale do Jequitinhonha, em Minas Gerais. Cobrimos as 51 cidades do Vale desde 2013. Sugest\u00f5es de pauta e pedidos de corre\u00e7\u00e3o: contato@aconteceunovale.com.br","url":"https:\/\/aconteceunovale.com.br\/portal\/?author=4"}]}},"_links":{"self":[{"href":"https:\/\/aconteceunovale.com.br\/portal\/index.php?rest_route=\/wp\/v2\/posts\/194363","targetHints":{"allow":["GET"]}}],"collection":[{"href":"https:\/\/aconteceunovale.com.br\/portal\/index.php?rest_route=\/wp\/v2\/posts"}],"about":[{"href":"https:\/\/aconteceunovale.com.br\/portal\/index.php?rest_route=\/wp\/v2\/types\/post"}],"author":[{"embeddable":true,"href":"https:\/\/aconteceunovale.com.br\/portal\/index.php?rest_route=\/wp\/v2\/users\/4"}],"replies":[{"embeddable":true,"href":"https:\/\/aconteceunovale.com.br\/portal\/index.php?rest_route=%2Fwp%2Fv2%2Fcomments&post=194363"}],"version-history":[{"count":2,"href":"https:\/\/aconteceunovale.com.br\/portal\/index.php?rest_route=\/wp\/v2\/posts\/194363\/revisions"}],"predecessor-version":[{"id":194367,"href":"https:\/\/aconteceunovale.com.br\/portal\/index.php?rest_route=\/wp\/v2\/posts\/194363\/revisions\/194367"}],"wp:featuredmedia":[{"embeddable":true,"href":"https:\/\/aconteceunovale.com.br\/portal\/index.php?rest_route=\/wp\/v2\/media\/194364"}],"wp:attachment":[{"href":"https:\/\/aconteceunovale.com.br\/portal\/index.php?rest_route=%2Fwp%2Fv2%2Fmedia&parent=194363"}],"wp:term":[{"taxonomy":"category","embeddable":true,"href":"https:\/\/aconteceunovale.com.br\/portal\/index.php?rest_route=%2Fwp%2Fv2%2Fcategories&post=194363"},{"taxonomy":"post_tag","embeddable":true,"href":"https:\/\/aconteceunovale.com.br\/portal\/index.php?rest_route=%2Fwp%2Fv2%2Ftags&post=194363"}],"curies":[{"name":"wp","href":"https:\/\/api.w.org\/{rel}","templated":true}]}}