{"id":194356,"date":"2024-01-02T19:53:41","date_gmt":"2024-01-02T22:53:41","guid":{"rendered":"https:\/\/aconteceunovale.com.br\/portal\/?p=194356"},"modified":"2024-01-02T19:54:15","modified_gmt":"2024-01-02T22:54:15","slug":"homem-e-preso-suspeito-de-matar-e-ocultar-corpo-de-amante","status":"publish","type":"post","link":"https:\/\/aconteceunovale.com.br\/portal\/?p=194356","title":{"rendered":"Homem \u00e9 preso suspeito de matar e ocultar corpo de amante"},"content":{"rendered":"\n<p class=\"wp-block-paragraph\">A Pol\u00edcia Civil de Minas Gerais (PCMG) desvendou um caso chocante no munic\u00edpio de S\u00e3o Gon\u00e7alo do Rio Abaixo, na regi\u00e3o Central do Estado, ao localizar o corpo de uma mulher de 36 anos, desaparecida h\u00e1 14 dias. O principal suspeito do crime, um homem de 39 anos, foi preso preventivamente em Ant\u00f4nio Dias, cidade localizada a cerca de 90 quil\u00f4metros de dist\u00e2ncia.<\/p>\n\n\n\n<figure class=\"wp-block-gallery has-nested-images columns-default is-cropped wp-block-gallery-1 is-layout-flex wp-block-gallery-is-layout-flex\">\n<figure class=\"wp-block-image size-large\"><img loading=\"lazy\" decoding=\"async\" width=\"670\" height=\"450\" data-id=\"194357\" src=\"https:\/\/aconteceunovale.com.br\/portal\/wp-content\/uploads\/2024\/01\/caso_sao_goncalo.jpg\" alt=\"\" class=\"wp-image-194357\" srcset=\"https:\/\/aconteceunovale.com.br\/portal\/wp-content\/uploads\/2024\/01\/caso_sao_goncalo.jpg 670w, https:\/\/aconteceunovale.com.br\/portal\/wp-content\/uploads\/2024\/01\/caso_sao_goncalo-300x201.jpg 300w, https:\/\/aconteceunovale.com.br\/portal\/wp-content\/uploads\/2024\/01\/caso_sao_goncalo-625x420.jpg 625w\" sizes=\"auto, (max-width: 670px) 100vw, 670px\" \/><figcaption class=\"wp-element-caption\"><em><sub>Local onde o corpo foi encontrado &#8211; Foto: Divulga\u00e7\u00e3o\/PCMG<\/sub><\/em><\/figcaption><\/figure>\n<\/figure>\n\n\n\n<p class=\"wp-block-paragraph\">O desfecho do caso ocorreu no \u00faltimo domingo (31\/12\/2023), quando o corpo da v\u00edtima foi encontrado em um bota-fora. Em depoimento \u00e0 pol\u00edcia, o suspeito confessou ter assassinado a mulher a facadas, motivado por ci\u00fames e com o intuito de obter a guarda exclusiva do filho do casal. Ele ainda indicou o local onde havia escondido o corpo.<\/p>\n\n\n\n<p class=\"wp-block-paragraph\">As buscas pela mulher, que duraram aproximadamente sete horas, contaram com o apoio do Corpo de Bombeiros e do Poder Executivo de S\u00e3o Gon\u00e7alo do Rio Abaixo, que providenciou m\u00e1quinas e funcion\u00e1rios para auxiliar nas opera\u00e7\u00f5es de resgate. O corpo foi encontrado soterrado a mais de 7 metros de profundidade.<\/p>\n\n\n\n<p class=\"wp-block-paragraph\">A investiga\u00e7\u00e3o conduzida pela Delegacia Especializada de Atendimento \u00e0 Mulher (Deam) em Jo\u00e3o Monlevade revelou que a mulher era v\u00edtima de viol\u00eancia f\u00edsica e psicol\u00f3gica, al\u00e9m de sofrer amea\u00e7as e inj\u00farias por parte do companheiro. O relacionamento entre ambos durou quatro anos e resultou em um filho de dois anos.<\/p>\n\n\n\n<p class=\"wp-block-paragraph\">Ao longo das investiga\u00e7\u00f5es, foram cumpridos mandados de busca e apreens\u00e3o em Jo\u00e3o Monlevade, onde a v\u00edtima residia, em S\u00e3o Gon\u00e7alo do Rio Abaixo, cidade do suspeito, e em Ant\u00f4nio Dias, onde ele foi localizado e preso. O caso permanece em apura\u00e7\u00e3o.<a href=\"http:\/\/www.facebook.com\/share.php?u=https:\/\/www.policiacivil.mg.gov.br\/\/noticia\/exibir?titulo=Homem+%C3%A9+preso+pela+PCMG+suspeito+de+matar+e+ocultar+corpo+de+amante&amp;id=4037178\" target=\"_blank\" rel=\"noreferrer noopener\"><\/a><\/p>\n","protected":false},"excerpt":{"rendered":"<p>A Pol\u00edcia Civil de Minas Gerais (PCMG) desvendou um caso chocante no munic\u00edpio de S\u00e3o Gon\u00e7alo do Rio Abaixo, na regi\u00e3o Central do Estado, ao localizar o corpo de uma mulher de 36 anos, desaparecida h\u00e1 14 dias. O principal suspeito do crime, um homem de 39 anos, foi preso preventivamente em Ant\u00f4nio Dias, cidade [&hellip;]<\/p>\n","protected":false},"author":4,"featured_media":194357,"comment_status":"open","ping_status":"closed","sticky":false,"template":"","format":"standard","meta":{"amp_status":"","footnotes":""},"categories":[121,123],"tags":[1740,268605,1102,604,147358,1739],"class_list":["post-194356","post","type-post","status-publish","format-standard","has-post-thumbnail","hentry","category-leste","category-gerais","tag-antonio-dias","tag-homem-e-preso-suspeito-de-matar-e-ocultar-corpo-de-amante","tag-joao-monlevade","tag-pcmg","tag-preso-em-antonio-dias","tag-sao-goncalo-do-rio-abaixo"],"yoast_head":"<!-- This site is optimized with the Yoast SEO plugin v28.3 - https:\/\/yoast.com\/product\/yoast-seo-wordpress\/ -->\n<title>Homem \u00e9 preso suspeito de matar e ocultar corpo de amante - Aconteceu no Vale<\/title>\n<meta name=\"robots\" content=\"index, follow, max-snippet:-1, max-image-preview:large, max-video-preview:-1\" \/>\n<link rel=\"canonical\" href=\"https:\/\/aconteceunovale.com.br\/portal\/?p=194356\" \/>\n<meta property=\"og:locale\" content=\"pt_BR\" \/>\n<meta property=\"og:type\" content=\"article\" \/>\n<meta property=\"og:title\" content=\"Homem \u00e9 preso suspeito de matar e ocultar corpo de amante - Aconteceu no Vale\" \/>\n<meta property=\"og:description\" content=\"A Pol\u00edcia Civil de Minas Gerais (PCMG) desvendou um caso chocante no munic\u00edpio de S\u00e3o Gon\u00e7alo do Rio Abaixo, na regi\u00e3o Central do Estado, ao localizar o corpo de uma mulher de 36 anos, desaparecida h\u00e1 14 dias. O principal suspeito do crime, um homem de 39 anos, foi preso preventivamente em Ant\u00f4nio Dias, cidade [&hellip;]\" \/>\n<meta property=\"og:url\" content=\"https:\/\/aconteceunovale.com.br\/portal\/?p=194356\" \/>\n<meta property=\"og:site_name\" content=\"Aconteceu no Vale\" \/>\n<meta property=\"article:publisher\" content=\"https:\/\/www.facebook.com\/aconteceunovale\/\" \/>\n<meta property=\"article:published_time\" content=\"2024-01-02T22:53:41+00:00\" \/>\n<meta property=\"article:modified_time\" content=\"2024-01-02T22:54:15+00:00\" \/>\n<meta property=\"og:image\" content=\"https:\/\/aconteceunovale.com.br\/portal\/wp-content\/uploads\/2024\/01\/caso_sao_goncalo.jpg\" \/>\n\t<meta property=\"og:image:width\" content=\"670\" \/>\n\t<meta property=\"og:image:height\" content=\"450\" \/>\n\t<meta property=\"og:image:type\" content=\"image\/jpeg\" \/>\n<meta name=\"author\" content=\"Reda\u00e7\u00e3o Aconteceu no Vale\" \/>\n<meta name=\"twitter:card\" content=\"summary_large_image\" \/>\n<meta name=\"twitter:creator\" content=\"@noticiadosvales\" \/>\n<meta name=\"twitter:site\" content=\"@noticiadosvales\" \/>\n<meta name=\"twitter:label1\" content=\"Escrito por\" \/>\n\t<meta name=\"twitter:data1\" content=\"Reda\u00e7\u00e3o Aconteceu no Vale\" \/>\n\t<meta name=\"twitter:label2\" content=\"Est. tempo de leitura\" \/>\n\t<meta name=\"twitter:data2\" content=\"1 minuto\" \/>\n<script type=\"application\/ld+json\" class=\"yoast-schema-graph\">{\"@context\":\"https:\\\/\\\/schema.org\",\"@graph\":[{\"@type\":\"Article\",\"@id\":\"https:\\\/\\\/aconteceunovale.com.br\\\/portal\\\/?p=194356#article\",\"isPartOf\":{\"@id\":\"https:\\\/\\\/aconteceunovale.com.br\\\/portal\\\/?p=194356\"},\"author\":{\"name\":\"Reda\u00e7\u00e3o Aconteceu no Vale\",\"@id\":\"https:\\\/\\\/aconteceunovale.com.br\\\/portal\\\/#\\\/schema\\\/person\\\/7d2f26d1483f8a63de73da1ee0754d35\"},\"headline\":\"Homem \u00e9 preso suspeito de matar e ocultar corpo de amante\",\"datePublished\":\"2024-01-02T22:53:41+00:00\",\"dateModified\":\"2024-01-02T22:54:15+00:00\",\"mainEntityOfPage\":{\"@id\":\"https:\\\/\\\/aconteceunovale.com.br\\\/portal\\\/?p=194356\"},\"wordCount\":309,\"commentCount\":0,\"image\":{\"@id\":\"https:\\\/\\\/aconteceunovale.com.br\\\/portal\\\/?p=194356#primaryimage\"},\"thumbnailUrl\":\"https:\\\/\\\/aconteceunovale.com.br\\\/portal\\\/wp-content\\\/uploads\\\/2024\\\/01\\\/caso_sao_goncalo.jpg\",\"keywords\":[\"Ant\u00f4nio Dias\",\"Homem \u00e9 preso suspeito de matar e ocultar corpo de amante\",\"Jo\u00e3o Monlevade\",\"PCMG\",\"Preso em Ant\u00f4nio Dias\",\"S\u00e3o Gon\u00e7alo do Rio Abaixo\"],\"articleSection\":[\"Leste de Minas\",\"Minas Gerais\"],\"inLanguage\":\"pt-BR\",\"potentialAction\":[{\"@type\":\"CommentAction\",\"name\":\"Comment\",\"target\":[\"https:\\\/\\\/aconteceunovale.com.br\\\/portal\\\/?p=194356#respond\"]}]},{\"@type\":\"WebPage\",\"@id\":\"https:\\\/\\\/aconteceunovale.com.br\\\/portal\\\/?p=194356\",\"url\":\"https:\\\/\\\/aconteceunovale.com.br\\\/portal\\\/?p=194356\",\"name\":\"Homem \u00e9 preso suspeito de matar e ocultar corpo de amante - Aconteceu no Vale\",\"isPartOf\":{\"@id\":\"https:\\\/\\\/aconteceunovale.com.br\\\/portal\\\/#website\"},\"primaryImageOfPage\":{\"@id\":\"https:\\\/\\\/aconteceunovale.com.br\\\/portal\\\/?p=194356#primaryimage\"},\"image\":{\"@id\":\"https:\\\/\\\/aconteceunovale.com.br\\\/portal\\\/?p=194356#primaryimage\"},\"thumbnailUrl\":\"https:\\\/\\\/aconteceunovale.com.br\\\/portal\\\/wp-content\\\/uploads\\\/2024\\\/01\\\/caso_sao_goncalo.jpg\",\"datePublished\":\"2024-01-02T22:53:41+00:00\",\"dateModified\":\"2024-01-02T22:54:15+00:00\",\"author\":{\"@id\":\"https:\\\/\\\/aconteceunovale.com.br\\\/portal\\\/#\\\/schema\\\/person\\\/7d2f26d1483f8a63de73da1ee0754d35\"},\"breadcrumb\":{\"@id\":\"https:\\\/\\\/aconteceunovale.com.br\\\/portal\\\/?p=194356#breadcrumb\"},\"inLanguage\":\"pt-BR\",\"potentialAction\":[{\"@type\":\"ReadAction\",\"target\":[\"https:\\\/\\\/aconteceunovale.com.br\\\/portal\\\/?p=194356\"]}]},{\"@type\":\"ImageObject\",\"inLanguage\":\"pt-BR\",\"@id\":\"https:\\\/\\\/aconteceunovale.com.br\\\/portal\\\/?p=194356#primaryimage\",\"url\":\"https:\\\/\\\/aconteceunovale.com.br\\\/portal\\\/wp-content\\\/uploads\\\/2024\\\/01\\\/caso_sao_goncalo.jpg\",\"contentUrl\":\"https:\\\/\\\/aconteceunovale.com.br\\\/portal\\\/wp-content\\\/uploads\\\/2024\\\/01\\\/caso_sao_goncalo.jpg\",\"width\":670,\"height\":450,\"caption\":\"Foto: Divulga\u00e7\u00e3o\\\/PCMG\"},{\"@type\":\"BreadcrumbList\",\"@id\":\"https:\\\/\\\/aconteceunovale.com.br\\\/portal\\\/?p=194356#breadcrumb\",\"itemListElement\":[{\"@type\":\"ListItem\",\"position\":1,\"name\":\"In\u00edcio\",\"item\":\"https:\\\/\\\/aconteceunovale.com.br\\\/portal\\\/\"},{\"@type\":\"ListItem\",\"position\":2,\"name\":\"Homem \u00e9 preso suspeito de matar e ocultar corpo de amante\"}]},{\"@type\":\"WebSite\",\"@id\":\"https:\\\/\\\/aconteceunovale.com.br\\\/portal\\\/#website\",\"url\":\"https:\\\/\\\/aconteceunovale.com.br\\\/portal\\\/\",\"name\":\"Aconteceu no Vale\",\"description\":\"Portal de Not\u00edcias\",\"potentialAction\":[{\"@type\":\"SearchAction\",\"target\":{\"@type\":\"EntryPoint\",\"urlTemplate\":\"https:\\\/\\\/aconteceunovale.com.br\\\/portal\\\/?s={search_term_string}\"},\"query-input\":{\"@type\":\"PropertyValueSpecification\",\"valueRequired\":true,\"valueName\":\"search_term_string\"}}],\"inLanguage\":\"pt-BR\"},{\"@type\":\"Person\",\"@id\":\"https:\\\/\\\/aconteceunovale.com.br\\\/portal\\\/#\\\/schema\\\/person\\\/7d2f26d1483f8a63de73da1ee0754d35\",\"name\":\"Reda\u00e7\u00e3o Aconteceu no Vale\",\"description\":\"Equipe de reportagem do Aconteceu no Vale, portal de not\u00edcias do Vale do Jequitinhonha, em Minas Gerais. Cobrimos as 51 cidades do Vale desde 2013. Sugest\u00f5es de pauta e pedidos de corre\u00e7\u00e3o: contato@aconteceunovale.com.br\",\"url\":\"https:\\\/\\\/aconteceunovale.com.br\\\/portal\\\/?author=4\"}]}<\/script>\n<!-- \/ Yoast SEO plugin. -->","yoast_head_json":{"title":"Homem \u00e9 preso suspeito de matar e ocultar corpo de amante - Aconteceu no Vale","robots":{"index":"index","follow":"follow","max-snippet":"max-snippet:-1","max-image-preview":"max-image-preview:large","max-video-preview":"max-video-preview:-1"},"canonical":"https:\/\/aconteceunovale.com.br\/portal\/?p=194356","og_locale":"pt_BR","og_type":"article","og_title":"Homem \u00e9 preso suspeito de matar e ocultar corpo de amante - Aconteceu no Vale","og_description":"A Pol\u00edcia Civil de Minas Gerais (PCMG) desvendou um caso chocante no munic\u00edpio de S\u00e3o Gon\u00e7alo do Rio Abaixo, na regi\u00e3o Central do Estado, ao localizar o corpo de uma mulher de 36 anos, desaparecida h\u00e1 14 dias. O principal suspeito do crime, um homem de 39 anos, foi preso preventivamente em Ant\u00f4nio Dias, cidade [&hellip;]","og_url":"https:\/\/aconteceunovale.com.br\/portal\/?p=194356","og_site_name":"Aconteceu no Vale","article_publisher":"https:\/\/www.facebook.com\/aconteceunovale\/","article_published_time":"2024-01-02T22:53:41+00:00","article_modified_time":"2024-01-02T22:54:15+00:00","og_image":[{"width":670,"height":450,"url":"https:\/\/aconteceunovale.com.br\/portal\/wp-content\/uploads\/2024\/01\/caso_sao_goncalo.jpg","type":"image\/jpeg"}],"author":"Reda\u00e7\u00e3o Aconteceu no Vale","twitter_card":"summary_large_image","twitter_creator":"@noticiadosvales","twitter_site":"@noticiadosvales","twitter_misc":{"Escrito por":"Reda\u00e7\u00e3o Aconteceu no Vale","Est. tempo de leitura":"1 minuto"},"schema":{"@context":"https:\/\/schema.org","@graph":[{"@type":"Article","@id":"https:\/\/aconteceunovale.com.br\/portal\/?p=194356#article","isPartOf":{"@id":"https:\/\/aconteceunovale.com.br\/portal\/?p=194356"},"author":{"name":"Reda\u00e7\u00e3o Aconteceu no Vale","@id":"https:\/\/aconteceunovale.com.br\/portal\/#\/schema\/person\/7d2f26d1483f8a63de73da1ee0754d35"},"headline":"Homem \u00e9 preso suspeito de matar e ocultar corpo de amante","datePublished":"2024-01-02T22:53:41+00:00","dateModified":"2024-01-02T22:54:15+00:00","mainEntityOfPage":{"@id":"https:\/\/aconteceunovale.com.br\/portal\/?p=194356"},"wordCount":309,"commentCount":0,"image":{"@id":"https:\/\/aconteceunovale.com.br\/portal\/?p=194356#primaryimage"},"thumbnailUrl":"https:\/\/aconteceunovale.com.br\/portal\/wp-content\/uploads\/2024\/01\/caso_sao_goncalo.jpg","keywords":["Ant\u00f4nio Dias","Homem \u00e9 preso suspeito de matar e ocultar corpo de amante","Jo\u00e3o Monlevade","PCMG","Preso em Ant\u00f4nio Dias","S\u00e3o Gon\u00e7alo do Rio Abaixo"],"articleSection":["Leste de Minas","Minas Gerais"],"inLanguage":"pt-BR","potentialAction":[{"@type":"CommentAction","name":"Comment","target":["https:\/\/aconteceunovale.com.br\/portal\/?p=194356#respond"]}]},{"@type":"WebPage","@id":"https:\/\/aconteceunovale.com.br\/portal\/?p=194356","url":"https:\/\/aconteceunovale.com.br\/portal\/?p=194356","name":"Homem \u00e9 preso suspeito de matar e ocultar corpo de amante - Aconteceu no Vale","isPartOf":{"@id":"https:\/\/aconteceunovale.com.br\/portal\/#website"},"primaryImageOfPage":{"@id":"https:\/\/aconteceunovale.com.br\/portal\/?p=194356#primaryimage"},"image":{"@id":"https:\/\/aconteceunovale.com.br\/portal\/?p=194356#primaryimage"},"thumbnailUrl":"https:\/\/aconteceunovale.com.br\/portal\/wp-content\/uploads\/2024\/01\/caso_sao_goncalo.jpg","datePublished":"2024-01-02T22:53:41+00:00","dateModified":"2024-01-02T22:54:15+00:00","author":{"@id":"https:\/\/aconteceunovale.com.br\/portal\/#\/schema\/person\/7d2f26d1483f8a63de73da1ee0754d35"},"breadcrumb":{"@id":"https:\/\/aconteceunovale.com.br\/portal\/?p=194356#breadcrumb"},"inLanguage":"pt-BR","potentialAction":[{"@type":"ReadAction","target":["https:\/\/aconteceunovale.com.br\/portal\/?p=194356"]}]},{"@type":"ImageObject","inLanguage":"pt-BR","@id":"https:\/\/aconteceunovale.com.br\/portal\/?p=194356#primaryimage","url":"https:\/\/aconteceunovale.com.br\/portal\/wp-content\/uploads\/2024\/01\/caso_sao_goncalo.jpg","contentUrl":"https:\/\/aconteceunovale.com.br\/portal\/wp-content\/uploads\/2024\/01\/caso_sao_goncalo.jpg","width":670,"height":450,"caption":"Foto: Divulga\u00e7\u00e3o\/PCMG"},{"@type":"BreadcrumbList","@id":"https:\/\/aconteceunovale.com.br\/portal\/?p=194356#breadcrumb","itemListElement":[{"@type":"ListItem","position":1,"name":"In\u00edcio","item":"https:\/\/aconteceunovale.com.br\/portal\/"},{"@type":"ListItem","position":2,"name":"Homem \u00e9 preso suspeito de matar e ocultar corpo de amante"}]},{"@type":"WebSite","@id":"https:\/\/aconteceunovale.com.br\/portal\/#website","url":"https:\/\/aconteceunovale.com.br\/portal\/","name":"Aconteceu no Vale","description":"Portal de Not\u00edcias","potentialAction":[{"@type":"SearchAction","target":{"@type":"EntryPoint","urlTemplate":"https:\/\/aconteceunovale.com.br\/portal\/?s={search_term_string}"},"query-input":{"@type":"PropertyValueSpecification","valueRequired":true,"valueName":"search_term_string"}}],"inLanguage":"pt-BR"},{"@type":"Person","@id":"https:\/\/aconteceunovale.com.br\/portal\/#\/schema\/person\/7d2f26d1483f8a63de73da1ee0754d35","name":"Reda\u00e7\u00e3o Aconteceu no Vale","description":"Equipe de reportagem do Aconteceu no Vale, portal de not\u00edcias do Vale do Jequitinhonha, em Minas Gerais. Cobrimos as 51 cidades do Vale desde 2013. Sugest\u00f5es de pauta e pedidos de corre\u00e7\u00e3o: contato@aconteceunovale.com.br","url":"https:\/\/aconteceunovale.com.br\/portal\/?author=4"}]}},"_links":{"self":[{"href":"https:\/\/aconteceunovale.com.br\/portal\/index.php?rest_route=\/wp\/v2\/posts\/194356","targetHints":{"allow":["GET"]}}],"collection":[{"href":"https:\/\/aconteceunovale.com.br\/portal\/index.php?rest_route=\/wp\/v2\/posts"}],"about":[{"href":"https:\/\/aconteceunovale.com.br\/portal\/index.php?rest_route=\/wp\/v2\/types\/post"}],"author":[{"embeddable":true,"href":"https:\/\/aconteceunovale.com.br\/portal\/index.php?rest_route=\/wp\/v2\/users\/4"}],"replies":[{"embeddable":true,"href":"https:\/\/aconteceunovale.com.br\/portal\/index.php?rest_route=%2Fwp%2Fv2%2Fcomments&post=194356"}],"version-history":[{"count":1,"href":"https:\/\/aconteceunovale.com.br\/portal\/index.php?rest_route=\/wp\/v2\/posts\/194356\/revisions"}],"predecessor-version":[{"id":194358,"href":"https:\/\/aconteceunovale.com.br\/portal\/index.php?rest_route=\/wp\/v2\/posts\/194356\/revisions\/194358"}],"wp:featuredmedia":[{"embeddable":true,"href":"https:\/\/aconteceunovale.com.br\/portal\/index.php?rest_route=\/wp\/v2\/media\/194357"}],"wp:attachment":[{"href":"https:\/\/aconteceunovale.com.br\/portal\/index.php?rest_route=%2Fwp%2Fv2%2Fmedia&parent=194356"}],"wp:term":[{"taxonomy":"category","embeddable":true,"href":"https:\/\/aconteceunovale.com.br\/portal\/index.php?rest_route=%2Fwp%2Fv2%2Fcategories&post=194356"},{"taxonomy":"post_tag","embeddable":true,"href":"https:\/\/aconteceunovale.com.br\/portal\/index.php?rest_route=%2Fwp%2Fv2%2Ftags&post=194356"}],"curies":[{"name":"wp","href":"https:\/\/api.w.org\/{rel}","templated":true}]}}